{"id":9965,"date":"2013-06-25T23:09:07","date_gmt":"2013-06-25T22:09:07","guid":{"rendered":"http:\/\/barreiroweb.eu\/?p=9965"},"modified":"2013-06-25T23:09:41","modified_gmt":"2013-06-25T22:09:41","slug":"festa-do-hoquei-em-patins-cidade-do-barreiro-no-pavilhao-do-grupo-desportivo-fabril","status":"publish","type":"post","link":"https:\/\/arquivo.barreiroweb.net\/?p=9965","title":{"rendered":"Festa do H\u00f3quei em Patins Cidade do Barreiro no Pavilh\u00e3o do Grupo Desportivo Fabril."},"content":{"rendered":"<p style=\"text-align: justify;\" align=\"center\"><b><a href=\"http:\/\/barreiroweb.eu\/wp-content\/uploads\/2013\/06\/GD-Fabril_logo.jpg\" rel=\"lightbox[9965]\"><img loading=\"lazy\" decoding=\"async\" class=\"alignleft size-thumbnail wp-image-9966\" alt=\"GD Fabril_logo\" src=\"http:\/\/barreiroweb.eu\/wp-content\/uploads\/2013\/06\/GD-Fabril_logo-150x150.jpg\" width=\"150\" height=\"150\" srcset=\"https:\/\/arquivo.barreiroweb.net\/wp-content\/uploads\/2013\/06\/GD-Fabril_logo-150x150.jpg 150w, https:\/\/arquivo.barreiroweb.net\/wp-content\/uploads\/2013\/06\/GD-Fabril_logo-50x50.jpg 50w, https:\/\/arquivo.barreiroweb.net\/wp-content\/uploads\/2013\/06\/GD-Fabril_logo-70x70.jpg 70w, https:\/\/arquivo.barreiroweb.net\/wp-content\/uploads\/2013\/06\/GD-Fabril_logo-55x55.jpg 55w\" sizes=\"auto, (max-width: 150px) 100vw, 150px\" \/><\/a>\u00a028 de junho<\/b><\/p>\n<p style=\"text-align: justify;\"><b>O Pavilh\u00e3o do Grupo Desportivo Fabril vai receber na sexta-feira, dia 28 de junho, Feriado Municipal, entre as 19h00 e as 23h00, a Festa do H\u00f3quei em Patins <i>Cidade do Barreiro<\/i>.<\/b><\/p>\n<p style=\"text-align: justify;\">Este evento \u00e9 organizado pelo Grupo Desportivo Fabril, com o apoio da C\u00e2mara Municipal do Barreiro (CMB).<\/p>\n<p style=\"text-align: justify;\" align=\"center\"><b>Jornadas T\u00e9cnico Pedag\u00f3gicas <\/b><b>de H\u00f3quei em Patins de Set\u00fabal<\/b><\/p>\n<p style=\"text-align: justify;\">A Associa\u00e7\u00e3o de Patinagem de Set\u00fabal (APS), sediada no Barreiro, vai promover, a 6 de julho, as Jornadas T\u00e9cnico Pedag\u00f3gicas de H\u00f3quei em Patins de Set\u00fabal. Esta iniciativa, entre as 9h30 e as 12h30, e entre as 14h00 e as 18h00, decorrer\u00e1 nas instala\u00e7\u00f5es do Instituto Portugu\u00eas do Desporto e Juventude (IPDJ), na Pra\u00e7a Jos\u00e9 Afonso, em Set\u00fabal. As inscri\u00e7\u00f5es devem ser efetuadas at\u00e9 27 de junho.<\/p>\n<p style=\"text-align: justify;\">Temas em debate: &#8211; O H\u00f3quei em patins enquanto modalidade de resist\u00eancia em regime de velocidade; &#8211; Os princ\u00edpios da defesa; &#8211; Corre\u00e7\u00e3o dos gestos t\u00e9cnico\/t\u00e1ticos errados. S\u00e3o preletores: Nuno Ferr\u00e3o, Lu\u00eds S\u00e9nica e Jos\u00e9 Lopes.<\/p>\n<p style=\"text-align: justify;\">A Organiza\u00e7\u00e3o desta iniciativa conta com o apoio da CMB, C\u00e2mara Municipal de Set\u00fabal, IPDJ e Federa\u00e7\u00e3o Portuguesa da modalidade.<\/p>\n<p style=\"text-align: justify;\"><b>CMB 2013-06-25<\/b><\/p>\n","protected":false},"excerpt":{"rendered":"<p>\u00a028 de junho O Pavilh\u00e3o do Grupo Desportivo Fabril vai receber na sexta-feira, dia 28 de junho, Feriado Municipal, entre as 19h00 e as 23h00, a Festa do H\u00f3quei em Patins Cidade do Barreiro. Este evento \u00e9 organizado pelo Grupo Desportivo Fabril, com o apoio da C\u00e2mara Municipal do Barreiro (CMB). Jornadas T\u00e9cnico Pedag\u00f3gicas de [&hellip;]<\/p>\n","protected":false},"author":1,"featured_media":9966,"comment_status":"open","ping_status":"open","sticky":false,"template":"","format":"standard","meta":{"footnotes":""},"categories":[12,32],"tags":[41,110,413],"class_list":["post-9965","post","type-post","status-publish","format-standard","has-post-thumbnail","hentry","category-desporto","category-destaque","tag-barreiro","tag-desporto-2","tag-fabril","last_archivepost"],"yoast_head":"<!-- This site is optimized with the Yoast SEO plugin v27.1.1 - https:\/\/yoast.com\/product\/yoast-seo-wordpress\/ -->\n<title>Festa do H\u00f3quei em Patins Cidade do Barreiro no Pavilh\u00e3o do Grupo Desportivo Fabril. - barreiroweb<\/title>\n<meta name=\"robots\" content=\"index, follow, max-snippet:-1, max-image-preview:large, max-video-preview:-1\" \/>\n<link rel=\"canonical\" href=\"https:\/\/arquivo.barreiroweb.net\/?p=9965\" \/>\n<meta property=\"og:locale\" content=\"pt_PT\" \/>\n<meta property=\"og:type\" content=\"article\" \/>\n<meta property=\"og:title\" content=\"Festa do H\u00f3quei em Patins Cidade do Barreiro no Pavilh\u00e3o do Grupo Desportivo Fabril. - barreiroweb\" \/>\n<meta property=\"og:description\" content=\"\u00a028 de junho O Pavilh\u00e3o do Grupo Desportivo Fabril vai receber na sexta-feira, dia 28 de junho, Feriado Municipal, entre as 19h00 e as 23h00, a Festa do H\u00f3quei em Patins Cidade do Barreiro. Este evento \u00e9 organizado pelo Grupo Desportivo Fabril, com o apoio da C\u00e2mara Municipal do Barreiro (CMB). Jornadas T\u00e9cnico Pedag\u00f3gicas de [&hellip;]\" \/>\n<meta property=\"og:url\" content=\"https:\/\/arquivo.barreiroweb.net\/?p=9965\" \/>\n<meta property=\"og:site_name\" content=\"barreiroweb\" \/>\n<meta property=\"article:publisher\" content=\"https:\/\/www.facebook.com\/barreiroweb\" \/>\n<meta property=\"article:published_time\" content=\"2013-06-25T22:09:07+00:00\" \/>\n<meta property=\"article:modified_time\" content=\"2013-06-25T22:09:41+00:00\" \/>\n<meta property=\"og:image\" content=\"https:\/\/arquivo.barreiroweb.net\/wp-content\/uploads\/2013\/06\/GD-Fabril_logo.jpg\" \/>\n\t<meta property=\"og:image:width\" content=\"209\" \/>\n\t<meta property=\"og:image:height\" content=\"314\" \/>\n\t<meta property=\"og:image:type\" content=\"image\/jpeg\" \/>\n<meta name=\"author\" content=\"barreiroweb\" \/>\n<meta name=\"twitter:card\" content=\"summary_large_image\" \/>\n<meta name=\"twitter:creator\" content=\"@barreiroweb\" \/>\n<meta name=\"twitter:site\" content=\"@barreiroweb\" \/>\n<meta name=\"twitter:label1\" content=\"Escrito por\" \/>\n\t<meta name=\"twitter:data1\" content=\"barreiroweb\" \/>\n\t<meta name=\"twitter:label2\" content=\"Tempo estimado de leitura\" \/>\n\t<meta name=\"twitter:data2\" content=\"1 minuto\" \/>\n<script type=\"application\/ld+json\" class=\"yoast-schema-graph\">{\"@context\":\"https:\/\/schema.org\",\"@graph\":[{\"@type\":\"Article\",\"@id\":\"https:\/\/arquivo.barreiroweb.net\/?p=9965#article\",\"isPartOf\":{\"@id\":\"https:\/\/arquivo.barreiroweb.net\/?p=9965\"},\"author\":{\"name\":\"barreiroweb\",\"@id\":\"https:\/\/arquivo.barreiroweb.net\/#\/schema\/person\/44b6d528aff975e3786c9f475f9df2dd\"},\"headline\":\"Festa do H\u00f3quei em Patins Cidade do Barreiro no Pavilh\u00e3o do Grupo Desportivo Fabril.\",\"datePublished\":\"2013-06-25T22:09:07+00:00\",\"dateModified\":\"2013-06-25T22:09:41+00:00\",\"mainEntityOfPage\":{\"@id\":\"https:\/\/arquivo.barreiroweb.net\/?p=9965\"},\"wordCount\":230,\"commentCount\":0,\"publisher\":{\"@id\":\"https:\/\/arquivo.barreiroweb.net\/#organization\"},\"image\":{\"@id\":\"https:\/\/arquivo.barreiroweb.net\/?p=9965#primaryimage\"},\"thumbnailUrl\":\"https:\/\/arquivo.barreiroweb.net\/wp-content\/uploads\/2013\/06\/GD-Fabril_logo.jpg\",\"keywords\":[\"barreiro\",\"desporto\",\"fabril\"],\"articleSection\":[\"Desporto\",\"Destaque\"],\"inLanguage\":\"pt-PT\",\"potentialAction\":[{\"@type\":\"CommentAction\",\"name\":\"Comment\",\"target\":[\"https:\/\/arquivo.barreiroweb.net\/?p=9965#respond\"]}]},{\"@type\":\"WebPage\",\"@id\":\"https:\/\/arquivo.barreiroweb.net\/?p=9965\",\"url\":\"https:\/\/arquivo.barreiroweb.net\/?p=9965\",\"name\":\"Festa do H\u00f3quei em Patins Cidade do Barreiro no Pavilh\u00e3o do Grupo Desportivo Fabril. - barreiroweb\",\"isPartOf\":{\"@id\":\"https:\/\/arquivo.barreiroweb.net\/#website\"},\"primaryImageOfPage\":{\"@id\":\"https:\/\/arquivo.barreiroweb.net\/?p=9965#primaryimage\"},\"image\":{\"@id\":\"https:\/\/arquivo.barreiroweb.net\/?p=9965#primaryimage\"},\"thumbnailUrl\":\"https:\/\/arquivo.barreiroweb.net\/wp-content\/uploads\/2013\/06\/GD-Fabril_logo.jpg\",\"datePublished\":\"2013-06-25T22:09:07+00:00\",\"dateModified\":\"2013-06-25T22:09:41+00:00\",\"breadcrumb\":{\"@id\":\"https:\/\/arquivo.barreiroweb.net\/?p=9965#breadcrumb\"},\"inLanguage\":\"pt-PT\",\"potentialAction\":[{\"@type\":\"ReadAction\",\"target\":[\"https:\/\/arquivo.barreiroweb.net\/?p=9965\"]}]},{\"@type\":\"ImageObject\",\"inLanguage\":\"pt-PT\",\"@id\":\"https:\/\/arquivo.barreiroweb.net\/?p=9965#primaryimage\",\"url\":\"https:\/\/arquivo.barreiroweb.net\/wp-content\/uploads\/2013\/06\/GD-Fabril_logo.jpg\",\"contentUrl\":\"https:\/\/arquivo.barreiroweb.net\/wp-content\/uploads\/2013\/06\/GD-Fabril_logo.jpg\",\"width\":209,\"height\":314},{\"@type\":\"BreadcrumbList\",\"@id\":\"https:\/\/arquivo.barreiroweb.net\/?p=9965#breadcrumb\",\"itemListElement\":[{\"@type\":\"ListItem\",\"position\":1,\"name\":\"In\u00edcio\",\"item\":\"https:\/\/arquivo.barreiroweb.net\/\"},{\"@type\":\"ListItem\",\"position\":2,\"name\":\"Festa do H\u00f3quei em Patins Cidade do Barreiro no Pavilh\u00e3o do Grupo Desportivo Fabril.\"}]},{\"@type\":\"WebSite\",\"@id\":\"https:\/\/arquivo.barreiroweb.net\/#website\",\"url\":\"https:\/\/arquivo.barreiroweb.net\/\",\"name\":\"barreiroweb\",\"description\":\"Barreiroweb o barreiro na web\",\"publisher\":{\"@id\":\"https:\/\/arquivo.barreiroweb.net\/#organization\"},\"potentialAction\":[{\"@type\":\"SearchAction\",\"target\":{\"@type\":\"EntryPoint\",\"urlTemplate\":\"https:\/\/arquivo.barreiroweb.net\/?s={search_term_string}\"},\"query-input\":{\"@type\":\"PropertyValueSpecification\",\"valueRequired\":true,\"valueName\":\"search_term_string\"}}],\"inLanguage\":\"pt-PT\"},{\"@type\":\"Organization\",\"@id\":\"https:\/\/arquivo.barreiroweb.net\/#organization\",\"name\":\"barreiroweb\",\"url\":\"https:\/\/arquivo.barreiroweb.net\/\",\"logo\":{\"@type\":\"ImageObject\",\"inLanguage\":\"pt-PT\",\"@id\":\"https:\/\/arquivo.barreiroweb.net\/#\/schema\/logo\/image\/\",\"url\":\"https:\/\/barreiroweb.net\/wp-content\/uploads\/2022\/05\/BarreiroWeb555.jpg\",\"contentUrl\":\"https:\/\/barreiroweb.net\/wp-content\/uploads\/2022\/05\/BarreiroWeb555.jpg\",\"width\":421,\"height\":415,\"caption\":\"barreiroweb\"},\"image\":{\"@id\":\"https:\/\/arquivo.barreiroweb.net\/#\/schema\/logo\/image\/\"},\"sameAs\":[\"https:\/\/www.facebook.com\/barreiroweb\",\"https:\/\/x.com\/barreiroweb\"]},{\"@type\":\"Person\",\"@id\":\"https:\/\/arquivo.barreiroweb.net\/#\/schema\/person\/44b6d528aff975e3786c9f475f9df2dd\",\"name\":\"barreiroweb\",\"image\":{\"@type\":\"ImageObject\",\"inLanguage\":\"pt-PT\",\"@id\":\"https:\/\/arquivo.barreiroweb.net\/#\/schema\/person\/image\/\",\"url\":\"https:\/\/secure.gravatar.com\/avatar\/1f764b917967430404ff0b452044eb63a25d64a5363b25be2aa42273930f477d?s=96&d=mm&r=g\",\"contentUrl\":\"https:\/\/secure.gravatar.com\/avatar\/1f764b917967430404ff0b452044eb63a25d64a5363b25be2aa42273930f477d?s=96&d=mm&r=g\",\"caption\":\"barreiroweb\"},\"url\":\"https:\/\/arquivo.barreiroweb.net\/?author=1\"}]}<\/script>\n<!-- \/ Yoast SEO plugin. -->","yoast_head_json":{"title":"Festa do H\u00f3quei em Patins Cidade do Barreiro no Pavilh\u00e3o do Grupo Desportivo Fabril. - barreiroweb","robots":{"index":"index","follow":"follow","max-snippet":"max-snippet:-1","max-image-preview":"max-image-preview:large","max-video-preview":"max-video-preview:-1"},"canonical":"https:\/\/arquivo.barreiroweb.net\/?p=9965","og_locale":"pt_PT","og_type":"article","og_title":"Festa do H\u00f3quei em Patins Cidade do Barreiro no Pavilh\u00e3o do Grupo Desportivo Fabril. - barreiroweb","og_description":"\u00a028 de junho O Pavilh\u00e3o do Grupo Desportivo Fabril vai receber na sexta-feira, dia 28 de junho, Feriado Municipal, entre as 19h00 e as 23h00, a Festa do H\u00f3quei em Patins Cidade do Barreiro. Este evento \u00e9 organizado pelo Grupo Desportivo Fabril, com o apoio da C\u00e2mara Municipal do Barreiro (CMB). Jornadas T\u00e9cnico Pedag\u00f3gicas de [&hellip;]","og_url":"https:\/\/arquivo.barreiroweb.net\/?p=9965","og_site_name":"barreiroweb","article_publisher":"https:\/\/www.facebook.com\/barreiroweb","article_published_time":"2013-06-25T22:09:07+00:00","article_modified_time":"2013-06-25T22:09:41+00:00","og_image":[{"width":209,"height":314,"url":"https:\/\/arquivo.barreiroweb.net\/wp-content\/uploads\/2013\/06\/GD-Fabril_logo.jpg","type":"image\/jpeg"}],"author":"barreiroweb","twitter_card":"summary_large_image","twitter_creator":"@barreiroweb","twitter_site":"@barreiroweb","twitter_misc":{"Escrito por":"barreiroweb","Tempo estimado de leitura":"1 minuto"},"schema":{"@context":"https:\/\/schema.org","@graph":[{"@type":"Article","@id":"https:\/\/arquivo.barreiroweb.net\/?p=9965#article","isPartOf":{"@id":"https:\/\/arquivo.barreiroweb.net\/?p=9965"},"author":{"name":"barreiroweb","@id":"https:\/\/arquivo.barreiroweb.net\/#\/schema\/person\/44b6d528aff975e3786c9f475f9df2dd"},"headline":"Festa do H\u00f3quei em Patins Cidade do Barreiro no Pavilh\u00e3o do Grupo Desportivo Fabril.","datePublished":"2013-06-25T22:09:07+00:00","dateModified":"2013-06-25T22:09:41+00:00","mainEntityOfPage":{"@id":"https:\/\/arquivo.barreiroweb.net\/?p=9965"},"wordCount":230,"commentCount":0,"publisher":{"@id":"https:\/\/arquivo.barreiroweb.net\/#organization"},"image":{"@id":"https:\/\/arquivo.barreiroweb.net\/?p=9965#primaryimage"},"thumbnailUrl":"https:\/\/arquivo.barreiroweb.net\/wp-content\/uploads\/2013\/06\/GD-Fabril_logo.jpg","keywords":["barreiro","desporto","fabril"],"articleSection":["Desporto","Destaque"],"inLanguage":"pt-PT","potentialAction":[{"@type":"CommentAction","name":"Comment","target":["https:\/\/arquivo.barreiroweb.net\/?p=9965#respond"]}]},{"@type":"WebPage","@id":"https:\/\/arquivo.barreiroweb.net\/?p=9965","url":"https:\/\/arquivo.barreiroweb.net\/?p=9965","name":"Festa do H\u00f3quei em Patins Cidade do Barreiro no Pavilh\u00e3o do Grupo Desportivo Fabril. - barreiroweb","isPartOf":{"@id":"https:\/\/arquivo.barreiroweb.net\/#website"},"primaryImageOfPage":{"@id":"https:\/\/arquivo.barreiroweb.net\/?p=9965#primaryimage"},"image":{"@id":"https:\/\/arquivo.barreiroweb.net\/?p=9965#primaryimage"},"thumbnailUrl":"https:\/\/arquivo.barreiroweb.net\/wp-content\/uploads\/2013\/06\/GD-Fabril_logo.jpg","datePublished":"2013-06-25T22:09:07+00:00","dateModified":"2013-06-25T22:09:41+00:00","breadcrumb":{"@id":"https:\/\/arquivo.barreiroweb.net\/?p=9965#breadcrumb"},"inLanguage":"pt-PT","potentialAction":[{"@type":"ReadAction","target":["https:\/\/arquivo.barreiroweb.net\/?p=9965"]}]},{"@type":"ImageObject","inLanguage":"pt-PT","@id":"https:\/\/arquivo.barreiroweb.net\/?p=9965#primaryimage","url":"https:\/\/arquivo.barreiroweb.net\/wp-content\/uploads\/2013\/06\/GD-Fabril_logo.jpg","contentUrl":"https:\/\/arquivo.barreiroweb.net\/wp-content\/uploads\/2013\/06\/GD-Fabril_logo.jpg","width":209,"height":314},{"@type":"BreadcrumbList","@id":"https:\/\/arquivo.barreiroweb.net\/?p=9965#breadcrumb","itemListElement":[{"@type":"ListItem","position":1,"name":"In\u00edcio","item":"https:\/\/arquivo.barreiroweb.net\/"},{"@type":"ListItem","position":2,"name":"Festa do H\u00f3quei em Patins Cidade do Barreiro no Pavilh\u00e3o do Grupo Desportivo Fabril."}]},{"@type":"WebSite","@id":"https:\/\/arquivo.barreiroweb.net\/#website","url":"https:\/\/arquivo.barreiroweb.net\/","name":"barreiroweb","description":"Barreiroweb o barreiro na web","publisher":{"@id":"https:\/\/arquivo.barreiroweb.net\/#organization"},"potentialAction":[{"@type":"SearchAction","target":{"@type":"EntryPoint","urlTemplate":"https:\/\/arquivo.barreiroweb.net\/?s={search_term_string}"},"query-input":{"@type":"PropertyValueSpecification","valueRequired":true,"valueName":"search_term_string"}}],"inLanguage":"pt-PT"},{"@type":"Organization","@id":"https:\/\/arquivo.barreiroweb.net\/#organization","name":"barreiroweb","url":"https:\/\/arquivo.barreiroweb.net\/","logo":{"@type":"ImageObject","inLanguage":"pt-PT","@id":"https:\/\/arquivo.barreiroweb.net\/#\/schema\/logo\/image\/","url":"https:\/\/barreiroweb.net\/wp-content\/uploads\/2022\/05\/BarreiroWeb555.jpg","contentUrl":"https:\/\/barreiroweb.net\/wp-content\/uploads\/2022\/05\/BarreiroWeb555.jpg","width":421,"height":415,"caption":"barreiroweb"},"image":{"@id":"https:\/\/arquivo.barreiroweb.net\/#\/schema\/logo\/image\/"},"sameAs":["https:\/\/www.facebook.com\/barreiroweb","https:\/\/x.com\/barreiroweb"]},{"@type":"Person","@id":"https:\/\/arquivo.barreiroweb.net\/#\/schema\/person\/44b6d528aff975e3786c9f475f9df2dd","name":"barreiroweb","image":{"@type":"ImageObject","inLanguage":"pt-PT","@id":"https:\/\/arquivo.barreiroweb.net\/#\/schema\/person\/image\/","url":"https:\/\/secure.gravatar.com\/avatar\/1f764b917967430404ff0b452044eb63a25d64a5363b25be2aa42273930f477d?s=96&d=mm&r=g","contentUrl":"https:\/\/secure.gravatar.com\/avatar\/1f764b917967430404ff0b452044eb63a25d64a5363b25be2aa42273930f477d?s=96&d=mm&r=g","caption":"barreiroweb"},"url":"https:\/\/arquivo.barreiroweb.net\/?author=1"}]}},"_links":{"self":[{"href":"https:\/\/arquivo.barreiroweb.net\/index.php?rest_route=\/wp\/v2\/posts\/9965","targetHints":{"allow":["GET"]}}],"collection":[{"href":"https:\/\/arquivo.barreiroweb.net\/index.php?rest_route=\/wp\/v2\/posts"}],"about":[{"href":"https:\/\/arquivo.barreiroweb.net\/index.php?rest_route=\/wp\/v2\/types\/post"}],"author":[{"embeddable":true,"href":"https:\/\/arquivo.barreiroweb.net\/index.php?rest_route=\/wp\/v2\/users\/1"}],"replies":[{"embeddable":true,"href":"https:\/\/arquivo.barreiroweb.net\/index.php?rest_route=%2Fwp%2Fv2%2Fcomments&post=9965"}],"version-history":[{"count":2,"href":"https:\/\/arquivo.barreiroweb.net\/index.php?rest_route=\/wp\/v2\/posts\/9965\/revisions"}],"predecessor-version":[{"id":9968,"href":"https:\/\/arquivo.barreiroweb.net\/index.php?rest_route=\/wp\/v2\/posts\/9965\/revisions\/9968"}],"wp:featuredmedia":[{"embeddable":true,"href":"https:\/\/arquivo.barreiroweb.net\/index.php?rest_route=\/wp\/v2\/media\/9966"}],"wp:attachment":[{"href":"https:\/\/arquivo.barreiroweb.net\/index.php?rest_route=%2Fwp%2Fv2%2Fmedia&parent=9965"}],"wp:term":[{"taxonomy":"category","embeddable":true,"href":"https:\/\/arquivo.barreiroweb.net\/index.php?rest_route=%2Fwp%2Fv2%2Fcategories&post=9965"},{"taxonomy":"post_tag","embeddable":true,"href":"https:\/\/arquivo.barreiroweb.net\/index.php?rest_route=%2Fwp%2Fv2%2Ftags&post=9965"}],"curies":[{"name":"wp","href":"https:\/\/api.w.org\/{rel}","templated":true}]}}