{"id":9784,"date":"2013-06-04T15:11:22","date_gmt":"2013-06-04T14:11:22","guid":{"rendered":"http:\/\/barreiroweb.eu\/?p=9784"},"modified":"2013-06-04T15:11:22","modified_gmt":"2013-06-04T14:11:22","slug":"inauguracao-da-exposicao-de-carlos-ribeiro","status":"publish","type":"post","link":"https:\/\/arquivo.barreiroweb.net\/?p=9784","title":{"rendered":"Inaugura\u00e7\u00e3o da exposi\u00e7\u00e3o de Carlos Ribeiro"},"content":{"rendered":"<p style=\"text-align: justify;\" align=\"center\"><strong><a href=\"http:\/\/barreiroweb.eu\/wp-content\/uploads\/2013\/06\/Flyer.jpg\" rel=\"lightbox[9784]\"><img loading=\"lazy\" decoding=\"async\" class=\"alignleft size-thumbnail wp-image-9785\" alt=\"Flyer\" src=\"http:\/\/barreiroweb.eu\/wp-content\/uploads\/2013\/06\/Flyer-150x150.jpg\" width=\"150\" height=\"150\" srcset=\"https:\/\/arquivo.barreiroweb.net\/wp-content\/uploads\/2013\/06\/Flyer-150x150.jpg 150w, https:\/\/arquivo.barreiroweb.net\/wp-content\/uploads\/2013\/06\/Flyer-50x50.jpg 50w, https:\/\/arquivo.barreiroweb.net\/wp-content\/uploads\/2013\/06\/Flyer-70x70.jpg 70w, https:\/\/arquivo.barreiroweb.net\/wp-content\/uploads\/2013\/06\/Flyer-55x55.jpg 55w\" sizes=\"auto, (max-width: 150px) 100vw, 150px\" \/><\/a>8 de junho | 18h00 | AMAC<\/strong><\/p>\n<p style=\"text-align: justify;\">Mondrian em amena cavaqueira com Schwitters e Malevitch sob o olhar benepl\u00e1cito de Marcel Duchamp \u00e9 o t\u00edtulo da exposi\u00e7\u00e3o de Carlos Ribeiro que inaugura a 8 de junho, pelas 18h00, no Audit\u00f3rio Municipal Augusto Cabrita (Piso 1 \u2013 Galeria Amarela).<\/p>\n<p style=\"text-align: justify;\">A mostra, com entrada livre, est\u00e1 patente de 8 de junho a 28 de julho, de ter\u00e7a-feira a domingo, das 14h00 \u00e0s 20h00.<\/p>\n<p style=\"text-align: justify;\">\u201cQuase manifesto<\/p>\n<p style=\"text-align: justify;\">Uma parte importante da obra est\u00e1 j\u00e1 nos objectos que encontro na rua. Esta lat\u00eancia, \u00e9 uma qualidade que est\u00e1 na base da posterior emancipa\u00e7\u00e3o destes objectos na sua rela\u00e7\u00e3o com a obra que a partir deles ter\u00e1 origem.<\/p>\n<p style=\"text-align: justify;\">Este \u00e9 um processo, dial\u00e9ctico, subversivo, que me transforma num quase voyeur que est\u00e1 dentro encontrando-se de fora. Tenho por vezes a sensa\u00e7\u00e3o, em rela\u00e7\u00e3o a estes objectos e ao processo criativo que se estabelece na procura, ou, se quisermos, na descoberta da obra, que me limito a assistir, quase como um espectador, \u00e0 cria\u00e7\u00e3o que posteriormente assino.<\/p>\n<p style=\"text-align: justify;\">Existir\u00e1, obviamente, muito de duchampiano neste processo mas, ao contr\u00e1rio de Marcel Duchamp n\u00e3o imponho qualquer constrangimento conceptual na \u201cescolha\u201d dos objectos. Esta \u00e9 intuitiva, instintiva e espont\u00e2nea\u201d.<\/p>\n<p style=\"text-align: justify;\">Carlos Ribeiro<\/p>\n<p style=\"text-align: justify;\">\n<p style=\"text-align: justify;\">Curr\u00edculo<\/p>\n<p style=\"text-align: justify;\">Carlos Ribeiro (rib) (Almada, 1962). Vive e trabalha em Almada. Cursos de Hist\u00f3ria do Cinema (Ant\u00f3nio Pedro Vasconcelos), Appleton Square, Lisboa (2012). Curso de Serigrafia na Imargem, Almada (2012). Workshop de edi\u00e7\u00e3o de v\u00eddeo em Final Cut Pro, RESTART, Lisboa (2012). Curso de introdu\u00e7\u00e3o \u00e0 Instala\u00e7\u00e3o, NEXART, Lisboa (2011). Curso de Hist\u00f3ria do Cinema Casa das Hist\u00f3rias (Jo\u00e3o Braz), Cascais (2010). Curso de Hist\u00f3ria da Performance, Teatro Maria Matos (2010). Workshop, Malangatana, Barreiro (2009). Diversos cursos de forma\u00e7\u00e3o em Hist\u00f3ria da Arte no Centro de Arte Moderna, Gulbenkian, CCB, ARTESFERA, Barreiro (2004-2012). Formador na USALMA, Universidade S\u00e9nior de Almada.<\/p>\n<p style=\"text-align: justify;\">\n<p style=\"text-align: justify;\">Exposi\u00e7\u00f5es Individuais<\/p>\n<p style=\"text-align: justify;\">Solar dos Zagalos, Almada (2008). Selecionado\/convidado (sele\u00e7\u00e3o): \u201cNoutros Lugares\u201d, Barreiro (2012);\u00a0 XVII Bienal da Festa do Avante, Seixal (2011); Galeria Escudeiros, Beja (2011); Asociacion de Arte Galego Portuguesa, Figueira da Foz (2011); Convento da Verderena,\u00a0 Alto do Seixalinho, Barreiro (2011); F\u00e1brica Bra\u00e7o de Prata, Lisboa (2011); Galeria Municipal de Almada (2011); &#8220;Espa\u00e7os de Tens\u00e3o&#8221;, Barreiro (2010); Oficina da Cultura, Almada (2010); Galeria da Cooperativa Cultural Popular Barreirense, Barreiro (2010); Galeria do F\u00f3rum Romeu Correia, Almada (2009); CNAP \u2013 Clube Nacional de Artes Pl\u00e1sticas, Lisboa (2006\/2007); Galeria Virtuarte, Granolles, Barcelona, Espanha (2005); Oficina da Cultura, Almada (2004)<\/p>\n<p style=\"text-align: justify;\">Gest\u00e3o e programa\u00e7\u00e3o: Projecto \u201cNa Sobreda\u201d (cultura e lazer), Sobreda, Almada (2011\/2012); F4, Associa\u00e7\u00e3o de Imagem e Cultura, Almada; Projecto IMAGINARTE, Almada.<\/p>\n<p style=\"text-align: justify;\">\n<p align=\"right\"><b>CMB 2013-06-04<\/b><\/p>\n","protected":false},"excerpt":{"rendered":"<p>8 de junho | 18h00 | AMAC Mondrian em amena cavaqueira com Schwitters e Malevitch sob o olhar benepl\u00e1cito de Marcel Duchamp \u00e9 o t\u00edtulo da exposi\u00e7\u00e3o de Carlos Ribeiro que inaugura a 8 de junho, pelas 18h00, no Audit\u00f3rio Municipal Augusto Cabrita (Piso 1 \u2013 Galeria Amarela). A mostra, com entrada livre, est\u00e1 patente [&hellip;]<\/p>\n","protected":false},"author":1,"featured_media":9785,"comment_status":"open","ping_status":"open","sticky":false,"template":"","format":"standard","meta":{"footnotes":""},"categories":[32,1],"tags":[41,400],"class_list":["post-9784","post","type-post","status-publish","format-standard","has-post-thumbnail","hentry","category-destaque","category-expo","tag-barreiro","tag-carlos-ribeiro","last_archivepost"],"yoast_head":"<!-- This site is optimized with the Yoast SEO plugin v27.1.1 - https:\/\/yoast.com\/product\/yoast-seo-wordpress\/ -->\n<title>Inaugura\u00e7\u00e3o da exposi\u00e7\u00e3o de Carlos Ribeiro - barreiroweb<\/title>\n<meta name=\"robots\" content=\"index, follow, max-snippet:-1, max-image-preview:large, max-video-preview:-1\" \/>\n<link rel=\"canonical\" href=\"https:\/\/arquivo.barreiroweb.net\/?p=9784\" \/>\n<meta property=\"og:locale\" content=\"pt_PT\" \/>\n<meta property=\"og:type\" content=\"article\" \/>\n<meta property=\"og:title\" content=\"Inaugura\u00e7\u00e3o da exposi\u00e7\u00e3o de Carlos Ribeiro - barreiroweb\" \/>\n<meta property=\"og:description\" content=\"8 de junho | 18h00 | AMAC Mondrian em amena cavaqueira com Schwitters e Malevitch sob o olhar benepl\u00e1cito de Marcel Duchamp \u00e9 o t\u00edtulo da exposi\u00e7\u00e3o de Carlos Ribeiro que inaugura a 8 de junho, pelas 18h00, no Audit\u00f3rio Municipal Augusto Cabrita (Piso 1 \u2013 Galeria Amarela). A mostra, com entrada livre, est\u00e1 patente [&hellip;]\" \/>\n<meta property=\"og:url\" content=\"https:\/\/arquivo.barreiroweb.net\/?p=9784\" \/>\n<meta property=\"og:site_name\" content=\"barreiroweb\" \/>\n<meta property=\"article:publisher\" content=\"https:\/\/www.facebook.com\/barreiroweb\" \/>\n<meta property=\"article:published_time\" content=\"2013-06-04T14:11:22+00:00\" \/>\n<meta property=\"og:image\" content=\"https:\/\/arquivo.barreiroweb.net\/wp-content\/uploads\/2013\/06\/Flyer.jpg\" \/>\n\t<meta property=\"og:image:width\" content=\"221\" \/>\n\t<meta property=\"og:image:height\" content=\"314\" \/>\n\t<meta property=\"og:image:type\" content=\"image\/jpeg\" \/>\n<meta name=\"author\" content=\"barreiroweb\" \/>\n<meta name=\"twitter:card\" content=\"summary_large_image\" \/>\n<meta name=\"twitter:creator\" content=\"@barreiroweb\" \/>\n<meta name=\"twitter:site\" content=\"@barreiroweb\" \/>\n<meta name=\"twitter:label1\" content=\"Escrito por\" \/>\n\t<meta name=\"twitter:data1\" content=\"barreiroweb\" \/>\n\t<meta name=\"twitter:label2\" content=\"Tempo estimado de leitura\" \/>\n\t<meta name=\"twitter:data2\" content=\"2 minutos\" \/>\n<script type=\"application\/ld+json\" class=\"yoast-schema-graph\">{\"@context\":\"https:\/\/schema.org\",\"@graph\":[{\"@type\":\"Article\",\"@id\":\"https:\/\/arquivo.barreiroweb.net\/?p=9784#article\",\"isPartOf\":{\"@id\":\"https:\/\/arquivo.barreiroweb.net\/?p=9784\"},\"author\":{\"name\":\"barreiroweb\",\"@id\":\"https:\/\/arquivo.barreiroweb.net\/#\/schema\/person\/44b6d528aff975e3786c9f475f9df2dd\"},\"headline\":\"Inaugura\u00e7\u00e3o da exposi\u00e7\u00e3o de Carlos Ribeiro\",\"datePublished\":\"2013-06-04T14:11:22+00:00\",\"mainEntityOfPage\":{\"@id\":\"https:\/\/arquivo.barreiroweb.net\/?p=9784\"},\"wordCount\":433,\"commentCount\":0,\"publisher\":{\"@id\":\"https:\/\/arquivo.barreiroweb.net\/#organization\"},\"image\":{\"@id\":\"https:\/\/arquivo.barreiroweb.net\/?p=9784#primaryimage\"},\"thumbnailUrl\":\"https:\/\/arquivo.barreiroweb.net\/wp-content\/uploads\/2013\/06\/Flyer.jpg\",\"keywords\":[\"barreiro\",\"Carlos Ribeiro\"],\"articleSection\":[\"Destaque\",\"Festas e Feiras\"],\"inLanguage\":\"pt-PT\",\"potentialAction\":[{\"@type\":\"CommentAction\",\"name\":\"Comment\",\"target\":[\"https:\/\/arquivo.barreiroweb.net\/?p=9784#respond\"]}]},{\"@type\":\"WebPage\",\"@id\":\"https:\/\/arquivo.barreiroweb.net\/?p=9784\",\"url\":\"https:\/\/arquivo.barreiroweb.net\/?p=9784\",\"name\":\"Inaugura\u00e7\u00e3o da exposi\u00e7\u00e3o de Carlos Ribeiro - barreiroweb\",\"isPartOf\":{\"@id\":\"https:\/\/arquivo.barreiroweb.net\/#website\"},\"primaryImageOfPage\":{\"@id\":\"https:\/\/arquivo.barreiroweb.net\/?p=9784#primaryimage\"},\"image\":{\"@id\":\"https:\/\/arquivo.barreiroweb.net\/?p=9784#primaryimage\"},\"thumbnailUrl\":\"https:\/\/arquivo.barreiroweb.net\/wp-content\/uploads\/2013\/06\/Flyer.jpg\",\"datePublished\":\"2013-06-04T14:11:22+00:00\",\"breadcrumb\":{\"@id\":\"https:\/\/arquivo.barreiroweb.net\/?p=9784#breadcrumb\"},\"inLanguage\":\"pt-PT\",\"potentialAction\":[{\"@type\":\"ReadAction\",\"target\":[\"https:\/\/arquivo.barreiroweb.net\/?p=9784\"]}]},{\"@type\":\"ImageObject\",\"inLanguage\":\"pt-PT\",\"@id\":\"https:\/\/arquivo.barreiroweb.net\/?p=9784#primaryimage\",\"url\":\"https:\/\/arquivo.barreiroweb.net\/wp-content\/uploads\/2013\/06\/Flyer.jpg\",\"contentUrl\":\"https:\/\/arquivo.barreiroweb.net\/wp-content\/uploads\/2013\/06\/Flyer.jpg\",\"width\":221,\"height\":314},{\"@type\":\"BreadcrumbList\",\"@id\":\"https:\/\/arquivo.barreiroweb.net\/?p=9784#breadcrumb\",\"itemListElement\":[{\"@type\":\"ListItem\",\"position\":1,\"name\":\"In\u00edcio\",\"item\":\"https:\/\/arquivo.barreiroweb.net\/\"},{\"@type\":\"ListItem\",\"position\":2,\"name\":\"Inaugura\u00e7\u00e3o da exposi\u00e7\u00e3o de Carlos Ribeiro\"}]},{\"@type\":\"WebSite\",\"@id\":\"https:\/\/arquivo.barreiroweb.net\/#website\",\"url\":\"https:\/\/arquivo.barreiroweb.net\/\",\"name\":\"barreiroweb\",\"description\":\"Barreiroweb o barreiro na web\",\"publisher\":{\"@id\":\"https:\/\/arquivo.barreiroweb.net\/#organization\"},\"potentialAction\":[{\"@type\":\"SearchAction\",\"target\":{\"@type\":\"EntryPoint\",\"urlTemplate\":\"https:\/\/arquivo.barreiroweb.net\/?s={search_term_string}\"},\"query-input\":{\"@type\":\"PropertyValueSpecification\",\"valueRequired\":true,\"valueName\":\"search_term_string\"}}],\"inLanguage\":\"pt-PT\"},{\"@type\":\"Organization\",\"@id\":\"https:\/\/arquivo.barreiroweb.net\/#organization\",\"name\":\"barreiroweb\",\"url\":\"https:\/\/arquivo.barreiroweb.net\/\",\"logo\":{\"@type\":\"ImageObject\",\"inLanguage\":\"pt-PT\",\"@id\":\"https:\/\/arquivo.barreiroweb.net\/#\/schema\/logo\/image\/\",\"url\":\"https:\/\/barreiroweb.net\/wp-content\/uploads\/2022\/05\/BarreiroWeb555.jpg\",\"contentUrl\":\"https:\/\/barreiroweb.net\/wp-content\/uploads\/2022\/05\/BarreiroWeb555.jpg\",\"width\":421,\"height\":415,\"caption\":\"barreiroweb\"},\"image\":{\"@id\":\"https:\/\/arquivo.barreiroweb.net\/#\/schema\/logo\/image\/\"},\"sameAs\":[\"https:\/\/www.facebook.com\/barreiroweb\",\"https:\/\/x.com\/barreiroweb\"]},{\"@type\":\"Person\",\"@id\":\"https:\/\/arquivo.barreiroweb.net\/#\/schema\/person\/44b6d528aff975e3786c9f475f9df2dd\",\"name\":\"barreiroweb\",\"image\":{\"@type\":\"ImageObject\",\"inLanguage\":\"pt-PT\",\"@id\":\"https:\/\/arquivo.barreiroweb.net\/#\/schema\/person\/image\/\",\"url\":\"https:\/\/secure.gravatar.com\/avatar\/1f764b917967430404ff0b452044eb63a25d64a5363b25be2aa42273930f477d?s=96&d=mm&r=g\",\"contentUrl\":\"https:\/\/secure.gravatar.com\/avatar\/1f764b917967430404ff0b452044eb63a25d64a5363b25be2aa42273930f477d?s=96&d=mm&r=g\",\"caption\":\"barreiroweb\"},\"url\":\"https:\/\/arquivo.barreiroweb.net\/?author=1\"}]}<\/script>\n<!-- \/ Yoast SEO plugin. -->","yoast_head_json":{"title":"Inaugura\u00e7\u00e3o da exposi\u00e7\u00e3o de Carlos Ribeiro - barreiroweb","robots":{"index":"index","follow":"follow","max-snippet":"max-snippet:-1","max-image-preview":"max-image-preview:large","max-video-preview":"max-video-preview:-1"},"canonical":"https:\/\/arquivo.barreiroweb.net\/?p=9784","og_locale":"pt_PT","og_type":"article","og_title":"Inaugura\u00e7\u00e3o da exposi\u00e7\u00e3o de Carlos Ribeiro - barreiroweb","og_description":"8 de junho | 18h00 | AMAC Mondrian em amena cavaqueira com Schwitters e Malevitch sob o olhar benepl\u00e1cito de Marcel Duchamp \u00e9 o t\u00edtulo da exposi\u00e7\u00e3o de Carlos Ribeiro que inaugura a 8 de junho, pelas 18h00, no Audit\u00f3rio Municipal Augusto Cabrita (Piso 1 \u2013 Galeria Amarela). A mostra, com entrada livre, est\u00e1 patente [&hellip;]","og_url":"https:\/\/arquivo.barreiroweb.net\/?p=9784","og_site_name":"barreiroweb","article_publisher":"https:\/\/www.facebook.com\/barreiroweb","article_published_time":"2013-06-04T14:11:22+00:00","og_image":[{"width":221,"height":314,"url":"https:\/\/arquivo.barreiroweb.net\/wp-content\/uploads\/2013\/06\/Flyer.jpg","type":"image\/jpeg"}],"author":"barreiroweb","twitter_card":"summary_large_image","twitter_creator":"@barreiroweb","twitter_site":"@barreiroweb","twitter_misc":{"Escrito por":"barreiroweb","Tempo estimado de leitura":"2 minutos"},"schema":{"@context":"https:\/\/schema.org","@graph":[{"@type":"Article","@id":"https:\/\/arquivo.barreiroweb.net\/?p=9784#article","isPartOf":{"@id":"https:\/\/arquivo.barreiroweb.net\/?p=9784"},"author":{"name":"barreiroweb","@id":"https:\/\/arquivo.barreiroweb.net\/#\/schema\/person\/44b6d528aff975e3786c9f475f9df2dd"},"headline":"Inaugura\u00e7\u00e3o da exposi\u00e7\u00e3o de Carlos Ribeiro","datePublished":"2013-06-04T14:11:22+00:00","mainEntityOfPage":{"@id":"https:\/\/arquivo.barreiroweb.net\/?p=9784"},"wordCount":433,"commentCount":0,"publisher":{"@id":"https:\/\/arquivo.barreiroweb.net\/#organization"},"image":{"@id":"https:\/\/arquivo.barreiroweb.net\/?p=9784#primaryimage"},"thumbnailUrl":"https:\/\/arquivo.barreiroweb.net\/wp-content\/uploads\/2013\/06\/Flyer.jpg","keywords":["barreiro","Carlos Ribeiro"],"articleSection":["Destaque","Festas e Feiras"],"inLanguage":"pt-PT","potentialAction":[{"@type":"CommentAction","name":"Comment","target":["https:\/\/arquivo.barreiroweb.net\/?p=9784#respond"]}]},{"@type":"WebPage","@id":"https:\/\/arquivo.barreiroweb.net\/?p=9784","url":"https:\/\/arquivo.barreiroweb.net\/?p=9784","name":"Inaugura\u00e7\u00e3o da exposi\u00e7\u00e3o de Carlos Ribeiro - barreiroweb","isPartOf":{"@id":"https:\/\/arquivo.barreiroweb.net\/#website"},"primaryImageOfPage":{"@id":"https:\/\/arquivo.barreiroweb.net\/?p=9784#primaryimage"},"image":{"@id":"https:\/\/arquivo.barreiroweb.net\/?p=9784#primaryimage"},"thumbnailUrl":"https:\/\/arquivo.barreiroweb.net\/wp-content\/uploads\/2013\/06\/Flyer.jpg","datePublished":"2013-06-04T14:11:22+00:00","breadcrumb":{"@id":"https:\/\/arquivo.barreiroweb.net\/?p=9784#breadcrumb"},"inLanguage":"pt-PT","potentialAction":[{"@type":"ReadAction","target":["https:\/\/arquivo.barreiroweb.net\/?p=9784"]}]},{"@type":"ImageObject","inLanguage":"pt-PT","@id":"https:\/\/arquivo.barreiroweb.net\/?p=9784#primaryimage","url":"https:\/\/arquivo.barreiroweb.net\/wp-content\/uploads\/2013\/06\/Flyer.jpg","contentUrl":"https:\/\/arquivo.barreiroweb.net\/wp-content\/uploads\/2013\/06\/Flyer.jpg","width":221,"height":314},{"@type":"BreadcrumbList","@id":"https:\/\/arquivo.barreiroweb.net\/?p=9784#breadcrumb","itemListElement":[{"@type":"ListItem","position":1,"name":"In\u00edcio","item":"https:\/\/arquivo.barreiroweb.net\/"},{"@type":"ListItem","position":2,"name":"Inaugura\u00e7\u00e3o da exposi\u00e7\u00e3o de Carlos Ribeiro"}]},{"@type":"WebSite","@id":"https:\/\/arquivo.barreiroweb.net\/#website","url":"https:\/\/arquivo.barreiroweb.net\/","name":"barreiroweb","description":"Barreiroweb o barreiro na web","publisher":{"@id":"https:\/\/arquivo.barreiroweb.net\/#organization"},"potentialAction":[{"@type":"SearchAction","target":{"@type":"EntryPoint","urlTemplate":"https:\/\/arquivo.barreiroweb.net\/?s={search_term_string}"},"query-input":{"@type":"PropertyValueSpecification","valueRequired":true,"valueName":"search_term_string"}}],"inLanguage":"pt-PT"},{"@type":"Organization","@id":"https:\/\/arquivo.barreiroweb.net\/#organization","name":"barreiroweb","url":"https:\/\/arquivo.barreiroweb.net\/","logo":{"@type":"ImageObject","inLanguage":"pt-PT","@id":"https:\/\/arquivo.barreiroweb.net\/#\/schema\/logo\/image\/","url":"https:\/\/barreiroweb.net\/wp-content\/uploads\/2022\/05\/BarreiroWeb555.jpg","contentUrl":"https:\/\/barreiroweb.net\/wp-content\/uploads\/2022\/05\/BarreiroWeb555.jpg","width":421,"height":415,"caption":"barreiroweb"},"image":{"@id":"https:\/\/arquivo.barreiroweb.net\/#\/schema\/logo\/image\/"},"sameAs":["https:\/\/www.facebook.com\/barreiroweb","https:\/\/x.com\/barreiroweb"]},{"@type":"Person","@id":"https:\/\/arquivo.barreiroweb.net\/#\/schema\/person\/44b6d528aff975e3786c9f475f9df2dd","name":"barreiroweb","image":{"@type":"ImageObject","inLanguage":"pt-PT","@id":"https:\/\/arquivo.barreiroweb.net\/#\/schema\/person\/image\/","url":"https:\/\/secure.gravatar.com\/avatar\/1f764b917967430404ff0b452044eb63a25d64a5363b25be2aa42273930f477d?s=96&d=mm&r=g","contentUrl":"https:\/\/secure.gravatar.com\/avatar\/1f764b917967430404ff0b452044eb63a25d64a5363b25be2aa42273930f477d?s=96&d=mm&r=g","caption":"barreiroweb"},"url":"https:\/\/arquivo.barreiroweb.net\/?author=1"}]}},"_links":{"self":[{"href":"https:\/\/arquivo.barreiroweb.net\/index.php?rest_route=\/wp\/v2\/posts\/9784","targetHints":{"allow":["GET"]}}],"collection":[{"href":"https:\/\/arquivo.barreiroweb.net\/index.php?rest_route=\/wp\/v2\/posts"}],"about":[{"href":"https:\/\/arquivo.barreiroweb.net\/index.php?rest_route=\/wp\/v2\/types\/post"}],"author":[{"embeddable":true,"href":"https:\/\/arquivo.barreiroweb.net\/index.php?rest_route=\/wp\/v2\/users\/1"}],"replies":[{"embeddable":true,"href":"https:\/\/arquivo.barreiroweb.net\/index.php?rest_route=%2Fwp%2Fv2%2Fcomments&post=9784"}],"version-history":[{"count":1,"href":"https:\/\/arquivo.barreiroweb.net\/index.php?rest_route=\/wp\/v2\/posts\/9784\/revisions"}],"predecessor-version":[{"id":9786,"href":"https:\/\/arquivo.barreiroweb.net\/index.php?rest_route=\/wp\/v2\/posts\/9784\/revisions\/9786"}],"wp:featuredmedia":[{"embeddable":true,"href":"https:\/\/arquivo.barreiroweb.net\/index.php?rest_route=\/wp\/v2\/media\/9785"}],"wp:attachment":[{"href":"https:\/\/arquivo.barreiroweb.net\/index.php?rest_route=%2Fwp%2Fv2%2Fmedia&parent=9784"}],"wp:term":[{"taxonomy":"category","embeddable":true,"href":"https:\/\/arquivo.barreiroweb.net\/index.php?rest_route=%2Fwp%2Fv2%2Fcategories&post=9784"},{"taxonomy":"post_tag","embeddable":true,"href":"https:\/\/arquivo.barreiroweb.net\/index.php?rest_route=%2Fwp%2Fv2%2Ftags&post=9784"}],"curies":[{"name":"wp","href":"https:\/\/api.w.org\/{rel}","templated":true}]}}