{"id":9767,"date":"2013-06-04T15:17:22","date_gmt":"2013-06-04T14:17:22","guid":{"rendered":"http:\/\/barreiroweb.eu\/?p=9767"},"modified":"2013-06-04T15:18:27","modified_gmt":"2013-06-04T14:18:27","slug":"mcspfb-entrega-processos-para-classificacao-do-patrimonio-ferroviario-do-barreiro","status":"publish","type":"post","link":"https:\/\/arquivo.barreiroweb.net\/?p=9767","title":{"rendered":"MCSPFB, entrega processos para Classifica\u00e7\u00e3o do Patrim\u00f3nio Ferrovi\u00e1rio do Barreiro"},"content":{"rendered":"<p style=\"text-align: justify;\"><a href=\"http:\/\/barreiroweb.eu\/wp-content\/uploads\/2013\/03\/logo5.png\" rel=\"lightbox[9767]\"><img loading=\"lazy\" decoding=\"async\" class=\"alignleft size-thumbnail wp-image-9035\" alt=\"logo5\" src=\"http:\/\/barreiroweb.eu\/wp-content\/uploads\/2013\/03\/logo5-150x150.png\" width=\"150\" height=\"150\" srcset=\"https:\/\/arquivo.barreiroweb.net\/wp-content\/uploads\/2013\/03\/logo5-150x150.png 150w, https:\/\/arquivo.barreiroweb.net\/wp-content\/uploads\/2013\/03\/logo5-50x50.png 50w, https:\/\/arquivo.barreiroweb.net\/wp-content\/uploads\/2013\/03\/logo5-70x70.png 70w, https:\/\/arquivo.barreiroweb.net\/wp-content\/uploads\/2013\/03\/logo5-55x55.png 55w\" sizes=\"auto, (max-width: 150px) 100vw, 150px\" \/><\/a>MOVIMENTO C\u00cdVICO DE SALVAGUARDA DO PATRIM\u00d3NIO FERROVI\u00c1RIO DO BARREIRO<\/p>\n<div itemprop=\"description articleBody\">\n<div style=\"text-align: justify;\">COMUNICADO N\u00ba 3<\/div>\n<div style=\"text-align: justify;\">\u201c A mem\u00f3ria \u00e9 \u00e9mulo do tempo, mas o tempo joga contra a mem\u00f3ria\u201d<\/div>\n<div style=\"text-align: justify;\">1.\u00a0\u00a0\u00a0\u00a0 O Patrim\u00f3nio Arqueol\u00f3gico Industrial do Barreiro, incluindo o Patrim\u00f3nio Ferrovi\u00e1rio, pode ser devidamente preservado sem a sua classifica\u00e7\u00e3o patrimonial?<br \/>\nPode! Mas n\u00e3o ser\u00e1 a mesma coisa para a fundamental e inestim\u00e1vel protec\u00e7\u00e3o legal, resultante da classifica\u00e7\u00e3o como patrim\u00f3nio nacional, de interesse p\u00fablico ou de interesse municipal e regional.<br \/>\nEm tempos de loucura neoliberal, em que as medidas de \u00edndole tecnocr\u00e1tica (e autocr\u00e1tica!), subvertem a vis\u00e3o humanista e as orienta\u00e7\u00f5es para o desenvolvimento harmonioso no interesse local e nacional, a preserva\u00e7\u00e3o da mem\u00f3ria tem a dimens\u00e3o patri\u00f3tica que falta \u00e0s pol\u00edticas de retrocesso civilizacional e de empobrecimento do Pa\u00eds.<\/div>\n<div style=\"text-align: justify;\">2.\u00a0\u00a0\u00a0\u00a0 Correram bem as audi\u00eancias programadas para a entrega da Peti\u00e7\u00e3o P\u00fablica e da documenta\u00e7\u00e3o legalmente exigida para a classifica\u00e7\u00e3o dos principais elementos do patrim\u00f3nio ferrovi\u00e1rio:<br \/>\n&#8211; Esta\u00e7\u00e3o Ferro &#8211; Fluvial (de Miguel Pais). &#8211; Oficinas dos Caminhos de Ferro e Esta\u00e7\u00e3o Primitiva. &#8211; Bairro Ferrovi\u00e1rio e Pal\u00e1cio do Coimbra. &#8211; Rotunda Ferrovi\u00e1ria e Armaz\u00e9m Regional.<br \/>\n* A REFER mostrou-se disposta a apoiar o processo de classifica\u00e7\u00e3o e, numa iniciativa in\u00e9dita entre n\u00f3s, a celebrar um protocolo para a ced\u00eancia a v\u00e1rias associa\u00e7\u00f5es, da antiga esta\u00e7\u00e3o e armaz\u00e9m do Lavradio.<br \/>\n* O Museu Nacional Ferrovi\u00e1rio, reconheceu a falta de um N\u00facleo Museol\u00f3gico no Barreiro, dispondo-se a apoiar o processo de classifica\u00e7\u00e3o em curso.<br \/>\n* A C\u00e2mara Municipal do Barreiro, que tem feito esfor\u00e7os institucionais neste desiderato, ir\u00e1 pronunciar-se institucionalmente sobre o processo de classifica\u00e7\u00e3o quando for chamada para tal.<br \/>\nEntretanto, a pedido das tr\u00eas associa\u00e7\u00f5es intervenientes, a CMB ir\u00e1 analisar o processo protocolar com a REFER e decidir da sua comparticipa\u00e7\u00e3o regulamentar nos programas de recupera\u00e7\u00e3o, de actividades e de anima\u00e7\u00e3o dos espa\u00e7os da antiga esta\u00e7\u00e3o do Lavradio.<br \/>\n*A Assembleia Municipal do Barreiro e a CP, n\u00e3o responderam ao pedido de reuni\u00e3o.<br \/>\n3. O IGESPAR, agora denominado Instituto do Patrim\u00f3nio Cultural, recebeu-nos cordialmente e comprometeu-se com a tramita\u00e7\u00e3o legal do processo apresentado pelo MCSPFB, de classifica\u00e7\u00e3o dos referidos elementos do Patrim\u00f3nio Ferrovi\u00e1rio do Barreiro.<br \/>\nO processo ser\u00e1 instru\u00eddo segundo as hip\u00f3teses de classifica\u00e7\u00e3o referidas (Monumento Nacional, de Interesse P\u00fablico ou de Interesse Municipal e Regional), e passar\u00e1 necessariamente pelas informa\u00e7\u00f5es da CMB, da REFER e da CP. Ser\u00e1 factor abonat\u00f3rio a jun\u00e7\u00e3o de outros pareceres positivos e nobilitantes, de especialistas ou entidades relacionadas com o assunto.<br \/>\nNo di\u00e1logo com o representante do IPC, tom\u00e1mos conhecimento de um levantamento\/invent\u00e1rio do Patrim\u00f3nio Arqueol\u00f3gico Industrial restante, feito em devido tempo pelo IGESPAR e ficou afirmada a vontade de se envidarem esfor\u00e7os para a classifica\u00e7\u00e3o dos riqu\u00edssimos elementos desse patrim\u00f3nio.<br \/>\n4. Com a experi\u00eancia vivida de trabalho volunt\u00e1rio e dedicado no\u00a0\u00a0\u00a0 dia B, em 4\/5\/13, e em jornadas subsequentes, na recupera\u00e7\u00e3o do\u00a0 espa\u00e7o da antiga Esta\u00e7\u00e3o do Lavradio ( com dezenas de participantes),\u00a0 abriu-se uma nova perspectiva de colabora\u00e7\u00e3o prof\u00edcua com as autarquias do Barreiro.<br \/>\nSendo desejo comum a defesa e a preserva\u00e7\u00e3o do Patrim\u00f3nio Arqueol\u00f3gico Industrial do Barreiro, o caminho sens\u00edvel e necess\u00e1rio da classifica\u00e7\u00e3o dos seus principais elementos, ser\u00e1 uma senda exaltante e generosa na preserva\u00e7\u00e3o da mem\u00f3ria, como consci\u00eancia inserida no tempo, integrado na constru\u00e7\u00e3o de um desenvolvimento regional sustentado e harmonioso, que honre o passado e dignifique o presente de todos os barreirenses dispostos a trilhar os caminhos do futuro na P\u00e1tria incerta.<\/div>\n<div style=\"text-align: right;\">\u00a0\u00a0\u00a0\u00a0\u00a0\u00a0\u00a0\u00a0\u00a0\u00a0\u00a0\u00a0\u00a0\u00a0\u00a0\u00a0\u00a0\u00a0\u00a0\u00a0\u00a0\u00a0\u00a0\u00a0\u00a0\u00a0\u00a0\u00a0\u00a0\u00a0\u00a0\u00a0\u00a0\u00a0\u00a0\u00a0\u00a0\u00a0\u00a0\u00a0\u00a0\u00a0\u00a0\u00a0\u00a0\u00a0\u00a0\u00a0 MCSPFB<br \/>\nJos\u00e9 Encarna\u00e7\u00e3o<br \/>\nArmando Teixeira<br \/>\nRosalina Carmona<br \/>\nFernando Oliveira<br \/>\nDores<br \/>\nFrederico Tavares<br \/>\nJ\u00falio dias<br \/>\nDulce reis<br \/>\nRita dias<\/div>\n<\/div>\n","protected":false},"excerpt":{"rendered":"<p>MOVIMENTO C\u00cdVICO DE SALVAGUARDA DO PATRIM\u00d3NIO FERROVI\u00c1RIO DO BARREIRO COMUNICADO N\u00ba 3 \u201c A mem\u00f3ria \u00e9 \u00e9mulo do tempo, mas o tempo joga contra a mem\u00f3ria\u201d 1.\u00a0\u00a0\u00a0\u00a0 O Patrim\u00f3nio Arqueol\u00f3gico Industrial do Barreiro, incluindo o Patrim\u00f3nio Ferrovi\u00e1rio, pode ser devidamente preservado sem a sua classifica\u00e7\u00e3o patrimonial? Pode! Mas n\u00e3o ser\u00e1 a mesma coisa para a [&hellip;]<\/p>\n","protected":false},"author":1,"featured_media":9035,"comment_status":"open","ping_status":"open","sticky":false,"template":"","format":"standard","meta":{"footnotes":""},"categories":[16,32,11],"tags":[41,17,29,126],"class_list":["post-9767","post","type-post","status-publish","format-standard","has-post-thumbnail","hentry","category-associativismo","category-destaque","category-patrimonio","tag-barreiro","tag-ferroviario","tag-ferroviarios","tag-patrimonio-2","last_archivepost"],"yoast_head":"<!-- This site is optimized with the Yoast SEO plugin v27.1.1 - https:\/\/yoast.com\/product\/yoast-seo-wordpress\/ -->\n<title>MCSPFB, entrega processos para Classifica\u00e7\u00e3o do Patrim\u00f3nio Ferrovi\u00e1rio do Barreiro - barreiroweb<\/title>\n<meta name=\"robots\" content=\"index, follow, max-snippet:-1, max-image-preview:large, max-video-preview:-1\" \/>\n<link rel=\"canonical\" href=\"https:\/\/arquivo.barreiroweb.net\/?p=9767\" \/>\n<meta property=\"og:locale\" content=\"pt_PT\" \/>\n<meta property=\"og:type\" content=\"article\" \/>\n<meta property=\"og:title\" content=\"MCSPFB, entrega processos para Classifica\u00e7\u00e3o do Patrim\u00f3nio Ferrovi\u00e1rio do Barreiro - barreiroweb\" \/>\n<meta property=\"og:description\" content=\"MOVIMENTO C\u00cdVICO DE SALVAGUARDA DO PATRIM\u00d3NIO FERROVI\u00c1RIO DO BARREIRO COMUNICADO N\u00ba 3 \u201c A mem\u00f3ria \u00e9 \u00e9mulo do tempo, mas o tempo joga contra a mem\u00f3ria\u201d 1.\u00a0\u00a0\u00a0\u00a0 O Patrim\u00f3nio Arqueol\u00f3gico Industrial do Barreiro, incluindo o Patrim\u00f3nio Ferrovi\u00e1rio, pode ser devidamente preservado sem a sua classifica\u00e7\u00e3o patrimonial? Pode! Mas n\u00e3o ser\u00e1 a mesma coisa para a [&hellip;]\" \/>\n<meta property=\"og:url\" content=\"https:\/\/arquivo.barreiroweb.net\/?p=9767\" \/>\n<meta property=\"og:site_name\" content=\"barreiroweb\" \/>\n<meta property=\"article:publisher\" content=\"https:\/\/www.facebook.com\/barreiroweb\" \/>\n<meta property=\"article:published_time\" content=\"2013-06-04T14:17:22+00:00\" \/>\n<meta property=\"article:modified_time\" content=\"2013-06-04T14:18:27+00:00\" \/>\n<meta property=\"og:image\" content=\"https:\/\/arquivo.barreiroweb.net\/wp-content\/uploads\/2013\/03\/logo5.png\" \/>\n\t<meta property=\"og:image:width\" content=\"314\" \/>\n\t<meta property=\"og:image:height\" content=\"179\" \/>\n\t<meta property=\"og:image:type\" content=\"image\/png\" \/>\n<meta name=\"author\" content=\"barreiroweb\" \/>\n<meta name=\"twitter:card\" content=\"summary_large_image\" \/>\n<meta name=\"twitter:creator\" content=\"@barreiroweb\" \/>\n<meta name=\"twitter:site\" content=\"@barreiroweb\" \/>\n<meta name=\"twitter:label1\" content=\"Escrito por\" \/>\n\t<meta name=\"twitter:data1\" content=\"barreiroweb\" \/>\n\t<meta name=\"twitter:label2\" content=\"Tempo estimado de leitura\" \/>\n\t<meta name=\"twitter:data2\" content=\"3 minutos\" \/>\n<script type=\"application\/ld+json\" class=\"yoast-schema-graph\">{\"@context\":\"https:\/\/schema.org\",\"@graph\":[{\"@type\":\"Article\",\"@id\":\"https:\/\/arquivo.barreiroweb.net\/?p=9767#article\",\"isPartOf\":{\"@id\":\"https:\/\/arquivo.barreiroweb.net\/?p=9767\"},\"author\":{\"name\":\"barreiroweb\",\"@id\":\"https:\/\/arquivo.barreiroweb.net\/#\/schema\/person\/44b6d528aff975e3786c9f475f9df2dd\"},\"headline\":\"MCSPFB, entrega processos para Classifica\u00e7\u00e3o do Patrim\u00f3nio Ferrovi\u00e1rio do Barreiro\",\"datePublished\":\"2013-06-04T14:17:22+00:00\",\"dateModified\":\"2013-06-04T14:18:27+00:00\",\"mainEntityOfPage\":{\"@id\":\"https:\/\/arquivo.barreiroweb.net\/?p=9767\"},\"wordCount\":682,\"commentCount\":0,\"publisher\":{\"@id\":\"https:\/\/arquivo.barreiroweb.net\/#organization\"},\"image\":{\"@id\":\"https:\/\/arquivo.barreiroweb.net\/?p=9767#primaryimage\"},\"thumbnailUrl\":\"https:\/\/arquivo.barreiroweb.net\/wp-content\/uploads\/2013\/03\/logo5.png\",\"keywords\":[\"barreiro\",\"ferroviario\",\"ferroviarios\",\"patrimonio\"],\"articleSection\":[\"Associativismo\",\"Destaque\",\"Patrim\u00f3nio\"],\"inLanguage\":\"pt-PT\",\"potentialAction\":[{\"@type\":\"CommentAction\",\"name\":\"Comment\",\"target\":[\"https:\/\/arquivo.barreiroweb.net\/?p=9767#respond\"]}]},{\"@type\":\"WebPage\",\"@id\":\"https:\/\/arquivo.barreiroweb.net\/?p=9767\",\"url\":\"https:\/\/arquivo.barreiroweb.net\/?p=9767\",\"name\":\"MCSPFB, entrega processos para Classifica\u00e7\u00e3o do Patrim\u00f3nio Ferrovi\u00e1rio do Barreiro - barreiroweb\",\"isPartOf\":{\"@id\":\"https:\/\/arquivo.barreiroweb.net\/#website\"},\"primaryImageOfPage\":{\"@id\":\"https:\/\/arquivo.barreiroweb.net\/?p=9767#primaryimage\"},\"image\":{\"@id\":\"https:\/\/arquivo.barreiroweb.net\/?p=9767#primaryimage\"},\"thumbnailUrl\":\"https:\/\/arquivo.barreiroweb.net\/wp-content\/uploads\/2013\/03\/logo5.png\",\"datePublished\":\"2013-06-04T14:17:22+00:00\",\"dateModified\":\"2013-06-04T14:18:27+00:00\",\"breadcrumb\":{\"@id\":\"https:\/\/arquivo.barreiroweb.net\/?p=9767#breadcrumb\"},\"inLanguage\":\"pt-PT\",\"potentialAction\":[{\"@type\":\"ReadAction\",\"target\":[\"https:\/\/arquivo.barreiroweb.net\/?p=9767\"]}]},{\"@type\":\"ImageObject\",\"inLanguage\":\"pt-PT\",\"@id\":\"https:\/\/arquivo.barreiroweb.net\/?p=9767#primaryimage\",\"url\":\"https:\/\/arquivo.barreiroweb.net\/wp-content\/uploads\/2013\/03\/logo5.png\",\"contentUrl\":\"https:\/\/arquivo.barreiroweb.net\/wp-content\/uploads\/2013\/03\/logo5.png\",\"width\":314,\"height\":179},{\"@type\":\"BreadcrumbList\",\"@id\":\"https:\/\/arquivo.barreiroweb.net\/?p=9767#breadcrumb\",\"itemListElement\":[{\"@type\":\"ListItem\",\"position\":1,\"name\":\"In\u00edcio\",\"item\":\"https:\/\/arquivo.barreiroweb.net\/\"},{\"@type\":\"ListItem\",\"position\":2,\"name\":\"MCSPFB, entrega processos para Classifica\u00e7\u00e3o do Patrim\u00f3nio Ferrovi\u00e1rio do Barreiro\"}]},{\"@type\":\"WebSite\",\"@id\":\"https:\/\/arquivo.barreiroweb.net\/#website\",\"url\":\"https:\/\/arquivo.barreiroweb.net\/\",\"name\":\"barreiroweb\",\"description\":\"Barreiroweb o barreiro na web\",\"publisher\":{\"@id\":\"https:\/\/arquivo.barreiroweb.net\/#organization\"},\"potentialAction\":[{\"@type\":\"SearchAction\",\"target\":{\"@type\":\"EntryPoint\",\"urlTemplate\":\"https:\/\/arquivo.barreiroweb.net\/?s={search_term_string}\"},\"query-input\":{\"@type\":\"PropertyValueSpecification\",\"valueRequired\":true,\"valueName\":\"search_term_string\"}}],\"inLanguage\":\"pt-PT\"},{\"@type\":\"Organization\",\"@id\":\"https:\/\/arquivo.barreiroweb.net\/#organization\",\"name\":\"barreiroweb\",\"url\":\"https:\/\/arquivo.barreiroweb.net\/\",\"logo\":{\"@type\":\"ImageObject\",\"inLanguage\":\"pt-PT\",\"@id\":\"https:\/\/arquivo.barreiroweb.net\/#\/schema\/logo\/image\/\",\"url\":\"https:\/\/barreiroweb.net\/wp-content\/uploads\/2022\/05\/BarreiroWeb555.jpg\",\"contentUrl\":\"https:\/\/barreiroweb.net\/wp-content\/uploads\/2022\/05\/BarreiroWeb555.jpg\",\"width\":421,\"height\":415,\"caption\":\"barreiroweb\"},\"image\":{\"@id\":\"https:\/\/arquivo.barreiroweb.net\/#\/schema\/logo\/image\/\"},\"sameAs\":[\"https:\/\/www.facebook.com\/barreiroweb\",\"https:\/\/x.com\/barreiroweb\"]},{\"@type\":\"Person\",\"@id\":\"https:\/\/arquivo.barreiroweb.net\/#\/schema\/person\/44b6d528aff975e3786c9f475f9df2dd\",\"name\":\"barreiroweb\",\"image\":{\"@type\":\"ImageObject\",\"inLanguage\":\"pt-PT\",\"@id\":\"https:\/\/arquivo.barreiroweb.net\/#\/schema\/person\/image\/\",\"url\":\"https:\/\/secure.gravatar.com\/avatar\/1f764b917967430404ff0b452044eb63a25d64a5363b25be2aa42273930f477d?s=96&d=mm&r=g\",\"contentUrl\":\"https:\/\/secure.gravatar.com\/avatar\/1f764b917967430404ff0b452044eb63a25d64a5363b25be2aa42273930f477d?s=96&d=mm&r=g\",\"caption\":\"barreiroweb\"},\"url\":\"https:\/\/arquivo.barreiroweb.net\/?author=1\"}]}<\/script>\n<!-- \/ Yoast SEO plugin. -->","yoast_head_json":{"title":"MCSPFB, entrega processos para Classifica\u00e7\u00e3o do Patrim\u00f3nio Ferrovi\u00e1rio do Barreiro - barreiroweb","robots":{"index":"index","follow":"follow","max-snippet":"max-snippet:-1","max-image-preview":"max-image-preview:large","max-video-preview":"max-video-preview:-1"},"canonical":"https:\/\/arquivo.barreiroweb.net\/?p=9767","og_locale":"pt_PT","og_type":"article","og_title":"MCSPFB, entrega processos para Classifica\u00e7\u00e3o do Patrim\u00f3nio Ferrovi\u00e1rio do Barreiro - barreiroweb","og_description":"MOVIMENTO C\u00cdVICO DE SALVAGUARDA DO PATRIM\u00d3NIO FERROVI\u00c1RIO DO BARREIRO COMUNICADO N\u00ba 3 \u201c A mem\u00f3ria \u00e9 \u00e9mulo do tempo, mas o tempo joga contra a mem\u00f3ria\u201d 1.\u00a0\u00a0\u00a0\u00a0 O Patrim\u00f3nio Arqueol\u00f3gico Industrial do Barreiro, incluindo o Patrim\u00f3nio Ferrovi\u00e1rio, pode ser devidamente preservado sem a sua classifica\u00e7\u00e3o patrimonial? Pode! Mas n\u00e3o ser\u00e1 a mesma coisa para a [&hellip;]","og_url":"https:\/\/arquivo.barreiroweb.net\/?p=9767","og_site_name":"barreiroweb","article_publisher":"https:\/\/www.facebook.com\/barreiroweb","article_published_time":"2013-06-04T14:17:22+00:00","article_modified_time":"2013-06-04T14:18:27+00:00","og_image":[{"width":314,"height":179,"url":"https:\/\/arquivo.barreiroweb.net\/wp-content\/uploads\/2013\/03\/logo5.png","type":"image\/png"}],"author":"barreiroweb","twitter_card":"summary_large_image","twitter_creator":"@barreiroweb","twitter_site":"@barreiroweb","twitter_misc":{"Escrito por":"barreiroweb","Tempo estimado de leitura":"3 minutos"},"schema":{"@context":"https:\/\/schema.org","@graph":[{"@type":"Article","@id":"https:\/\/arquivo.barreiroweb.net\/?p=9767#article","isPartOf":{"@id":"https:\/\/arquivo.barreiroweb.net\/?p=9767"},"author":{"name":"barreiroweb","@id":"https:\/\/arquivo.barreiroweb.net\/#\/schema\/person\/44b6d528aff975e3786c9f475f9df2dd"},"headline":"MCSPFB, entrega processos para Classifica\u00e7\u00e3o do Patrim\u00f3nio Ferrovi\u00e1rio do Barreiro","datePublished":"2013-06-04T14:17:22+00:00","dateModified":"2013-06-04T14:18:27+00:00","mainEntityOfPage":{"@id":"https:\/\/arquivo.barreiroweb.net\/?p=9767"},"wordCount":682,"commentCount":0,"publisher":{"@id":"https:\/\/arquivo.barreiroweb.net\/#organization"},"image":{"@id":"https:\/\/arquivo.barreiroweb.net\/?p=9767#primaryimage"},"thumbnailUrl":"https:\/\/arquivo.barreiroweb.net\/wp-content\/uploads\/2013\/03\/logo5.png","keywords":["barreiro","ferroviario","ferroviarios","patrimonio"],"articleSection":["Associativismo","Destaque","Patrim\u00f3nio"],"inLanguage":"pt-PT","potentialAction":[{"@type":"CommentAction","name":"Comment","target":["https:\/\/arquivo.barreiroweb.net\/?p=9767#respond"]}]},{"@type":"WebPage","@id":"https:\/\/arquivo.barreiroweb.net\/?p=9767","url":"https:\/\/arquivo.barreiroweb.net\/?p=9767","name":"MCSPFB, entrega processos para Classifica\u00e7\u00e3o do Patrim\u00f3nio Ferrovi\u00e1rio do Barreiro - barreiroweb","isPartOf":{"@id":"https:\/\/arquivo.barreiroweb.net\/#website"},"primaryImageOfPage":{"@id":"https:\/\/arquivo.barreiroweb.net\/?p=9767#primaryimage"},"image":{"@id":"https:\/\/arquivo.barreiroweb.net\/?p=9767#primaryimage"},"thumbnailUrl":"https:\/\/arquivo.barreiroweb.net\/wp-content\/uploads\/2013\/03\/logo5.png","datePublished":"2013-06-04T14:17:22+00:00","dateModified":"2013-06-04T14:18:27+00:00","breadcrumb":{"@id":"https:\/\/arquivo.barreiroweb.net\/?p=9767#breadcrumb"},"inLanguage":"pt-PT","potentialAction":[{"@type":"ReadAction","target":["https:\/\/arquivo.barreiroweb.net\/?p=9767"]}]},{"@type":"ImageObject","inLanguage":"pt-PT","@id":"https:\/\/arquivo.barreiroweb.net\/?p=9767#primaryimage","url":"https:\/\/arquivo.barreiroweb.net\/wp-content\/uploads\/2013\/03\/logo5.png","contentUrl":"https:\/\/arquivo.barreiroweb.net\/wp-content\/uploads\/2013\/03\/logo5.png","width":314,"height":179},{"@type":"BreadcrumbList","@id":"https:\/\/arquivo.barreiroweb.net\/?p=9767#breadcrumb","itemListElement":[{"@type":"ListItem","position":1,"name":"In\u00edcio","item":"https:\/\/arquivo.barreiroweb.net\/"},{"@type":"ListItem","position":2,"name":"MCSPFB, entrega processos para Classifica\u00e7\u00e3o do Patrim\u00f3nio Ferrovi\u00e1rio do Barreiro"}]},{"@type":"WebSite","@id":"https:\/\/arquivo.barreiroweb.net\/#website","url":"https:\/\/arquivo.barreiroweb.net\/","name":"barreiroweb","description":"Barreiroweb o barreiro na web","publisher":{"@id":"https:\/\/arquivo.barreiroweb.net\/#organization"},"potentialAction":[{"@type":"SearchAction","target":{"@type":"EntryPoint","urlTemplate":"https:\/\/arquivo.barreiroweb.net\/?s={search_term_string}"},"query-input":{"@type":"PropertyValueSpecification","valueRequired":true,"valueName":"search_term_string"}}],"inLanguage":"pt-PT"},{"@type":"Organization","@id":"https:\/\/arquivo.barreiroweb.net\/#organization","name":"barreiroweb","url":"https:\/\/arquivo.barreiroweb.net\/","logo":{"@type":"ImageObject","inLanguage":"pt-PT","@id":"https:\/\/arquivo.barreiroweb.net\/#\/schema\/logo\/image\/","url":"https:\/\/barreiroweb.net\/wp-content\/uploads\/2022\/05\/BarreiroWeb555.jpg","contentUrl":"https:\/\/barreiroweb.net\/wp-content\/uploads\/2022\/05\/BarreiroWeb555.jpg","width":421,"height":415,"caption":"barreiroweb"},"image":{"@id":"https:\/\/arquivo.barreiroweb.net\/#\/schema\/logo\/image\/"},"sameAs":["https:\/\/www.facebook.com\/barreiroweb","https:\/\/x.com\/barreiroweb"]},{"@type":"Person","@id":"https:\/\/arquivo.barreiroweb.net\/#\/schema\/person\/44b6d528aff975e3786c9f475f9df2dd","name":"barreiroweb","image":{"@type":"ImageObject","inLanguage":"pt-PT","@id":"https:\/\/arquivo.barreiroweb.net\/#\/schema\/person\/image\/","url":"https:\/\/secure.gravatar.com\/avatar\/1f764b917967430404ff0b452044eb63a25d64a5363b25be2aa42273930f477d?s=96&d=mm&r=g","contentUrl":"https:\/\/secure.gravatar.com\/avatar\/1f764b917967430404ff0b452044eb63a25d64a5363b25be2aa42273930f477d?s=96&d=mm&r=g","caption":"barreiroweb"},"url":"https:\/\/arquivo.barreiroweb.net\/?author=1"}]}},"_links":{"self":[{"href":"https:\/\/arquivo.barreiroweb.net\/index.php?rest_route=\/wp\/v2\/posts\/9767","targetHints":{"allow":["GET"]}}],"collection":[{"href":"https:\/\/arquivo.barreiroweb.net\/index.php?rest_route=\/wp\/v2\/posts"}],"about":[{"href":"https:\/\/arquivo.barreiroweb.net\/index.php?rest_route=\/wp\/v2\/types\/post"}],"author":[{"embeddable":true,"href":"https:\/\/arquivo.barreiroweb.net\/index.php?rest_route=\/wp\/v2\/users\/1"}],"replies":[{"embeddable":true,"href":"https:\/\/arquivo.barreiroweb.net\/index.php?rest_route=%2Fwp%2Fv2%2Fcomments&post=9767"}],"version-history":[{"count":3,"href":"https:\/\/arquivo.barreiroweb.net\/index.php?rest_route=\/wp\/v2\/posts\/9767\/revisions"}],"predecessor-version":[{"id":9769,"href":"https:\/\/arquivo.barreiroweb.net\/index.php?rest_route=\/wp\/v2\/posts\/9767\/revisions\/9769"}],"wp:featuredmedia":[{"embeddable":true,"href":"https:\/\/arquivo.barreiroweb.net\/index.php?rest_route=\/wp\/v2\/media\/9035"}],"wp:attachment":[{"href":"https:\/\/arquivo.barreiroweb.net\/index.php?rest_route=%2Fwp%2Fv2%2Fmedia&parent=9767"}],"wp:term":[{"taxonomy":"category","embeddable":true,"href":"https:\/\/arquivo.barreiroweb.net\/index.php?rest_route=%2Fwp%2Fv2%2Fcategories&post=9767"},{"taxonomy":"post_tag","embeddable":true,"href":"https:\/\/arquivo.barreiroweb.net\/index.php?rest_route=%2Fwp%2Fv2%2Ftags&post=9767"}],"curies":[{"name":"wp","href":"https:\/\/api.w.org\/{rel}","templated":true}]}}