{"id":9705,"date":"2013-05-28T23:21:44","date_gmt":"2013-05-28T22:21:44","guid":{"rendered":"http:\/\/barreiroweb.eu\/?p=9705"},"modified":"2013-05-28T23:21:44","modified_gmt":"2013-05-28T22:21:44","slug":"1-de-junho-dia-municipal-do-bombeiro","status":"publish","type":"post","link":"https:\/\/arquivo.barreiroweb.net\/?p=9705","title":{"rendered":"1 de junho dia municipal do bombeiro"},"content":{"rendered":"<p style=\"text-align: justify;\" align=\"center\"><a href=\"http:\/\/barreiroweb.eu\/wp-content\/uploads\/2013\/05\/cartaz_Dia_Bombeiro.jpg\" rel=\"lightbox[9705]\"><img loading=\"lazy\" decoding=\"async\" class=\"alignleft size-thumbnail wp-image-9706\" alt=\"cartaz_Dia_Bombeiro\" src=\"http:\/\/barreiroweb.eu\/wp-content\/uploads\/2013\/05\/cartaz_Dia_Bombeiro-150x150.jpg\" width=\"150\" height=\"150\" srcset=\"https:\/\/arquivo.barreiroweb.net\/wp-content\/uploads\/2013\/05\/cartaz_Dia_Bombeiro-150x150.jpg 150w, https:\/\/arquivo.barreiroweb.net\/wp-content\/uploads\/2013\/05\/cartaz_Dia_Bombeiro-50x50.jpg 50w, https:\/\/arquivo.barreiroweb.net\/wp-content\/uploads\/2013\/05\/cartaz_Dia_Bombeiro-70x70.jpg 70w, https:\/\/arquivo.barreiroweb.net\/wp-content\/uploads\/2013\/05\/cartaz_Dia_Bombeiro-55x55.jpg 55w\" sizes=\"auto, (max-width: 150px) 100vw, 150px\" \/><\/a>O Munic\u00edpio do Barreiro comemora, a 1 de junho, o Dia Municipal do Bombeiro com diversas iniciativas que destacam o m\u00e9rito do papel social desempenhado pelas duas Corpora\u00e7\u00f5es de Bombeiros Volunt\u00e1rios do Barreiro e respetivos Soldados da Paz.<\/p>\n<p style=\"text-align: justify;\">As atividades, promovidas pela C\u00e2mara Municipal do Barreiro em conjunto com os Bombeiros Volunt\u00e1rios do Barreiro \u2013 Corpo de Salva\u00e7\u00e3o P\u00fablica e os Bombeiros Volunt\u00e1rios Sul e Sueste, t\u00eam in\u00edcio \u00e0s 9h00 com o hastear da bandeira nos dois quart\u00e9is e terminam \u00e0s 12h30 com o Desfile das for\u00e7as em parada.<\/p>\n<p style=\"text-align: justify;\">O programa do Dia Municipal do Barreiro \u00e9 o seguinte:<\/p>\n<p style=\"text-align: justify;\">9h00 \u2013 Hastear Solene da Bandeira, no Quartel dos Bombeiros Volunt\u00e1rios do Barreiro \u2013 Corpo de Salva\u00e7\u00e3o P\u00fablica<\/p>\n<p style=\"text-align: justify;\">9h30 \u2013 Hastear Solene da Bandeira, no Quartel dos Bombeiros Volunt\u00e1rios do Sul e Sueste<\/p>\n<p style=\"text-align: justify;\">Largo do Mercado Municipal 1\u00ba de Maio<\/p>\n<p style=\"text-align: justify;\">10h30 \u2013 Apresenta\u00e7\u00e3o da formatura com cumprimento oficial<\/p>\n<p style=\"text-align: justify;\">10h35 \u2013 Entrega de donativos aos bombeiros no \u00e2mbito do Servi\u00e7o de Recolha de \u00d3leos Alimentares Usados do Barreiro<\/p>\n<p style=\"text-align: justify;\">11h00 \u2013 Cerim\u00f3nia de Condecora\u00e7\u00f5es<\/p>\n<p style=\"text-align: justify;\">12h00 \u2013 Interven\u00e7\u00f5es<\/p>\n<p style=\"text-align: justify;\">12h30 \u2013 Desfile das for\u00e7as em parada \u2013 Avenida Alfredo da Silva\/Rua Miguel Bombarda\/Pa\u00e7os do Concelho<\/p>\n<p style=\"text-align: justify;\">\n<p style=\"text-align: justify;\" align=\"center\">\n<p style=\"text-align: justify;\" align=\"center\">Interdi\u00e7\u00e3o de tr\u00e2nsito<\/p>\n<p style=\"text-align: justify;\">Para a realiza\u00e7\u00e3o das atividades, nomeadamente do desfile das for\u00e7as em parada, ser\u00e1 necess\u00e1ria interdi\u00e7\u00e3o do tr\u00e2nsito em art\u00e9rias da Freguesia do Barreiro, designadamente:<\/p>\n<p style=\"text-align: justify;\">&#8211; Avenida Henrique Galv\u00e3o (entre a Rua Futebol Clube Barreirense e a Avenida Alfredo da Silva) \u2013 das 10h00 \u00e0s 12h30.<\/p>\n<p style=\"text-align: justify;\">&#8211; Avenida Alfredo da Silva (entre a Av. Henrique Galv\u00e3o e Rua Miguel Bombarda) e \u00a0Rua Miguel Bombarda (entre a Av. Alfredo da Silva e a Av. da Rep\u00fablica) \u2013 das \u00a012h00 \u00e0s 13h00.<\/p>\n<p style=\"text-align: justify;\">Para quaisquer esclarecimentos sobre a interdi\u00e7\u00e3o de tr\u00e2nsito, os mun\u00edcipes podem contactar a Divis\u00e3o de Rede Vi\u00e1ria, atrav\u00e9s do n\u00famero de telefone: 212148400<\/p>\n<p style=\"text-align: justify;\" align=\"center\">CMB 2013-05-28<\/p>\n","protected":false},"excerpt":{"rendered":"<p>O Munic\u00edpio do Barreiro comemora, a 1 de junho, o Dia Municipal do Bombeiro com diversas iniciativas que destacam o m\u00e9rito do papel social desempenhado pelas duas Corpora\u00e7\u00f5es de Bombeiros Volunt\u00e1rios do Barreiro e respetivos Soldados da Paz. As atividades, promovidas pela C\u00e2mara Municipal do Barreiro em conjunto com os Bombeiros Volunt\u00e1rios do Barreiro \u2013 [&hellip;]<\/p>\n","protected":false},"author":1,"featured_media":9706,"comment_status":"open","ping_status":"open","sticky":false,"template":"","format":"standard","meta":{"footnotes":""},"categories":[16,32,3],"tags":[41,163],"class_list":["post-9705","post","type-post","status-publish","format-standard","has-post-thumbnail","hentry","category-associativismo","category-destaque","category-eventos","tag-barreiro","tag-bombeiros","last_archivepost"],"yoast_head":"<!-- This site is optimized with the Yoast SEO plugin v27.1.1 - https:\/\/yoast.com\/product\/yoast-seo-wordpress\/ -->\n<title>1 de junho dia municipal do bombeiro - barreiroweb<\/title>\n<meta name=\"robots\" content=\"index, follow, max-snippet:-1, max-image-preview:large, max-video-preview:-1\" \/>\n<link rel=\"canonical\" href=\"https:\/\/arquivo.barreiroweb.net\/?p=9705\" \/>\n<meta property=\"og:locale\" content=\"pt_PT\" \/>\n<meta property=\"og:type\" content=\"article\" \/>\n<meta property=\"og:title\" content=\"1 de junho dia municipal do bombeiro - barreiroweb\" \/>\n<meta property=\"og:description\" content=\"O Munic\u00edpio do Barreiro comemora, a 1 de junho, o Dia Municipal do Bombeiro com diversas iniciativas que destacam o m\u00e9rito do papel social desempenhado pelas duas Corpora\u00e7\u00f5es de Bombeiros Volunt\u00e1rios do Barreiro e respetivos Soldados da Paz. As atividades, promovidas pela C\u00e2mara Municipal do Barreiro em conjunto com os Bombeiros Volunt\u00e1rios do Barreiro \u2013 [&hellip;]\" \/>\n<meta property=\"og:url\" content=\"https:\/\/arquivo.barreiroweb.net\/?p=9705\" \/>\n<meta property=\"og:site_name\" content=\"barreiroweb\" \/>\n<meta property=\"article:publisher\" content=\"https:\/\/www.facebook.com\/barreiroweb\" \/>\n<meta property=\"article:published_time\" content=\"2013-05-28T22:21:44+00:00\" \/>\n<meta property=\"og:image\" content=\"https:\/\/arquivo.barreiroweb.net\/wp-content\/uploads\/2013\/05\/cartaz_Dia_Bombeiro.jpg\" \/>\n\t<meta property=\"og:image:width\" content=\"222\" \/>\n\t<meta property=\"og:image:height\" content=\"314\" \/>\n\t<meta property=\"og:image:type\" content=\"image\/jpeg\" \/>\n<meta name=\"author\" content=\"barreiroweb\" \/>\n<meta name=\"twitter:card\" content=\"summary_large_image\" \/>\n<meta name=\"twitter:creator\" content=\"@barreiroweb\" \/>\n<meta name=\"twitter:site\" content=\"@barreiroweb\" \/>\n<meta name=\"twitter:label1\" content=\"Escrito por\" \/>\n\t<meta name=\"twitter:data1\" content=\"barreiroweb\" \/>\n\t<meta name=\"twitter:label2\" content=\"Tempo estimado de leitura\" \/>\n\t<meta name=\"twitter:data2\" content=\"2 minutos\" \/>\n<script type=\"application\/ld+json\" class=\"yoast-schema-graph\">{\"@context\":\"https:\/\/schema.org\",\"@graph\":[{\"@type\":\"Article\",\"@id\":\"https:\/\/arquivo.barreiroweb.net\/?p=9705#article\",\"isPartOf\":{\"@id\":\"https:\/\/arquivo.barreiroweb.net\/?p=9705\"},\"author\":{\"name\":\"barreiroweb\",\"@id\":\"https:\/\/arquivo.barreiroweb.net\/#\/schema\/person\/44b6d528aff975e3786c9f475f9df2dd\"},\"headline\":\"1 de junho dia municipal do bombeiro\",\"datePublished\":\"2013-05-28T22:21:44+00:00\",\"mainEntityOfPage\":{\"@id\":\"https:\/\/arquivo.barreiroweb.net\/?p=9705\"},\"wordCount\":332,\"commentCount\":0,\"publisher\":{\"@id\":\"https:\/\/arquivo.barreiroweb.net\/#organization\"},\"image\":{\"@id\":\"https:\/\/arquivo.barreiroweb.net\/?p=9705#primaryimage\"},\"thumbnailUrl\":\"https:\/\/arquivo.barreiroweb.net\/wp-content\/uploads\/2013\/05\/cartaz_Dia_Bombeiro.jpg\",\"keywords\":[\"barreiro\",\"bombeiros\"],\"articleSection\":[\"Associativismo\",\"Destaque\",\"Eventos\"],\"inLanguage\":\"pt-PT\",\"potentialAction\":[{\"@type\":\"CommentAction\",\"name\":\"Comment\",\"target\":[\"https:\/\/arquivo.barreiroweb.net\/?p=9705#respond\"]}]},{\"@type\":\"WebPage\",\"@id\":\"https:\/\/arquivo.barreiroweb.net\/?p=9705\",\"url\":\"https:\/\/arquivo.barreiroweb.net\/?p=9705\",\"name\":\"1 de junho dia municipal do bombeiro - barreiroweb\",\"isPartOf\":{\"@id\":\"https:\/\/arquivo.barreiroweb.net\/#website\"},\"primaryImageOfPage\":{\"@id\":\"https:\/\/arquivo.barreiroweb.net\/?p=9705#primaryimage\"},\"image\":{\"@id\":\"https:\/\/arquivo.barreiroweb.net\/?p=9705#primaryimage\"},\"thumbnailUrl\":\"https:\/\/arquivo.barreiroweb.net\/wp-content\/uploads\/2013\/05\/cartaz_Dia_Bombeiro.jpg\",\"datePublished\":\"2013-05-28T22:21:44+00:00\",\"breadcrumb\":{\"@id\":\"https:\/\/arquivo.barreiroweb.net\/?p=9705#breadcrumb\"},\"inLanguage\":\"pt-PT\",\"potentialAction\":[{\"@type\":\"ReadAction\",\"target\":[\"https:\/\/arquivo.barreiroweb.net\/?p=9705\"]}]},{\"@type\":\"ImageObject\",\"inLanguage\":\"pt-PT\",\"@id\":\"https:\/\/arquivo.barreiroweb.net\/?p=9705#primaryimage\",\"url\":\"https:\/\/arquivo.barreiroweb.net\/wp-content\/uploads\/2013\/05\/cartaz_Dia_Bombeiro.jpg\",\"contentUrl\":\"https:\/\/arquivo.barreiroweb.net\/wp-content\/uploads\/2013\/05\/cartaz_Dia_Bombeiro.jpg\",\"width\":222,\"height\":314},{\"@type\":\"BreadcrumbList\",\"@id\":\"https:\/\/arquivo.barreiroweb.net\/?p=9705#breadcrumb\",\"itemListElement\":[{\"@type\":\"ListItem\",\"position\":1,\"name\":\"In\u00edcio\",\"item\":\"https:\/\/arquivo.barreiroweb.net\/\"},{\"@type\":\"ListItem\",\"position\":2,\"name\":\"1 de junho dia municipal do bombeiro\"}]},{\"@type\":\"WebSite\",\"@id\":\"https:\/\/arquivo.barreiroweb.net\/#website\",\"url\":\"https:\/\/arquivo.barreiroweb.net\/\",\"name\":\"barreiroweb\",\"description\":\"Barreiroweb o barreiro na web\",\"publisher\":{\"@id\":\"https:\/\/arquivo.barreiroweb.net\/#organization\"},\"potentialAction\":[{\"@type\":\"SearchAction\",\"target\":{\"@type\":\"EntryPoint\",\"urlTemplate\":\"https:\/\/arquivo.barreiroweb.net\/?s={search_term_string}\"},\"query-input\":{\"@type\":\"PropertyValueSpecification\",\"valueRequired\":true,\"valueName\":\"search_term_string\"}}],\"inLanguage\":\"pt-PT\"},{\"@type\":\"Organization\",\"@id\":\"https:\/\/arquivo.barreiroweb.net\/#organization\",\"name\":\"barreiroweb\",\"url\":\"https:\/\/arquivo.barreiroweb.net\/\",\"logo\":{\"@type\":\"ImageObject\",\"inLanguage\":\"pt-PT\",\"@id\":\"https:\/\/arquivo.barreiroweb.net\/#\/schema\/logo\/image\/\",\"url\":\"https:\/\/barreiroweb.net\/wp-content\/uploads\/2022\/05\/BarreiroWeb555.jpg\",\"contentUrl\":\"https:\/\/barreiroweb.net\/wp-content\/uploads\/2022\/05\/BarreiroWeb555.jpg\",\"width\":421,\"height\":415,\"caption\":\"barreiroweb\"},\"image\":{\"@id\":\"https:\/\/arquivo.barreiroweb.net\/#\/schema\/logo\/image\/\"},\"sameAs\":[\"https:\/\/www.facebook.com\/barreiroweb\",\"https:\/\/x.com\/barreiroweb\"]},{\"@type\":\"Person\",\"@id\":\"https:\/\/arquivo.barreiroweb.net\/#\/schema\/person\/44b6d528aff975e3786c9f475f9df2dd\",\"name\":\"barreiroweb\",\"image\":{\"@type\":\"ImageObject\",\"inLanguage\":\"pt-PT\",\"@id\":\"https:\/\/arquivo.barreiroweb.net\/#\/schema\/person\/image\/\",\"url\":\"https:\/\/secure.gravatar.com\/avatar\/1f764b917967430404ff0b452044eb63a25d64a5363b25be2aa42273930f477d?s=96&d=mm&r=g\",\"contentUrl\":\"https:\/\/secure.gravatar.com\/avatar\/1f764b917967430404ff0b452044eb63a25d64a5363b25be2aa42273930f477d?s=96&d=mm&r=g\",\"caption\":\"barreiroweb\"},\"url\":\"https:\/\/arquivo.barreiroweb.net\/?author=1\"}]}<\/script>\n<!-- \/ Yoast SEO plugin. -->","yoast_head_json":{"title":"1 de junho dia municipal do bombeiro - barreiroweb","robots":{"index":"index","follow":"follow","max-snippet":"max-snippet:-1","max-image-preview":"max-image-preview:large","max-video-preview":"max-video-preview:-1"},"canonical":"https:\/\/arquivo.barreiroweb.net\/?p=9705","og_locale":"pt_PT","og_type":"article","og_title":"1 de junho dia municipal do bombeiro - barreiroweb","og_description":"O Munic\u00edpio do Barreiro comemora, a 1 de junho, o Dia Municipal do Bombeiro com diversas iniciativas que destacam o m\u00e9rito do papel social desempenhado pelas duas Corpora\u00e7\u00f5es de Bombeiros Volunt\u00e1rios do Barreiro e respetivos Soldados da Paz. As atividades, promovidas pela C\u00e2mara Municipal do Barreiro em conjunto com os Bombeiros Volunt\u00e1rios do Barreiro \u2013 [&hellip;]","og_url":"https:\/\/arquivo.barreiroweb.net\/?p=9705","og_site_name":"barreiroweb","article_publisher":"https:\/\/www.facebook.com\/barreiroweb","article_published_time":"2013-05-28T22:21:44+00:00","og_image":[{"width":222,"height":314,"url":"https:\/\/arquivo.barreiroweb.net\/wp-content\/uploads\/2013\/05\/cartaz_Dia_Bombeiro.jpg","type":"image\/jpeg"}],"author":"barreiroweb","twitter_card":"summary_large_image","twitter_creator":"@barreiroweb","twitter_site":"@barreiroweb","twitter_misc":{"Escrito por":"barreiroweb","Tempo estimado de leitura":"2 minutos"},"schema":{"@context":"https:\/\/schema.org","@graph":[{"@type":"Article","@id":"https:\/\/arquivo.barreiroweb.net\/?p=9705#article","isPartOf":{"@id":"https:\/\/arquivo.barreiroweb.net\/?p=9705"},"author":{"name":"barreiroweb","@id":"https:\/\/arquivo.barreiroweb.net\/#\/schema\/person\/44b6d528aff975e3786c9f475f9df2dd"},"headline":"1 de junho dia municipal do bombeiro","datePublished":"2013-05-28T22:21:44+00:00","mainEntityOfPage":{"@id":"https:\/\/arquivo.barreiroweb.net\/?p=9705"},"wordCount":332,"commentCount":0,"publisher":{"@id":"https:\/\/arquivo.barreiroweb.net\/#organization"},"image":{"@id":"https:\/\/arquivo.barreiroweb.net\/?p=9705#primaryimage"},"thumbnailUrl":"https:\/\/arquivo.barreiroweb.net\/wp-content\/uploads\/2013\/05\/cartaz_Dia_Bombeiro.jpg","keywords":["barreiro","bombeiros"],"articleSection":["Associativismo","Destaque","Eventos"],"inLanguage":"pt-PT","potentialAction":[{"@type":"CommentAction","name":"Comment","target":["https:\/\/arquivo.barreiroweb.net\/?p=9705#respond"]}]},{"@type":"WebPage","@id":"https:\/\/arquivo.barreiroweb.net\/?p=9705","url":"https:\/\/arquivo.barreiroweb.net\/?p=9705","name":"1 de junho dia municipal do bombeiro - barreiroweb","isPartOf":{"@id":"https:\/\/arquivo.barreiroweb.net\/#website"},"primaryImageOfPage":{"@id":"https:\/\/arquivo.barreiroweb.net\/?p=9705#primaryimage"},"image":{"@id":"https:\/\/arquivo.barreiroweb.net\/?p=9705#primaryimage"},"thumbnailUrl":"https:\/\/arquivo.barreiroweb.net\/wp-content\/uploads\/2013\/05\/cartaz_Dia_Bombeiro.jpg","datePublished":"2013-05-28T22:21:44+00:00","breadcrumb":{"@id":"https:\/\/arquivo.barreiroweb.net\/?p=9705#breadcrumb"},"inLanguage":"pt-PT","potentialAction":[{"@type":"ReadAction","target":["https:\/\/arquivo.barreiroweb.net\/?p=9705"]}]},{"@type":"ImageObject","inLanguage":"pt-PT","@id":"https:\/\/arquivo.barreiroweb.net\/?p=9705#primaryimage","url":"https:\/\/arquivo.barreiroweb.net\/wp-content\/uploads\/2013\/05\/cartaz_Dia_Bombeiro.jpg","contentUrl":"https:\/\/arquivo.barreiroweb.net\/wp-content\/uploads\/2013\/05\/cartaz_Dia_Bombeiro.jpg","width":222,"height":314},{"@type":"BreadcrumbList","@id":"https:\/\/arquivo.barreiroweb.net\/?p=9705#breadcrumb","itemListElement":[{"@type":"ListItem","position":1,"name":"In\u00edcio","item":"https:\/\/arquivo.barreiroweb.net\/"},{"@type":"ListItem","position":2,"name":"1 de junho dia municipal do bombeiro"}]},{"@type":"WebSite","@id":"https:\/\/arquivo.barreiroweb.net\/#website","url":"https:\/\/arquivo.barreiroweb.net\/","name":"barreiroweb","description":"Barreiroweb o barreiro na web","publisher":{"@id":"https:\/\/arquivo.barreiroweb.net\/#organization"},"potentialAction":[{"@type":"SearchAction","target":{"@type":"EntryPoint","urlTemplate":"https:\/\/arquivo.barreiroweb.net\/?s={search_term_string}"},"query-input":{"@type":"PropertyValueSpecification","valueRequired":true,"valueName":"search_term_string"}}],"inLanguage":"pt-PT"},{"@type":"Organization","@id":"https:\/\/arquivo.barreiroweb.net\/#organization","name":"barreiroweb","url":"https:\/\/arquivo.barreiroweb.net\/","logo":{"@type":"ImageObject","inLanguage":"pt-PT","@id":"https:\/\/arquivo.barreiroweb.net\/#\/schema\/logo\/image\/","url":"https:\/\/barreiroweb.net\/wp-content\/uploads\/2022\/05\/BarreiroWeb555.jpg","contentUrl":"https:\/\/barreiroweb.net\/wp-content\/uploads\/2022\/05\/BarreiroWeb555.jpg","width":421,"height":415,"caption":"barreiroweb"},"image":{"@id":"https:\/\/arquivo.barreiroweb.net\/#\/schema\/logo\/image\/"},"sameAs":["https:\/\/www.facebook.com\/barreiroweb","https:\/\/x.com\/barreiroweb"]},{"@type":"Person","@id":"https:\/\/arquivo.barreiroweb.net\/#\/schema\/person\/44b6d528aff975e3786c9f475f9df2dd","name":"barreiroweb","image":{"@type":"ImageObject","inLanguage":"pt-PT","@id":"https:\/\/arquivo.barreiroweb.net\/#\/schema\/person\/image\/","url":"https:\/\/secure.gravatar.com\/avatar\/1f764b917967430404ff0b452044eb63a25d64a5363b25be2aa42273930f477d?s=96&d=mm&r=g","contentUrl":"https:\/\/secure.gravatar.com\/avatar\/1f764b917967430404ff0b452044eb63a25d64a5363b25be2aa42273930f477d?s=96&d=mm&r=g","caption":"barreiroweb"},"url":"https:\/\/arquivo.barreiroweb.net\/?author=1"}]}},"_links":{"self":[{"href":"https:\/\/arquivo.barreiroweb.net\/index.php?rest_route=\/wp\/v2\/posts\/9705","targetHints":{"allow":["GET"]}}],"collection":[{"href":"https:\/\/arquivo.barreiroweb.net\/index.php?rest_route=\/wp\/v2\/posts"}],"about":[{"href":"https:\/\/arquivo.barreiroweb.net\/index.php?rest_route=\/wp\/v2\/types\/post"}],"author":[{"embeddable":true,"href":"https:\/\/arquivo.barreiroweb.net\/index.php?rest_route=\/wp\/v2\/users\/1"}],"replies":[{"embeddable":true,"href":"https:\/\/arquivo.barreiroweb.net\/index.php?rest_route=%2Fwp%2Fv2%2Fcomments&post=9705"}],"version-history":[{"count":1,"href":"https:\/\/arquivo.barreiroweb.net\/index.php?rest_route=\/wp\/v2\/posts\/9705\/revisions"}],"predecessor-version":[{"id":9707,"href":"https:\/\/arquivo.barreiroweb.net\/index.php?rest_route=\/wp\/v2\/posts\/9705\/revisions\/9707"}],"wp:featuredmedia":[{"embeddable":true,"href":"https:\/\/arquivo.barreiroweb.net\/index.php?rest_route=\/wp\/v2\/media\/9706"}],"wp:attachment":[{"href":"https:\/\/arquivo.barreiroweb.net\/index.php?rest_route=%2Fwp%2Fv2%2Fmedia&parent=9705"}],"wp:term":[{"taxonomy":"category","embeddable":true,"href":"https:\/\/arquivo.barreiroweb.net\/index.php?rest_route=%2Fwp%2Fv2%2Fcategories&post=9705"},{"taxonomy":"post_tag","embeddable":true,"href":"https:\/\/arquivo.barreiroweb.net\/index.php?rest_route=%2Fwp%2Fv2%2Ftags&post=9705"}],"curies":[{"name":"wp","href":"https:\/\/api.w.org\/{rel}","templated":true}]}}