{"id":969,"date":"2011-01-14T16:06:04","date_gmt":"2011-01-14T16:06:04","guid":{"rendered":"http:\/\/barreiroweb.eu\/?p=969"},"modified":"2011-02-14T16:21:21","modified_gmt":"2011-02-14T16:21:21","slug":"a-transformacao-das-oficinas-gerais-dos-c-f-e-no-barreiro","status":"publish","type":"post","link":"https:\/\/arquivo.barreiroweb.net\/?p=969","title":{"rendered":"A transforma\u00e7\u00e3o das oficinas gerais dos C. F. E. no Barreiro"},"content":{"rendered":"<p style=\"text-align: justify;\"><a href=\"http:\/\/barreiroweb.eu\/wp-content\/uploads\/2011\/02\/1estacao.jpg\" rel=\"lightbox[969]\"><img loading=\"lazy\" decoding=\"async\" class=\"alignleft size-full wp-image-976\" title=\"1estacao\" src=\"http:\/\/barreiroweb.eu\/wp-content\/uploads\/2011\/02\/1estacao.jpg\" alt=\"\" width=\"160\" height=\"103\" \/><\/a>Os Caminhos de Ferro do Sul e Sueste constitu\u00edram-se mediante concess\u00f5es sucessivas sem subordina\u00e7\u00e3o a um plano met\u00f3dico. Disso se ressentiram as suas instala\u00e7\u00f5es terminais.<\/p>\n<p style=\"text-align: justify;\">Foi primeiro concedida em 1854 a linha de l m,44 do Barreiro a Vendas Novas e a Set\u00fabal. Em 1860 concedeu-se o prolongamento de Vendas Novas a \u00c9vora e Beja com a via de Im,\u00f57 e subven\u00e7\u00e3o quilo\u00adm\u00e9trica. Em 1864 acrescentaram-se \u00e0 concess\u00e3o os prolongamentos de Beja a Faro e \u00e0 Fronteira de Sueste por Quitos e de \u00c9vora por Exteremoz \u00e0 linha do Leste com subven\u00e7\u00e3o.<\/p>\n<p style=\"text-align: justify;\"><strong>Planta geral das novas oficinas mostrando a sua distribui\u00e7\u00e3o<\/strong><\/p>\n<p style=\"text-align: justify;\"><img loading=\"lazy\" decoding=\"async\" class=\"aligncenter\" style=\"border-width: 0px;\" src=\"http:\/\/barreiroweb.com\/images\/150comboios\/oficinas1.png\" border=\"0\" alt=\"\" width=\"438\" height=\"216\" \/><\/p>\n<p style=\"text-align: justify;\"><strong>A \u2014 Serralharia- B \u2014 M\u00e1qumas-ferramentas. C &#8211; Montagem de locomotivas, D \u2014 Fundi\u00e7\u00e3o. E &#8211; Ferraria. F \u2014 Caldadeiria. G \u2014 Soldadores.H \u2014 Material circulante. I &#8211; Oficina de rodas. J \u2014 Serra\u00e7\u00e3o de toros. K \u2014 Pintura. L \u2014 Estofadores. l \u2014 Armaz\u00e9m de moldes. 2 &#8211; Lavadores.3\u2014 Posto de transforma\u00e7\u00e3o. 4 \u2014 Casa de compress\u00e3o, a &#8211; Pontes rolantes, b &#8211; Transportadores a\u00e9reos.<\/strong><\/p>\n<p style=\"text-align: justify;\">Entretanto o Governo resgatava e explorava por sua conta as linhas do Barreiro a Vendas Novas e Set\u00fabal, que mais tarde entregava pelo contrato de 1864 \u00e0 Companhia do Sueste mediante quantia deter\u00adminada e obrigando a Companhia ao alargamento da via desses tro\u00e7os para l m,67.\u00a0<\/p>\n<p style=\"text-align: justify;\">Em 1805 novo contrato que substituiu a subven\u00e7\u00e3o quilom\u00e9trica por garantia de receita bruta mediante restitui\u00e7\u00e3o das subven\u00e7\u00f5es recebidas. Este contrato foi rescindido por falta de pagamento dos reembolsos combinados e em 1869 tomou o Estado posse das linhas e procedeu \u00e0 constru\u00e7\u00e3o dos prolongamentos.<\/p>\n<p style=\"text-align: justify;\">A esse tempo j\u00e1 uma portaria de 1864 declarara que a linha de \u00c9vora n\u00e3o seria prolongada para dentro da zona de protec\u00e7\u00e3o de 40 quil\u00f3metros da linha de Leste e assim parou nas proximidades de Extremoz.<\/p>\n<p style=\"text-align: justify;\">A empresa de 1854 construir\u00e1 no Barreiro uma esta\u00e7\u00e3o terminal sem liga\u00e7\u00e3o com a margem.<\/p>\n<p style=\"text-align: justify;\">O contrato de 1864 impunha \u00e0 Companhia do<\/p>\n<p style=\"text-align: justify;\">Sueste a obriga\u00e7\u00e3o de construir em Lisboa uma esta\u00e7\u00e3o de passageiros e mercadorias e fazer as obras precisas para c\u00f3modo embarque e desembarque de passageiros na margem Sul.<\/p>\n<p style=\"text-align: justify;\">A administra\u00e7\u00e3o subsequente do Estado construiu o terrapleno da esta\u00e7\u00e3o do Barreiro com edif\u00edcio para passageiros junto do canal para os vapores e transfor\u00admou a antiga esta\u00e7\u00e3o em oficinas gerais, aproveitando a gare coberta para oficina de grande repara\u00e7\u00e3o.<\/p>\n<p style=\"text-align: justify;\">Decorreram os anos, sucedendo-se os planos t\u00e9c\u00adnicos e financeiros subordinados ao arrendamento das linhas que nunca se chegou a efectuar.<\/p>\n<p style=\"text-align: justify;\">Prolongou-se a linha a Faro. Melhoraram-se um pouco as instala\u00e7\u00f5es do Barreiro e a esta\u00e7\u00e3o fluvial provis\u00f3ria do Terreiro do Pa\u00e7o.<\/p>\n<p style=\"text-align: justify;\">A lei de 1899 instituiu novo regime administrativo com relativa autonomia e criou o fundo especial para base de opera\u00e7\u00f5es financeiras com o fito de construir novas linhas e melhorar as existentes.<\/p>\n<table style=\"text-align: justify;\" border=\"0\" cellspacing=\"0\" cellpadding=\"0\" width=\"38%\">\n<tbody>\n<tr>\n<td><img loading=\"lazy\" decoding=\"async\" src=\"http:\/\/barreiroweb.com\/images\/150comboios\/oficinas2.png\" border=\"0\" alt=\"\" width=\"382\" height=\"88\" \/><\/p>\n<p><strong>Caldeirinha\u00a0\u00a0\u00a0\u00a0\u00a0\u00a0\u00a0\u00a0\u00a0Montagem\u00a0\u00a0\u00a0\u00a0\u00a0\u00a0\u00a0\u00a0\u00a0\u00a0 M\u00e1quinas Ferramentas<\/strong><\/td>\n<\/tr>\n<\/tbody>\n<\/table>\n<p style=\"text-align: justify;\">Corte transversal das oficinas de locomotivas e do material circulante<br \/>\nAt\u00e9 Dezembro de 1910 deu-se vigoroso impulso \u00e0s constru\u00e7\u00f5es e melhoramentos, em que n\u00e3o foram esquecidas as oficinas. Havia-se constru\u00eddo em 18Q3 uma doca para repara\u00e7\u00e3o de vapores. Dez anos depois instalou-se a central el\u00e9ctrica e uma nova oficina de carpintaria.<br \/>\nHavia-se instalado tamb\u00e9m um compressor de ar, para o trabalho mec\u00e2nico pelo ar comprimido.<\/p>\n<p style=\"text-align: justify;\">As oficinas, foram notavelmente melhoradas sob a zelosa direc\u00e7\u00e3o do distinto engenheiro Luiz de Orey.<\/p>\n<p style=\"text-align: justify;\">Ap\u00f3s 1910 a maior extens\u00e3o das linhas exigia a amplia\u00e7\u00e3o das oficinas gerais.<\/p>\n<p style=\"text-align: justify;\">Foram elaborados diversos planos: um, que as desdobrava construindo novas instala\u00e7\u00f5es noutro local, outro, que melhorava e ampliava no pr\u00f3prio local as existentes. Foi preferido o segundo e encarregada a casa Armstrong de elaborar o projecto de transforma\u00e7\u00e3o das oficinas. Chegou-se a acordar nos ter\u00admos de um contrato, quando sobreveio a chacina de 19 de Outubro de 1921 com a consequente mudan\u00e7a de governo e da Administra\u00e7\u00e3o dos C. F. E.. Foi posto de parte o projecto de contrato Armstrong, abriu-se concurso e fez-se com a casa Beardemore nas condi\u00e7\u00f5es mais escandalosas, um contrato de fornecimento de material e direc\u00e7\u00e3o de constru\u00e7\u00e3o das novas oficinas no local das antigas.<\/p>\n<p style=\"text-align: justify;\">Essa constru\u00e7\u00e3o foi logo abandonada e o material permaneceu durante largos em dep\u00f3sito a ocasionar avultadas despesas de conserva\u00e7\u00e3o. Sucediam-se os planos para o seu aproveitamento, dividiam-se as opi\u00adni\u00f5es acerca do local para novas oficinas, at\u00e9 que o actual Ministro das Obras P\u00fablicas, o sr. engenheiro Duarte Pacheco, interveio com decis\u00e3o e cortou o n\u00f3 g\u00f3rdio, resolvendo cjue o material fosse aproveitado no pr\u00f3prio local das oficinas actuais e que \u00e0 obra se procedesse com a maior rapidez sob a direc\u00e7\u00e3o de uma comiss\u00e3o t\u00e9cnica composta dos engenheiros J\u00falio Santos e Ernesto Rocha, da Direc\u00e7\u00e3o Geral de Caminhos de Ferro, Francisco Mendia, da C. P. e o inspector de trac\u00e7\u00e3o, Almeida.<br \/>\nA obra foi executada por empreitada e n\u00e3o est\u00e1 longe de conclus\u00e3o.<\/p>\n<p style=\"text-align: justify;\">As novas oficinas formam dois grupos, um com 182mx30m e o outro com 198mx80m, somando 20.800 metros quadrados.<\/p>\n<p style=\"text-align: justify;\"><img loading=\"lazy\" decoding=\"async\" src=\"http:\/\/barreiroweb.com\/images\/150comboios\/oficinas3.png\" border=\"0\" alt=\"\" width=\"179\" height=\"75\" align=\"left\" \/>A ossatura met\u00e1lica \u00e9 destinada a servir de apoio a 2 pontes rolantes de 6 toneladas, na oficina de material circulante e a 7 pontes na de locomotivas, sendo 2 da for\u00e7a de 50 toneladas cada uma, 2 de 20 t., 2 de 10 t. e l de 5 toneladas.<\/p>\n<p style=\"text-align: justify;\">As paredes s\u00e3o de tijolo e por incr\u00edvel aberra\u00e7\u00e3o do trajecto primitivo s\u00e3o de chapa ondulada, assim como a cobertura, acima da cota de 2,40.<\/p>\n<p style=\"text-align: justify;\">H\u00e1 no tecto as superf\u00edcies necess\u00e1rias para ilumina\u00e7\u00e3o, com chapa de vidro. Al\u00e9m das duas gran\u00addes oficinas h\u00e1 dois pavimentos de aproveitamento de instala\u00e7\u00f5es, sendo um de rodas com 45mx22 = 999 mq com 2 pontes rolantes de 4 t. e o de serra\u00e7\u00e3o de to\u00adros com 48,5mxlO = 485 mq e l ponte rolante de 2 toneladas.<\/p>\n<p style=\"text-align: justify;\">Por esta planta se v\u00ea como ficam relacionadas as diferentes oficinas.<br \/>\nOs cortes que inserimos mostram as pontes rolan\u00adtes para eleva\u00e7\u00e3o e transporte de locomotivas e ve\u00edcu\u00adlos. Como se podem conjugar duas a duas \u00e9 poss\u00edvel manobrar com um peso de 100 toneladas, superior ao da maior locomotiva. Os armaz\u00e9ns gerais ficam ligados \u00e0s oficinas por um transportador a\u00e9reo de 2 toneladas. Um transportador igual liga a ofi\u00adcina de repara\u00e7\u00e3o do material fluvial \u00e0 doca.<\/p>\n<p style=\"text-align: justify;\">\u00c9 digno de men\u00e7\u00e3o especial o novo edif\u00edcio do balne\u00e1rio e refeit\u00f3rio.<\/p>\n<p style=\"text-align: justify;\">No primeiro h\u00e1 6 tinas e numerosos compartimentos para 46 banhos de chuveiro com \u00e1gua quente e fria. As retretes, tanto naquele edif\u00edcio como noutros locais s\u00e3o instaladas nas melhores condi\u00e7\u00f5es higi\u00e9nicas. O refeit\u00f3rio \u00e9 uma bela instala\u00e7\u00e3o ampla, asseada, cheia de luz, tendo ao lado um refeit\u00f3rio pequeno para contra-mestres e a cozinha com disposi\u00e7\u00f5es para aquecer as comidas, ou para cozinhar e fornecer refei\u00ad\u00e7\u00f5es quentes a pre\u00e7o m\u00f3dico.<\/p>\n<p style=\"text-align: justify;\">Todas as oficinas ser\u00e3o movidas por electricidade com a disposi\u00e7\u00e3o precisa para o aproveitamento de corrente da central ou de corrente que venha de fora, quando houver distribui\u00e7\u00e3o geral de energia na regi\u00e3o.<br \/>\nTodo o trabalho tem sido executado com extraordin\u00e1ria rapidez e perfei\u00e7\u00e3o o que honra o respectivo empreiteiro e o pessoal t\u00e9cnico encarregado da direc\u00e7\u00e3o e fiscaliza\u00e7\u00e3o.<\/p>\n<p style=\"text-align: justify;\"><img loading=\"lazy\" decoding=\"async\" src=\"http:\/\/barreiroweb.com\/images\/150comboios\/ofiicans4.png\" border=\"0\" alt=\"\" width=\"384\" height=\"165\" \/><br \/>\n<strong>Refeit\u00f3rio e balne\u00e1rio <\/strong><br \/>\n<strong>Pelo Eng.\u00b0 J. FERNANDO DE SOUSA<br \/>\nIn Gazeta dos Caminhos de Ferro<br \/>\nno Ano de 1934<\/strong><\/p>\n","protected":false},"excerpt":{"rendered":"<p>Os Caminhos de Ferro do Sul e Sueste constitu\u00edram-se mediante concess\u00f5es sucessivas sem subordina\u00e7\u00e3o a um plano met\u00f3dico. Disso se ressentiram as suas instala\u00e7\u00f5es terminais. Foi primeiro concedida em 1854 a linha de l m,44 do Barreiro a Vendas Novas e a Set\u00fabal. Em 1860 concedeu-se o prolongamento de Vendas Novas a \u00c9vora e Beja [&hellip;]<\/p>\n","protected":false},"author":1,"featured_media":976,"comment_status":"open","ping_status":"open","sticky":false,"template":"","format":"standard","meta":{"footnotes":""},"categories":[18],"tags":[],"class_list":["post-969","post","type-post","status-publish","format-standard","has-post-thumbnail","hentry","category-comboios","last_archivepost"],"yoast_head":"<!-- This site is optimized with the Yoast SEO plugin v27.1.1 - https:\/\/yoast.com\/product\/yoast-seo-wordpress\/ -->\n<title>A transforma\u00e7\u00e3o das oficinas gerais dos C. F. E. no Barreiro - barreiroweb<\/title>\n<meta name=\"robots\" content=\"index, follow, max-snippet:-1, max-image-preview:large, max-video-preview:-1\" \/>\n<link rel=\"canonical\" href=\"https:\/\/arquivo.barreiroweb.net\/?p=969\" \/>\n<meta property=\"og:locale\" content=\"pt_PT\" \/>\n<meta property=\"og:type\" content=\"article\" \/>\n<meta property=\"og:title\" content=\"A transforma\u00e7\u00e3o das oficinas gerais dos C. F. E. no Barreiro - barreiroweb\" \/>\n<meta property=\"og:description\" content=\"Os Caminhos de Ferro do Sul e Sueste constitu\u00edram-se mediante concess\u00f5es sucessivas sem subordina\u00e7\u00e3o a um plano met\u00f3dico. Disso se ressentiram as suas instala\u00e7\u00f5es terminais. Foi primeiro concedida em 1854 a linha de l m,44 do Barreiro a Vendas Novas e a Set\u00fabal. Em 1860 concedeu-se o prolongamento de Vendas Novas a \u00c9vora e Beja [&hellip;]\" \/>\n<meta property=\"og:url\" content=\"https:\/\/arquivo.barreiroweb.net\/?p=969\" \/>\n<meta property=\"og:site_name\" content=\"barreiroweb\" \/>\n<meta property=\"article:publisher\" content=\"https:\/\/www.facebook.com\/barreiroweb\" \/>\n<meta property=\"article:published_time\" content=\"2011-01-14T16:06:04+00:00\" \/>\n<meta property=\"article:modified_time\" content=\"2011-02-14T16:21:21+00:00\" \/>\n<meta property=\"og:image\" content=\"https:\/\/arquivo.barreiroweb.net\/wp-content\/uploads\/2011\/02\/1estacao.jpg\" \/>\n\t<meta property=\"og:image:width\" content=\"160\" \/>\n\t<meta property=\"og:image:height\" content=\"103\" \/>\n\t<meta property=\"og:image:type\" content=\"image\/jpeg\" \/>\n<meta name=\"author\" content=\"barreiroweb\" \/>\n<meta name=\"twitter:card\" content=\"summary_large_image\" \/>\n<meta name=\"twitter:creator\" content=\"@barreiroweb\" \/>\n<meta name=\"twitter:site\" content=\"@barreiroweb\" \/>\n<meta name=\"twitter:label1\" content=\"Escrito por\" \/>\n\t<meta name=\"twitter:data1\" content=\"barreiroweb\" \/>\n\t<meta name=\"twitter:label2\" content=\"Tempo estimado de leitura\" \/>\n\t<meta name=\"twitter:data2\" content=\"6 minutos\" \/>\n<script type=\"application\/ld+json\" class=\"yoast-schema-graph\">{\"@context\":\"https:\/\/schema.org\",\"@graph\":[{\"@type\":\"Article\",\"@id\":\"https:\/\/arquivo.barreiroweb.net\/?p=969#article\",\"isPartOf\":{\"@id\":\"https:\/\/arquivo.barreiroweb.net\/?p=969\"},\"author\":{\"name\":\"barreiroweb\",\"@id\":\"https:\/\/arquivo.barreiroweb.net\/#\/schema\/person\/44b6d528aff975e3786c9f475f9df2dd\"},\"headline\":\"A transforma\u00e7\u00e3o das oficinas gerais dos C. F. E. no Barreiro\",\"datePublished\":\"2011-01-14T16:06:04+00:00\",\"dateModified\":\"2011-02-14T16:21:21+00:00\",\"mainEntityOfPage\":{\"@id\":\"https:\/\/arquivo.barreiroweb.net\/?p=969\"},\"wordCount\":1259,\"commentCount\":0,\"publisher\":{\"@id\":\"https:\/\/arquivo.barreiroweb.net\/#organization\"},\"image\":{\"@id\":\"https:\/\/arquivo.barreiroweb.net\/?p=969#primaryimage\"},\"thumbnailUrl\":\"https:\/\/arquivo.barreiroweb.net\/wp-content\/uploads\/2011\/02\/1estacao.jpg\",\"articleSection\":[\"150 Anos de Comboios\"],\"inLanguage\":\"pt-PT\",\"potentialAction\":[{\"@type\":\"CommentAction\",\"name\":\"Comment\",\"target\":[\"https:\/\/arquivo.barreiroweb.net\/?p=969#respond\"]}]},{\"@type\":\"WebPage\",\"@id\":\"https:\/\/arquivo.barreiroweb.net\/?p=969\",\"url\":\"https:\/\/arquivo.barreiroweb.net\/?p=969\",\"name\":\"A transforma\u00e7\u00e3o das oficinas gerais dos C. F. E. no Barreiro - barreiroweb\",\"isPartOf\":{\"@id\":\"https:\/\/arquivo.barreiroweb.net\/#website\"},\"primaryImageOfPage\":{\"@id\":\"https:\/\/arquivo.barreiroweb.net\/?p=969#primaryimage\"},\"image\":{\"@id\":\"https:\/\/arquivo.barreiroweb.net\/?p=969#primaryimage\"},\"thumbnailUrl\":\"https:\/\/arquivo.barreiroweb.net\/wp-content\/uploads\/2011\/02\/1estacao.jpg\",\"datePublished\":\"2011-01-14T16:06:04+00:00\",\"dateModified\":\"2011-02-14T16:21:21+00:00\",\"breadcrumb\":{\"@id\":\"https:\/\/arquivo.barreiroweb.net\/?p=969#breadcrumb\"},\"inLanguage\":\"pt-PT\",\"potentialAction\":[{\"@type\":\"ReadAction\",\"target\":[\"https:\/\/arquivo.barreiroweb.net\/?p=969\"]}]},{\"@type\":\"ImageObject\",\"inLanguage\":\"pt-PT\",\"@id\":\"https:\/\/arquivo.barreiroweb.net\/?p=969#primaryimage\",\"url\":\"https:\/\/arquivo.barreiroweb.net\/wp-content\/uploads\/2011\/02\/1estacao.jpg\",\"contentUrl\":\"https:\/\/arquivo.barreiroweb.net\/wp-content\/uploads\/2011\/02\/1estacao.jpg\",\"width\":\"160\",\"height\":\"103\"},{\"@type\":\"BreadcrumbList\",\"@id\":\"https:\/\/arquivo.barreiroweb.net\/?p=969#breadcrumb\",\"itemListElement\":[{\"@type\":\"ListItem\",\"position\":1,\"name\":\"In\u00edcio\",\"item\":\"https:\/\/arquivo.barreiroweb.net\/\"},{\"@type\":\"ListItem\",\"position\":2,\"name\":\"A transforma\u00e7\u00e3o das oficinas gerais dos C. F. E. no Barreiro\"}]},{\"@type\":\"WebSite\",\"@id\":\"https:\/\/arquivo.barreiroweb.net\/#website\",\"url\":\"https:\/\/arquivo.barreiroweb.net\/\",\"name\":\"barreiroweb\",\"description\":\"Barreiroweb o barreiro na web\",\"publisher\":{\"@id\":\"https:\/\/arquivo.barreiroweb.net\/#organization\"},\"potentialAction\":[{\"@type\":\"SearchAction\",\"target\":{\"@type\":\"EntryPoint\",\"urlTemplate\":\"https:\/\/arquivo.barreiroweb.net\/?s={search_term_string}\"},\"query-input\":{\"@type\":\"PropertyValueSpecification\",\"valueRequired\":true,\"valueName\":\"search_term_string\"}}],\"inLanguage\":\"pt-PT\"},{\"@type\":\"Organization\",\"@id\":\"https:\/\/arquivo.barreiroweb.net\/#organization\",\"name\":\"barreiroweb\",\"url\":\"https:\/\/arquivo.barreiroweb.net\/\",\"logo\":{\"@type\":\"ImageObject\",\"inLanguage\":\"pt-PT\",\"@id\":\"https:\/\/arquivo.barreiroweb.net\/#\/schema\/logo\/image\/\",\"url\":\"https:\/\/barreiroweb.net\/wp-content\/uploads\/2022\/05\/BarreiroWeb555.jpg\",\"contentUrl\":\"https:\/\/barreiroweb.net\/wp-content\/uploads\/2022\/05\/BarreiroWeb555.jpg\",\"width\":421,\"height\":415,\"caption\":\"barreiroweb\"},\"image\":{\"@id\":\"https:\/\/arquivo.barreiroweb.net\/#\/schema\/logo\/image\/\"},\"sameAs\":[\"https:\/\/www.facebook.com\/barreiroweb\",\"https:\/\/x.com\/barreiroweb\"]},{\"@type\":\"Person\",\"@id\":\"https:\/\/arquivo.barreiroweb.net\/#\/schema\/person\/44b6d528aff975e3786c9f475f9df2dd\",\"name\":\"barreiroweb\",\"image\":{\"@type\":\"ImageObject\",\"inLanguage\":\"pt-PT\",\"@id\":\"https:\/\/arquivo.barreiroweb.net\/#\/schema\/person\/image\/\",\"url\":\"https:\/\/secure.gravatar.com\/avatar\/1f764b917967430404ff0b452044eb63a25d64a5363b25be2aa42273930f477d?s=96&d=mm&r=g\",\"contentUrl\":\"https:\/\/secure.gravatar.com\/avatar\/1f764b917967430404ff0b452044eb63a25d64a5363b25be2aa42273930f477d?s=96&d=mm&r=g\",\"caption\":\"barreiroweb\"},\"url\":\"https:\/\/arquivo.barreiroweb.net\/?author=1\"}]}<\/script>\n<!-- \/ Yoast SEO plugin. -->","yoast_head_json":{"title":"A transforma\u00e7\u00e3o das oficinas gerais dos C. F. E. no Barreiro - barreiroweb","robots":{"index":"index","follow":"follow","max-snippet":"max-snippet:-1","max-image-preview":"max-image-preview:large","max-video-preview":"max-video-preview:-1"},"canonical":"https:\/\/arquivo.barreiroweb.net\/?p=969","og_locale":"pt_PT","og_type":"article","og_title":"A transforma\u00e7\u00e3o das oficinas gerais dos C. F. E. no Barreiro - barreiroweb","og_description":"Os Caminhos de Ferro do Sul e Sueste constitu\u00edram-se mediante concess\u00f5es sucessivas sem subordina\u00e7\u00e3o a um plano met\u00f3dico. Disso se ressentiram as suas instala\u00e7\u00f5es terminais. Foi primeiro concedida em 1854 a linha de l m,44 do Barreiro a Vendas Novas e a Set\u00fabal. Em 1860 concedeu-se o prolongamento de Vendas Novas a \u00c9vora e Beja [&hellip;]","og_url":"https:\/\/arquivo.barreiroweb.net\/?p=969","og_site_name":"barreiroweb","article_publisher":"https:\/\/www.facebook.com\/barreiroweb","article_published_time":"2011-01-14T16:06:04+00:00","article_modified_time":"2011-02-14T16:21:21+00:00","og_image":[{"width":160,"height":103,"url":"https:\/\/arquivo.barreiroweb.net\/wp-content\/uploads\/2011\/02\/1estacao.jpg","type":"image\/jpeg"}],"author":"barreiroweb","twitter_card":"summary_large_image","twitter_creator":"@barreiroweb","twitter_site":"@barreiroweb","twitter_misc":{"Escrito por":"barreiroweb","Tempo estimado de leitura":"6 minutos"},"schema":{"@context":"https:\/\/schema.org","@graph":[{"@type":"Article","@id":"https:\/\/arquivo.barreiroweb.net\/?p=969#article","isPartOf":{"@id":"https:\/\/arquivo.barreiroweb.net\/?p=969"},"author":{"name":"barreiroweb","@id":"https:\/\/arquivo.barreiroweb.net\/#\/schema\/person\/44b6d528aff975e3786c9f475f9df2dd"},"headline":"A transforma\u00e7\u00e3o das oficinas gerais dos C. F. E. no Barreiro","datePublished":"2011-01-14T16:06:04+00:00","dateModified":"2011-02-14T16:21:21+00:00","mainEntityOfPage":{"@id":"https:\/\/arquivo.barreiroweb.net\/?p=969"},"wordCount":1259,"commentCount":0,"publisher":{"@id":"https:\/\/arquivo.barreiroweb.net\/#organization"},"image":{"@id":"https:\/\/arquivo.barreiroweb.net\/?p=969#primaryimage"},"thumbnailUrl":"https:\/\/arquivo.barreiroweb.net\/wp-content\/uploads\/2011\/02\/1estacao.jpg","articleSection":["150 Anos de Comboios"],"inLanguage":"pt-PT","potentialAction":[{"@type":"CommentAction","name":"Comment","target":["https:\/\/arquivo.barreiroweb.net\/?p=969#respond"]}]},{"@type":"WebPage","@id":"https:\/\/arquivo.barreiroweb.net\/?p=969","url":"https:\/\/arquivo.barreiroweb.net\/?p=969","name":"A transforma\u00e7\u00e3o das oficinas gerais dos C. F. E. no Barreiro - barreiroweb","isPartOf":{"@id":"https:\/\/arquivo.barreiroweb.net\/#website"},"primaryImageOfPage":{"@id":"https:\/\/arquivo.barreiroweb.net\/?p=969#primaryimage"},"image":{"@id":"https:\/\/arquivo.barreiroweb.net\/?p=969#primaryimage"},"thumbnailUrl":"https:\/\/arquivo.barreiroweb.net\/wp-content\/uploads\/2011\/02\/1estacao.jpg","datePublished":"2011-01-14T16:06:04+00:00","dateModified":"2011-02-14T16:21:21+00:00","breadcrumb":{"@id":"https:\/\/arquivo.barreiroweb.net\/?p=969#breadcrumb"},"inLanguage":"pt-PT","potentialAction":[{"@type":"ReadAction","target":["https:\/\/arquivo.barreiroweb.net\/?p=969"]}]},{"@type":"ImageObject","inLanguage":"pt-PT","@id":"https:\/\/arquivo.barreiroweb.net\/?p=969#primaryimage","url":"https:\/\/arquivo.barreiroweb.net\/wp-content\/uploads\/2011\/02\/1estacao.jpg","contentUrl":"https:\/\/arquivo.barreiroweb.net\/wp-content\/uploads\/2011\/02\/1estacao.jpg","width":"160","height":"103"},{"@type":"BreadcrumbList","@id":"https:\/\/arquivo.barreiroweb.net\/?p=969#breadcrumb","itemListElement":[{"@type":"ListItem","position":1,"name":"In\u00edcio","item":"https:\/\/arquivo.barreiroweb.net\/"},{"@type":"ListItem","position":2,"name":"A transforma\u00e7\u00e3o das oficinas gerais dos C. F. E. no Barreiro"}]},{"@type":"WebSite","@id":"https:\/\/arquivo.barreiroweb.net\/#website","url":"https:\/\/arquivo.barreiroweb.net\/","name":"barreiroweb","description":"Barreiroweb o barreiro na web","publisher":{"@id":"https:\/\/arquivo.barreiroweb.net\/#organization"},"potentialAction":[{"@type":"SearchAction","target":{"@type":"EntryPoint","urlTemplate":"https:\/\/arquivo.barreiroweb.net\/?s={search_term_string}"},"query-input":{"@type":"PropertyValueSpecification","valueRequired":true,"valueName":"search_term_string"}}],"inLanguage":"pt-PT"},{"@type":"Organization","@id":"https:\/\/arquivo.barreiroweb.net\/#organization","name":"barreiroweb","url":"https:\/\/arquivo.barreiroweb.net\/","logo":{"@type":"ImageObject","inLanguage":"pt-PT","@id":"https:\/\/arquivo.barreiroweb.net\/#\/schema\/logo\/image\/","url":"https:\/\/barreiroweb.net\/wp-content\/uploads\/2022\/05\/BarreiroWeb555.jpg","contentUrl":"https:\/\/barreiroweb.net\/wp-content\/uploads\/2022\/05\/BarreiroWeb555.jpg","width":421,"height":415,"caption":"barreiroweb"},"image":{"@id":"https:\/\/arquivo.barreiroweb.net\/#\/schema\/logo\/image\/"},"sameAs":["https:\/\/www.facebook.com\/barreiroweb","https:\/\/x.com\/barreiroweb"]},{"@type":"Person","@id":"https:\/\/arquivo.barreiroweb.net\/#\/schema\/person\/44b6d528aff975e3786c9f475f9df2dd","name":"barreiroweb","image":{"@type":"ImageObject","inLanguage":"pt-PT","@id":"https:\/\/arquivo.barreiroweb.net\/#\/schema\/person\/image\/","url":"https:\/\/secure.gravatar.com\/avatar\/1f764b917967430404ff0b452044eb63a25d64a5363b25be2aa42273930f477d?s=96&d=mm&r=g","contentUrl":"https:\/\/secure.gravatar.com\/avatar\/1f764b917967430404ff0b452044eb63a25d64a5363b25be2aa42273930f477d?s=96&d=mm&r=g","caption":"barreiroweb"},"url":"https:\/\/arquivo.barreiroweb.net\/?author=1"}]}},"_links":{"self":[{"href":"https:\/\/arquivo.barreiroweb.net\/index.php?rest_route=\/wp\/v2\/posts\/969","targetHints":{"allow":["GET"]}}],"collection":[{"href":"https:\/\/arquivo.barreiroweb.net\/index.php?rest_route=\/wp\/v2\/posts"}],"about":[{"href":"https:\/\/arquivo.barreiroweb.net\/index.php?rest_route=\/wp\/v2\/types\/post"}],"author":[{"embeddable":true,"href":"https:\/\/arquivo.barreiroweb.net\/index.php?rest_route=\/wp\/v2\/users\/1"}],"replies":[{"embeddable":true,"href":"https:\/\/arquivo.barreiroweb.net\/index.php?rest_route=%2Fwp%2Fv2%2Fcomments&post=969"}],"version-history":[{"count":6,"href":"https:\/\/arquivo.barreiroweb.net\/index.php?rest_route=\/wp\/v2\/posts\/969\/revisions"}],"predecessor-version":[{"id":980,"href":"https:\/\/arquivo.barreiroweb.net\/index.php?rest_route=\/wp\/v2\/posts\/969\/revisions\/980"}],"wp:featuredmedia":[{"embeddable":true,"href":"https:\/\/arquivo.barreiroweb.net\/index.php?rest_route=\/wp\/v2\/media\/976"}],"wp:attachment":[{"href":"https:\/\/arquivo.barreiroweb.net\/index.php?rest_route=%2Fwp%2Fv2%2Fmedia&parent=969"}],"wp:term":[{"taxonomy":"category","embeddable":true,"href":"https:\/\/arquivo.barreiroweb.net\/index.php?rest_route=%2Fwp%2Fv2%2Fcategories&post=969"},{"taxonomy":"post_tag","embeddable":true,"href":"https:\/\/arquivo.barreiroweb.net\/index.php?rest_route=%2Fwp%2Fv2%2Ftags&post=969"}],"curies":[{"name":"wp","href":"https:\/\/api.w.org\/{rel}","templated":true}]}}