{"id":9474,"date":"2013-05-03T00:10:05","date_gmt":"2013-05-02T23:10:05","guid":{"rendered":"http:\/\/barreiroweb.eu\/?p=9474"},"modified":"2013-05-03T00:10:05","modified_gmt":"2013-05-02T23:10:05","slug":"feira-de-projetos-educativos-em-destaque-na-mare-cheia","status":"publish","type":"post","link":"https:\/\/arquivo.barreiroweb.net\/?p=9474","title":{"rendered":"Feira de Projetos Educativos em destaque na Mar\u00e9 Cheia"},"content":{"rendered":"<p><strong><a href=\"http:\/\/barreiroweb.eu\/wp-content\/uploads\/2013\/05\/Mar\u00e9-Cheiab-maio.jpg\" rel=\"lightbox[9474]\"><img loading=\"lazy\" decoding=\"async\" class=\"alignleft size-full wp-image-9475\" alt=\"Mar\u00e9 Cheiab maio\" src=\"http:\/\/barreiroweb.eu\/wp-content\/uploads\/2013\/05\/Mar\u00e9-Cheiab-maio.jpg\" width=\"284\" height=\"235\" \/><\/a>Agenda de eventos no concelho da Moita j\u00e1 dispon\u00edvel<\/strong><\/p>\n<p>A grande festa da comunidade educativa do concelho da Moita vai realizar-se j\u00e1 nos dias 15, 16 e 17 de maio, no Pavilh\u00e3o Municipal de Exposi\u00e7\u00f5es, na Moita. \u00c9 precisamente a XVI Feira de Projetos Educativos o tema da capa da edi\u00e7\u00e3o de maio da agenda de eventos no concelho da Moita, \u201cMar\u00e9 Cheia\u201d e que j\u00e1 pode consultar no s\u00edtio de Internet do Munic\u00edpio, em <a href=\"http:\/\/www.cm-moita.pt\/\">www.cm-moita.pt<\/a> ou nos locais habituais.<\/p>\n<p>Leia \u201cA Escolha de\u2026\u201d Nuno Carvalho \u201cMata\u201d e n\u00e3o perca a Feira de Maio e tamb\u00e9m os passeios fluviais a bordo do varino municipal \u201cO Boa Viagem\u201d que se iniciam neste m\u00eas de maio. Mas h\u00e1 muito mais iniciativas agendadas e, por isso, d\u00ea uma olhadela nas p\u00e1ginas do \u201cVai Acontecer\u201d\u2026<\/p>\n<p>Inserida no programa da Feira de Maio est\u00e1 a Pe\u00e7as d\u2019Arte \u2013 Feira de Antiguidades, Velharias e Artesanato que ir\u00e1 animar o Pavilh\u00e3o Municipal de Exposi\u00e7\u00f5es, na Moita, nos dias 25 e 26 de maio. Saiba mais pormenores ao ler a reportagem na rubrica \u201cAqui T\u00e3o Perto\u201d.<\/p>\n<p>Nos \u201cSabores &amp; Saberes\u201d n\u00e3o perca os petiscos apresentados pela Associa\u00e7\u00e3o de Reformados, Pensionistas e Idosos da Zona Norte da Baixa da Banheira \u2013 \u201cO Norte\u201d.<\/p>\n<p>Se pretende receber a Agenda de Eventos, todos os meses, em sua casa, contacte a Divis\u00e3o de Informa\u00e7\u00e3o e Rela\u00e7\u00f5es P\u00fablicas da C\u00e2mara Municipal da Moita, atrav\u00e9s do e-mail <a href=\"mailto:dirp@mail.cm-moita.pt\">dirp@mail.cm-moita.pt<\/a> ou do telefone 212806715.<\/p>\n<p>C\u00e2mara Municipal da Moita<\/p>\n","protected":false},"excerpt":{"rendered":"<p>Agenda de eventos no concelho da Moita j\u00e1 dispon\u00edvel A grande festa da comunidade educativa do concelho da Moita vai realizar-se j\u00e1 nos dias 15, 16 e 17 de maio, no Pavilh\u00e3o Municipal de Exposi\u00e7\u00f5es, na Moita. \u00c9 precisamente a XVI Feira de Projetos Educativos o tema da capa da edi\u00e7\u00e3o de maio da agenda [&hellip;]<\/p>\n","protected":false},"author":1,"featured_media":9475,"comment_status":"open","ping_status":"open","sticky":false,"template":"","format":"standard","meta":{"footnotes":""},"categories":[32,3],"tags":[374,37],"class_list":["post-9474","post","type-post","status-publish","format-standard","has-post-thumbnail","hentry","category-destaque","category-eventos","tag-agenda-de-eventos","tag-moita","last_archivepost"],"yoast_head":"<!-- This site is optimized with the Yoast SEO plugin v27.1.1 - https:\/\/yoast.com\/product\/yoast-seo-wordpress\/ -->\n<title>Feira de Projetos Educativos em destaque na Mar\u00e9 Cheia - barreiroweb<\/title>\n<meta name=\"robots\" content=\"index, follow, max-snippet:-1, max-image-preview:large, max-video-preview:-1\" \/>\n<link rel=\"canonical\" href=\"https:\/\/arquivo.barreiroweb.net\/?p=9474\" \/>\n<meta property=\"og:locale\" content=\"pt_PT\" \/>\n<meta property=\"og:type\" content=\"article\" \/>\n<meta property=\"og:title\" content=\"Feira de Projetos Educativos em destaque na Mar\u00e9 Cheia - barreiroweb\" \/>\n<meta property=\"og:description\" content=\"Agenda de eventos no concelho da Moita j\u00e1 dispon\u00edvel A grande festa da comunidade educativa do concelho da Moita vai realizar-se j\u00e1 nos dias 15, 16 e 17 de maio, no Pavilh\u00e3o Municipal de Exposi\u00e7\u00f5es, na Moita. \u00c9 precisamente a XVI Feira de Projetos Educativos o tema da capa da edi\u00e7\u00e3o de maio da agenda [&hellip;]\" \/>\n<meta property=\"og:url\" content=\"https:\/\/arquivo.barreiroweb.net\/?p=9474\" \/>\n<meta property=\"og:site_name\" content=\"barreiroweb\" \/>\n<meta property=\"article:publisher\" content=\"https:\/\/www.facebook.com\/barreiroweb\" \/>\n<meta property=\"article:published_time\" content=\"2013-05-02T23:10:05+00:00\" \/>\n<meta property=\"og:image\" content=\"https:\/\/arquivo.barreiroweb.net\/wp-content\/uploads\/2013\/05\/Mar\u00e9-Cheiab-maio.jpg\" \/>\n\t<meta property=\"og:image:width\" content=\"284\" \/>\n\t<meta property=\"og:image:height\" content=\"235\" \/>\n\t<meta property=\"og:image:type\" content=\"image\/jpeg\" \/>\n<meta name=\"author\" content=\"barreiroweb\" \/>\n<meta name=\"twitter:card\" content=\"summary_large_image\" \/>\n<meta name=\"twitter:creator\" content=\"@barreiroweb\" \/>\n<meta name=\"twitter:site\" content=\"@barreiroweb\" \/>\n<meta name=\"twitter:label1\" content=\"Escrito por\" \/>\n\t<meta name=\"twitter:data1\" content=\"barreiroweb\" \/>\n\t<meta name=\"twitter:label2\" content=\"Tempo estimado de leitura\" \/>\n\t<meta name=\"twitter:data2\" content=\"1 minuto\" \/>\n<script type=\"application\/ld+json\" class=\"yoast-schema-graph\">{\"@context\":\"https:\/\/schema.org\",\"@graph\":[{\"@type\":\"Article\",\"@id\":\"https:\/\/arquivo.barreiroweb.net\/?p=9474#article\",\"isPartOf\":{\"@id\":\"https:\/\/arquivo.barreiroweb.net\/?p=9474\"},\"author\":{\"name\":\"barreiroweb\",\"@id\":\"https:\/\/arquivo.barreiroweb.net\/#\/schema\/person\/44b6d528aff975e3786c9f475f9df2dd\"},\"headline\":\"Feira de Projetos Educativos em destaque na Mar\u00e9 Cheia\",\"datePublished\":\"2013-05-02T23:10:05+00:00\",\"mainEntityOfPage\":{\"@id\":\"https:\/\/arquivo.barreiroweb.net\/?p=9474\"},\"wordCount\":271,\"commentCount\":0,\"publisher\":{\"@id\":\"https:\/\/arquivo.barreiroweb.net\/#organization\"},\"image\":{\"@id\":\"https:\/\/arquivo.barreiroweb.net\/?p=9474#primaryimage\"},\"thumbnailUrl\":\"https:\/\/arquivo.barreiroweb.net\/wp-content\/uploads\/2013\/05\/Mar\u00e9-Cheiab-maio.jpg\",\"keywords\":[\"Agenda de eventos\",\"moita\"],\"articleSection\":[\"Destaque\",\"Eventos\"],\"inLanguage\":\"pt-PT\",\"potentialAction\":[{\"@type\":\"CommentAction\",\"name\":\"Comment\",\"target\":[\"https:\/\/arquivo.barreiroweb.net\/?p=9474#respond\"]}]},{\"@type\":\"WebPage\",\"@id\":\"https:\/\/arquivo.barreiroweb.net\/?p=9474\",\"url\":\"https:\/\/arquivo.barreiroweb.net\/?p=9474\",\"name\":\"Feira de Projetos Educativos em destaque na Mar\u00e9 Cheia - barreiroweb\",\"isPartOf\":{\"@id\":\"https:\/\/arquivo.barreiroweb.net\/#website\"},\"primaryImageOfPage\":{\"@id\":\"https:\/\/arquivo.barreiroweb.net\/?p=9474#primaryimage\"},\"image\":{\"@id\":\"https:\/\/arquivo.barreiroweb.net\/?p=9474#primaryimage\"},\"thumbnailUrl\":\"https:\/\/arquivo.barreiroweb.net\/wp-content\/uploads\/2013\/05\/Mar\u00e9-Cheiab-maio.jpg\",\"datePublished\":\"2013-05-02T23:10:05+00:00\",\"breadcrumb\":{\"@id\":\"https:\/\/arquivo.barreiroweb.net\/?p=9474#breadcrumb\"},\"inLanguage\":\"pt-PT\",\"potentialAction\":[{\"@type\":\"ReadAction\",\"target\":[\"https:\/\/arquivo.barreiroweb.net\/?p=9474\"]}]},{\"@type\":\"ImageObject\",\"inLanguage\":\"pt-PT\",\"@id\":\"https:\/\/arquivo.barreiroweb.net\/?p=9474#primaryimage\",\"url\":\"https:\/\/arquivo.barreiroweb.net\/wp-content\/uploads\/2013\/05\/Mar\u00e9-Cheiab-maio.jpg\",\"contentUrl\":\"https:\/\/arquivo.barreiroweb.net\/wp-content\/uploads\/2013\/05\/Mar\u00e9-Cheiab-maio.jpg\",\"width\":284,\"height\":235},{\"@type\":\"BreadcrumbList\",\"@id\":\"https:\/\/arquivo.barreiroweb.net\/?p=9474#breadcrumb\",\"itemListElement\":[{\"@type\":\"ListItem\",\"position\":1,\"name\":\"In\u00edcio\",\"item\":\"https:\/\/arquivo.barreiroweb.net\/\"},{\"@type\":\"ListItem\",\"position\":2,\"name\":\"Feira de Projetos Educativos em destaque na Mar\u00e9 Cheia\"}]},{\"@type\":\"WebSite\",\"@id\":\"https:\/\/arquivo.barreiroweb.net\/#website\",\"url\":\"https:\/\/arquivo.barreiroweb.net\/\",\"name\":\"barreiroweb\",\"description\":\"Barreiroweb o barreiro na web\",\"publisher\":{\"@id\":\"https:\/\/arquivo.barreiroweb.net\/#organization\"},\"potentialAction\":[{\"@type\":\"SearchAction\",\"target\":{\"@type\":\"EntryPoint\",\"urlTemplate\":\"https:\/\/arquivo.barreiroweb.net\/?s={search_term_string}\"},\"query-input\":{\"@type\":\"PropertyValueSpecification\",\"valueRequired\":true,\"valueName\":\"search_term_string\"}}],\"inLanguage\":\"pt-PT\"},{\"@type\":\"Organization\",\"@id\":\"https:\/\/arquivo.barreiroweb.net\/#organization\",\"name\":\"barreiroweb\",\"url\":\"https:\/\/arquivo.barreiroweb.net\/\",\"logo\":{\"@type\":\"ImageObject\",\"inLanguage\":\"pt-PT\",\"@id\":\"https:\/\/arquivo.barreiroweb.net\/#\/schema\/logo\/image\/\",\"url\":\"https:\/\/barreiroweb.net\/wp-content\/uploads\/2022\/05\/BarreiroWeb555.jpg\",\"contentUrl\":\"https:\/\/barreiroweb.net\/wp-content\/uploads\/2022\/05\/BarreiroWeb555.jpg\",\"width\":421,\"height\":415,\"caption\":\"barreiroweb\"},\"image\":{\"@id\":\"https:\/\/arquivo.barreiroweb.net\/#\/schema\/logo\/image\/\"},\"sameAs\":[\"https:\/\/www.facebook.com\/barreiroweb\",\"https:\/\/x.com\/barreiroweb\"]},{\"@type\":\"Person\",\"@id\":\"https:\/\/arquivo.barreiroweb.net\/#\/schema\/person\/44b6d528aff975e3786c9f475f9df2dd\",\"name\":\"barreiroweb\",\"image\":{\"@type\":\"ImageObject\",\"inLanguage\":\"pt-PT\",\"@id\":\"https:\/\/arquivo.barreiroweb.net\/#\/schema\/person\/image\/\",\"url\":\"https:\/\/secure.gravatar.com\/avatar\/1f764b917967430404ff0b452044eb63a25d64a5363b25be2aa42273930f477d?s=96&d=mm&r=g\",\"contentUrl\":\"https:\/\/secure.gravatar.com\/avatar\/1f764b917967430404ff0b452044eb63a25d64a5363b25be2aa42273930f477d?s=96&d=mm&r=g\",\"caption\":\"barreiroweb\"},\"url\":\"https:\/\/arquivo.barreiroweb.net\/?author=1\"}]}<\/script>\n<!-- \/ Yoast SEO plugin. -->","yoast_head_json":{"title":"Feira de Projetos Educativos em destaque na Mar\u00e9 Cheia - barreiroweb","robots":{"index":"index","follow":"follow","max-snippet":"max-snippet:-1","max-image-preview":"max-image-preview:large","max-video-preview":"max-video-preview:-1"},"canonical":"https:\/\/arquivo.barreiroweb.net\/?p=9474","og_locale":"pt_PT","og_type":"article","og_title":"Feira de Projetos Educativos em destaque na Mar\u00e9 Cheia - barreiroweb","og_description":"Agenda de eventos no concelho da Moita j\u00e1 dispon\u00edvel A grande festa da comunidade educativa do concelho da Moita vai realizar-se j\u00e1 nos dias 15, 16 e 17 de maio, no Pavilh\u00e3o Municipal de Exposi\u00e7\u00f5es, na Moita. \u00c9 precisamente a XVI Feira de Projetos Educativos o tema da capa da edi\u00e7\u00e3o de maio da agenda [&hellip;]","og_url":"https:\/\/arquivo.barreiroweb.net\/?p=9474","og_site_name":"barreiroweb","article_publisher":"https:\/\/www.facebook.com\/barreiroweb","article_published_time":"2013-05-02T23:10:05+00:00","og_image":[{"width":284,"height":235,"url":"https:\/\/arquivo.barreiroweb.net\/wp-content\/uploads\/2013\/05\/Mar\u00e9-Cheiab-maio.jpg","type":"image\/jpeg"}],"author":"barreiroweb","twitter_card":"summary_large_image","twitter_creator":"@barreiroweb","twitter_site":"@barreiroweb","twitter_misc":{"Escrito por":"barreiroweb","Tempo estimado de leitura":"1 minuto"},"schema":{"@context":"https:\/\/schema.org","@graph":[{"@type":"Article","@id":"https:\/\/arquivo.barreiroweb.net\/?p=9474#article","isPartOf":{"@id":"https:\/\/arquivo.barreiroweb.net\/?p=9474"},"author":{"name":"barreiroweb","@id":"https:\/\/arquivo.barreiroweb.net\/#\/schema\/person\/44b6d528aff975e3786c9f475f9df2dd"},"headline":"Feira de Projetos Educativos em destaque na Mar\u00e9 Cheia","datePublished":"2013-05-02T23:10:05+00:00","mainEntityOfPage":{"@id":"https:\/\/arquivo.barreiroweb.net\/?p=9474"},"wordCount":271,"commentCount":0,"publisher":{"@id":"https:\/\/arquivo.barreiroweb.net\/#organization"},"image":{"@id":"https:\/\/arquivo.barreiroweb.net\/?p=9474#primaryimage"},"thumbnailUrl":"https:\/\/arquivo.barreiroweb.net\/wp-content\/uploads\/2013\/05\/Mar\u00e9-Cheiab-maio.jpg","keywords":["Agenda de eventos","moita"],"articleSection":["Destaque","Eventos"],"inLanguage":"pt-PT","potentialAction":[{"@type":"CommentAction","name":"Comment","target":["https:\/\/arquivo.barreiroweb.net\/?p=9474#respond"]}]},{"@type":"WebPage","@id":"https:\/\/arquivo.barreiroweb.net\/?p=9474","url":"https:\/\/arquivo.barreiroweb.net\/?p=9474","name":"Feira de Projetos Educativos em destaque na Mar\u00e9 Cheia - barreiroweb","isPartOf":{"@id":"https:\/\/arquivo.barreiroweb.net\/#website"},"primaryImageOfPage":{"@id":"https:\/\/arquivo.barreiroweb.net\/?p=9474#primaryimage"},"image":{"@id":"https:\/\/arquivo.barreiroweb.net\/?p=9474#primaryimage"},"thumbnailUrl":"https:\/\/arquivo.barreiroweb.net\/wp-content\/uploads\/2013\/05\/Mar\u00e9-Cheiab-maio.jpg","datePublished":"2013-05-02T23:10:05+00:00","breadcrumb":{"@id":"https:\/\/arquivo.barreiroweb.net\/?p=9474#breadcrumb"},"inLanguage":"pt-PT","potentialAction":[{"@type":"ReadAction","target":["https:\/\/arquivo.barreiroweb.net\/?p=9474"]}]},{"@type":"ImageObject","inLanguage":"pt-PT","@id":"https:\/\/arquivo.barreiroweb.net\/?p=9474#primaryimage","url":"https:\/\/arquivo.barreiroweb.net\/wp-content\/uploads\/2013\/05\/Mar\u00e9-Cheiab-maio.jpg","contentUrl":"https:\/\/arquivo.barreiroweb.net\/wp-content\/uploads\/2013\/05\/Mar\u00e9-Cheiab-maio.jpg","width":284,"height":235},{"@type":"BreadcrumbList","@id":"https:\/\/arquivo.barreiroweb.net\/?p=9474#breadcrumb","itemListElement":[{"@type":"ListItem","position":1,"name":"In\u00edcio","item":"https:\/\/arquivo.barreiroweb.net\/"},{"@type":"ListItem","position":2,"name":"Feira de Projetos Educativos em destaque na Mar\u00e9 Cheia"}]},{"@type":"WebSite","@id":"https:\/\/arquivo.barreiroweb.net\/#website","url":"https:\/\/arquivo.barreiroweb.net\/","name":"barreiroweb","description":"Barreiroweb o barreiro na web","publisher":{"@id":"https:\/\/arquivo.barreiroweb.net\/#organization"},"potentialAction":[{"@type":"SearchAction","target":{"@type":"EntryPoint","urlTemplate":"https:\/\/arquivo.barreiroweb.net\/?s={search_term_string}"},"query-input":{"@type":"PropertyValueSpecification","valueRequired":true,"valueName":"search_term_string"}}],"inLanguage":"pt-PT"},{"@type":"Organization","@id":"https:\/\/arquivo.barreiroweb.net\/#organization","name":"barreiroweb","url":"https:\/\/arquivo.barreiroweb.net\/","logo":{"@type":"ImageObject","inLanguage":"pt-PT","@id":"https:\/\/arquivo.barreiroweb.net\/#\/schema\/logo\/image\/","url":"https:\/\/barreiroweb.net\/wp-content\/uploads\/2022\/05\/BarreiroWeb555.jpg","contentUrl":"https:\/\/barreiroweb.net\/wp-content\/uploads\/2022\/05\/BarreiroWeb555.jpg","width":421,"height":415,"caption":"barreiroweb"},"image":{"@id":"https:\/\/arquivo.barreiroweb.net\/#\/schema\/logo\/image\/"},"sameAs":["https:\/\/www.facebook.com\/barreiroweb","https:\/\/x.com\/barreiroweb"]},{"@type":"Person","@id":"https:\/\/arquivo.barreiroweb.net\/#\/schema\/person\/44b6d528aff975e3786c9f475f9df2dd","name":"barreiroweb","image":{"@type":"ImageObject","inLanguage":"pt-PT","@id":"https:\/\/arquivo.barreiroweb.net\/#\/schema\/person\/image\/","url":"https:\/\/secure.gravatar.com\/avatar\/1f764b917967430404ff0b452044eb63a25d64a5363b25be2aa42273930f477d?s=96&d=mm&r=g","contentUrl":"https:\/\/secure.gravatar.com\/avatar\/1f764b917967430404ff0b452044eb63a25d64a5363b25be2aa42273930f477d?s=96&d=mm&r=g","caption":"barreiroweb"},"url":"https:\/\/arquivo.barreiroweb.net\/?author=1"}]}},"_links":{"self":[{"href":"https:\/\/arquivo.barreiroweb.net\/index.php?rest_route=\/wp\/v2\/posts\/9474","targetHints":{"allow":["GET"]}}],"collection":[{"href":"https:\/\/arquivo.barreiroweb.net\/index.php?rest_route=\/wp\/v2\/posts"}],"about":[{"href":"https:\/\/arquivo.barreiroweb.net\/index.php?rest_route=\/wp\/v2\/types\/post"}],"author":[{"embeddable":true,"href":"https:\/\/arquivo.barreiroweb.net\/index.php?rest_route=\/wp\/v2\/users\/1"}],"replies":[{"embeddable":true,"href":"https:\/\/arquivo.barreiroweb.net\/index.php?rest_route=%2Fwp%2Fv2%2Fcomments&post=9474"}],"version-history":[{"count":2,"href":"https:\/\/arquivo.barreiroweb.net\/index.php?rest_route=\/wp\/v2\/posts\/9474\/revisions"}],"predecessor-version":[{"id":9477,"href":"https:\/\/arquivo.barreiroweb.net\/index.php?rest_route=\/wp\/v2\/posts\/9474\/revisions\/9477"}],"wp:featuredmedia":[{"embeddable":true,"href":"https:\/\/arquivo.barreiroweb.net\/index.php?rest_route=\/wp\/v2\/media\/9475"}],"wp:attachment":[{"href":"https:\/\/arquivo.barreiroweb.net\/index.php?rest_route=%2Fwp%2Fv2%2Fmedia&parent=9474"}],"wp:term":[{"taxonomy":"category","embeddable":true,"href":"https:\/\/arquivo.barreiroweb.net\/index.php?rest_route=%2Fwp%2Fv2%2Fcategories&post=9474"},{"taxonomy":"post_tag","embeddable":true,"href":"https:\/\/arquivo.barreiroweb.net\/index.php?rest_route=%2Fwp%2Fv2%2Ftags&post=9474"}],"curies":[{"name":"wp","href":"https:\/\/api.w.org\/{rel}","templated":true}]}}