{"id":9437,"date":"2013-04-29T17:08:48","date_gmt":"2013-04-29T16:08:48","guid":{"rendered":"http:\/\/barreiroweb.eu\/?p=9437"},"modified":"2013-04-29T17:08:48","modified_gmt":"2013-04-29T16:08:48","slug":"bazar-da-marta-na-galeria-municipal-de-arte","status":"publish","type":"post","link":"https:\/\/arquivo.barreiroweb.net\/?p=9437","title":{"rendered":"\u201cBazar da Marta\u201d, na Galeria Municipal de Arte"},"content":{"rendered":"<p style=\"text-align: justify;\" align=\"center\"><b><a href=\"http:\/\/barreiroweb.eu\/wp-content\/uploads\/2013\/04\/Galeria-Municipal-de-Arte-do-Barreiro.jpg\" rel=\"lightbox[9437]\"><img loading=\"lazy\" decoding=\"async\" class=\"alignleft size-thumbnail wp-image-9438\" alt=\"Galeria Municipal de Arte do Barreiro\" src=\"http:\/\/barreiroweb.eu\/wp-content\/uploads\/2013\/04\/Galeria-Municipal-de-Arte-do-Barreiro-150x150.jpg\" width=\"150\" height=\"150\" srcset=\"https:\/\/arquivo.barreiroweb.net\/wp-content\/uploads\/2013\/04\/Galeria-Municipal-de-Arte-do-Barreiro-150x150.jpg 150w, https:\/\/arquivo.barreiroweb.net\/wp-content\/uploads\/2013\/04\/Galeria-Municipal-de-Arte-do-Barreiro-50x50.jpg 50w, https:\/\/arquivo.barreiroweb.net\/wp-content\/uploads\/2013\/04\/Galeria-Municipal-de-Arte-do-Barreiro-70x70.jpg 70w, https:\/\/arquivo.barreiroweb.net\/wp-content\/uploads\/2013\/04\/Galeria-Municipal-de-Arte-do-Barreiro-55x55.jpg 55w\" sizes=\"auto, (max-width: 150px) 100vw, 150px\" \/><\/a>No pr\u00f3ximo dia 5 de maio, Dia da M\u00e3e, entre as 11h00 e as 22h00, tem lugar o \u201cBazar da Marta\u201d, na Galeria Municipal de Arte, com o apoio da C\u00e2mara Municipal do Barreiro. <\/b><\/p>\n<p style=\"text-align: justify;\">Neste Bazar pode encontrar vestu\u00e1rio, cal\u00e7ado, malas, bijuteria, livros, m\u00f3veis e muito mais a pre\u00e7os \u201cloucos\u201d (desde 0,10\u20ac).<\/p>\n<p style=\"text-align: justify;\">Tal como nos anteriores bazares, a receita reverte para fins solid\u00e1rios.<\/p>\n<p style=\"text-align: justify;\">De salientar que Marta Baeta, estudante universit\u00e1ria, participou, ao longo de tr\u00eas meses, num programa de voluntariado, em Kibera (na maior favela do mundo), no Qu\u00e9nia, onde iniciou um programa de educa\u00e7\u00e3o com crian\u00e7as. A sua miss\u00e3o n\u00e3o terminou. A jovem procura agora apoio para dar escolaridade a mais crian\u00e7as.<\/p>\n<p style=\"text-align: justify;\">Segundo a organiza\u00e7\u00e3o,<i> com a colabora\u00e7\u00e3o de todos tudo se torna mais f\u00e1cil e conseguimos que com t\u00e3o pouco a vida de v\u00e1rias crian\u00e7as tenha mais brilho. Como a causa \u00e9 especial, foi escolhido um dia especial: o Dia da M\u00e3e. Uma compra\u2026um sorriso e quem \u00e9 m\u00e3e sabe o que isso representa. <\/i><\/p>\n<p style=\"text-align: justify;\"><i>Ajude-nos a ajudar!!!<\/i><\/p>\n<p style=\"text-align: justify;\"><b>Galeria Municipal de Arte<\/b><\/p>\n<p style=\"text-align: justify;\"><b>Av. Alfredo da Silva n\u00ba 15<\/b><\/p>\n<p style=\"text-align: justify;\"><b>Edif\u00edcio do Antigo Tribunal do Barreiro<\/b><\/p>\n<p style=\"text-align: justify;\"><b>2830 Barreiro<\/b><\/p>\n<p style=\"text-align: justify;\"><b>Tel.: 21 207 6759<\/b><\/p>\n<p style=\"text-align: justify;\"><b>CMB 2013-04-29<\/b><\/p>\n","protected":false},"excerpt":{"rendered":"<p>No pr\u00f3ximo dia 5 de maio, Dia da M\u00e3e, entre as 11h00 e as 22h00, tem lugar o \u201cBazar da Marta\u201d, na Galeria Municipal de Arte, com o apoio da C\u00e2mara Municipal do Barreiro. Neste Bazar pode encontrar vestu\u00e1rio, cal\u00e7ado, malas, bijuteria, livros, m\u00f3veis e muito mais a pre\u00e7os \u201cloucos\u201d (desde 0,10\u20ac). Tal como nos [&hellip;]<\/p>\n","protected":false},"author":1,"featured_media":9438,"comment_status":"open","ping_status":"open","sticky":false,"template":"","format":"standard","meta":{"footnotes":""},"categories":[32,3,1],"tags":[41,119,212],"class_list":["post-9437","post","type-post","status-publish","format-standard","has-post-thumbnail","hentry","category-destaque","category-eventos","category-expo","tag-barreiro","tag-cultura-2","tag-exposicao","last_archivepost"],"yoast_head":"<!-- This site is optimized with the Yoast SEO plugin v27.1.1 - https:\/\/yoast.com\/product\/yoast-seo-wordpress\/ -->\n<title>\u201cBazar da Marta\u201d, na Galeria Municipal de Arte - barreiroweb<\/title>\n<meta name=\"robots\" content=\"index, follow, max-snippet:-1, max-image-preview:large, max-video-preview:-1\" \/>\n<link rel=\"canonical\" href=\"https:\/\/arquivo.barreiroweb.net\/?p=9437\" \/>\n<meta property=\"og:locale\" content=\"pt_PT\" \/>\n<meta property=\"og:type\" content=\"article\" \/>\n<meta property=\"og:title\" content=\"\u201cBazar da Marta\u201d, na Galeria Municipal de Arte - barreiroweb\" \/>\n<meta property=\"og:description\" content=\"No pr\u00f3ximo dia 5 de maio, Dia da M\u00e3e, entre as 11h00 e as 22h00, tem lugar o \u201cBazar da Marta\u201d, na Galeria Municipal de Arte, com o apoio da C\u00e2mara Municipal do Barreiro. Neste Bazar pode encontrar vestu\u00e1rio, cal\u00e7ado, malas, bijuteria, livros, m\u00f3veis e muito mais a pre\u00e7os \u201cloucos\u201d (desde 0,10\u20ac). Tal como nos [&hellip;]\" \/>\n<meta property=\"og:url\" content=\"https:\/\/arquivo.barreiroweb.net\/?p=9437\" \/>\n<meta property=\"og:site_name\" content=\"barreiroweb\" \/>\n<meta property=\"article:publisher\" content=\"https:\/\/www.facebook.com\/barreiroweb\" \/>\n<meta property=\"article:published_time\" content=\"2013-04-29T16:08:48+00:00\" \/>\n<meta property=\"og:image\" content=\"https:\/\/arquivo.barreiroweb.net\/wp-content\/uploads\/2013\/04\/Galeria-Municipal-de-Arte-do-Barreiro.jpg\" \/>\n\t<meta property=\"og:image:width\" content=\"314\" \/>\n\t<meta property=\"og:image:height\" content=\"209\" \/>\n\t<meta property=\"og:image:type\" content=\"image\/jpeg\" \/>\n<meta name=\"author\" content=\"barreiroweb\" \/>\n<meta name=\"twitter:card\" content=\"summary_large_image\" \/>\n<meta name=\"twitter:creator\" content=\"@barreiroweb\" \/>\n<meta name=\"twitter:site\" content=\"@barreiroweb\" \/>\n<meta name=\"twitter:label1\" content=\"Escrito por\" \/>\n\t<meta name=\"twitter:data1\" content=\"barreiroweb\" \/>\n\t<meta name=\"twitter:label2\" content=\"Tempo estimado de leitura\" \/>\n\t<meta name=\"twitter:data2\" content=\"1 minuto\" \/>\n<script type=\"application\/ld+json\" class=\"yoast-schema-graph\">{\"@context\":\"https:\/\/schema.org\",\"@graph\":[{\"@type\":\"Article\",\"@id\":\"https:\/\/arquivo.barreiroweb.net\/?p=9437#article\",\"isPartOf\":{\"@id\":\"https:\/\/arquivo.barreiroweb.net\/?p=9437\"},\"author\":{\"name\":\"barreiroweb\",\"@id\":\"https:\/\/arquivo.barreiroweb.net\/#\/schema\/person\/44b6d528aff975e3786c9f475f9df2dd\"},\"headline\":\"\u201cBazar da Marta\u201d, na Galeria Municipal de Arte\",\"datePublished\":\"2013-04-29T16:08:48+00:00\",\"mainEntityOfPage\":{\"@id\":\"https:\/\/arquivo.barreiroweb.net\/?p=9437\"},\"wordCount\":219,\"commentCount\":0,\"publisher\":{\"@id\":\"https:\/\/arquivo.barreiroweb.net\/#organization\"},\"image\":{\"@id\":\"https:\/\/arquivo.barreiroweb.net\/?p=9437#primaryimage\"},\"thumbnailUrl\":\"https:\/\/arquivo.barreiroweb.net\/wp-content\/uploads\/2013\/04\/Galeria-Municipal-de-Arte-do-Barreiro.jpg\",\"keywords\":[\"barreiro\",\"cultura\",\"exposi\u00e7\u00e3o\"],\"articleSection\":[\"Destaque\",\"Eventos\",\"Festas e Feiras\"],\"inLanguage\":\"pt-PT\",\"potentialAction\":[{\"@type\":\"CommentAction\",\"name\":\"Comment\",\"target\":[\"https:\/\/arquivo.barreiroweb.net\/?p=9437#respond\"]}]},{\"@type\":\"WebPage\",\"@id\":\"https:\/\/arquivo.barreiroweb.net\/?p=9437\",\"url\":\"https:\/\/arquivo.barreiroweb.net\/?p=9437\",\"name\":\"\u201cBazar da Marta\u201d, na Galeria Municipal de Arte - barreiroweb\",\"isPartOf\":{\"@id\":\"https:\/\/arquivo.barreiroweb.net\/#website\"},\"primaryImageOfPage\":{\"@id\":\"https:\/\/arquivo.barreiroweb.net\/?p=9437#primaryimage\"},\"image\":{\"@id\":\"https:\/\/arquivo.barreiroweb.net\/?p=9437#primaryimage\"},\"thumbnailUrl\":\"https:\/\/arquivo.barreiroweb.net\/wp-content\/uploads\/2013\/04\/Galeria-Municipal-de-Arte-do-Barreiro.jpg\",\"datePublished\":\"2013-04-29T16:08:48+00:00\",\"breadcrumb\":{\"@id\":\"https:\/\/arquivo.barreiroweb.net\/?p=9437#breadcrumb\"},\"inLanguage\":\"pt-PT\",\"potentialAction\":[{\"@type\":\"ReadAction\",\"target\":[\"https:\/\/arquivo.barreiroweb.net\/?p=9437\"]}]},{\"@type\":\"ImageObject\",\"inLanguage\":\"pt-PT\",\"@id\":\"https:\/\/arquivo.barreiroweb.net\/?p=9437#primaryimage\",\"url\":\"https:\/\/arquivo.barreiroweb.net\/wp-content\/uploads\/2013\/04\/Galeria-Municipal-de-Arte-do-Barreiro.jpg\",\"contentUrl\":\"https:\/\/arquivo.barreiroweb.net\/wp-content\/uploads\/2013\/04\/Galeria-Municipal-de-Arte-do-Barreiro.jpg\",\"width\":314,\"height\":209},{\"@type\":\"BreadcrumbList\",\"@id\":\"https:\/\/arquivo.barreiroweb.net\/?p=9437#breadcrumb\",\"itemListElement\":[{\"@type\":\"ListItem\",\"position\":1,\"name\":\"In\u00edcio\",\"item\":\"https:\/\/arquivo.barreiroweb.net\/\"},{\"@type\":\"ListItem\",\"position\":2,\"name\":\"\u201cBazar da Marta\u201d, na Galeria Municipal de Arte\"}]},{\"@type\":\"WebSite\",\"@id\":\"https:\/\/arquivo.barreiroweb.net\/#website\",\"url\":\"https:\/\/arquivo.barreiroweb.net\/\",\"name\":\"barreiroweb\",\"description\":\"Barreiroweb o barreiro na web\",\"publisher\":{\"@id\":\"https:\/\/arquivo.barreiroweb.net\/#organization\"},\"potentialAction\":[{\"@type\":\"SearchAction\",\"target\":{\"@type\":\"EntryPoint\",\"urlTemplate\":\"https:\/\/arquivo.barreiroweb.net\/?s={search_term_string}\"},\"query-input\":{\"@type\":\"PropertyValueSpecification\",\"valueRequired\":true,\"valueName\":\"search_term_string\"}}],\"inLanguage\":\"pt-PT\"},{\"@type\":\"Organization\",\"@id\":\"https:\/\/arquivo.barreiroweb.net\/#organization\",\"name\":\"barreiroweb\",\"url\":\"https:\/\/arquivo.barreiroweb.net\/\",\"logo\":{\"@type\":\"ImageObject\",\"inLanguage\":\"pt-PT\",\"@id\":\"https:\/\/arquivo.barreiroweb.net\/#\/schema\/logo\/image\/\",\"url\":\"https:\/\/barreiroweb.net\/wp-content\/uploads\/2022\/05\/BarreiroWeb555.jpg\",\"contentUrl\":\"https:\/\/barreiroweb.net\/wp-content\/uploads\/2022\/05\/BarreiroWeb555.jpg\",\"width\":421,\"height\":415,\"caption\":\"barreiroweb\"},\"image\":{\"@id\":\"https:\/\/arquivo.barreiroweb.net\/#\/schema\/logo\/image\/\"},\"sameAs\":[\"https:\/\/www.facebook.com\/barreiroweb\",\"https:\/\/x.com\/barreiroweb\"]},{\"@type\":\"Person\",\"@id\":\"https:\/\/arquivo.barreiroweb.net\/#\/schema\/person\/44b6d528aff975e3786c9f475f9df2dd\",\"name\":\"barreiroweb\",\"image\":{\"@type\":\"ImageObject\",\"inLanguage\":\"pt-PT\",\"@id\":\"https:\/\/arquivo.barreiroweb.net\/#\/schema\/person\/image\/\",\"url\":\"https:\/\/secure.gravatar.com\/avatar\/1f764b917967430404ff0b452044eb63a25d64a5363b25be2aa42273930f477d?s=96&d=mm&r=g\",\"contentUrl\":\"https:\/\/secure.gravatar.com\/avatar\/1f764b917967430404ff0b452044eb63a25d64a5363b25be2aa42273930f477d?s=96&d=mm&r=g\",\"caption\":\"barreiroweb\"},\"url\":\"https:\/\/arquivo.barreiroweb.net\/?author=1\"}]}<\/script>\n<!-- \/ Yoast SEO plugin. -->","yoast_head_json":{"title":"\u201cBazar da Marta\u201d, na Galeria Municipal de Arte - barreiroweb","robots":{"index":"index","follow":"follow","max-snippet":"max-snippet:-1","max-image-preview":"max-image-preview:large","max-video-preview":"max-video-preview:-1"},"canonical":"https:\/\/arquivo.barreiroweb.net\/?p=9437","og_locale":"pt_PT","og_type":"article","og_title":"\u201cBazar da Marta\u201d, na Galeria Municipal de Arte - barreiroweb","og_description":"No pr\u00f3ximo dia 5 de maio, Dia da M\u00e3e, entre as 11h00 e as 22h00, tem lugar o \u201cBazar da Marta\u201d, na Galeria Municipal de Arte, com o apoio da C\u00e2mara Municipal do Barreiro. Neste Bazar pode encontrar vestu\u00e1rio, cal\u00e7ado, malas, bijuteria, livros, m\u00f3veis e muito mais a pre\u00e7os \u201cloucos\u201d (desde 0,10\u20ac). Tal como nos [&hellip;]","og_url":"https:\/\/arquivo.barreiroweb.net\/?p=9437","og_site_name":"barreiroweb","article_publisher":"https:\/\/www.facebook.com\/barreiroweb","article_published_time":"2013-04-29T16:08:48+00:00","og_image":[{"width":314,"height":209,"url":"https:\/\/arquivo.barreiroweb.net\/wp-content\/uploads\/2013\/04\/Galeria-Municipal-de-Arte-do-Barreiro.jpg","type":"image\/jpeg"}],"author":"barreiroweb","twitter_card":"summary_large_image","twitter_creator":"@barreiroweb","twitter_site":"@barreiroweb","twitter_misc":{"Escrito por":"barreiroweb","Tempo estimado de leitura":"1 minuto"},"schema":{"@context":"https:\/\/schema.org","@graph":[{"@type":"Article","@id":"https:\/\/arquivo.barreiroweb.net\/?p=9437#article","isPartOf":{"@id":"https:\/\/arquivo.barreiroweb.net\/?p=9437"},"author":{"name":"barreiroweb","@id":"https:\/\/arquivo.barreiroweb.net\/#\/schema\/person\/44b6d528aff975e3786c9f475f9df2dd"},"headline":"\u201cBazar da Marta\u201d, na Galeria Municipal de Arte","datePublished":"2013-04-29T16:08:48+00:00","mainEntityOfPage":{"@id":"https:\/\/arquivo.barreiroweb.net\/?p=9437"},"wordCount":219,"commentCount":0,"publisher":{"@id":"https:\/\/arquivo.barreiroweb.net\/#organization"},"image":{"@id":"https:\/\/arquivo.barreiroweb.net\/?p=9437#primaryimage"},"thumbnailUrl":"https:\/\/arquivo.barreiroweb.net\/wp-content\/uploads\/2013\/04\/Galeria-Municipal-de-Arte-do-Barreiro.jpg","keywords":["barreiro","cultura","exposi\u00e7\u00e3o"],"articleSection":["Destaque","Eventos","Festas e Feiras"],"inLanguage":"pt-PT","potentialAction":[{"@type":"CommentAction","name":"Comment","target":["https:\/\/arquivo.barreiroweb.net\/?p=9437#respond"]}]},{"@type":"WebPage","@id":"https:\/\/arquivo.barreiroweb.net\/?p=9437","url":"https:\/\/arquivo.barreiroweb.net\/?p=9437","name":"\u201cBazar da Marta\u201d, na Galeria Municipal de Arte - barreiroweb","isPartOf":{"@id":"https:\/\/arquivo.barreiroweb.net\/#website"},"primaryImageOfPage":{"@id":"https:\/\/arquivo.barreiroweb.net\/?p=9437#primaryimage"},"image":{"@id":"https:\/\/arquivo.barreiroweb.net\/?p=9437#primaryimage"},"thumbnailUrl":"https:\/\/arquivo.barreiroweb.net\/wp-content\/uploads\/2013\/04\/Galeria-Municipal-de-Arte-do-Barreiro.jpg","datePublished":"2013-04-29T16:08:48+00:00","breadcrumb":{"@id":"https:\/\/arquivo.barreiroweb.net\/?p=9437#breadcrumb"},"inLanguage":"pt-PT","potentialAction":[{"@type":"ReadAction","target":["https:\/\/arquivo.barreiroweb.net\/?p=9437"]}]},{"@type":"ImageObject","inLanguage":"pt-PT","@id":"https:\/\/arquivo.barreiroweb.net\/?p=9437#primaryimage","url":"https:\/\/arquivo.barreiroweb.net\/wp-content\/uploads\/2013\/04\/Galeria-Municipal-de-Arte-do-Barreiro.jpg","contentUrl":"https:\/\/arquivo.barreiroweb.net\/wp-content\/uploads\/2013\/04\/Galeria-Municipal-de-Arte-do-Barreiro.jpg","width":314,"height":209},{"@type":"BreadcrumbList","@id":"https:\/\/arquivo.barreiroweb.net\/?p=9437#breadcrumb","itemListElement":[{"@type":"ListItem","position":1,"name":"In\u00edcio","item":"https:\/\/arquivo.barreiroweb.net\/"},{"@type":"ListItem","position":2,"name":"\u201cBazar da Marta\u201d, na Galeria Municipal de Arte"}]},{"@type":"WebSite","@id":"https:\/\/arquivo.barreiroweb.net\/#website","url":"https:\/\/arquivo.barreiroweb.net\/","name":"barreiroweb","description":"Barreiroweb o barreiro na web","publisher":{"@id":"https:\/\/arquivo.barreiroweb.net\/#organization"},"potentialAction":[{"@type":"SearchAction","target":{"@type":"EntryPoint","urlTemplate":"https:\/\/arquivo.barreiroweb.net\/?s={search_term_string}"},"query-input":{"@type":"PropertyValueSpecification","valueRequired":true,"valueName":"search_term_string"}}],"inLanguage":"pt-PT"},{"@type":"Organization","@id":"https:\/\/arquivo.barreiroweb.net\/#organization","name":"barreiroweb","url":"https:\/\/arquivo.barreiroweb.net\/","logo":{"@type":"ImageObject","inLanguage":"pt-PT","@id":"https:\/\/arquivo.barreiroweb.net\/#\/schema\/logo\/image\/","url":"https:\/\/barreiroweb.net\/wp-content\/uploads\/2022\/05\/BarreiroWeb555.jpg","contentUrl":"https:\/\/barreiroweb.net\/wp-content\/uploads\/2022\/05\/BarreiroWeb555.jpg","width":421,"height":415,"caption":"barreiroweb"},"image":{"@id":"https:\/\/arquivo.barreiroweb.net\/#\/schema\/logo\/image\/"},"sameAs":["https:\/\/www.facebook.com\/barreiroweb","https:\/\/x.com\/barreiroweb"]},{"@type":"Person","@id":"https:\/\/arquivo.barreiroweb.net\/#\/schema\/person\/44b6d528aff975e3786c9f475f9df2dd","name":"barreiroweb","image":{"@type":"ImageObject","inLanguage":"pt-PT","@id":"https:\/\/arquivo.barreiroweb.net\/#\/schema\/person\/image\/","url":"https:\/\/secure.gravatar.com\/avatar\/1f764b917967430404ff0b452044eb63a25d64a5363b25be2aa42273930f477d?s=96&d=mm&r=g","contentUrl":"https:\/\/secure.gravatar.com\/avatar\/1f764b917967430404ff0b452044eb63a25d64a5363b25be2aa42273930f477d?s=96&d=mm&r=g","caption":"barreiroweb"},"url":"https:\/\/arquivo.barreiroweb.net\/?author=1"}]}},"_links":{"self":[{"href":"https:\/\/arquivo.barreiroweb.net\/index.php?rest_route=\/wp\/v2\/posts\/9437","targetHints":{"allow":["GET"]}}],"collection":[{"href":"https:\/\/arquivo.barreiroweb.net\/index.php?rest_route=\/wp\/v2\/posts"}],"about":[{"href":"https:\/\/arquivo.barreiroweb.net\/index.php?rest_route=\/wp\/v2\/types\/post"}],"author":[{"embeddable":true,"href":"https:\/\/arquivo.barreiroweb.net\/index.php?rest_route=\/wp\/v2\/users\/1"}],"replies":[{"embeddable":true,"href":"https:\/\/arquivo.barreiroweb.net\/index.php?rest_route=%2Fwp%2Fv2%2Fcomments&post=9437"}],"version-history":[{"count":2,"href":"https:\/\/arquivo.barreiroweb.net\/index.php?rest_route=\/wp\/v2\/posts\/9437\/revisions"}],"predecessor-version":[{"id":9440,"href":"https:\/\/arquivo.barreiroweb.net\/index.php?rest_route=\/wp\/v2\/posts\/9437\/revisions\/9440"}],"wp:featuredmedia":[{"embeddable":true,"href":"https:\/\/arquivo.barreiroweb.net\/index.php?rest_route=\/wp\/v2\/media\/9438"}],"wp:attachment":[{"href":"https:\/\/arquivo.barreiroweb.net\/index.php?rest_route=%2Fwp%2Fv2%2Fmedia&parent=9437"}],"wp:term":[{"taxonomy":"category","embeddable":true,"href":"https:\/\/arquivo.barreiroweb.net\/index.php?rest_route=%2Fwp%2Fv2%2Fcategories&post=9437"},{"taxonomy":"post_tag","embeddable":true,"href":"https:\/\/arquivo.barreiroweb.net\/index.php?rest_route=%2Fwp%2Fv2%2Ftags&post=9437"}],"curies":[{"name":"wp","href":"https:\/\/api.w.org\/{rel}","templated":true}]}}