{"id":9432,"date":"2013-04-29T17:03:59","date_gmt":"2013-04-29T16:03:59","guid":{"rendered":"http:\/\/barreiroweb.eu\/?p=9432"},"modified":"2013-04-29T17:05:21","modified_gmt":"2013-04-29T16:05:21","slug":"dia-b-2013-inscricoes-apuraram-4-500-participantes-distribuidos-por-100-acoes-em-26-escolas-e-varios-locais-das-oito-juntas-de-freguesia","status":"publish","type":"post","link":"https:\/\/arquivo.barreiroweb.net\/?p=9432","title":{"rendered":"Dia B 2013 \u2013 Inscri\u00e7\u00f5es apuraram 4.500 participantes distribu\u00eddos por 100 a\u00e7\u00f5es"},"content":{"rendered":"<p style=\"text-align: justify;\"><a href=\"http:\/\/barreiroweb.eu\/wp-content\/uploads\/2013\/04\/Barreiro_Dia-B-2012-15.jpg\" rel=\"lightbox[9432]\"><img loading=\"lazy\" decoding=\"async\" class=\"alignleft size-thumbnail wp-image-9433\" alt=\"Barreiro_Dia B 2012-15\" src=\"http:\/\/barreiroweb.eu\/wp-content\/uploads\/2013\/04\/Barreiro_Dia-B-2012-15-150x150.jpg\" width=\"150\" height=\"150\" srcset=\"https:\/\/arquivo.barreiroweb.net\/wp-content\/uploads\/2013\/04\/Barreiro_Dia-B-2012-15-150x150.jpg 150w, https:\/\/arquivo.barreiroweb.net\/wp-content\/uploads\/2013\/04\/Barreiro_Dia-B-2012-15-50x50.jpg 50w, https:\/\/arquivo.barreiroweb.net\/wp-content\/uploads\/2013\/04\/Barreiro_Dia-B-2012-15-70x70.jpg 70w, https:\/\/arquivo.barreiroweb.net\/wp-content\/uploads\/2013\/04\/Barreiro_Dia-B-2012-15-55x55.jpg 55w\" sizes=\"auto, (max-width: 150px) 100vw, 150px\" \/><\/a>Terminadas as inscri\u00e7\u00f5es, a mega a\u00e7\u00e3o de voluntariado urbano, Dia B, a 3 e 4 de maio, no Barreiro, contabiliza 4.500 participantes, distribu\u00eddos por 100 a\u00e7\u00f5es agendadas para 26 escolas do Concelho e por v\u00e1rios locais das oito juntas de Freguesia.<\/p>\n<p style=\"text-align: justify;\"><b>As escolas participantes s\u00e3o as seguintes:<\/b> Escola B\u00e1sica n\u00ba 3 do Barreiro, Jardim-de-inf\u00e2ncia T\u00e1gides, Escola B\u00e1sica n\u00ba 4 do Barreiro, EBI\/JI do Barreiro, Escola Profissional Bento de Jesus Cara\u00e7a, Escola B\u00e1sica Palhais, Escola B\u00e1sica de Coina, Escola Secund\u00e1ria de Santo Andr\u00e9, Escola B\u00e1sica Telha Nova 1, Escola 2+3 Quinta da Lomba, Escola B\u00e1sica Vila Ch\u00e3, Escola B\u00e1sica n\u00ba 1 de Santo Ant\u00f3nio, Escola B\u00e1sica da Penalva, Escola B\u00e1sica da Fonte Feto, Escola Secund\u00e1ria de Santo Ant\u00f3nio, Escola B\u00e1sica n\u00ba 5, Escola B\u00e1sica n\u00ba 6, Escola B\u00e1sica n\u00ba 8, Escola B\u00e1sica n\u00ba 9, Escola Secund\u00e1ria de Casquilhos, Escola 2+3 Mendon\u00e7a Furtado, Escola Quinta Nova da Telha (1\u00ba ciclo), Escola B\u00e1sica n\u00ba 1 do Lavradio, Escola B\u00e1sica n\u00ba 2 do Lavradio, Escola B\u00e1sica dos Fidalguinhos, Escola Secund\u00e1rio Alfredo da Silva.<\/p>\n<p style=\"text-align: justify;\" align=\"center\"><b>Institui\u00e7\u00f5es colaboram<\/b><\/p>\n<p style=\"text-align: justify;\">Al\u00e9m das inscri\u00e7\u00f5es individuais, v\u00e1rias s\u00e3o as institui\u00e7\u00f5es, representantes do movimento associativo e grupos formais que v\u00e3o colaborar no <b><i>Dia<\/i><\/b> <b>(30 entidades)<\/b>: Agrupamento de Escuteiros 1180 Santa Cruz, Agrupamento de Escuteiros 1011 Lavradio, Agrupamento de Escuteiros 927 Santo Andr\u00e9, Agrupamento de Escuteiros 690 Nossa Senhora do Ros\u00e1rio, Agrupamento de Escuteiros 586 Palhais, Agrupamento de Escuteiros 74 Santa Maria, FNA \u2013 N\u00facleo de St\u00ba Andr\u00e9 \u2013 Barreiro, Centro Jovem Tejo, UTIB \u2013 Universidade da Terceira Idade do Barreiro, SDUB \u201cOs Franceses\u201d, Bombeiros \u2013 Salva\u00e7\u00e3o P\u00fablica, Bombeiros \u2013 Sul e Sueste, Marinha, Escola de Fuzileiros, Associa\u00e7\u00e3o de Fuzileiros, GD Fabril, CLDS \u2013 Contratos Locais de Desenvolvimento Social, EG Trilhos, Penalvense, Paivense, 31 de Janeiro \u201cOs Celtas\u201d, N\u00f3s, Casa dos Rapazes, Associa\u00e7\u00e3o Cultural e Desportiva <i>Gasoline<\/i>, Clube Amadores de Pesca do Barreiro, Ibikebarreiro, Amigos do Barreiro Velho, Estrelas Areenses, Movimento C\u00edvico de Salvaguarda do Patrimonio Ferrovi\u00e1rio do Barreiro, Centro S\u00f3cio Cultural do Bairro da Liberdade.<b><\/b><\/p>\n<p style=\"text-align: justify;\" align=\"center\"><b>\u00a0<\/b><\/p>\n<p style=\"text-align: justify;\" align=\"center\"><b>Vinte e seis parceiros<\/b><\/p>\n<p style=\"text-align: justify;\">\u00a0<\/p>\n<p style=\"text-align: justify;\">Juntaram-se a este projeto atrav\u00e9s da doa\u00e7\u00e3o de material, divulga\u00e7\u00e3o, transporte e imagem 26 parceiros: <i>Ba\u00eda do Tejo, Hipermercado Continente Barreiro, Fisipe, Suma, Macdonald\u2019s, Cepsa, EGEO, Dyrup, Sovena, Marcontin, SGR, Florcerta, Viveiros Moreira da Silva e Filhos, Sintimex, Biomiva Montijo, Dom Pedro V, Sotkon, Covelo &amp; Pinto, Transportes J. L. Monteiro, Coca-cola, Amarsul, Montana Shop, Transtejo\/Soflusa, CP \u2013 Comboios de Portugal, TCB \u2013 Transportes Colectivos do Barreiro e Adhesive Design Studio.<\/i><\/p>\n<p style=\"text-align: justify;\" align=\"center\"><b>Educa\u00e7\u00e3o ambiental<\/b><\/p>\n<p style=\"text-align: justify;\">O <b><i>Dia B<\/i><\/b>, al\u00e9m de ser uma <i>mega<\/i> iniciativa de encontro, apela para a educa\u00e7\u00e3o, cidadania e participa\u00e7\u00e3o ativa. Este ano, marcar\u00e1 a diferen\u00e7a com a educa\u00e7\u00e3o ambiental, atrav\u00e9s da parceria estabelecida com a Amarsul \u2013 a recolha de res\u00edduos ser\u00e1 efetuada com recurso \u00e0 separa\u00e7\u00e3o visando a reciclagem.<\/p>\n<p style=\"text-align: justify;\" align=\"center\"><b>Dados sobre o evento<\/b><\/p>\n<p style=\"text-align: justify;\">\u00c1udio <a href=\"http:\/\/www.cm-barreiro.pt\/pt\/conteudos\/noticias+e+eventos\/noticias\/DIA+B+2013+COM+AUDIO.htm\">http:\/\/www.cm-barreiro.pt\/pt\/conteudos\/noticias+e+eventos\/noticias\/DIA+B+2013+COM+AUDIO.htm<\/a><\/p>\n<p style=\"text-align: justify;\"><i>Sites<\/i> Oficiais: <a href=\"http:\/\/www.cm-barreiro.pt\/pt\/conteudos\/municipio\/Dia+B+2013\/\">http:\/\/www.cm-barreiro.pt\/pt\/conteudos\/municipio\/Dia+B+2013\/<\/a> e <a href=\"http:\/\/www.dia-b.org\/\">http:\/\/www.dia-b.org\/<\/a><\/p>\n<p style=\"text-align: left;\">Documento de Apresenta\u00e7\u00e3o: <a href=\"http:\/\/www.cm-barreiro.pt\/NR\/rdonlyres\/B6798DAF-7B89-4E87-BD46-A0F86AC37BCB\/91733\/APRESENTACAO_PUBLICA_DIA_B_07_DE_MARCO2015.pdf\">http:\/\/www.cm-barreiro.pt\/NR\/rdonlyres\/B6798DAF-7B89-4E87-BD46-A0F86AC37BCB\/91733\/APRESENTACAO_PUBLICA_DIA_B_07_DE_MARCO2015.pdf<\/a><\/p>\n<p style=\"text-align: justify;\"><i>Facebook: <\/i><a href=\"http:\/\/www.facebook.com\/DiaB.MovimenteEstaIdeia\">www.facebook.com\/DiaB.MovimenteEstaIdeia<\/a><\/p>\n<p style=\"text-align: left;\">Filme da Edi\u00e7\u00e3o 2012: <a href=\"http:\/\/www.cm-barreiro.pt\/pt\/conteudos\/municipio\/Dia+B+2013\/DIA+B+2012+MOVIMENTE+ESTA+IDEIA+VIDEO.htm\">http:\/\/www.cm-barreiro.pt\/pt\/conteudos\/municipio\/Dia+B+2013\/DIA+B+2012+MOVIMENTE+ESTA+IDEIA+VIDEO.htm<\/a><\/p>\n<p style=\"text-align: justify;\">+INFO: <a href=\"mailto:diab@cm-barreiro.pt\">diab@cm-barreiro.pt<\/a> \/ 21 217 09 04<\/p>\n<p style=\"text-align: justify;\" align=\"right\"><b>CMB 2013-04-24<\/b><\/p>\n","protected":false},"excerpt":{"rendered":"<p>Terminadas as inscri\u00e7\u00f5es, a mega a\u00e7\u00e3o de voluntariado urbano, Dia B, a 3 e 4 de maio, no Barreiro, contabiliza 4.500 participantes, distribu\u00eddos por 100 a\u00e7\u00f5es agendadas para 26 escolas do Concelho e por v\u00e1rios locais das oito juntas de Freguesia. As escolas participantes s\u00e3o as seguintes: Escola B\u00e1sica n\u00ba 3 do Barreiro, Jardim-de-inf\u00e2ncia T\u00e1gides, [&hellip;]<\/p>\n","protected":false},"author":1,"featured_media":9433,"comment_status":"open","ping_status":"open","sticky":false,"template":"","format":"standard","meta":{"footnotes":""},"categories":[16,32,3],"tags":[41,367,311],"class_list":["post-9432","post","type-post","status-publish","format-standard","has-post-thumbnail","hentry","category-associativismo","category-destaque","category-eventos","tag-barreiro","tag-dia-b","tag-dia-b-2013","last_archivepost"],"yoast_head":"<!-- This site is optimized with the Yoast SEO plugin v27.1.1 - https:\/\/yoast.com\/product\/yoast-seo-wordpress\/ -->\n<title>Dia B 2013 \u2013 Inscri\u00e7\u00f5es apuraram 4.500 participantes distribu\u00eddos por 100 a\u00e7\u00f5es - barreiroweb<\/title>\n<meta name=\"robots\" content=\"index, follow, max-snippet:-1, max-image-preview:large, max-video-preview:-1\" \/>\n<link rel=\"canonical\" href=\"https:\/\/arquivo.barreiroweb.net\/?p=9432\" \/>\n<meta property=\"og:locale\" content=\"pt_PT\" \/>\n<meta property=\"og:type\" content=\"article\" \/>\n<meta property=\"og:title\" content=\"Dia B 2013 \u2013 Inscri\u00e7\u00f5es apuraram 4.500 participantes distribu\u00eddos por 100 a\u00e7\u00f5es - barreiroweb\" \/>\n<meta property=\"og:description\" content=\"Terminadas as inscri\u00e7\u00f5es, a mega a\u00e7\u00e3o de voluntariado urbano, Dia B, a 3 e 4 de maio, no Barreiro, contabiliza 4.500 participantes, distribu\u00eddos por 100 a\u00e7\u00f5es agendadas para 26 escolas do Concelho e por v\u00e1rios locais das oito juntas de Freguesia. As escolas participantes s\u00e3o as seguintes: Escola B\u00e1sica n\u00ba 3 do Barreiro, Jardim-de-inf\u00e2ncia T\u00e1gides, [&hellip;]\" \/>\n<meta property=\"og:url\" content=\"https:\/\/arquivo.barreiroweb.net\/?p=9432\" \/>\n<meta property=\"og:site_name\" content=\"barreiroweb\" \/>\n<meta property=\"article:publisher\" content=\"https:\/\/www.facebook.com\/barreiroweb\" \/>\n<meta property=\"article:published_time\" content=\"2013-04-29T16:03:59+00:00\" \/>\n<meta property=\"article:modified_time\" content=\"2013-04-29T16:05:21+00:00\" \/>\n<meta property=\"og:image\" content=\"https:\/\/arquivo.barreiroweb.net\/wp-content\/uploads\/2013\/04\/Barreiro_Dia-B-2012-15.jpg\" \/>\n\t<meta property=\"og:image:width\" content=\"314\" \/>\n\t<meta property=\"og:image:height\" content=\"209\" \/>\n\t<meta property=\"og:image:type\" content=\"image\/jpeg\" \/>\n<meta name=\"author\" content=\"barreiroweb\" \/>\n<meta name=\"twitter:card\" content=\"summary_large_image\" \/>\n<meta name=\"twitter:creator\" content=\"@barreiroweb\" \/>\n<meta name=\"twitter:site\" content=\"@barreiroweb\" \/>\n<meta name=\"twitter:label1\" content=\"Escrito por\" \/>\n\t<meta name=\"twitter:data1\" content=\"barreiroweb\" \/>\n\t<meta name=\"twitter:label2\" content=\"Tempo estimado de leitura\" \/>\n\t<meta name=\"twitter:data2\" content=\"3 minutos\" \/>\n<script type=\"application\/ld+json\" class=\"yoast-schema-graph\">{\"@context\":\"https:\/\/schema.org\",\"@graph\":[{\"@type\":\"Article\",\"@id\":\"https:\/\/arquivo.barreiroweb.net\/?p=9432#article\",\"isPartOf\":{\"@id\":\"https:\/\/arquivo.barreiroweb.net\/?p=9432\"},\"author\":{\"name\":\"barreiroweb\",\"@id\":\"https:\/\/arquivo.barreiroweb.net\/#\/schema\/person\/44b6d528aff975e3786c9f475f9df2dd\"},\"headline\":\"Dia B 2013 \u2013 Inscri\u00e7\u00f5es apuraram 4.500 participantes distribu\u00eddos por 100 a\u00e7\u00f5es\",\"datePublished\":\"2013-04-29T16:03:59+00:00\",\"dateModified\":\"2013-04-29T16:05:21+00:00\",\"mainEntityOfPage\":{\"@id\":\"https:\/\/arquivo.barreiroweb.net\/?p=9432\"},\"wordCount\":584,\"commentCount\":0,\"publisher\":{\"@id\":\"https:\/\/arquivo.barreiroweb.net\/#organization\"},\"image\":{\"@id\":\"https:\/\/arquivo.barreiroweb.net\/?p=9432#primaryimage\"},\"thumbnailUrl\":\"https:\/\/arquivo.barreiroweb.net\/wp-content\/uploads\/2013\/04\/Barreiro_Dia-B-2012-15.jpg\",\"keywords\":[\"barreiro\",\"Dia B\",\"Dia B 2013\"],\"articleSection\":[\"Associativismo\",\"Destaque\",\"Eventos\"],\"inLanguage\":\"pt-PT\",\"potentialAction\":[{\"@type\":\"CommentAction\",\"name\":\"Comment\",\"target\":[\"https:\/\/arquivo.barreiroweb.net\/?p=9432#respond\"]}]},{\"@type\":\"WebPage\",\"@id\":\"https:\/\/arquivo.barreiroweb.net\/?p=9432\",\"url\":\"https:\/\/arquivo.barreiroweb.net\/?p=9432\",\"name\":\"Dia B 2013 \u2013 Inscri\u00e7\u00f5es apuraram 4.500 participantes distribu\u00eddos por 100 a\u00e7\u00f5es - barreiroweb\",\"isPartOf\":{\"@id\":\"https:\/\/arquivo.barreiroweb.net\/#website\"},\"primaryImageOfPage\":{\"@id\":\"https:\/\/arquivo.barreiroweb.net\/?p=9432#primaryimage\"},\"image\":{\"@id\":\"https:\/\/arquivo.barreiroweb.net\/?p=9432#primaryimage\"},\"thumbnailUrl\":\"https:\/\/arquivo.barreiroweb.net\/wp-content\/uploads\/2013\/04\/Barreiro_Dia-B-2012-15.jpg\",\"datePublished\":\"2013-04-29T16:03:59+00:00\",\"dateModified\":\"2013-04-29T16:05:21+00:00\",\"breadcrumb\":{\"@id\":\"https:\/\/arquivo.barreiroweb.net\/?p=9432#breadcrumb\"},\"inLanguage\":\"pt-PT\",\"potentialAction\":[{\"@type\":\"ReadAction\",\"target\":[\"https:\/\/arquivo.barreiroweb.net\/?p=9432\"]}]},{\"@type\":\"ImageObject\",\"inLanguage\":\"pt-PT\",\"@id\":\"https:\/\/arquivo.barreiroweb.net\/?p=9432#primaryimage\",\"url\":\"https:\/\/arquivo.barreiroweb.net\/wp-content\/uploads\/2013\/04\/Barreiro_Dia-B-2012-15.jpg\",\"contentUrl\":\"https:\/\/arquivo.barreiroweb.net\/wp-content\/uploads\/2013\/04\/Barreiro_Dia-B-2012-15.jpg\",\"width\":314,\"height\":209},{\"@type\":\"BreadcrumbList\",\"@id\":\"https:\/\/arquivo.barreiroweb.net\/?p=9432#breadcrumb\",\"itemListElement\":[{\"@type\":\"ListItem\",\"position\":1,\"name\":\"In\u00edcio\",\"item\":\"https:\/\/arquivo.barreiroweb.net\/\"},{\"@type\":\"ListItem\",\"position\":2,\"name\":\"Dia B 2013 \u2013 Inscri\u00e7\u00f5es apuraram 4.500 participantes distribu\u00eddos por 100 a\u00e7\u00f5es\"}]},{\"@type\":\"WebSite\",\"@id\":\"https:\/\/arquivo.barreiroweb.net\/#website\",\"url\":\"https:\/\/arquivo.barreiroweb.net\/\",\"name\":\"barreiroweb\",\"description\":\"Barreiroweb o barreiro na web\",\"publisher\":{\"@id\":\"https:\/\/arquivo.barreiroweb.net\/#organization\"},\"potentialAction\":[{\"@type\":\"SearchAction\",\"target\":{\"@type\":\"EntryPoint\",\"urlTemplate\":\"https:\/\/arquivo.barreiroweb.net\/?s={search_term_string}\"},\"query-input\":{\"@type\":\"PropertyValueSpecification\",\"valueRequired\":true,\"valueName\":\"search_term_string\"}}],\"inLanguage\":\"pt-PT\"},{\"@type\":\"Organization\",\"@id\":\"https:\/\/arquivo.barreiroweb.net\/#organization\",\"name\":\"barreiroweb\",\"url\":\"https:\/\/arquivo.barreiroweb.net\/\",\"logo\":{\"@type\":\"ImageObject\",\"inLanguage\":\"pt-PT\",\"@id\":\"https:\/\/arquivo.barreiroweb.net\/#\/schema\/logo\/image\/\",\"url\":\"https:\/\/barreiroweb.net\/wp-content\/uploads\/2022\/05\/BarreiroWeb555.jpg\",\"contentUrl\":\"https:\/\/barreiroweb.net\/wp-content\/uploads\/2022\/05\/BarreiroWeb555.jpg\",\"width\":421,\"height\":415,\"caption\":\"barreiroweb\"},\"image\":{\"@id\":\"https:\/\/arquivo.barreiroweb.net\/#\/schema\/logo\/image\/\"},\"sameAs\":[\"https:\/\/www.facebook.com\/barreiroweb\",\"https:\/\/x.com\/barreiroweb\"]},{\"@type\":\"Person\",\"@id\":\"https:\/\/arquivo.barreiroweb.net\/#\/schema\/person\/44b6d528aff975e3786c9f475f9df2dd\",\"name\":\"barreiroweb\",\"image\":{\"@type\":\"ImageObject\",\"inLanguage\":\"pt-PT\",\"@id\":\"https:\/\/arquivo.barreiroweb.net\/#\/schema\/person\/image\/\",\"url\":\"https:\/\/secure.gravatar.com\/avatar\/1f764b917967430404ff0b452044eb63a25d64a5363b25be2aa42273930f477d?s=96&d=mm&r=g\",\"contentUrl\":\"https:\/\/secure.gravatar.com\/avatar\/1f764b917967430404ff0b452044eb63a25d64a5363b25be2aa42273930f477d?s=96&d=mm&r=g\",\"caption\":\"barreiroweb\"},\"url\":\"https:\/\/arquivo.barreiroweb.net\/?author=1\"}]}<\/script>\n<!-- \/ Yoast SEO plugin. -->","yoast_head_json":{"title":"Dia B 2013 \u2013 Inscri\u00e7\u00f5es apuraram 4.500 participantes distribu\u00eddos por 100 a\u00e7\u00f5es - barreiroweb","robots":{"index":"index","follow":"follow","max-snippet":"max-snippet:-1","max-image-preview":"max-image-preview:large","max-video-preview":"max-video-preview:-1"},"canonical":"https:\/\/arquivo.barreiroweb.net\/?p=9432","og_locale":"pt_PT","og_type":"article","og_title":"Dia B 2013 \u2013 Inscri\u00e7\u00f5es apuraram 4.500 participantes distribu\u00eddos por 100 a\u00e7\u00f5es - barreiroweb","og_description":"Terminadas as inscri\u00e7\u00f5es, a mega a\u00e7\u00e3o de voluntariado urbano, Dia B, a 3 e 4 de maio, no Barreiro, contabiliza 4.500 participantes, distribu\u00eddos por 100 a\u00e7\u00f5es agendadas para 26 escolas do Concelho e por v\u00e1rios locais das oito juntas de Freguesia. As escolas participantes s\u00e3o as seguintes: Escola B\u00e1sica n\u00ba 3 do Barreiro, Jardim-de-inf\u00e2ncia T\u00e1gides, [&hellip;]","og_url":"https:\/\/arquivo.barreiroweb.net\/?p=9432","og_site_name":"barreiroweb","article_publisher":"https:\/\/www.facebook.com\/barreiroweb","article_published_time":"2013-04-29T16:03:59+00:00","article_modified_time":"2013-04-29T16:05:21+00:00","og_image":[{"width":314,"height":209,"url":"https:\/\/arquivo.barreiroweb.net\/wp-content\/uploads\/2013\/04\/Barreiro_Dia-B-2012-15.jpg","type":"image\/jpeg"}],"author":"barreiroweb","twitter_card":"summary_large_image","twitter_creator":"@barreiroweb","twitter_site":"@barreiroweb","twitter_misc":{"Escrito por":"barreiroweb","Tempo estimado de leitura":"3 minutos"},"schema":{"@context":"https:\/\/schema.org","@graph":[{"@type":"Article","@id":"https:\/\/arquivo.barreiroweb.net\/?p=9432#article","isPartOf":{"@id":"https:\/\/arquivo.barreiroweb.net\/?p=9432"},"author":{"name":"barreiroweb","@id":"https:\/\/arquivo.barreiroweb.net\/#\/schema\/person\/44b6d528aff975e3786c9f475f9df2dd"},"headline":"Dia B 2013 \u2013 Inscri\u00e7\u00f5es apuraram 4.500 participantes distribu\u00eddos por 100 a\u00e7\u00f5es","datePublished":"2013-04-29T16:03:59+00:00","dateModified":"2013-04-29T16:05:21+00:00","mainEntityOfPage":{"@id":"https:\/\/arquivo.barreiroweb.net\/?p=9432"},"wordCount":584,"commentCount":0,"publisher":{"@id":"https:\/\/arquivo.barreiroweb.net\/#organization"},"image":{"@id":"https:\/\/arquivo.barreiroweb.net\/?p=9432#primaryimage"},"thumbnailUrl":"https:\/\/arquivo.barreiroweb.net\/wp-content\/uploads\/2013\/04\/Barreiro_Dia-B-2012-15.jpg","keywords":["barreiro","Dia B","Dia B 2013"],"articleSection":["Associativismo","Destaque","Eventos"],"inLanguage":"pt-PT","potentialAction":[{"@type":"CommentAction","name":"Comment","target":["https:\/\/arquivo.barreiroweb.net\/?p=9432#respond"]}]},{"@type":"WebPage","@id":"https:\/\/arquivo.barreiroweb.net\/?p=9432","url":"https:\/\/arquivo.barreiroweb.net\/?p=9432","name":"Dia B 2013 \u2013 Inscri\u00e7\u00f5es apuraram 4.500 participantes distribu\u00eddos por 100 a\u00e7\u00f5es - barreiroweb","isPartOf":{"@id":"https:\/\/arquivo.barreiroweb.net\/#website"},"primaryImageOfPage":{"@id":"https:\/\/arquivo.barreiroweb.net\/?p=9432#primaryimage"},"image":{"@id":"https:\/\/arquivo.barreiroweb.net\/?p=9432#primaryimage"},"thumbnailUrl":"https:\/\/arquivo.barreiroweb.net\/wp-content\/uploads\/2013\/04\/Barreiro_Dia-B-2012-15.jpg","datePublished":"2013-04-29T16:03:59+00:00","dateModified":"2013-04-29T16:05:21+00:00","breadcrumb":{"@id":"https:\/\/arquivo.barreiroweb.net\/?p=9432#breadcrumb"},"inLanguage":"pt-PT","potentialAction":[{"@type":"ReadAction","target":["https:\/\/arquivo.barreiroweb.net\/?p=9432"]}]},{"@type":"ImageObject","inLanguage":"pt-PT","@id":"https:\/\/arquivo.barreiroweb.net\/?p=9432#primaryimage","url":"https:\/\/arquivo.barreiroweb.net\/wp-content\/uploads\/2013\/04\/Barreiro_Dia-B-2012-15.jpg","contentUrl":"https:\/\/arquivo.barreiroweb.net\/wp-content\/uploads\/2013\/04\/Barreiro_Dia-B-2012-15.jpg","width":314,"height":209},{"@type":"BreadcrumbList","@id":"https:\/\/arquivo.barreiroweb.net\/?p=9432#breadcrumb","itemListElement":[{"@type":"ListItem","position":1,"name":"In\u00edcio","item":"https:\/\/arquivo.barreiroweb.net\/"},{"@type":"ListItem","position":2,"name":"Dia B 2013 \u2013 Inscri\u00e7\u00f5es apuraram 4.500 participantes distribu\u00eddos por 100 a\u00e7\u00f5es"}]},{"@type":"WebSite","@id":"https:\/\/arquivo.barreiroweb.net\/#website","url":"https:\/\/arquivo.barreiroweb.net\/","name":"barreiroweb","description":"Barreiroweb o barreiro na web","publisher":{"@id":"https:\/\/arquivo.barreiroweb.net\/#organization"},"potentialAction":[{"@type":"SearchAction","target":{"@type":"EntryPoint","urlTemplate":"https:\/\/arquivo.barreiroweb.net\/?s={search_term_string}"},"query-input":{"@type":"PropertyValueSpecification","valueRequired":true,"valueName":"search_term_string"}}],"inLanguage":"pt-PT"},{"@type":"Organization","@id":"https:\/\/arquivo.barreiroweb.net\/#organization","name":"barreiroweb","url":"https:\/\/arquivo.barreiroweb.net\/","logo":{"@type":"ImageObject","inLanguage":"pt-PT","@id":"https:\/\/arquivo.barreiroweb.net\/#\/schema\/logo\/image\/","url":"https:\/\/barreiroweb.net\/wp-content\/uploads\/2022\/05\/BarreiroWeb555.jpg","contentUrl":"https:\/\/barreiroweb.net\/wp-content\/uploads\/2022\/05\/BarreiroWeb555.jpg","width":421,"height":415,"caption":"barreiroweb"},"image":{"@id":"https:\/\/arquivo.barreiroweb.net\/#\/schema\/logo\/image\/"},"sameAs":["https:\/\/www.facebook.com\/barreiroweb","https:\/\/x.com\/barreiroweb"]},{"@type":"Person","@id":"https:\/\/arquivo.barreiroweb.net\/#\/schema\/person\/44b6d528aff975e3786c9f475f9df2dd","name":"barreiroweb","image":{"@type":"ImageObject","inLanguage":"pt-PT","@id":"https:\/\/arquivo.barreiroweb.net\/#\/schema\/person\/image\/","url":"https:\/\/secure.gravatar.com\/avatar\/1f764b917967430404ff0b452044eb63a25d64a5363b25be2aa42273930f477d?s=96&d=mm&r=g","contentUrl":"https:\/\/secure.gravatar.com\/avatar\/1f764b917967430404ff0b452044eb63a25d64a5363b25be2aa42273930f477d?s=96&d=mm&r=g","caption":"barreiroweb"},"url":"https:\/\/arquivo.barreiroweb.net\/?author=1"}]}},"_links":{"self":[{"href":"https:\/\/arquivo.barreiroweb.net\/index.php?rest_route=\/wp\/v2\/posts\/9432","targetHints":{"allow":["GET"]}}],"collection":[{"href":"https:\/\/arquivo.barreiroweb.net\/index.php?rest_route=\/wp\/v2\/posts"}],"about":[{"href":"https:\/\/arquivo.barreiroweb.net\/index.php?rest_route=\/wp\/v2\/types\/post"}],"author":[{"embeddable":true,"href":"https:\/\/arquivo.barreiroweb.net\/index.php?rest_route=\/wp\/v2\/users\/1"}],"replies":[{"embeddable":true,"href":"https:\/\/arquivo.barreiroweb.net\/index.php?rest_route=%2Fwp%2Fv2%2Fcomments&post=9432"}],"version-history":[{"count":3,"href":"https:\/\/arquivo.barreiroweb.net\/index.php?rest_route=\/wp\/v2\/posts\/9432\/revisions"}],"predecessor-version":[{"id":9435,"href":"https:\/\/arquivo.barreiroweb.net\/index.php?rest_route=\/wp\/v2\/posts\/9432\/revisions\/9435"}],"wp:featuredmedia":[{"embeddable":true,"href":"https:\/\/arquivo.barreiroweb.net\/index.php?rest_route=\/wp\/v2\/media\/9433"}],"wp:attachment":[{"href":"https:\/\/arquivo.barreiroweb.net\/index.php?rest_route=%2Fwp%2Fv2%2Fmedia&parent=9432"}],"wp:term":[{"taxonomy":"category","embeddable":true,"href":"https:\/\/arquivo.barreiroweb.net\/index.php?rest_route=%2Fwp%2Fv2%2Fcategories&post=9432"},{"taxonomy":"post_tag","embeddable":true,"href":"https:\/\/arquivo.barreiroweb.net\/index.php?rest_route=%2Fwp%2Fv2%2Ftags&post=9432"}],"curies":[{"name":"wp","href":"https:\/\/api.w.org\/{rel}","templated":true}]}}