{"id":9415,"date":"2013-04-24T17:42:15","date_gmt":"2013-04-24T16:42:15","guid":{"rendered":"http:\/\/barreiroweb.eu\/?p=9415"},"modified":"2013-04-24T17:43:38","modified_gmt":"2013-04-24T16:43:38","slug":"3a-jornada-do-campeonato-distrital-de-setubal","status":"publish","type":"post","link":"https:\/\/arquivo.barreiroweb.net\/?p=9415","title":{"rendered":"Luta Olimpica, 3\u00aa Jornada do Campeonato de Distrital de Set\u00fabal"},"content":{"rendered":"<p style=\"text-align: justify;\"><a href=\"http:\/\/barreiroweb.eu\/wp-content\/uploads\/2013\/04\/luta-barreiro.png\" rel=\"lightbox[9415]\"><img loading=\"lazy\" decoding=\"async\" class=\"alignleft size-thumbnail wp-image-9416\" alt=\"luta barreiro\" src=\"http:\/\/barreiroweb.eu\/wp-content\/uploads\/2013\/04\/luta-barreiro-150x150.png\" width=\"150\" height=\"150\" srcset=\"https:\/\/arquivo.barreiroweb.net\/wp-content\/uploads\/2013\/04\/luta-barreiro-150x150.png 150w, https:\/\/arquivo.barreiroweb.net\/wp-content\/uploads\/2013\/04\/luta-barreiro-50x50.png 50w, https:\/\/arquivo.barreiroweb.net\/wp-content\/uploads\/2013\/04\/luta-barreiro-70x70.png 70w, https:\/\/arquivo.barreiroweb.net\/wp-content\/uploads\/2013\/04\/luta-barreiro-55x55.png 55w\" sizes=\"auto, (max-width: 150px) 100vw, 150px\" \/><\/a>Realizou-se no passado s\u00e1bado, dia 20 de mar\u00e7o, a 3\u00aa jornada do Campeonato Distrital de Set\u00fabal, organizado pela Associa\u00e7\u00e3o Portuguesa de Ci\u00eancias e Combate, na Escola B\u00e1sica Quinta Nova da Telha em Santo Andr\u00e9 no Barreiro.<\/p>\n<p>Deu-se inicio \u00e0 competi\u00e7\u00e3o por volta das 15H30, com os seguintes clubes a disputar o trof\u00e9u e o Campeonato:\u00a0Gin\u00e1sio Atl\u00e9tico Clube &#8211; Moita, Sociedade Recreativa da Baixa da Serra &#8211; Moita, Associa\u00e7\u00e3o Portuguesa de Ci\u00eancias de Combate &#8211; Barreiro, Grupo Dram\u00e1tico e Recreativo \u201cOs Le\u00e7as\u201d &#8211; Barreiro e o Clube de Luta do Bastos &#8211; Sesimbra.<\/p>\n<p>Durante os combates, assistiu-se alguns de bons pormenores t\u00e9cnicos e de alguma disputa ente os presentes, ajuizados pelos \u00e1rbitros Frederico Bastos, Paulo Le\u00e3o e Liliana Santos.<\/p>\n<p>Feita as contas das pontua\u00e7\u00f5es coletivas finais desta jornada, os \u201cOs Le\u00e7as\u201d voltam a vencer outra jornada, em segundo ficou a Baixa da Serra, em terceiro o &#8220;Bastos&#8221;, quarto o Gin\u00e1sio e por \u00faltimo a Ci\u00eancia de Combate.<\/p>\n<p style=\"text-align: justify;\">J\u00e1 as contas do Campeonato Distrital, o &#8220;Os Le\u00e7as&#8221;\u00a0mant\u00e9m\u00a0a lideran\u00e7a, a Baixa da Serra e o Gin\u00e1sio mant\u00e9m tamb\u00e9m as suas classifica\u00e7\u00f5es, j\u00e1 nas restantes classifica\u00e7\u00f5es, houve uma troca de lugar, onde o &#8220;Bastos&#8221; na sua primeira participa\u00e7\u00e3o numa jornada, passou a Ci\u00eancia de Combate, que agora fica em 5\u00ba.<\/p>\n<p style=\"text-align: right;\">\u00a0<a href=\"http:\/\/mundolutaolimpica.blogspot.com\/2013\/04\/faltam-2-jornadas-e-os-lecas-reforcam.html\" target=\"_blank\">Mundo da Luta Ol\u00edmpica<\/a><\/p>\n","protected":false},"excerpt":{"rendered":"<p>Realizou-se no passado s\u00e1bado, dia 20 de mar\u00e7o, a 3\u00aa jornada do Campeonato Distrital de Set\u00fabal, organizado pela Associa\u00e7\u00e3o Portuguesa de Ci\u00eancias e Combate, na Escola B\u00e1sica Quinta Nova da Telha em Santo Andr\u00e9 no Barreiro. Deu-se inicio \u00e0 competi\u00e7\u00e3o por volta das 15H30, com os seguintes clubes a disputar o trof\u00e9u e o Campeonato:\u00a0Gin\u00e1sio [&hellip;]<\/p>\n","protected":false},"author":1,"featured_media":9416,"comment_status":"open","ping_status":"open","sticky":false,"template":"","format":"standard","meta":{"footnotes":""},"categories":[16,12],"tags":[41,110],"class_list":["post-9415","post","type-post","status-publish","format-standard","has-post-thumbnail","hentry","category-associativismo","category-desporto","tag-barreiro","tag-desporto-2","last_archivepost"],"yoast_head":"<!-- This site is optimized with the Yoast SEO plugin v27.1.1 - https:\/\/yoast.com\/product\/yoast-seo-wordpress\/ -->\n<title>Luta Olimpica, 3\u00aa Jornada do Campeonato de Distrital de Set\u00fabal - barreiroweb<\/title>\n<meta name=\"robots\" content=\"index, follow, max-snippet:-1, max-image-preview:large, max-video-preview:-1\" \/>\n<link rel=\"canonical\" href=\"https:\/\/arquivo.barreiroweb.net\/?p=9415\" \/>\n<meta property=\"og:locale\" content=\"pt_PT\" \/>\n<meta property=\"og:type\" content=\"article\" \/>\n<meta property=\"og:title\" content=\"Luta Olimpica, 3\u00aa Jornada do Campeonato de Distrital de Set\u00fabal - barreiroweb\" \/>\n<meta property=\"og:description\" content=\"Realizou-se no passado s\u00e1bado, dia 20 de mar\u00e7o, a 3\u00aa jornada do Campeonato Distrital de Set\u00fabal, organizado pela Associa\u00e7\u00e3o Portuguesa de Ci\u00eancias e Combate, na Escola B\u00e1sica Quinta Nova da Telha em Santo Andr\u00e9 no Barreiro. Deu-se inicio \u00e0 competi\u00e7\u00e3o por volta das 15H30, com os seguintes clubes a disputar o trof\u00e9u e o Campeonato:\u00a0Gin\u00e1sio [&hellip;]\" \/>\n<meta property=\"og:url\" content=\"https:\/\/arquivo.barreiroweb.net\/?p=9415\" \/>\n<meta property=\"og:site_name\" content=\"barreiroweb\" \/>\n<meta property=\"article:publisher\" content=\"https:\/\/www.facebook.com\/barreiroweb\" \/>\n<meta property=\"article:published_time\" content=\"2013-04-24T16:42:15+00:00\" \/>\n<meta property=\"article:modified_time\" content=\"2013-04-24T16:43:38+00:00\" \/>\n<meta property=\"og:image\" content=\"https:\/\/arquivo.barreiroweb.net\/wp-content\/uploads\/2013\/04\/luta-barreiro.png\" \/>\n\t<meta property=\"og:image:width\" content=\"321\" \/>\n\t<meta property=\"og:image:height\" content=\"241\" \/>\n\t<meta property=\"og:image:type\" content=\"image\/png\" \/>\n<meta name=\"author\" content=\"barreiroweb\" \/>\n<meta name=\"twitter:card\" content=\"summary_large_image\" \/>\n<meta name=\"twitter:creator\" content=\"@barreiroweb\" \/>\n<meta name=\"twitter:site\" content=\"@barreiroweb\" \/>\n<meta name=\"twitter:label1\" content=\"Escrito por\" \/>\n\t<meta name=\"twitter:data1\" content=\"barreiroweb\" \/>\n\t<meta name=\"twitter:label2\" content=\"Tempo estimado de leitura\" \/>\n\t<meta name=\"twitter:data2\" content=\"1 minuto\" \/>\n<script type=\"application\/ld+json\" class=\"yoast-schema-graph\">{\"@context\":\"https:\/\/schema.org\",\"@graph\":[{\"@type\":\"Article\",\"@id\":\"https:\/\/arquivo.barreiroweb.net\/?p=9415#article\",\"isPartOf\":{\"@id\":\"https:\/\/arquivo.barreiroweb.net\/?p=9415\"},\"author\":{\"name\":\"barreiroweb\",\"@id\":\"https:\/\/arquivo.barreiroweb.net\/#\/schema\/person\/44b6d528aff975e3786c9f475f9df2dd\"},\"headline\":\"Luta Olimpica, 3\u00aa Jornada do Campeonato de Distrital de Set\u00fabal\",\"datePublished\":\"2013-04-24T16:42:15+00:00\",\"dateModified\":\"2013-04-24T16:43:38+00:00\",\"mainEntityOfPage\":{\"@id\":\"https:\/\/arquivo.barreiroweb.net\/?p=9415\"},\"wordCount\":250,\"commentCount\":0,\"publisher\":{\"@id\":\"https:\/\/arquivo.barreiroweb.net\/#organization\"},\"image\":{\"@id\":\"https:\/\/arquivo.barreiroweb.net\/?p=9415#primaryimage\"},\"thumbnailUrl\":\"https:\/\/arquivo.barreiroweb.net\/wp-content\/uploads\/2013\/04\/luta-barreiro.png\",\"keywords\":[\"barreiro\",\"desporto\"],\"articleSection\":[\"Associativismo\",\"Desporto\"],\"inLanguage\":\"pt-PT\",\"potentialAction\":[{\"@type\":\"CommentAction\",\"name\":\"Comment\",\"target\":[\"https:\/\/arquivo.barreiroweb.net\/?p=9415#respond\"]}]},{\"@type\":\"WebPage\",\"@id\":\"https:\/\/arquivo.barreiroweb.net\/?p=9415\",\"url\":\"https:\/\/arquivo.barreiroweb.net\/?p=9415\",\"name\":\"Luta Olimpica, 3\u00aa Jornada do Campeonato de Distrital de Set\u00fabal - barreiroweb\",\"isPartOf\":{\"@id\":\"https:\/\/arquivo.barreiroweb.net\/#website\"},\"primaryImageOfPage\":{\"@id\":\"https:\/\/arquivo.barreiroweb.net\/?p=9415#primaryimage\"},\"image\":{\"@id\":\"https:\/\/arquivo.barreiroweb.net\/?p=9415#primaryimage\"},\"thumbnailUrl\":\"https:\/\/arquivo.barreiroweb.net\/wp-content\/uploads\/2013\/04\/luta-barreiro.png\",\"datePublished\":\"2013-04-24T16:42:15+00:00\",\"dateModified\":\"2013-04-24T16:43:38+00:00\",\"breadcrumb\":{\"@id\":\"https:\/\/arquivo.barreiroweb.net\/?p=9415#breadcrumb\"},\"inLanguage\":\"pt-PT\",\"potentialAction\":[{\"@type\":\"ReadAction\",\"target\":[\"https:\/\/arquivo.barreiroweb.net\/?p=9415\"]}]},{\"@type\":\"ImageObject\",\"inLanguage\":\"pt-PT\",\"@id\":\"https:\/\/arquivo.barreiroweb.net\/?p=9415#primaryimage\",\"url\":\"https:\/\/arquivo.barreiroweb.net\/wp-content\/uploads\/2013\/04\/luta-barreiro.png\",\"contentUrl\":\"https:\/\/arquivo.barreiroweb.net\/wp-content\/uploads\/2013\/04\/luta-barreiro.png\",\"width\":321,\"height\":241},{\"@type\":\"BreadcrumbList\",\"@id\":\"https:\/\/arquivo.barreiroweb.net\/?p=9415#breadcrumb\",\"itemListElement\":[{\"@type\":\"ListItem\",\"position\":1,\"name\":\"In\u00edcio\",\"item\":\"https:\/\/arquivo.barreiroweb.net\/\"},{\"@type\":\"ListItem\",\"position\":2,\"name\":\"Luta Olimpica, 3\u00aa Jornada do Campeonato de Distrital de Set\u00fabal\"}]},{\"@type\":\"WebSite\",\"@id\":\"https:\/\/arquivo.barreiroweb.net\/#website\",\"url\":\"https:\/\/arquivo.barreiroweb.net\/\",\"name\":\"barreiroweb\",\"description\":\"Barreiroweb o barreiro na web\",\"publisher\":{\"@id\":\"https:\/\/arquivo.barreiroweb.net\/#organization\"},\"potentialAction\":[{\"@type\":\"SearchAction\",\"target\":{\"@type\":\"EntryPoint\",\"urlTemplate\":\"https:\/\/arquivo.barreiroweb.net\/?s={search_term_string}\"},\"query-input\":{\"@type\":\"PropertyValueSpecification\",\"valueRequired\":true,\"valueName\":\"search_term_string\"}}],\"inLanguage\":\"pt-PT\"},{\"@type\":\"Organization\",\"@id\":\"https:\/\/arquivo.barreiroweb.net\/#organization\",\"name\":\"barreiroweb\",\"url\":\"https:\/\/arquivo.barreiroweb.net\/\",\"logo\":{\"@type\":\"ImageObject\",\"inLanguage\":\"pt-PT\",\"@id\":\"https:\/\/arquivo.barreiroweb.net\/#\/schema\/logo\/image\/\",\"url\":\"https:\/\/barreiroweb.net\/wp-content\/uploads\/2022\/05\/BarreiroWeb555.jpg\",\"contentUrl\":\"https:\/\/barreiroweb.net\/wp-content\/uploads\/2022\/05\/BarreiroWeb555.jpg\",\"width\":421,\"height\":415,\"caption\":\"barreiroweb\"},\"image\":{\"@id\":\"https:\/\/arquivo.barreiroweb.net\/#\/schema\/logo\/image\/\"},\"sameAs\":[\"https:\/\/www.facebook.com\/barreiroweb\",\"https:\/\/x.com\/barreiroweb\"]},{\"@type\":\"Person\",\"@id\":\"https:\/\/arquivo.barreiroweb.net\/#\/schema\/person\/44b6d528aff975e3786c9f475f9df2dd\",\"name\":\"barreiroweb\",\"image\":{\"@type\":\"ImageObject\",\"inLanguage\":\"pt-PT\",\"@id\":\"https:\/\/arquivo.barreiroweb.net\/#\/schema\/person\/image\/\",\"url\":\"https:\/\/secure.gravatar.com\/avatar\/1f764b917967430404ff0b452044eb63a25d64a5363b25be2aa42273930f477d?s=96&d=mm&r=g\",\"contentUrl\":\"https:\/\/secure.gravatar.com\/avatar\/1f764b917967430404ff0b452044eb63a25d64a5363b25be2aa42273930f477d?s=96&d=mm&r=g\",\"caption\":\"barreiroweb\"},\"url\":\"https:\/\/arquivo.barreiroweb.net\/?author=1\"}]}<\/script>\n<!-- \/ Yoast SEO plugin. -->","yoast_head_json":{"title":"Luta Olimpica, 3\u00aa Jornada do Campeonato de Distrital de Set\u00fabal - barreiroweb","robots":{"index":"index","follow":"follow","max-snippet":"max-snippet:-1","max-image-preview":"max-image-preview:large","max-video-preview":"max-video-preview:-1"},"canonical":"https:\/\/arquivo.barreiroweb.net\/?p=9415","og_locale":"pt_PT","og_type":"article","og_title":"Luta Olimpica, 3\u00aa Jornada do Campeonato de Distrital de Set\u00fabal - barreiroweb","og_description":"Realizou-se no passado s\u00e1bado, dia 20 de mar\u00e7o, a 3\u00aa jornada do Campeonato Distrital de Set\u00fabal, organizado pela Associa\u00e7\u00e3o Portuguesa de Ci\u00eancias e Combate, na Escola B\u00e1sica Quinta Nova da Telha em Santo Andr\u00e9 no Barreiro. Deu-se inicio \u00e0 competi\u00e7\u00e3o por volta das 15H30, com os seguintes clubes a disputar o trof\u00e9u e o Campeonato:\u00a0Gin\u00e1sio [&hellip;]","og_url":"https:\/\/arquivo.barreiroweb.net\/?p=9415","og_site_name":"barreiroweb","article_publisher":"https:\/\/www.facebook.com\/barreiroweb","article_published_time":"2013-04-24T16:42:15+00:00","article_modified_time":"2013-04-24T16:43:38+00:00","og_image":[{"width":321,"height":241,"url":"https:\/\/arquivo.barreiroweb.net\/wp-content\/uploads\/2013\/04\/luta-barreiro.png","type":"image\/png"}],"author":"barreiroweb","twitter_card":"summary_large_image","twitter_creator":"@barreiroweb","twitter_site":"@barreiroweb","twitter_misc":{"Escrito por":"barreiroweb","Tempo estimado de leitura":"1 minuto"},"schema":{"@context":"https:\/\/schema.org","@graph":[{"@type":"Article","@id":"https:\/\/arquivo.barreiroweb.net\/?p=9415#article","isPartOf":{"@id":"https:\/\/arquivo.barreiroweb.net\/?p=9415"},"author":{"name":"barreiroweb","@id":"https:\/\/arquivo.barreiroweb.net\/#\/schema\/person\/44b6d528aff975e3786c9f475f9df2dd"},"headline":"Luta Olimpica, 3\u00aa Jornada do Campeonato de Distrital de Set\u00fabal","datePublished":"2013-04-24T16:42:15+00:00","dateModified":"2013-04-24T16:43:38+00:00","mainEntityOfPage":{"@id":"https:\/\/arquivo.barreiroweb.net\/?p=9415"},"wordCount":250,"commentCount":0,"publisher":{"@id":"https:\/\/arquivo.barreiroweb.net\/#organization"},"image":{"@id":"https:\/\/arquivo.barreiroweb.net\/?p=9415#primaryimage"},"thumbnailUrl":"https:\/\/arquivo.barreiroweb.net\/wp-content\/uploads\/2013\/04\/luta-barreiro.png","keywords":["barreiro","desporto"],"articleSection":["Associativismo","Desporto"],"inLanguage":"pt-PT","potentialAction":[{"@type":"CommentAction","name":"Comment","target":["https:\/\/arquivo.barreiroweb.net\/?p=9415#respond"]}]},{"@type":"WebPage","@id":"https:\/\/arquivo.barreiroweb.net\/?p=9415","url":"https:\/\/arquivo.barreiroweb.net\/?p=9415","name":"Luta Olimpica, 3\u00aa Jornada do Campeonato de Distrital de Set\u00fabal - barreiroweb","isPartOf":{"@id":"https:\/\/arquivo.barreiroweb.net\/#website"},"primaryImageOfPage":{"@id":"https:\/\/arquivo.barreiroweb.net\/?p=9415#primaryimage"},"image":{"@id":"https:\/\/arquivo.barreiroweb.net\/?p=9415#primaryimage"},"thumbnailUrl":"https:\/\/arquivo.barreiroweb.net\/wp-content\/uploads\/2013\/04\/luta-barreiro.png","datePublished":"2013-04-24T16:42:15+00:00","dateModified":"2013-04-24T16:43:38+00:00","breadcrumb":{"@id":"https:\/\/arquivo.barreiroweb.net\/?p=9415#breadcrumb"},"inLanguage":"pt-PT","potentialAction":[{"@type":"ReadAction","target":["https:\/\/arquivo.barreiroweb.net\/?p=9415"]}]},{"@type":"ImageObject","inLanguage":"pt-PT","@id":"https:\/\/arquivo.barreiroweb.net\/?p=9415#primaryimage","url":"https:\/\/arquivo.barreiroweb.net\/wp-content\/uploads\/2013\/04\/luta-barreiro.png","contentUrl":"https:\/\/arquivo.barreiroweb.net\/wp-content\/uploads\/2013\/04\/luta-barreiro.png","width":321,"height":241},{"@type":"BreadcrumbList","@id":"https:\/\/arquivo.barreiroweb.net\/?p=9415#breadcrumb","itemListElement":[{"@type":"ListItem","position":1,"name":"In\u00edcio","item":"https:\/\/arquivo.barreiroweb.net\/"},{"@type":"ListItem","position":2,"name":"Luta Olimpica, 3\u00aa Jornada do Campeonato de Distrital de Set\u00fabal"}]},{"@type":"WebSite","@id":"https:\/\/arquivo.barreiroweb.net\/#website","url":"https:\/\/arquivo.barreiroweb.net\/","name":"barreiroweb","description":"Barreiroweb o barreiro na web","publisher":{"@id":"https:\/\/arquivo.barreiroweb.net\/#organization"},"potentialAction":[{"@type":"SearchAction","target":{"@type":"EntryPoint","urlTemplate":"https:\/\/arquivo.barreiroweb.net\/?s={search_term_string}"},"query-input":{"@type":"PropertyValueSpecification","valueRequired":true,"valueName":"search_term_string"}}],"inLanguage":"pt-PT"},{"@type":"Organization","@id":"https:\/\/arquivo.barreiroweb.net\/#organization","name":"barreiroweb","url":"https:\/\/arquivo.barreiroweb.net\/","logo":{"@type":"ImageObject","inLanguage":"pt-PT","@id":"https:\/\/arquivo.barreiroweb.net\/#\/schema\/logo\/image\/","url":"https:\/\/barreiroweb.net\/wp-content\/uploads\/2022\/05\/BarreiroWeb555.jpg","contentUrl":"https:\/\/barreiroweb.net\/wp-content\/uploads\/2022\/05\/BarreiroWeb555.jpg","width":421,"height":415,"caption":"barreiroweb"},"image":{"@id":"https:\/\/arquivo.barreiroweb.net\/#\/schema\/logo\/image\/"},"sameAs":["https:\/\/www.facebook.com\/barreiroweb","https:\/\/x.com\/barreiroweb"]},{"@type":"Person","@id":"https:\/\/arquivo.barreiroweb.net\/#\/schema\/person\/44b6d528aff975e3786c9f475f9df2dd","name":"barreiroweb","image":{"@type":"ImageObject","inLanguage":"pt-PT","@id":"https:\/\/arquivo.barreiroweb.net\/#\/schema\/person\/image\/","url":"https:\/\/secure.gravatar.com\/avatar\/1f764b917967430404ff0b452044eb63a25d64a5363b25be2aa42273930f477d?s=96&d=mm&r=g","contentUrl":"https:\/\/secure.gravatar.com\/avatar\/1f764b917967430404ff0b452044eb63a25d64a5363b25be2aa42273930f477d?s=96&d=mm&r=g","caption":"barreiroweb"},"url":"https:\/\/arquivo.barreiroweb.net\/?author=1"}]}},"_links":{"self":[{"href":"https:\/\/arquivo.barreiroweb.net\/index.php?rest_route=\/wp\/v2\/posts\/9415","targetHints":{"allow":["GET"]}}],"collection":[{"href":"https:\/\/arquivo.barreiroweb.net\/index.php?rest_route=\/wp\/v2\/posts"}],"about":[{"href":"https:\/\/arquivo.barreiroweb.net\/index.php?rest_route=\/wp\/v2\/types\/post"}],"author":[{"embeddable":true,"href":"https:\/\/arquivo.barreiroweb.net\/index.php?rest_route=\/wp\/v2\/users\/1"}],"replies":[{"embeddable":true,"href":"https:\/\/arquivo.barreiroweb.net\/index.php?rest_route=%2Fwp%2Fv2%2Fcomments&post=9415"}],"version-history":[{"count":3,"href":"https:\/\/arquivo.barreiroweb.net\/index.php?rest_route=\/wp\/v2\/posts\/9415\/revisions"}],"predecessor-version":[{"id":9418,"href":"https:\/\/arquivo.barreiroweb.net\/index.php?rest_route=\/wp\/v2\/posts\/9415\/revisions\/9418"}],"wp:featuredmedia":[{"embeddable":true,"href":"https:\/\/arquivo.barreiroweb.net\/index.php?rest_route=\/wp\/v2\/media\/9416"}],"wp:attachment":[{"href":"https:\/\/arquivo.barreiroweb.net\/index.php?rest_route=%2Fwp%2Fv2%2Fmedia&parent=9415"}],"wp:term":[{"taxonomy":"category","embeddable":true,"href":"https:\/\/arquivo.barreiroweb.net\/index.php?rest_route=%2Fwp%2Fv2%2Fcategories&post=9415"},{"taxonomy":"post_tag","embeddable":true,"href":"https:\/\/arquivo.barreiroweb.net\/index.php?rest_route=%2Fwp%2Fv2%2Ftags&post=9415"}],"curies":[{"name":"wp","href":"https:\/\/api.w.org\/{rel}","templated":true}]}}