{"id":9337,"date":"2013-04-14T02:40:12","date_gmt":"2013-04-14T01:40:12","guid":{"rendered":"http:\/\/barreiroweb.eu\/?p=9337"},"modified":"2013-04-14T02:40:12","modified_gmt":"2013-04-14T01:40:12","slug":"sergio-godinho-e-boss-ac-nas-comemoracoes-do-25-de-abril-em-almada","status":"publish","type":"post","link":"https:\/\/arquivo.barreiroweb.net\/?p=9337","title":{"rendered":"S\u00e9rgio Godinho e Boss AC nas Comemora\u00e7\u00f5es do 25 de Abril em Almada"},"content":{"rendered":"<div style=\"text-align: justify;\"><a href=\"http:\/\/barreiroweb.eu\/wp-content\/uploads\/2013\/04\/xst_loadimg.png\" rel=\"lightbox[9337]\"><img loading=\"lazy\" decoding=\"async\" class=\"alignleft size-thumbnail wp-image-9334\" alt=\"xst_loadimg\" src=\"http:\/\/barreiroweb.eu\/wp-content\/uploads\/2013\/04\/xst_loadimg-150x150.png\" width=\"150\" height=\"150\" srcset=\"https:\/\/arquivo.barreiroweb.net\/wp-content\/uploads\/2013\/04\/xst_loadimg-150x150.png 150w, https:\/\/arquivo.barreiroweb.net\/wp-content\/uploads\/2013\/04\/xst_loadimg-50x50.png 50w, https:\/\/arquivo.barreiroweb.net\/wp-content\/uploads\/2013\/04\/xst_loadimg-70x70.png 70w, https:\/\/arquivo.barreiroweb.net\/wp-content\/uploads\/2013\/04\/xst_loadimg-55x55.png 55w, https:\/\/arquivo.barreiroweb.net\/wp-content\/uploads\/2013\/04\/xst_loadimg.png 200w\" sizes=\"auto, (max-width: 150px) 100vw, 150px\" \/><\/a>A tradi\u00e7\u00e3o manda que Abril se celebre na rua e a cantar. Por isso, Almada organiza mais uma vez um espet\u00e1culo comemorativo na noite de 24 para 25 de abril, que este ano nos traz a voz de S\u00e9rgio Godinho e BOSS AC. Pelos meio as palavras da liberdade, os cravos e o fogo de artif\u00edcio sobem tamb\u00e9m ao palco.<\/div>\n<div style=\"text-align: justify;\">\u00a0<\/div>\n<div style=\"text-align: justify;\">\n<div align=\"left\">\n<div>\n<div>A primeira parte do concerto, apoia-se no \u00faltimo trabalho de S\u00e9rgio Godinho \u2013 \u201cM\u00fatuo Consentimento\u201d, que promete ser um dos mais importantes da sua discografia. \u201cO Acesso Bloqueado\u201d, \u201cBomba-Rel\u00f3gio\u201d, \u201cEu Vou a Jogo\u201d ou em \u201cEm Dias Consecutivos\u201d, s\u00e3o alguns dos temas previstos, que ser\u00e3o encadeados com m\u00fasicas menos recentes.<\/div>\n<div>A banda \u201cOs Assessores\u201d, c\u00famplices de S\u00e9rgio Godinho na arte de nos inquietar, acompanham o canta-autor, que em 2009 recebeu o Pr\u00e9mio Carlos Paredes (Pr\u00e9mio Carreira), no \u00e2mbito do Festival Cantar abril (organizado pela CMA).<\/div>\n<div>15 minutos antes da meia-noite, sobe ao palco a Comiss\u00e3o de Honra das <a href=\"http:\/\/www.m-almada.pt\/xportal\/xmain?xpid=cmav2&amp;xpgid=agenda_detalhe&amp;agenda_detalhe_qry=BOUI=137057156&amp;agenda_titulo_qry=BOUI=137057156\">Comemora\u00e7\u00f5es do 25 de Abril<\/a>, para nos falar sobre a import\u00e2ncia desta data. Os cravos voltam a chover sobre o p\u00fablico, que poder\u00e1 ainda vibrar com o j\u00e1 esperado espet\u00e1culo de pirotecnia.<\/div>\n<div>A noite continua com a m\u00fasica de Boss AC, um dos primeiros rappers portugueses, j\u00e1 a caminho da edi\u00e7\u00e3o do seu 5\u00ba \u00e1lbum. &#8220;Manda Chuva&#8221; (1998), &#8220;Rimar contra a Mar\u00e9&#8221; (2002), &#8220;Ritmo, Amor e Palavras&#8221; (2005), &#8220;Preto no Branco&#8221; (2009) e &#8220;AC para os Amigos&#8221; (2012) s\u00e3o os discos lan\u00e7ados pelo cantor, natural de Cabo Verde, que j\u00e1 por duas vezes foi nomeado para os MTV European Music Awards, na categoria de Best Portuguese Act.<\/div>\n<\/div>\n<\/div>\n<\/div>\n<div style=\"text-align: justify;\">\u00a0<\/div>\n<div style=\"text-align: justify;\">\u00a0<\/div>\n<div>\n<div style=\"text-align: right;\">organiza\u00e7\u00e3o<\/div>\n<div style=\"text-align: justify;\">C\u00e2mara Municipal de Almada<\/div>\n<\/div>\n","protected":false},"excerpt":{"rendered":"<p>A tradi\u00e7\u00e3o manda que Abril se celebre na rua e a cantar. Por isso, Almada organiza mais uma vez um espet\u00e1culo comemorativo na noite de 24 para 25 de abril, que este ano nos traz a voz de S\u00e9rgio Godinho e BOSS AC. Pelos meio as palavras da liberdade, os cravos e o fogo de [&hellip;]<\/p>\n","protected":false},"author":1,"featured_media":9334,"comment_status":"open","ping_status":"open","sticky":false,"template":"","format":"standard","meta":{"footnotes":""},"categories":[],"tags":[],"class_list":["post-9337","post","type-post","status-publish","format-standard","has-post-thumbnail","hentry","last_archivepost"],"yoast_head":"<!-- This site is optimized with the Yoast SEO plugin v27.1.1 - https:\/\/yoast.com\/product\/yoast-seo-wordpress\/ -->\n<title>S\u00e9rgio Godinho e Boss AC nas Comemora\u00e7\u00f5es do 25 de Abril em Almada - barreiroweb<\/title>\n<meta name=\"robots\" content=\"index, follow, max-snippet:-1, max-image-preview:large, max-video-preview:-1\" \/>\n<link rel=\"canonical\" href=\"https:\/\/arquivo.barreiroweb.net\/?p=9337\" \/>\n<meta property=\"og:locale\" content=\"pt_PT\" \/>\n<meta property=\"og:type\" content=\"article\" \/>\n<meta property=\"og:title\" content=\"S\u00e9rgio Godinho e Boss AC nas Comemora\u00e7\u00f5es do 25 de Abril em Almada - barreiroweb\" \/>\n<meta property=\"og:description\" content=\"A tradi\u00e7\u00e3o manda que Abril se celebre na rua e a cantar. Por isso, Almada organiza mais uma vez um espet\u00e1culo comemorativo na noite de 24 para 25 de abril, que este ano nos traz a voz de S\u00e9rgio Godinho e BOSS AC. Pelos meio as palavras da liberdade, os cravos e o fogo de [&hellip;]\" \/>\n<meta property=\"og:url\" content=\"https:\/\/arquivo.barreiroweb.net\/?p=9337\" \/>\n<meta property=\"og:site_name\" content=\"barreiroweb\" \/>\n<meta property=\"article:publisher\" content=\"https:\/\/www.facebook.com\/barreiroweb\" \/>\n<meta property=\"article:published_time\" content=\"2013-04-14T01:40:12+00:00\" \/>\n<meta property=\"og:image\" content=\"https:\/\/arquivo.barreiroweb.net\/wp-content\/uploads\/2013\/04\/xst_loadimg.png\" \/>\n\t<meta property=\"og:image:width\" content=\"200\" \/>\n\t<meta property=\"og:image:height\" content=\"200\" \/>\n\t<meta property=\"og:image:type\" content=\"image\/png\" \/>\n<meta name=\"author\" content=\"barreiroweb\" \/>\n<meta name=\"twitter:card\" content=\"summary_large_image\" \/>\n<meta name=\"twitter:creator\" content=\"@barreiroweb\" \/>\n<meta name=\"twitter:site\" content=\"@barreiroweb\" \/>\n<meta name=\"twitter:label1\" content=\"Escrito por\" \/>\n\t<meta name=\"twitter:data1\" content=\"barreiroweb\" \/>\n\t<meta name=\"twitter:label2\" content=\"Tempo estimado de leitura\" \/>\n\t<meta name=\"twitter:data2\" content=\"1 minuto\" \/>\n<script type=\"application\/ld+json\" class=\"yoast-schema-graph\">{\"@context\":\"https:\/\/schema.org\",\"@graph\":[{\"@type\":\"Article\",\"@id\":\"https:\/\/arquivo.barreiroweb.net\/?p=9337#article\",\"isPartOf\":{\"@id\":\"https:\/\/arquivo.barreiroweb.net\/?p=9337\"},\"author\":{\"name\":\"barreiroweb\",\"@id\":\"https:\/\/arquivo.barreiroweb.net\/#\/schema\/person\/44b6d528aff975e3786c9f475f9df2dd\"},\"headline\":\"S\u00e9rgio Godinho e Boss AC nas Comemora\u00e7\u00f5es do 25 de Abril em Almada\",\"datePublished\":\"2013-04-14T01:40:12+00:00\",\"mainEntityOfPage\":{\"@id\":\"https:\/\/arquivo.barreiroweb.net\/?p=9337\"},\"wordCount\":298,\"commentCount\":0,\"publisher\":{\"@id\":\"https:\/\/arquivo.barreiroweb.net\/#organization\"},\"image\":{\"@id\":\"https:\/\/arquivo.barreiroweb.net\/?p=9337#primaryimage\"},\"thumbnailUrl\":\"https:\/\/arquivo.barreiroweb.net\/wp-content\/uploads\/2013\/04\/xst_loadimg.png\",\"inLanguage\":\"pt-PT\",\"potentialAction\":[{\"@type\":\"CommentAction\",\"name\":\"Comment\",\"target\":[\"https:\/\/arquivo.barreiroweb.net\/?p=9337#respond\"]}]},{\"@type\":\"WebPage\",\"@id\":\"https:\/\/arquivo.barreiroweb.net\/?p=9337\",\"url\":\"https:\/\/arquivo.barreiroweb.net\/?p=9337\",\"name\":\"S\u00e9rgio Godinho e Boss AC nas Comemora\u00e7\u00f5es do 25 de Abril em Almada - barreiroweb\",\"isPartOf\":{\"@id\":\"https:\/\/arquivo.barreiroweb.net\/#website\"},\"primaryImageOfPage\":{\"@id\":\"https:\/\/arquivo.barreiroweb.net\/?p=9337#primaryimage\"},\"image\":{\"@id\":\"https:\/\/arquivo.barreiroweb.net\/?p=9337#primaryimage\"},\"thumbnailUrl\":\"https:\/\/arquivo.barreiroweb.net\/wp-content\/uploads\/2013\/04\/xst_loadimg.png\",\"datePublished\":\"2013-04-14T01:40:12+00:00\",\"breadcrumb\":{\"@id\":\"https:\/\/arquivo.barreiroweb.net\/?p=9337#breadcrumb\"},\"inLanguage\":\"pt-PT\",\"potentialAction\":[{\"@type\":\"ReadAction\",\"target\":[\"https:\/\/arquivo.barreiroweb.net\/?p=9337\"]}]},{\"@type\":\"ImageObject\",\"inLanguage\":\"pt-PT\",\"@id\":\"https:\/\/arquivo.barreiroweb.net\/?p=9337#primaryimage\",\"url\":\"https:\/\/arquivo.barreiroweb.net\/wp-content\/uploads\/2013\/04\/xst_loadimg.png\",\"contentUrl\":\"https:\/\/arquivo.barreiroweb.net\/wp-content\/uploads\/2013\/04\/xst_loadimg.png\",\"width\":200,\"height\":200},{\"@type\":\"BreadcrumbList\",\"@id\":\"https:\/\/arquivo.barreiroweb.net\/?p=9337#breadcrumb\",\"itemListElement\":[{\"@type\":\"ListItem\",\"position\":1,\"name\":\"In\u00edcio\",\"item\":\"https:\/\/arquivo.barreiroweb.net\/\"},{\"@type\":\"ListItem\",\"position\":2,\"name\":\"S\u00e9rgio Godinho e Boss AC nas Comemora\u00e7\u00f5es do 25 de Abril em Almada\"}]},{\"@type\":\"WebSite\",\"@id\":\"https:\/\/arquivo.barreiroweb.net\/#website\",\"url\":\"https:\/\/arquivo.barreiroweb.net\/\",\"name\":\"barreiroweb\",\"description\":\"Barreiroweb o barreiro na web\",\"publisher\":{\"@id\":\"https:\/\/arquivo.barreiroweb.net\/#organization\"},\"potentialAction\":[{\"@type\":\"SearchAction\",\"target\":{\"@type\":\"EntryPoint\",\"urlTemplate\":\"https:\/\/arquivo.barreiroweb.net\/?s={search_term_string}\"},\"query-input\":{\"@type\":\"PropertyValueSpecification\",\"valueRequired\":true,\"valueName\":\"search_term_string\"}}],\"inLanguage\":\"pt-PT\"},{\"@type\":\"Organization\",\"@id\":\"https:\/\/arquivo.barreiroweb.net\/#organization\",\"name\":\"barreiroweb\",\"url\":\"https:\/\/arquivo.barreiroweb.net\/\",\"logo\":{\"@type\":\"ImageObject\",\"inLanguage\":\"pt-PT\",\"@id\":\"https:\/\/arquivo.barreiroweb.net\/#\/schema\/logo\/image\/\",\"url\":\"https:\/\/barreiroweb.net\/wp-content\/uploads\/2022\/05\/BarreiroWeb555.jpg\",\"contentUrl\":\"https:\/\/barreiroweb.net\/wp-content\/uploads\/2022\/05\/BarreiroWeb555.jpg\",\"width\":421,\"height\":415,\"caption\":\"barreiroweb\"},\"image\":{\"@id\":\"https:\/\/arquivo.barreiroweb.net\/#\/schema\/logo\/image\/\"},\"sameAs\":[\"https:\/\/www.facebook.com\/barreiroweb\",\"https:\/\/x.com\/barreiroweb\"]},{\"@type\":\"Person\",\"@id\":\"https:\/\/arquivo.barreiroweb.net\/#\/schema\/person\/44b6d528aff975e3786c9f475f9df2dd\",\"name\":\"barreiroweb\",\"image\":{\"@type\":\"ImageObject\",\"inLanguage\":\"pt-PT\",\"@id\":\"https:\/\/arquivo.barreiroweb.net\/#\/schema\/person\/image\/\",\"url\":\"https:\/\/secure.gravatar.com\/avatar\/1f764b917967430404ff0b452044eb63a25d64a5363b25be2aa42273930f477d?s=96&d=mm&r=g\",\"contentUrl\":\"https:\/\/secure.gravatar.com\/avatar\/1f764b917967430404ff0b452044eb63a25d64a5363b25be2aa42273930f477d?s=96&d=mm&r=g\",\"caption\":\"barreiroweb\"},\"url\":\"https:\/\/arquivo.barreiroweb.net\/?author=1\"}]}<\/script>\n<!-- \/ Yoast SEO plugin. -->","yoast_head_json":{"title":"S\u00e9rgio Godinho e Boss AC nas Comemora\u00e7\u00f5es do 25 de Abril em Almada - barreiroweb","robots":{"index":"index","follow":"follow","max-snippet":"max-snippet:-1","max-image-preview":"max-image-preview:large","max-video-preview":"max-video-preview:-1"},"canonical":"https:\/\/arquivo.barreiroweb.net\/?p=9337","og_locale":"pt_PT","og_type":"article","og_title":"S\u00e9rgio Godinho e Boss AC nas Comemora\u00e7\u00f5es do 25 de Abril em Almada - barreiroweb","og_description":"A tradi\u00e7\u00e3o manda que Abril se celebre na rua e a cantar. Por isso, Almada organiza mais uma vez um espet\u00e1culo comemorativo na noite de 24 para 25 de abril, que este ano nos traz a voz de S\u00e9rgio Godinho e BOSS AC. Pelos meio as palavras da liberdade, os cravos e o fogo de [&hellip;]","og_url":"https:\/\/arquivo.barreiroweb.net\/?p=9337","og_site_name":"barreiroweb","article_publisher":"https:\/\/www.facebook.com\/barreiroweb","article_published_time":"2013-04-14T01:40:12+00:00","og_image":[{"width":200,"height":200,"url":"https:\/\/arquivo.barreiroweb.net\/wp-content\/uploads\/2013\/04\/xst_loadimg.png","type":"image\/png"}],"author":"barreiroweb","twitter_card":"summary_large_image","twitter_creator":"@barreiroweb","twitter_site":"@barreiroweb","twitter_misc":{"Escrito por":"barreiroweb","Tempo estimado de leitura":"1 minuto"},"schema":{"@context":"https:\/\/schema.org","@graph":[{"@type":"Article","@id":"https:\/\/arquivo.barreiroweb.net\/?p=9337#article","isPartOf":{"@id":"https:\/\/arquivo.barreiroweb.net\/?p=9337"},"author":{"name":"barreiroweb","@id":"https:\/\/arquivo.barreiroweb.net\/#\/schema\/person\/44b6d528aff975e3786c9f475f9df2dd"},"headline":"S\u00e9rgio Godinho e Boss AC nas Comemora\u00e7\u00f5es do 25 de Abril em Almada","datePublished":"2013-04-14T01:40:12+00:00","mainEntityOfPage":{"@id":"https:\/\/arquivo.barreiroweb.net\/?p=9337"},"wordCount":298,"commentCount":0,"publisher":{"@id":"https:\/\/arquivo.barreiroweb.net\/#organization"},"image":{"@id":"https:\/\/arquivo.barreiroweb.net\/?p=9337#primaryimage"},"thumbnailUrl":"https:\/\/arquivo.barreiroweb.net\/wp-content\/uploads\/2013\/04\/xst_loadimg.png","inLanguage":"pt-PT","potentialAction":[{"@type":"CommentAction","name":"Comment","target":["https:\/\/arquivo.barreiroweb.net\/?p=9337#respond"]}]},{"@type":"WebPage","@id":"https:\/\/arquivo.barreiroweb.net\/?p=9337","url":"https:\/\/arquivo.barreiroweb.net\/?p=9337","name":"S\u00e9rgio Godinho e Boss AC nas Comemora\u00e7\u00f5es do 25 de Abril em Almada - barreiroweb","isPartOf":{"@id":"https:\/\/arquivo.barreiroweb.net\/#website"},"primaryImageOfPage":{"@id":"https:\/\/arquivo.barreiroweb.net\/?p=9337#primaryimage"},"image":{"@id":"https:\/\/arquivo.barreiroweb.net\/?p=9337#primaryimage"},"thumbnailUrl":"https:\/\/arquivo.barreiroweb.net\/wp-content\/uploads\/2013\/04\/xst_loadimg.png","datePublished":"2013-04-14T01:40:12+00:00","breadcrumb":{"@id":"https:\/\/arquivo.barreiroweb.net\/?p=9337#breadcrumb"},"inLanguage":"pt-PT","potentialAction":[{"@type":"ReadAction","target":["https:\/\/arquivo.barreiroweb.net\/?p=9337"]}]},{"@type":"ImageObject","inLanguage":"pt-PT","@id":"https:\/\/arquivo.barreiroweb.net\/?p=9337#primaryimage","url":"https:\/\/arquivo.barreiroweb.net\/wp-content\/uploads\/2013\/04\/xst_loadimg.png","contentUrl":"https:\/\/arquivo.barreiroweb.net\/wp-content\/uploads\/2013\/04\/xst_loadimg.png","width":200,"height":200},{"@type":"BreadcrumbList","@id":"https:\/\/arquivo.barreiroweb.net\/?p=9337#breadcrumb","itemListElement":[{"@type":"ListItem","position":1,"name":"In\u00edcio","item":"https:\/\/arquivo.barreiroweb.net\/"},{"@type":"ListItem","position":2,"name":"S\u00e9rgio Godinho e Boss AC nas Comemora\u00e7\u00f5es do 25 de Abril em Almada"}]},{"@type":"WebSite","@id":"https:\/\/arquivo.barreiroweb.net\/#website","url":"https:\/\/arquivo.barreiroweb.net\/","name":"barreiroweb","description":"Barreiroweb o barreiro na web","publisher":{"@id":"https:\/\/arquivo.barreiroweb.net\/#organization"},"potentialAction":[{"@type":"SearchAction","target":{"@type":"EntryPoint","urlTemplate":"https:\/\/arquivo.barreiroweb.net\/?s={search_term_string}"},"query-input":{"@type":"PropertyValueSpecification","valueRequired":true,"valueName":"search_term_string"}}],"inLanguage":"pt-PT"},{"@type":"Organization","@id":"https:\/\/arquivo.barreiroweb.net\/#organization","name":"barreiroweb","url":"https:\/\/arquivo.barreiroweb.net\/","logo":{"@type":"ImageObject","inLanguage":"pt-PT","@id":"https:\/\/arquivo.barreiroweb.net\/#\/schema\/logo\/image\/","url":"https:\/\/barreiroweb.net\/wp-content\/uploads\/2022\/05\/BarreiroWeb555.jpg","contentUrl":"https:\/\/barreiroweb.net\/wp-content\/uploads\/2022\/05\/BarreiroWeb555.jpg","width":421,"height":415,"caption":"barreiroweb"},"image":{"@id":"https:\/\/arquivo.barreiroweb.net\/#\/schema\/logo\/image\/"},"sameAs":["https:\/\/www.facebook.com\/barreiroweb","https:\/\/x.com\/barreiroweb"]},{"@type":"Person","@id":"https:\/\/arquivo.barreiroweb.net\/#\/schema\/person\/44b6d528aff975e3786c9f475f9df2dd","name":"barreiroweb","image":{"@type":"ImageObject","inLanguage":"pt-PT","@id":"https:\/\/arquivo.barreiroweb.net\/#\/schema\/person\/image\/","url":"https:\/\/secure.gravatar.com\/avatar\/1f764b917967430404ff0b452044eb63a25d64a5363b25be2aa42273930f477d?s=96&d=mm&r=g","contentUrl":"https:\/\/secure.gravatar.com\/avatar\/1f764b917967430404ff0b452044eb63a25d64a5363b25be2aa42273930f477d?s=96&d=mm&r=g","caption":"barreiroweb"},"url":"https:\/\/arquivo.barreiroweb.net\/?author=1"}]}},"_links":{"self":[{"href":"https:\/\/arquivo.barreiroweb.net\/index.php?rest_route=\/wp\/v2\/posts\/9337","targetHints":{"allow":["GET"]}}],"collection":[{"href":"https:\/\/arquivo.barreiroweb.net\/index.php?rest_route=\/wp\/v2\/posts"}],"about":[{"href":"https:\/\/arquivo.barreiroweb.net\/index.php?rest_route=\/wp\/v2\/types\/post"}],"author":[{"embeddable":true,"href":"https:\/\/arquivo.barreiroweb.net\/index.php?rest_route=\/wp\/v2\/users\/1"}],"replies":[{"embeddable":true,"href":"https:\/\/arquivo.barreiroweb.net\/index.php?rest_route=%2Fwp%2Fv2%2Fcomments&post=9337"}],"version-history":[{"count":1,"href":"https:\/\/arquivo.barreiroweb.net\/index.php?rest_route=\/wp\/v2\/posts\/9337\/revisions"}],"predecessor-version":[{"id":9338,"href":"https:\/\/arquivo.barreiroweb.net\/index.php?rest_route=\/wp\/v2\/posts\/9337\/revisions\/9338"}],"wp:featuredmedia":[{"embeddable":true,"href":"https:\/\/arquivo.barreiroweb.net\/index.php?rest_route=\/wp\/v2\/media\/9334"}],"wp:attachment":[{"href":"https:\/\/arquivo.barreiroweb.net\/index.php?rest_route=%2Fwp%2Fv2%2Fmedia&parent=9337"}],"wp:term":[{"taxonomy":"category","embeddable":true,"href":"https:\/\/arquivo.barreiroweb.net\/index.php?rest_route=%2Fwp%2Fv2%2Fcategories&post=9337"},{"taxonomy":"post_tag","embeddable":true,"href":"https:\/\/arquivo.barreiroweb.net\/index.php?rest_route=%2Fwp%2Fv2%2Ftags&post=9337"}],"curies":[{"name":"wp","href":"https:\/\/api.w.org\/{rel}","templated":true}]}}