{"id":9315,"date":"2013-04-11T15:55:47","date_gmt":"2013-04-11T14:55:47","guid":{"rendered":"http:\/\/barreiroweb.eu\/?p=9315"},"modified":"2013-04-11T15:56:20","modified_gmt":"2013-04-11T14:56:20","slug":"39o-aniversario-do-25-de-abril-de-1974","status":"publish","type":"post","link":"https:\/\/arquivo.barreiroweb.net\/?p=9315","title":{"rendered":"Barreiro 39\u00ba anivers\u00e1rio do 25 de Abril de 1974"},"content":{"rendered":"<p style=\"text-align: left;\" align=\"center\"><b><a href=\"http:\/\/barreiroweb.eu\/wp-content\/uploads\/2013\/04\/25abril2013.jpg\" rel=\"lightbox[9315]\"><img loading=\"lazy\" decoding=\"async\" class=\"alignleft size-medium wp-image-9316\" alt=\"25abril2013\" src=\"http:\/\/barreiroweb.eu\/wp-content\/uploads\/2013\/04\/25abril2013-212x300.jpg\" width=\"212\" height=\"300\" srcset=\"https:\/\/arquivo.barreiroweb.net\/wp-content\/uploads\/2013\/04\/25abril2013-212x300.jpg 212w, https:\/\/arquivo.barreiroweb.net\/wp-content\/uploads\/2013\/04\/25abril2013.jpg 222w\" sizes=\"auto, (max-width: 212px) 100vw, 212px\" \/><\/a>Programa comemorativo<\/b><b>\u00a0<\/b><\/p>\n<p style=\"text-align: justify;\">O Barreiro vai assinalar o 39\u00ba anivers\u00e1rio do 25 de Abril de 1974 com diversas iniciativas culturais e desportivas dirigidas a v\u00e1rios p\u00fablicos. No programa, destaca-se o espet\u00e1culo com Diabo na Cruz, na noite de 24 de abril, no Parque da Cidade. Antes, realiza-se o Desfile da Liberdade, com percurso desde a Avenida de Santa Maria, at\u00e9 ao Parque da Cidade. O Hastear da Bandeira, no dia 25 de abril, tem lugar \u00e0s 11h00 e conta com as atua\u00e7\u00f5es da Banda Municipal do Barreiro e dos alunos das Atividades Extra Curriculares da Escola B\u00e1sica Professor Jos\u00e9 Joaquim Rita Seixas e a participa\u00e7\u00e3o das Fanfarras dos Bombeiros Volunt\u00e1rios do Barreiro.<\/p>\n<p>&nbsp;<\/p>\n<p align=\"center\"><b><span style=\"text-decoration: underline;\">Programa<\/span><\/b><\/p>\n<p><b><span style=\"text-decoration: underline;\">24 de abril <\/span><\/b><\/p>\n<p><b>Desfile da Liberdade <\/b><\/p>\n<p>21h00 | Percurso desde a Avenida de Santa Maria at\u00e9 ao Parque da Cidade<\/p>\n<p>Participa\u00e7\u00e3o da C\u00e2mara Municipal do Barreiro (CMB), Juntas de Freguesia do Concelho e Movimento Associativo e Sindical | Aberto a toda a comunidade<\/p>\n<p>Participe!<\/p>\n<p><b>ESPET\u00c1CULO DA LIBERDADE<\/b><\/p>\n<p><b><i>Diabo na Cruz<\/i><\/b><\/p>\n<p>22h | Parque da Cidade<\/p>\n<p>Participa\u00e7\u00e3o Especial do Coro B &#8211; Voice<\/p>\n<p>Interven\u00e7\u00e3o do Presidente da C\u00e2mara Municipal do Barreiro, Carlos Humberto de Carvalho<\/p>\n<p><b>Anima\u00e7\u00e3o Musical<\/b><\/p>\n<p><b><i>Tony da Costa<\/i><\/b><\/p>\n<p>00h00 | Tenda do Parque da Cidade<\/p>\n<p><b><span style=\"text-decoration: underline;\">25 de abril <\/span><\/b><\/p>\n<p><b>Hastear da Bandeira<\/b><\/p>\n<p>11h00 | Pa\u00e7os do Concelho<\/p>\n<p>Atua\u00e7\u00e3o da Banda Municipal do Barreiro e dos alunos das Atividades Extra Curriculares da Escola B\u00e1sica Professor Jos\u00e9 Joaquim Rita Seixas. Participa\u00e7\u00e3o das Fanfarras dos Bombeiros Volunt\u00e1rios do Barreiro.<\/p>\n<p><b>Atua\u00e7\u00e3o da Banda Municipal do Barreiro<\/b><\/p>\n<p>11h45 | Largo do Mercado Municipal 1\u00ba de Maio<\/p>\n<p><b>ATIVIDADES DESPORTIVAS<\/b><\/p>\n<p><b>Passeio de BTT da Liberdade<\/b><\/p>\n<p>9h00 \u00e0s 13h00 | Partida do Parque da Cidade<\/p>\n<p><b>Milha de Santo Andr\u00e9 em Atletismo<\/b><\/p>\n<p>9h30 \u00e0s 13h00 | Partida da Pra\u00e7a S\u00e3o Francisco Xavier e percurso pela Freguesia de Santo Andr\u00e9<\/p>\n<p><b>Manh\u00e3 Desportiva<\/b><\/p>\n<p>9h00 \u00e0s 13h00 | Parque da Cidade<\/p>\n<p>Minibasquete, voleibol, futebol, xadrez, aer\u00f3bica, lutas ol\u00edmpicas, patinagem, karat\u00e9, judo e gin\u00e1stica<\/p>\n<p><b><span style=\"text-decoration: underline;\">M\u00fasica<\/span><\/b><\/p>\n<p><b>Vamos cantar abril &#8211; Samuel convida Manuel Freire e Francisco Fanhais <\/b><\/p>\n<p><b>13 de abril<\/b> | 21h30 | Audit\u00f3rio Municipal Augusto Cabrita<\/p>\n<p>Ingresso: Plateia \u20ac 10 | Frisa\u00a0 \u20ac 7,50<\/p>\n<p>Informa\u00e7\u00f5es e Reservas: Audit\u00f3rio Municipal Augusto Cabrita (T. 21 214 7411\/10) e Posto de Turismo (T. 210990837)<\/p>\n<p><b>\u201cCan\u00e7\u00f5es Her\u00f3icas\u201d de Lopes Gra\u00e7a <\/b><\/p>\n<p><b>23 de abril<\/b> | 19h00 | Biblioteca Municipal do Barreiro<\/p>\n<p>Participa\u00e7\u00e3o de Coral TAB, sob a dire\u00e7\u00e3o de Manuel Gon\u00e7alves<\/p>\n<p><b><span style=\"text-decoration: underline;\">\u00a0<\/span><\/b><\/p>\n<p><b><span style=\"text-decoration: underline;\">Exposi\u00e7\u00f5es <\/span><\/b><\/p>\n<p><b><i>Os Primeiros Dias de Liberdade<\/i><\/b><\/p>\n<p><b>8 de abril a 4 de maio<\/b> | Mercado Municipal 1\u00ba de Maio<\/p>\n<p><b><i>Do 25 de Abril ao 1\u00ba de Maio<\/i><\/b><\/p>\n<p><b>8 de abril a 4 de maio<\/b> | Pa\u00e7os do Concelho<\/p>\n<p><b><i>Len\u00e7os da liberdade<\/i><\/b><\/p>\n<p><b>22 de abril a 4 de maio | <\/b>Antigo Espa\u00e7o Mercadinho, Mercado Municipal 1\u00ba de Maio<\/p>\n<p>&nbsp;<\/p>\n<p><b><span style=\"text-decoration: underline;\">Literatura <\/span><\/b><\/p>\n<p><b>Apresenta\u00e7\u00e3o do livro \u201c Angola 1970 \u2013 Chanas de liberdade\u201d, de Francisco do \u00d3 Pacheco <\/b><\/p>\n<p><b>13 de abril<\/b> | 18h00 | Biblioteca Municipal do Barreiro \u2013 Sala Multiusos<\/p>\n<p><b>Apresenta\u00e7\u00e3o do Livro de Fotografia \u201cLiberdade\u201d, de Eduardo Gageiro <\/b><\/p>\n<p><b>21 de abril <\/b>| 15h00 | Audit\u00f3rio da Biblioteca Municipal do Barreiro<\/p>\n<p>O livro apresenta algumas das imagens iconogr\u00e1ficas do 25 de Abril de 1974.<\/p>\n<p><b><span style=\"text-decoration: underline;\">Cinema<\/span><\/b><\/p>\n<p><b>Proje\u00e7\u00e3o da S\u00e9rie \u201cAt\u00e9 amanh\u00e3 Camaradas\u201d<\/b><\/p>\n<p>Iniciativa em colabora\u00e7\u00e3o com o Cineclube do Barreiro, inserida nas Comemora\u00e7\u00f5es do Centen\u00e1rio do Nascimento de \u00c1lvaro Cunhal<\/p>\n<p>13, 16, 18 e 19 de abril | Audit\u00f3rio da Biblioteca Municipal do Barreiro<\/p>\n<p>1\u00aa sess\u00e3o da s\u00e9rie &#8211; Dia 13, \u00e0s 16h00<\/p>\n<p>2\u00aa sess\u00e3o da s\u00e9rie &#8211; Dia 16, \u00e0s 21h30<\/p>\n<p>3\u00aa sess\u00e3o da s\u00e9rie &#8211; Dia 18, \u00e0s 21h30<\/p>\n<p>4\u00aa sess\u00e3o da s\u00e9rie &#8211;<b> <\/b>Dia 19, \u00e0s 21h30<\/p>\n<p>M\/12 | 2005 | Drama<\/p>\n<p>Ficha T\u00e9cnica<\/p>\n<p>Realiza\u00e7\u00e3o: Joaquim Leit\u00e3o<\/p>\n<p>Interpreta\u00e7\u00e3o: Leonor Seixas; Marco D\u2019Almeida; Paulo Pires; Lu\u00eds Filipe Rocha<\/p>\n<p>Sinopse: Portugal, 1944. <i>Num pa\u00eds oprimido pela ditadura, h\u00e1 quem resista e se organize para mobilizar o povo para a luta pelo p\u00e3o e pela liberdade. Mesmo que isso lhe possa custar a pris\u00e3o, torturas, ou at\u00e9 a vida. Pessoas como Vaz, Ramos, Ant\u00f3nio e Paula, militantes e funcion\u00e1rios do Partido Comunista, que desenvolvem a sua a\u00e7\u00e3o na clandestinidade, reorganizando o Partido nas zonas dos arredores de Lisboa e do ribatejo, ao mesmo tempo que preparam uma grande jornada de luta, com greves e marchas contra a fome. S\u00e9rie adaptada da obra de Manuel Tiago (pseud\u00f3nimo de \u00c1lvaro Cunhal).<\/i><\/p>\n<p><b>Entrada Livre<\/b><\/p>\n<p>&nbsp;<\/p>\n<p><b><span style=\"text-decoration: underline;\">Teatro <\/span><\/b><\/p>\n<p><b>\u201cO Medo e a Ira\u201d, pelo Proj\u00e9ctor \u2013 Companhia de Teatro do Barreiro<\/b><\/p>\n<p><b>26 e 27 de abril<\/b> |21h30 | Audit\u00f3rio Municipal Augusto Cabrita<\/p>\n<p>Encena\u00e7\u00e3o: Ab\u00edlio Apolin\u00e1rio<\/p>\n<p>Dura\u00e7\u00e3o: 1h45 (aprox.) s\/ intervalo<\/p>\n<p>M\/16<\/p>\n<p>Ingressos: 5\u20ac<\/p>\n<p>Informa\u00e7\u00f5es e venda de ingressos: Audit\u00f3rio Municipal Augusto Cabrita (T. 21 214 7411\/10)<\/p>\n<p>&nbsp;<\/p>\n<p><b><span style=\"text-decoration: underline;\">Visita <\/span><\/b><\/p>\n<p><b>Rota da Resist\u00eancia\u00a0\u00a0\u00a0\u00a0\u00a0\u00a0\u00a0\u00a0\u00a0\u00a0 <\/b><\/p>\n<p><b>28 de abril<\/b> | 10h00 \u00e0s 12h30<\/p>\n<p>Um percurso pelas ruas do Barreiro que marcam a hist\u00f3ria da Resist\u00eancia no Concelho.<\/p>\n<p>Inscri\u00e7\u00e3o de 15 a 26 de abril no Posto de Turismo da CMB de 3\u00aaf a s\u00e1b., das 9h30 \u00e0s 13h00 e das 14h30 \u00e0s 18h00 (T. 21 099 08 37, Mercado Municipal 1\u00ba de Maio, Av. Alfredo da Silva).<\/p>\n<p>&nbsp;<\/p>\n<p><b><span style=\"text-decoration: underline;\">Desporto<\/span><\/b><\/p>\n<p><b>1\u00ba Passeio Informal do Barreiro em BTT<\/b><\/p>\n<p><b>28 de abril<\/b> | 9h00 \u00e0s 13h00 | Partida da sede da Associa\u00e7\u00e3o de Cicloturismo Fidalbyke e percurso pelo Concelho do Barreiro e lim\u00edtrofes<\/p>\n<p><b><span style=\"text-decoration: underline;\">Comunidade Educativa<\/span><\/b><\/p>\n<p><b>\u201cHIST\u00d3RIAS VIVIDAS E CONTADAS DO 25 DE ABRIL\u201d<\/b><\/p>\n<p><b>3 a 26 abril<\/b> | Escolas do Concelho<\/p>\n<p>Dirigido aos alunos do 4\u00ba, 6\u00ba, 9\u00ba e secund\u00e1rio<\/p>\n<p><b>Assembleia Municipal de jovens<\/b><\/p>\n<p><b>\u201cO poder local visto por dentro\u201d<\/b><\/p>\n<p><b>29 de abril <\/b>| 10h30 | Audit\u00f3rio da Biblioteca Municipal do Barreiro<\/p>\n<p>\u201cO Poder Local visto por dentro\u201d \u00e9 uma iniciativa da C\u00e2mara Municipal do Barreiro que visa promover, junto dos alunos do 2\u00ba e 3\u00ba ciclo e secund\u00e1rio, uma cidadania ativa, possibilitando que os estudantes possam desenvolver a\u00e7\u00f5es que lhes permitam, enquanto cidad\u00e3os conscientes, participar ativamente na vida do Concelho.<\/p>\n<p><b>Consulte o programa completo, que inclui as atividades organizadas pelas Juntas de Freguesia e Movimento Associativo do Concelho, em <a href=\"http:\/\/www.cm-barreiro.pt\/\">www.cm-barreiro.pt<\/a>.<\/b><\/p>\n<p><b>CMB 2013-04-11\u00a0 <\/b><\/p>\n","protected":false},"excerpt":{"rendered":"<p>Programa comemorativo\u00a0 O Barreiro vai assinalar o 39\u00ba anivers\u00e1rio do 25 de Abril de 1974 com diversas iniciativas culturais e desportivas dirigidas a v\u00e1rios p\u00fablicos. No programa, destaca-se o espet\u00e1culo com Diabo na Cruz, na noite de 24 de abril, no Parque da Cidade. Antes, realiza-se o Desfile da Liberdade, com percurso desde a Avenida [&hellip;]<\/p>\n","protected":false},"author":1,"featured_media":9316,"comment_status":"open","ping_status":"open","sticky":false,"template":"","format":"standard","meta":{"footnotes":""},"categories":[16,32,3,1,13],"tags":[152,41],"class_list":["post-9315","post","type-post","status-publish","format-standard","has-post-thumbnail","hentry","category-associativismo","category-destaque","category-eventos","category-expo","category-musica","tag-25-de-abril","tag-barreiro","last_archivepost"],"yoast_head":"<!-- This site is optimized with the Yoast SEO plugin v27.1.1 - https:\/\/yoast.com\/product\/yoast-seo-wordpress\/ -->\n<title>Barreiro 39\u00ba anivers\u00e1rio do 25 de Abril de 1974 - barreiroweb<\/title>\n<meta name=\"robots\" content=\"index, follow, max-snippet:-1, max-image-preview:large, max-video-preview:-1\" \/>\n<link rel=\"canonical\" href=\"https:\/\/arquivo.barreiroweb.net\/?p=9315\" \/>\n<meta property=\"og:locale\" content=\"pt_PT\" \/>\n<meta property=\"og:type\" content=\"article\" \/>\n<meta property=\"og:title\" content=\"Barreiro 39\u00ba anivers\u00e1rio do 25 de Abril de 1974 - barreiroweb\" \/>\n<meta property=\"og:description\" content=\"Programa comemorativo\u00a0 O Barreiro vai assinalar o 39\u00ba anivers\u00e1rio do 25 de Abril de 1974 com diversas iniciativas culturais e desportivas dirigidas a v\u00e1rios p\u00fablicos. No programa, destaca-se o espet\u00e1culo com Diabo na Cruz, na noite de 24 de abril, no Parque da Cidade. Antes, realiza-se o Desfile da Liberdade, com percurso desde a Avenida [&hellip;]\" \/>\n<meta property=\"og:url\" content=\"https:\/\/arquivo.barreiroweb.net\/?p=9315\" \/>\n<meta property=\"og:site_name\" content=\"barreiroweb\" \/>\n<meta property=\"article:publisher\" content=\"https:\/\/www.facebook.com\/barreiroweb\" \/>\n<meta property=\"article:published_time\" content=\"2013-04-11T14:55:47+00:00\" \/>\n<meta property=\"article:modified_time\" content=\"2013-04-11T14:56:20+00:00\" \/>\n<meta property=\"og:image\" content=\"https:\/\/arquivo.barreiroweb.net\/wp-content\/uploads\/2013\/04\/25abril2013.jpg\" \/>\n\t<meta property=\"og:image:width\" content=\"222\" \/>\n\t<meta property=\"og:image:height\" content=\"314\" \/>\n\t<meta property=\"og:image:type\" content=\"image\/jpeg\" \/>\n<meta name=\"author\" content=\"barreiroweb\" \/>\n<meta name=\"twitter:card\" content=\"summary_large_image\" \/>\n<meta name=\"twitter:creator\" content=\"@barreiroweb\" \/>\n<meta name=\"twitter:site\" content=\"@barreiroweb\" \/>\n<meta name=\"twitter:label1\" content=\"Escrito por\" \/>\n\t<meta name=\"twitter:data1\" content=\"barreiroweb\" \/>\n\t<meta name=\"twitter:label2\" content=\"Tempo estimado de leitura\" \/>\n\t<meta name=\"twitter:data2\" content=\"5 minutos\" \/>\n<script type=\"application\/ld+json\" class=\"yoast-schema-graph\">{\"@context\":\"https:\/\/schema.org\",\"@graph\":[{\"@type\":\"Article\",\"@id\":\"https:\/\/arquivo.barreiroweb.net\/?p=9315#article\",\"isPartOf\":{\"@id\":\"https:\/\/arquivo.barreiroweb.net\/?p=9315\"},\"author\":{\"name\":\"barreiroweb\",\"@id\":\"https:\/\/arquivo.barreiroweb.net\/#\/schema\/person\/44b6d528aff975e3786c9f475f9df2dd\"},\"headline\":\"Barreiro 39\u00ba anivers\u00e1rio do 25 de Abril de 1974\",\"datePublished\":\"2013-04-11T14:55:47+00:00\",\"dateModified\":\"2013-04-11T14:56:20+00:00\",\"mainEntityOfPage\":{\"@id\":\"https:\/\/arquivo.barreiroweb.net\/?p=9315\"},\"wordCount\":967,\"commentCount\":0,\"publisher\":{\"@id\":\"https:\/\/arquivo.barreiroweb.net\/#organization\"},\"image\":{\"@id\":\"https:\/\/arquivo.barreiroweb.net\/?p=9315#primaryimage\"},\"thumbnailUrl\":\"https:\/\/arquivo.barreiroweb.net\/wp-content\/uploads\/2013\/04\/25abril2013.jpg\",\"keywords\":[\"25 de abril\",\"barreiro\"],\"articleSection\":[\"Associativismo\",\"Destaque\",\"Eventos\",\"Festas e Feiras\",\"Musica\"],\"inLanguage\":\"pt-PT\",\"potentialAction\":[{\"@type\":\"CommentAction\",\"name\":\"Comment\",\"target\":[\"https:\/\/arquivo.barreiroweb.net\/?p=9315#respond\"]}]},{\"@type\":\"WebPage\",\"@id\":\"https:\/\/arquivo.barreiroweb.net\/?p=9315\",\"url\":\"https:\/\/arquivo.barreiroweb.net\/?p=9315\",\"name\":\"Barreiro 39\u00ba anivers\u00e1rio do 25 de Abril de 1974 - barreiroweb\",\"isPartOf\":{\"@id\":\"https:\/\/arquivo.barreiroweb.net\/#website\"},\"primaryImageOfPage\":{\"@id\":\"https:\/\/arquivo.barreiroweb.net\/?p=9315#primaryimage\"},\"image\":{\"@id\":\"https:\/\/arquivo.barreiroweb.net\/?p=9315#primaryimage\"},\"thumbnailUrl\":\"https:\/\/arquivo.barreiroweb.net\/wp-content\/uploads\/2013\/04\/25abril2013.jpg\",\"datePublished\":\"2013-04-11T14:55:47+00:00\",\"dateModified\":\"2013-04-11T14:56:20+00:00\",\"breadcrumb\":{\"@id\":\"https:\/\/arquivo.barreiroweb.net\/?p=9315#breadcrumb\"},\"inLanguage\":\"pt-PT\",\"potentialAction\":[{\"@type\":\"ReadAction\",\"target\":[\"https:\/\/arquivo.barreiroweb.net\/?p=9315\"]}]},{\"@type\":\"ImageObject\",\"inLanguage\":\"pt-PT\",\"@id\":\"https:\/\/arquivo.barreiroweb.net\/?p=9315#primaryimage\",\"url\":\"https:\/\/arquivo.barreiroweb.net\/wp-content\/uploads\/2013\/04\/25abril2013.jpg\",\"contentUrl\":\"https:\/\/arquivo.barreiroweb.net\/wp-content\/uploads\/2013\/04\/25abril2013.jpg\",\"width\":222,\"height\":314},{\"@type\":\"BreadcrumbList\",\"@id\":\"https:\/\/arquivo.barreiroweb.net\/?p=9315#breadcrumb\",\"itemListElement\":[{\"@type\":\"ListItem\",\"position\":1,\"name\":\"In\u00edcio\",\"item\":\"https:\/\/arquivo.barreiroweb.net\/\"},{\"@type\":\"ListItem\",\"position\":2,\"name\":\"Barreiro 39\u00ba anivers\u00e1rio do 25 de Abril de 1974\"}]},{\"@type\":\"WebSite\",\"@id\":\"https:\/\/arquivo.barreiroweb.net\/#website\",\"url\":\"https:\/\/arquivo.barreiroweb.net\/\",\"name\":\"barreiroweb\",\"description\":\"Barreiroweb o barreiro na web\",\"publisher\":{\"@id\":\"https:\/\/arquivo.barreiroweb.net\/#organization\"},\"potentialAction\":[{\"@type\":\"SearchAction\",\"target\":{\"@type\":\"EntryPoint\",\"urlTemplate\":\"https:\/\/arquivo.barreiroweb.net\/?s={search_term_string}\"},\"query-input\":{\"@type\":\"PropertyValueSpecification\",\"valueRequired\":true,\"valueName\":\"search_term_string\"}}],\"inLanguage\":\"pt-PT\"},{\"@type\":\"Organization\",\"@id\":\"https:\/\/arquivo.barreiroweb.net\/#organization\",\"name\":\"barreiroweb\",\"url\":\"https:\/\/arquivo.barreiroweb.net\/\",\"logo\":{\"@type\":\"ImageObject\",\"inLanguage\":\"pt-PT\",\"@id\":\"https:\/\/arquivo.barreiroweb.net\/#\/schema\/logo\/image\/\",\"url\":\"https:\/\/barreiroweb.net\/wp-content\/uploads\/2022\/05\/BarreiroWeb555.jpg\",\"contentUrl\":\"https:\/\/barreiroweb.net\/wp-content\/uploads\/2022\/05\/BarreiroWeb555.jpg\",\"width\":421,\"height\":415,\"caption\":\"barreiroweb\"},\"image\":{\"@id\":\"https:\/\/arquivo.barreiroweb.net\/#\/schema\/logo\/image\/\"},\"sameAs\":[\"https:\/\/www.facebook.com\/barreiroweb\",\"https:\/\/x.com\/barreiroweb\"]},{\"@type\":\"Person\",\"@id\":\"https:\/\/arquivo.barreiroweb.net\/#\/schema\/person\/44b6d528aff975e3786c9f475f9df2dd\",\"name\":\"barreiroweb\",\"image\":{\"@type\":\"ImageObject\",\"inLanguage\":\"pt-PT\",\"@id\":\"https:\/\/arquivo.barreiroweb.net\/#\/schema\/person\/image\/\",\"url\":\"https:\/\/secure.gravatar.com\/avatar\/1f764b917967430404ff0b452044eb63a25d64a5363b25be2aa42273930f477d?s=96&d=mm&r=g\",\"contentUrl\":\"https:\/\/secure.gravatar.com\/avatar\/1f764b917967430404ff0b452044eb63a25d64a5363b25be2aa42273930f477d?s=96&d=mm&r=g\",\"caption\":\"barreiroweb\"},\"url\":\"https:\/\/arquivo.barreiroweb.net\/?author=1\"}]}<\/script>\n<!-- \/ Yoast SEO plugin. -->","yoast_head_json":{"title":"Barreiro 39\u00ba anivers\u00e1rio do 25 de Abril de 1974 - barreiroweb","robots":{"index":"index","follow":"follow","max-snippet":"max-snippet:-1","max-image-preview":"max-image-preview:large","max-video-preview":"max-video-preview:-1"},"canonical":"https:\/\/arquivo.barreiroweb.net\/?p=9315","og_locale":"pt_PT","og_type":"article","og_title":"Barreiro 39\u00ba anivers\u00e1rio do 25 de Abril de 1974 - barreiroweb","og_description":"Programa comemorativo\u00a0 O Barreiro vai assinalar o 39\u00ba anivers\u00e1rio do 25 de Abril de 1974 com diversas iniciativas culturais e desportivas dirigidas a v\u00e1rios p\u00fablicos. No programa, destaca-se o espet\u00e1culo com Diabo na Cruz, na noite de 24 de abril, no Parque da Cidade. Antes, realiza-se o Desfile da Liberdade, com percurso desde a Avenida [&hellip;]","og_url":"https:\/\/arquivo.barreiroweb.net\/?p=9315","og_site_name":"barreiroweb","article_publisher":"https:\/\/www.facebook.com\/barreiroweb","article_published_time":"2013-04-11T14:55:47+00:00","article_modified_time":"2013-04-11T14:56:20+00:00","og_image":[{"width":222,"height":314,"url":"https:\/\/arquivo.barreiroweb.net\/wp-content\/uploads\/2013\/04\/25abril2013.jpg","type":"image\/jpeg"}],"author":"barreiroweb","twitter_card":"summary_large_image","twitter_creator":"@barreiroweb","twitter_site":"@barreiroweb","twitter_misc":{"Escrito por":"barreiroweb","Tempo estimado de leitura":"5 minutos"},"schema":{"@context":"https:\/\/schema.org","@graph":[{"@type":"Article","@id":"https:\/\/arquivo.barreiroweb.net\/?p=9315#article","isPartOf":{"@id":"https:\/\/arquivo.barreiroweb.net\/?p=9315"},"author":{"name":"barreiroweb","@id":"https:\/\/arquivo.barreiroweb.net\/#\/schema\/person\/44b6d528aff975e3786c9f475f9df2dd"},"headline":"Barreiro 39\u00ba anivers\u00e1rio do 25 de Abril de 1974","datePublished":"2013-04-11T14:55:47+00:00","dateModified":"2013-04-11T14:56:20+00:00","mainEntityOfPage":{"@id":"https:\/\/arquivo.barreiroweb.net\/?p=9315"},"wordCount":967,"commentCount":0,"publisher":{"@id":"https:\/\/arquivo.barreiroweb.net\/#organization"},"image":{"@id":"https:\/\/arquivo.barreiroweb.net\/?p=9315#primaryimage"},"thumbnailUrl":"https:\/\/arquivo.barreiroweb.net\/wp-content\/uploads\/2013\/04\/25abril2013.jpg","keywords":["25 de abril","barreiro"],"articleSection":["Associativismo","Destaque","Eventos","Festas e Feiras","Musica"],"inLanguage":"pt-PT","potentialAction":[{"@type":"CommentAction","name":"Comment","target":["https:\/\/arquivo.barreiroweb.net\/?p=9315#respond"]}]},{"@type":"WebPage","@id":"https:\/\/arquivo.barreiroweb.net\/?p=9315","url":"https:\/\/arquivo.barreiroweb.net\/?p=9315","name":"Barreiro 39\u00ba anivers\u00e1rio do 25 de Abril de 1974 - barreiroweb","isPartOf":{"@id":"https:\/\/arquivo.barreiroweb.net\/#website"},"primaryImageOfPage":{"@id":"https:\/\/arquivo.barreiroweb.net\/?p=9315#primaryimage"},"image":{"@id":"https:\/\/arquivo.barreiroweb.net\/?p=9315#primaryimage"},"thumbnailUrl":"https:\/\/arquivo.barreiroweb.net\/wp-content\/uploads\/2013\/04\/25abril2013.jpg","datePublished":"2013-04-11T14:55:47+00:00","dateModified":"2013-04-11T14:56:20+00:00","breadcrumb":{"@id":"https:\/\/arquivo.barreiroweb.net\/?p=9315#breadcrumb"},"inLanguage":"pt-PT","potentialAction":[{"@type":"ReadAction","target":["https:\/\/arquivo.barreiroweb.net\/?p=9315"]}]},{"@type":"ImageObject","inLanguage":"pt-PT","@id":"https:\/\/arquivo.barreiroweb.net\/?p=9315#primaryimage","url":"https:\/\/arquivo.barreiroweb.net\/wp-content\/uploads\/2013\/04\/25abril2013.jpg","contentUrl":"https:\/\/arquivo.barreiroweb.net\/wp-content\/uploads\/2013\/04\/25abril2013.jpg","width":222,"height":314},{"@type":"BreadcrumbList","@id":"https:\/\/arquivo.barreiroweb.net\/?p=9315#breadcrumb","itemListElement":[{"@type":"ListItem","position":1,"name":"In\u00edcio","item":"https:\/\/arquivo.barreiroweb.net\/"},{"@type":"ListItem","position":2,"name":"Barreiro 39\u00ba anivers\u00e1rio do 25 de Abril de 1974"}]},{"@type":"WebSite","@id":"https:\/\/arquivo.barreiroweb.net\/#website","url":"https:\/\/arquivo.barreiroweb.net\/","name":"barreiroweb","description":"Barreiroweb o barreiro na web","publisher":{"@id":"https:\/\/arquivo.barreiroweb.net\/#organization"},"potentialAction":[{"@type":"SearchAction","target":{"@type":"EntryPoint","urlTemplate":"https:\/\/arquivo.barreiroweb.net\/?s={search_term_string}"},"query-input":{"@type":"PropertyValueSpecification","valueRequired":true,"valueName":"search_term_string"}}],"inLanguage":"pt-PT"},{"@type":"Organization","@id":"https:\/\/arquivo.barreiroweb.net\/#organization","name":"barreiroweb","url":"https:\/\/arquivo.barreiroweb.net\/","logo":{"@type":"ImageObject","inLanguage":"pt-PT","@id":"https:\/\/arquivo.barreiroweb.net\/#\/schema\/logo\/image\/","url":"https:\/\/barreiroweb.net\/wp-content\/uploads\/2022\/05\/BarreiroWeb555.jpg","contentUrl":"https:\/\/barreiroweb.net\/wp-content\/uploads\/2022\/05\/BarreiroWeb555.jpg","width":421,"height":415,"caption":"barreiroweb"},"image":{"@id":"https:\/\/arquivo.barreiroweb.net\/#\/schema\/logo\/image\/"},"sameAs":["https:\/\/www.facebook.com\/barreiroweb","https:\/\/x.com\/barreiroweb"]},{"@type":"Person","@id":"https:\/\/arquivo.barreiroweb.net\/#\/schema\/person\/44b6d528aff975e3786c9f475f9df2dd","name":"barreiroweb","image":{"@type":"ImageObject","inLanguage":"pt-PT","@id":"https:\/\/arquivo.barreiroweb.net\/#\/schema\/person\/image\/","url":"https:\/\/secure.gravatar.com\/avatar\/1f764b917967430404ff0b452044eb63a25d64a5363b25be2aa42273930f477d?s=96&d=mm&r=g","contentUrl":"https:\/\/secure.gravatar.com\/avatar\/1f764b917967430404ff0b452044eb63a25d64a5363b25be2aa42273930f477d?s=96&d=mm&r=g","caption":"barreiroweb"},"url":"https:\/\/arquivo.barreiroweb.net\/?author=1"}]}},"_links":{"self":[{"href":"https:\/\/arquivo.barreiroweb.net\/index.php?rest_route=\/wp\/v2\/posts\/9315","targetHints":{"allow":["GET"]}}],"collection":[{"href":"https:\/\/arquivo.barreiroweb.net\/index.php?rest_route=\/wp\/v2\/posts"}],"about":[{"href":"https:\/\/arquivo.barreiroweb.net\/index.php?rest_route=\/wp\/v2\/types\/post"}],"author":[{"embeddable":true,"href":"https:\/\/arquivo.barreiroweb.net\/index.php?rest_route=\/wp\/v2\/users\/1"}],"replies":[{"embeddable":true,"href":"https:\/\/arquivo.barreiroweb.net\/index.php?rest_route=%2Fwp%2Fv2%2Fcomments&post=9315"}],"version-history":[{"count":3,"href":"https:\/\/arquivo.barreiroweb.net\/index.php?rest_route=\/wp\/v2\/posts\/9315\/revisions"}],"predecessor-version":[{"id":9319,"href":"https:\/\/arquivo.barreiroweb.net\/index.php?rest_route=\/wp\/v2\/posts\/9315\/revisions\/9319"}],"wp:featuredmedia":[{"embeddable":true,"href":"https:\/\/arquivo.barreiroweb.net\/index.php?rest_route=\/wp\/v2\/media\/9316"}],"wp:attachment":[{"href":"https:\/\/arquivo.barreiroweb.net\/index.php?rest_route=%2Fwp%2Fv2%2Fmedia&parent=9315"}],"wp:term":[{"taxonomy":"category","embeddable":true,"href":"https:\/\/arquivo.barreiroweb.net\/index.php?rest_route=%2Fwp%2Fv2%2Fcategories&post=9315"},{"taxonomy":"post_tag","embeddable":true,"href":"https:\/\/arquivo.barreiroweb.net\/index.php?rest_route=%2Fwp%2Fv2%2Ftags&post=9315"}],"curies":[{"name":"wp","href":"https:\/\/api.w.org\/{rel}","templated":true}]}}