{"id":9287,"date":"2013-04-10T22:33:45","date_gmt":"2013-04-10T21:33:45","guid":{"rendered":"http:\/\/barreiroweb.eu\/?p=9287"},"modified":"2013-04-10T22:33:45","modified_gmt":"2013-04-10T21:33:45","slug":"dia-b-mega-acao-de-voluntariado-urbano-nas-escolas-do-barreiro-a-3-de-maio","status":"publish","type":"post","link":"https:\/\/arquivo.barreiroweb.net\/?p=9287","title":{"rendered":"Dia B  Mega a\u00e7\u00e3o de voluntariado urbano nas escolas do Barreiro a 3 de maio"},"content":{"rendered":"<p style=\"text-align: justify;\" align=\"center\"><a href=\"http:\/\/barreiroweb.eu\/wp-content\/uploads\/2013\/03\/Barreiro_Dia-B-2012-10.jpg\" rel=\"lightbox[9287]\"><img loading=\"lazy\" decoding=\"async\" class=\"alignleft size-thumbnail wp-image-9216\" alt=\"Barreiro_Dia B 2012-10\" src=\"http:\/\/barreiroweb.eu\/wp-content\/uploads\/2013\/03\/Barreiro_Dia-B-2012-10-150x150.jpg\" width=\"150\" height=\"150\" srcset=\"https:\/\/arquivo.barreiroweb.net\/wp-content\/uploads\/2013\/03\/Barreiro_Dia-B-2012-10-150x150.jpg 150w, https:\/\/arquivo.barreiroweb.net\/wp-content\/uploads\/2013\/03\/Barreiro_Dia-B-2012-10-50x50.jpg 50w, https:\/\/arquivo.barreiroweb.net\/wp-content\/uploads\/2013\/03\/Barreiro_Dia-B-2012-10-70x70.jpg 70w, https:\/\/arquivo.barreiroweb.net\/wp-content\/uploads\/2013\/03\/Barreiro_Dia-B-2012-10-55x55.jpg 55w\" sizes=\"auto, (max-width: 150px) 100vw, 150px\" \/><\/a>O Dia B, mega evento de voluntariado urbano no Concelho do Barreiro, realiza-se, este ano, em dois dias. S\u00e1bado, 4 de maio, a a\u00e7\u00e3o \u00e9 aberta a toda a comunidade. Na sexta-feira, 3, o projeto envolve as escolas do Concelho, na sequ\u00eancia do desafio lan\u00e7ado pela Autarquia em colabora\u00e7\u00e3o com as oito juntas de Freguesia do Concelho.<\/p>\n<p style=\"text-align: justify;\">Vinte e quatro escolas, com a participa\u00e7\u00e3o garantida de mais de 3.000 volunt\u00e1rios, apresentaram projetos para desenvolver no pr\u00f3ximo dia 3 de maio, nas \u00e1reas de limpeza, pintura de mobili\u00e1rio urbano, murais, jogos tradicionais, cria\u00e7\u00e3o de hortas pedag\u00f3gicas, entre muitas outras ideias.<\/p>\n<p style=\"text-align: justify;\">Tendo como principal objetivo o est\u00edmulo \u00e0 cidadania e \u00e0 participa\u00e7\u00e3o ativa nos mais novos, o B 2013, em 2013 com o mote Participa\u00e7\u00e3o coletiva para um objetivo comum, envolve, na sexta-feira, tamb\u00e9m, professores, auxiliares e encarregados de educa\u00e7\u00e3o.<\/p>\n<p style=\"text-align: justify;\" align=\"center\">Inscri\u00e7\u00f5es para s\u00e1bado continuam abertas<\/p>\n<p style=\"text-align: justify;\">As inscri\u00e7\u00f5es para dia 4 est\u00e3o abertas, recorde-se, at\u00e9 20 de abril. No S\u00edtio Oficial da C\u00e2mara Municipal do Barreiro (CMB) na Internet \u00e9 poss\u00edvel efetuar a sua inscri\u00e7\u00e3o para a a\u00e7\u00e3o de 4 de maio, preenchendo o formul\u00e1rio online, ou descarregar um folheto informativo com Ficha de Inscri\u00e7\u00e3o que, depois de preenchida, pode ser enviada por e-mail, para o endere\u00e7o eletr\u00f3nico <a href=\"mailto:diab@cm-barreiro.pt\">diab@cm-barreiro.pt<\/a>, ou entregue no Posto de Turismo do Barreiro (telefone: 21 099 0837), no Mercado Municipal 1\u00ba de Maio, Avenida Alfredo da Silva, Barreiro, em qualquer uma das oito juntas de Freguesia do Concelho ou no Hipermercado Continente do Barreiro.<\/p>\n<p style=\"text-align: justify;\">A CMB j\u00e1 divulgou um conjunto de 40 projetos (<a href=\"http:\/\/www.cm-barreiro.pt\/pt\/conteudos\/noticias+e+eventos\/noticias\/DIA+B+LISTAGEM+PROJETOS+A+DESENVOLVER+4MAI2013.htm\">http:\/\/www.cm-barreiro.pt\/pt\/conteudos\/noticias+e+eventos\/noticias\/DIA+B+LISTAGEM+PROJETOS+A+DESENVOLVER+4MAI2013.htm<\/a>; Localiza\u00e7\u00e3o: <a href=\"http:\/\/dia-b.org\/#!\/mapa_de_acoes\">http:\/\/dia-b.org\/#!\/mapa_de_acoes<\/a>) a desenvolver a 4 de maio, resultantes das propostas da popula\u00e7\u00e3o efetuadas durante o per\u00edodo de pr\u00e9-candidaturas, que terminou a 22 de mar\u00e7o.<\/p>\n<p style=\"text-align: justify;\" align=\"center\">Parceiros<\/p>\n<p style=\"text-align: justify;\">S\u00e3o parceiros deste evento todas as juntas de Freguesia do Concelho. S\u00e3o, nesta altura, Parceiros Financeiros (empresas que contribuem para a realiza\u00e7\u00e3o do evento atrav\u00e9s da doa\u00e7\u00e3o de materiais ou donativos para a sua aquisi\u00e7\u00e3o): Ba\u00eda do Tejo, Hipermercado Continente Barreiro, Fisipe, Suma, Macdonald\u2019s, Cepsa, EGEO, Dyrup, Sovena, Marcontin, SGR, Florcerta, Viveiros Moreira da Silva e Filhos, Sintimex, Biomiva Montijo, Dom Pedro V, Sotkon, Covelo &amp; Pinto e Transportes J. L. Monteiro. Parceiros na Divulga\u00e7\u00e3o (divulga\u00e7\u00e3o em rede que envolve todos os meios de transportes p\u00fablicos): Transtejo\/Soflusa, CP \u2013 Comboios de Portugal, TCB \u2013 Transportes Colectivos do Barreiro. Parceiros no Design (empresa que criou todo o conceito de imagem e mensagem visual do projeto): Adhesive Design Studio.<\/p>\n<p style=\"text-align: justify;\" align=\"center\">+ dados sobre o evento<\/p>\n<p style=\"text-align: justify;\">\u00c1udios: <a href=\"http:\/\/www.cm-barreiro.pt\/pt\/conteudos\/noticias+e+eventos\/noticias\/DIA+B+2013+COM+AUDIO.htm\">http:\/\/www.cm-barreiro.pt\/pt\/conteudos\/noticias+e+eventos\/noticias\/DIA+B+2013+COM+AUDIO.htm<\/a><\/p>\n<p style=\"text-align: justify;\">Link para inscri\u00e7\u00e3o online: <a href=\"http:\/\/www.cm-barreiro.pt\/pt\/conteudos\/DiaB2013\">http:\/\/www.cm-barreiro.pt\/pt\/conteudos\/DiaB2013<\/a><\/p>\n<p style=\"text-align: justify;\">Download do Formul\u00e1rio para Inscri\u00e7\u00e3o em pdf no link: <a href=\"http:\/\/www.cm-barreiro.pt\/pt\/conteudos\/municipio\/Dia+B+2013\/DIA+B+2013+INSCRICAO+ON-LINE.htm\">http:\/\/www.cm-barreiro.pt\/pt\/conteudos\/municipio\/Dia+B+2013\/DIA+B+2013+INSCRICAO+ON-LINE.htm<\/a><\/p>\n<p style=\"text-align: justify;\">Sites Oficiais: <a href=\"http:\/\/www.cm-barreiro.pt\/pt\/conteudos\/municipio\/Dia+B+2013\/\">http:\/\/www.cm-barreiro.pt\/pt\/conteudos\/municipio\/Dia+B+2013\/<\/a> e <a href=\"http:\/\/www.dia-b.org\/\">http:\/\/www.dia-b.org\/<\/a><\/p>\n<p style=\"text-align: justify;\">Documento de Apresenta\u00e7\u00e3o: <a href=\"http:\/\/www.cm-barreiro.pt\/NR\/rdonlyres\/B6798DAF-7B89-4E87-BD46-A0F86AC37BCB\/91733\/APRESENTACAO_PUBLICA_DIA_B_07_DE_MARCO2015.pdf\">http:\/\/www.cm-barreiro.pt\/NR\/rdonlyres\/B6798DAF-7B89-4E87-BD46-A0F86AC37BCB\/91733\/APRESENTACAO_PUBLICA_DIA_B_07_DE_MARCO2015.pdf<\/a><\/p>\n<p style=\"text-align: justify;\">Facebook: <a href=\"http:\/\/www.facebook.com\/DiaB.MovimenteEstaIdeia\">www.facebook.com\/DiaB.MovimenteEstaIdeia<\/a><\/p>\n<p style=\"text-align: justify;\">+INFO: <a href=\"mailto:diab@cm-barreiro.pt\">diab@cm-barreiro.pt<\/a> \/ 21 217 09 04<\/p>\n<p style=\"text-align: justify;\">\u00a0<\/p>\n<p style=\"text-align: justify;\">CMB 2013-04-10<\/p>\n","protected":false},"excerpt":{"rendered":"<p>O Dia B, mega evento de voluntariado urbano no Concelho do Barreiro, realiza-se, este ano, em dois dias. S\u00e1bado, 4 de maio, a a\u00e7\u00e3o \u00e9 aberta a toda a comunidade. Na sexta-feira, 3, o projeto envolve as escolas do Concelho, na sequ\u00eancia do desafio lan\u00e7ado pela Autarquia em colabora\u00e7\u00e3o com as oito juntas de Freguesia [&hellip;]<\/p>\n","protected":false},"author":1,"featured_media":9216,"comment_status":"open","ping_status":"open","sticky":false,"template":"","format":"standard","meta":{"footnotes":""},"categories":[32,3],"tags":[41,311],"class_list":["post-9287","post","type-post","status-publish","format-standard","has-post-thumbnail","hentry","category-destaque","category-eventos","tag-barreiro","tag-dia-b-2013","last_archivepost"],"yoast_head":"<!-- This site is optimized with the Yoast SEO plugin v27.1.1 - https:\/\/yoast.com\/product\/yoast-seo-wordpress\/ -->\n<title>Dia B Mega a\u00e7\u00e3o de voluntariado urbano nas escolas do Barreiro a 3 de maio - barreiroweb<\/title>\n<meta name=\"robots\" content=\"index, follow, max-snippet:-1, max-image-preview:large, max-video-preview:-1\" \/>\n<link rel=\"canonical\" href=\"https:\/\/arquivo.barreiroweb.net\/?p=9287\" \/>\n<meta property=\"og:locale\" content=\"pt_PT\" \/>\n<meta property=\"og:type\" content=\"article\" \/>\n<meta property=\"og:title\" content=\"Dia B Mega a\u00e7\u00e3o de voluntariado urbano nas escolas do Barreiro a 3 de maio - barreiroweb\" \/>\n<meta property=\"og:description\" content=\"O Dia B, mega evento de voluntariado urbano no Concelho do Barreiro, realiza-se, este ano, em dois dias. S\u00e1bado, 4 de maio, a a\u00e7\u00e3o \u00e9 aberta a toda a comunidade. Na sexta-feira, 3, o projeto envolve as escolas do Concelho, na sequ\u00eancia do desafio lan\u00e7ado pela Autarquia em colabora\u00e7\u00e3o com as oito juntas de Freguesia [&hellip;]\" \/>\n<meta property=\"og:url\" content=\"https:\/\/arquivo.barreiroweb.net\/?p=9287\" \/>\n<meta property=\"og:site_name\" content=\"barreiroweb\" \/>\n<meta property=\"article:publisher\" content=\"https:\/\/www.facebook.com\/barreiroweb\" \/>\n<meta property=\"article:published_time\" content=\"2013-04-10T21:33:45+00:00\" \/>\n<meta property=\"og:image\" content=\"https:\/\/arquivo.barreiroweb.net\/wp-content\/uploads\/2013\/03\/Barreiro_Dia-B-2012-10.jpg\" \/>\n\t<meta property=\"og:image:width\" content=\"314\" \/>\n\t<meta property=\"og:image:height\" content=\"209\" \/>\n\t<meta property=\"og:image:type\" content=\"image\/jpeg\" \/>\n<meta name=\"author\" content=\"barreiroweb\" \/>\n<meta name=\"twitter:card\" content=\"summary_large_image\" \/>\n<meta name=\"twitter:creator\" content=\"@barreiroweb\" \/>\n<meta name=\"twitter:site\" content=\"@barreiroweb\" \/>\n<meta name=\"twitter:label1\" content=\"Escrito por\" \/>\n\t<meta name=\"twitter:data1\" content=\"barreiroweb\" \/>\n\t<meta name=\"twitter:label2\" content=\"Tempo estimado de leitura\" \/>\n\t<meta name=\"twitter:data2\" content=\"3 minutos\" \/>\n<script type=\"application\/ld+json\" class=\"yoast-schema-graph\">{\"@context\":\"https:\/\/schema.org\",\"@graph\":[{\"@type\":\"Article\",\"@id\":\"https:\/\/arquivo.barreiroweb.net\/?p=9287#article\",\"isPartOf\":{\"@id\":\"https:\/\/arquivo.barreiroweb.net\/?p=9287\"},\"author\":{\"name\":\"barreiroweb\",\"@id\":\"https:\/\/arquivo.barreiroweb.net\/#\/schema\/person\/44b6d528aff975e3786c9f475f9df2dd\"},\"headline\":\"Dia B Mega a\u00e7\u00e3o de voluntariado urbano nas escolas do Barreiro a 3 de maio\",\"datePublished\":\"2013-04-10T21:33:45+00:00\",\"mainEntityOfPage\":{\"@id\":\"https:\/\/arquivo.barreiroweb.net\/?p=9287\"},\"wordCount\":574,\"commentCount\":0,\"publisher\":{\"@id\":\"https:\/\/arquivo.barreiroweb.net\/#organization\"},\"image\":{\"@id\":\"https:\/\/arquivo.barreiroweb.net\/?p=9287#primaryimage\"},\"thumbnailUrl\":\"https:\/\/arquivo.barreiroweb.net\/wp-content\/uploads\/2013\/03\/Barreiro_Dia-B-2012-10.jpg\",\"keywords\":[\"barreiro\",\"Dia B 2013\"],\"articleSection\":[\"Destaque\",\"Eventos\"],\"inLanguage\":\"pt-PT\",\"potentialAction\":[{\"@type\":\"CommentAction\",\"name\":\"Comment\",\"target\":[\"https:\/\/arquivo.barreiroweb.net\/?p=9287#respond\"]}]},{\"@type\":\"WebPage\",\"@id\":\"https:\/\/arquivo.barreiroweb.net\/?p=9287\",\"url\":\"https:\/\/arquivo.barreiroweb.net\/?p=9287\",\"name\":\"Dia B Mega a\u00e7\u00e3o de voluntariado urbano nas escolas do Barreiro a 3 de maio - barreiroweb\",\"isPartOf\":{\"@id\":\"https:\/\/arquivo.barreiroweb.net\/#website\"},\"primaryImageOfPage\":{\"@id\":\"https:\/\/arquivo.barreiroweb.net\/?p=9287#primaryimage\"},\"image\":{\"@id\":\"https:\/\/arquivo.barreiroweb.net\/?p=9287#primaryimage\"},\"thumbnailUrl\":\"https:\/\/arquivo.barreiroweb.net\/wp-content\/uploads\/2013\/03\/Barreiro_Dia-B-2012-10.jpg\",\"datePublished\":\"2013-04-10T21:33:45+00:00\",\"breadcrumb\":{\"@id\":\"https:\/\/arquivo.barreiroweb.net\/?p=9287#breadcrumb\"},\"inLanguage\":\"pt-PT\",\"potentialAction\":[{\"@type\":\"ReadAction\",\"target\":[\"https:\/\/arquivo.barreiroweb.net\/?p=9287\"]}]},{\"@type\":\"ImageObject\",\"inLanguage\":\"pt-PT\",\"@id\":\"https:\/\/arquivo.barreiroweb.net\/?p=9287#primaryimage\",\"url\":\"https:\/\/arquivo.barreiroweb.net\/wp-content\/uploads\/2013\/03\/Barreiro_Dia-B-2012-10.jpg\",\"contentUrl\":\"https:\/\/arquivo.barreiroweb.net\/wp-content\/uploads\/2013\/03\/Barreiro_Dia-B-2012-10.jpg\",\"width\":314,\"height\":209},{\"@type\":\"BreadcrumbList\",\"@id\":\"https:\/\/arquivo.barreiroweb.net\/?p=9287#breadcrumb\",\"itemListElement\":[{\"@type\":\"ListItem\",\"position\":1,\"name\":\"In\u00edcio\",\"item\":\"https:\/\/arquivo.barreiroweb.net\/\"},{\"@type\":\"ListItem\",\"position\":2,\"name\":\"Dia B Mega a\u00e7\u00e3o de voluntariado urbano nas escolas do Barreiro a 3 de maio\"}]},{\"@type\":\"WebSite\",\"@id\":\"https:\/\/arquivo.barreiroweb.net\/#website\",\"url\":\"https:\/\/arquivo.barreiroweb.net\/\",\"name\":\"barreiroweb\",\"description\":\"Barreiroweb o barreiro na web\",\"publisher\":{\"@id\":\"https:\/\/arquivo.barreiroweb.net\/#organization\"},\"potentialAction\":[{\"@type\":\"SearchAction\",\"target\":{\"@type\":\"EntryPoint\",\"urlTemplate\":\"https:\/\/arquivo.barreiroweb.net\/?s={search_term_string}\"},\"query-input\":{\"@type\":\"PropertyValueSpecification\",\"valueRequired\":true,\"valueName\":\"search_term_string\"}}],\"inLanguage\":\"pt-PT\"},{\"@type\":\"Organization\",\"@id\":\"https:\/\/arquivo.barreiroweb.net\/#organization\",\"name\":\"barreiroweb\",\"url\":\"https:\/\/arquivo.barreiroweb.net\/\",\"logo\":{\"@type\":\"ImageObject\",\"inLanguage\":\"pt-PT\",\"@id\":\"https:\/\/arquivo.barreiroweb.net\/#\/schema\/logo\/image\/\",\"url\":\"https:\/\/barreiroweb.net\/wp-content\/uploads\/2022\/05\/BarreiroWeb555.jpg\",\"contentUrl\":\"https:\/\/barreiroweb.net\/wp-content\/uploads\/2022\/05\/BarreiroWeb555.jpg\",\"width\":421,\"height\":415,\"caption\":\"barreiroweb\"},\"image\":{\"@id\":\"https:\/\/arquivo.barreiroweb.net\/#\/schema\/logo\/image\/\"},\"sameAs\":[\"https:\/\/www.facebook.com\/barreiroweb\",\"https:\/\/x.com\/barreiroweb\"]},{\"@type\":\"Person\",\"@id\":\"https:\/\/arquivo.barreiroweb.net\/#\/schema\/person\/44b6d528aff975e3786c9f475f9df2dd\",\"name\":\"barreiroweb\",\"image\":{\"@type\":\"ImageObject\",\"inLanguage\":\"pt-PT\",\"@id\":\"https:\/\/arquivo.barreiroweb.net\/#\/schema\/person\/image\/\",\"url\":\"https:\/\/secure.gravatar.com\/avatar\/1f764b917967430404ff0b452044eb63a25d64a5363b25be2aa42273930f477d?s=96&d=mm&r=g\",\"contentUrl\":\"https:\/\/secure.gravatar.com\/avatar\/1f764b917967430404ff0b452044eb63a25d64a5363b25be2aa42273930f477d?s=96&d=mm&r=g\",\"caption\":\"barreiroweb\"},\"url\":\"https:\/\/arquivo.barreiroweb.net\/?author=1\"}]}<\/script>\n<!-- \/ Yoast SEO plugin. -->","yoast_head_json":{"title":"Dia B Mega a\u00e7\u00e3o de voluntariado urbano nas escolas do Barreiro a 3 de maio - barreiroweb","robots":{"index":"index","follow":"follow","max-snippet":"max-snippet:-1","max-image-preview":"max-image-preview:large","max-video-preview":"max-video-preview:-1"},"canonical":"https:\/\/arquivo.barreiroweb.net\/?p=9287","og_locale":"pt_PT","og_type":"article","og_title":"Dia B Mega a\u00e7\u00e3o de voluntariado urbano nas escolas do Barreiro a 3 de maio - barreiroweb","og_description":"O Dia B, mega evento de voluntariado urbano no Concelho do Barreiro, realiza-se, este ano, em dois dias. S\u00e1bado, 4 de maio, a a\u00e7\u00e3o \u00e9 aberta a toda a comunidade. Na sexta-feira, 3, o projeto envolve as escolas do Concelho, na sequ\u00eancia do desafio lan\u00e7ado pela Autarquia em colabora\u00e7\u00e3o com as oito juntas de Freguesia [&hellip;]","og_url":"https:\/\/arquivo.barreiroweb.net\/?p=9287","og_site_name":"barreiroweb","article_publisher":"https:\/\/www.facebook.com\/barreiroweb","article_published_time":"2013-04-10T21:33:45+00:00","og_image":[{"width":314,"height":209,"url":"https:\/\/arquivo.barreiroweb.net\/wp-content\/uploads\/2013\/03\/Barreiro_Dia-B-2012-10.jpg","type":"image\/jpeg"}],"author":"barreiroweb","twitter_card":"summary_large_image","twitter_creator":"@barreiroweb","twitter_site":"@barreiroweb","twitter_misc":{"Escrito por":"barreiroweb","Tempo estimado de leitura":"3 minutos"},"schema":{"@context":"https:\/\/schema.org","@graph":[{"@type":"Article","@id":"https:\/\/arquivo.barreiroweb.net\/?p=9287#article","isPartOf":{"@id":"https:\/\/arquivo.barreiroweb.net\/?p=9287"},"author":{"name":"barreiroweb","@id":"https:\/\/arquivo.barreiroweb.net\/#\/schema\/person\/44b6d528aff975e3786c9f475f9df2dd"},"headline":"Dia B Mega a\u00e7\u00e3o de voluntariado urbano nas escolas do Barreiro a 3 de maio","datePublished":"2013-04-10T21:33:45+00:00","mainEntityOfPage":{"@id":"https:\/\/arquivo.barreiroweb.net\/?p=9287"},"wordCount":574,"commentCount":0,"publisher":{"@id":"https:\/\/arquivo.barreiroweb.net\/#organization"},"image":{"@id":"https:\/\/arquivo.barreiroweb.net\/?p=9287#primaryimage"},"thumbnailUrl":"https:\/\/arquivo.barreiroweb.net\/wp-content\/uploads\/2013\/03\/Barreiro_Dia-B-2012-10.jpg","keywords":["barreiro","Dia B 2013"],"articleSection":["Destaque","Eventos"],"inLanguage":"pt-PT","potentialAction":[{"@type":"CommentAction","name":"Comment","target":["https:\/\/arquivo.barreiroweb.net\/?p=9287#respond"]}]},{"@type":"WebPage","@id":"https:\/\/arquivo.barreiroweb.net\/?p=9287","url":"https:\/\/arquivo.barreiroweb.net\/?p=9287","name":"Dia B Mega a\u00e7\u00e3o de voluntariado urbano nas escolas do Barreiro a 3 de maio - barreiroweb","isPartOf":{"@id":"https:\/\/arquivo.barreiroweb.net\/#website"},"primaryImageOfPage":{"@id":"https:\/\/arquivo.barreiroweb.net\/?p=9287#primaryimage"},"image":{"@id":"https:\/\/arquivo.barreiroweb.net\/?p=9287#primaryimage"},"thumbnailUrl":"https:\/\/arquivo.barreiroweb.net\/wp-content\/uploads\/2013\/03\/Barreiro_Dia-B-2012-10.jpg","datePublished":"2013-04-10T21:33:45+00:00","breadcrumb":{"@id":"https:\/\/arquivo.barreiroweb.net\/?p=9287#breadcrumb"},"inLanguage":"pt-PT","potentialAction":[{"@type":"ReadAction","target":["https:\/\/arquivo.barreiroweb.net\/?p=9287"]}]},{"@type":"ImageObject","inLanguage":"pt-PT","@id":"https:\/\/arquivo.barreiroweb.net\/?p=9287#primaryimage","url":"https:\/\/arquivo.barreiroweb.net\/wp-content\/uploads\/2013\/03\/Barreiro_Dia-B-2012-10.jpg","contentUrl":"https:\/\/arquivo.barreiroweb.net\/wp-content\/uploads\/2013\/03\/Barreiro_Dia-B-2012-10.jpg","width":314,"height":209},{"@type":"BreadcrumbList","@id":"https:\/\/arquivo.barreiroweb.net\/?p=9287#breadcrumb","itemListElement":[{"@type":"ListItem","position":1,"name":"In\u00edcio","item":"https:\/\/arquivo.barreiroweb.net\/"},{"@type":"ListItem","position":2,"name":"Dia B Mega a\u00e7\u00e3o de voluntariado urbano nas escolas do Barreiro a 3 de maio"}]},{"@type":"WebSite","@id":"https:\/\/arquivo.barreiroweb.net\/#website","url":"https:\/\/arquivo.barreiroweb.net\/","name":"barreiroweb","description":"Barreiroweb o barreiro na web","publisher":{"@id":"https:\/\/arquivo.barreiroweb.net\/#organization"},"potentialAction":[{"@type":"SearchAction","target":{"@type":"EntryPoint","urlTemplate":"https:\/\/arquivo.barreiroweb.net\/?s={search_term_string}"},"query-input":{"@type":"PropertyValueSpecification","valueRequired":true,"valueName":"search_term_string"}}],"inLanguage":"pt-PT"},{"@type":"Organization","@id":"https:\/\/arquivo.barreiroweb.net\/#organization","name":"barreiroweb","url":"https:\/\/arquivo.barreiroweb.net\/","logo":{"@type":"ImageObject","inLanguage":"pt-PT","@id":"https:\/\/arquivo.barreiroweb.net\/#\/schema\/logo\/image\/","url":"https:\/\/barreiroweb.net\/wp-content\/uploads\/2022\/05\/BarreiroWeb555.jpg","contentUrl":"https:\/\/barreiroweb.net\/wp-content\/uploads\/2022\/05\/BarreiroWeb555.jpg","width":421,"height":415,"caption":"barreiroweb"},"image":{"@id":"https:\/\/arquivo.barreiroweb.net\/#\/schema\/logo\/image\/"},"sameAs":["https:\/\/www.facebook.com\/barreiroweb","https:\/\/x.com\/barreiroweb"]},{"@type":"Person","@id":"https:\/\/arquivo.barreiroweb.net\/#\/schema\/person\/44b6d528aff975e3786c9f475f9df2dd","name":"barreiroweb","image":{"@type":"ImageObject","inLanguage":"pt-PT","@id":"https:\/\/arquivo.barreiroweb.net\/#\/schema\/person\/image\/","url":"https:\/\/secure.gravatar.com\/avatar\/1f764b917967430404ff0b452044eb63a25d64a5363b25be2aa42273930f477d?s=96&d=mm&r=g","contentUrl":"https:\/\/secure.gravatar.com\/avatar\/1f764b917967430404ff0b452044eb63a25d64a5363b25be2aa42273930f477d?s=96&d=mm&r=g","caption":"barreiroweb"},"url":"https:\/\/arquivo.barreiroweb.net\/?author=1"}]}},"_links":{"self":[{"href":"https:\/\/arquivo.barreiroweb.net\/index.php?rest_route=\/wp\/v2\/posts\/9287","targetHints":{"allow":["GET"]}}],"collection":[{"href":"https:\/\/arquivo.barreiroweb.net\/index.php?rest_route=\/wp\/v2\/posts"}],"about":[{"href":"https:\/\/arquivo.barreiroweb.net\/index.php?rest_route=\/wp\/v2\/types\/post"}],"author":[{"embeddable":true,"href":"https:\/\/arquivo.barreiroweb.net\/index.php?rest_route=\/wp\/v2\/users\/1"}],"replies":[{"embeddable":true,"href":"https:\/\/arquivo.barreiroweb.net\/index.php?rest_route=%2Fwp%2Fv2%2Fcomments&post=9287"}],"version-history":[{"count":2,"href":"https:\/\/arquivo.barreiroweb.net\/index.php?rest_route=\/wp\/v2\/posts\/9287\/revisions"}],"predecessor-version":[{"id":9289,"href":"https:\/\/arquivo.barreiroweb.net\/index.php?rest_route=\/wp\/v2\/posts\/9287\/revisions\/9289"}],"wp:featuredmedia":[{"embeddable":true,"href":"https:\/\/arquivo.barreiroweb.net\/index.php?rest_route=\/wp\/v2\/media\/9216"}],"wp:attachment":[{"href":"https:\/\/arquivo.barreiroweb.net\/index.php?rest_route=%2Fwp%2Fv2%2Fmedia&parent=9287"}],"wp:term":[{"taxonomy":"category","embeddable":true,"href":"https:\/\/arquivo.barreiroweb.net\/index.php?rest_route=%2Fwp%2Fv2%2Fcategories&post=9287"},{"taxonomy":"post_tag","embeddable":true,"href":"https:\/\/arquivo.barreiroweb.net\/index.php?rest_route=%2Fwp%2Fv2%2Ftags&post=9287"}],"curies":[{"name":"wp","href":"https:\/\/api.w.org\/{rel}","templated":true}]}}