{"id":9146,"date":"2013-03-19T01:08:30","date_gmt":"2013-03-19T01:08:30","guid":{"rendered":"http:\/\/barreiroweb.eu\/?p=9146"},"modified":"2013-03-21T17:27:42","modified_gmt":"2013-03-21T17:27:42","slug":"no-municipio-da-moita-a-verdadeira-historia-da-tomada-do-carvalhal-assinala-dia-mundial-do-teatro","status":"publish","type":"post","link":"https:\/\/arquivo.barreiroweb.net\/?p=9146","title":{"rendered":"No Munic\u00edpio da Moita \u201cA Verdadeira Hist\u00f3ria da Tomada do Carvalhal\u201d assinala Dia Mundial do Teatro"},"content":{"rendered":"<p style=\"text-align: justify;\"><a href=\"http:\/\/barreiroweb.eu\/wp-content\/uploads\/2013\/03\/A_VERDADEIRA_HISTORIA_DA_TOMADA_DO_CARVALHAL2.jpg\" rel=\"lightbox[9146]\"><img loading=\"lazy\" decoding=\"async\" class=\"alignleft size-thumbnail wp-image-9147\" alt=\"A_VERDADEIRA_HISTORIA_DA_TOMADA_DO_CARVALHAL2\" src=\"http:\/\/barreiroweb.eu\/wp-content\/uploads\/2013\/03\/A_VERDADEIRA_HISTORIA_DA_TOMADA_DO_CARVALHAL2-150x150.jpg\" width=\"150\" height=\"150\" srcset=\"https:\/\/arquivo.barreiroweb.net\/wp-content\/uploads\/2013\/03\/A_VERDADEIRA_HISTORIA_DA_TOMADA_DO_CARVALHAL2-150x150.jpg 150w, https:\/\/arquivo.barreiroweb.net\/wp-content\/uploads\/2013\/03\/A_VERDADEIRA_HISTORIA_DA_TOMADA_DO_CARVALHAL2-50x50.jpg 50w, https:\/\/arquivo.barreiroweb.net\/wp-content\/uploads\/2013\/03\/A_VERDADEIRA_HISTORIA_DA_TOMADA_DO_CARVALHAL2-70x70.jpg 70w, https:\/\/arquivo.barreiroweb.net\/wp-content\/uploads\/2013\/03\/A_VERDADEIRA_HISTORIA_DA_TOMADA_DO_CARVALHAL2-55x55.jpg 55w\" sizes=\"auto, (max-width: 150px) 100vw, 150px\" \/><\/a>\u00a0Para comemorar o Dia Mundial do Teatro, a C\u00e2mara Municipal prop\u00f5e a pe\u00e7a \u201cA Verdadeira Hist\u00f3ria da Tomada do Carvalhal\u201d, pela ESTE \u2013 Esta\u00e7\u00e3o Teatral, no dia 22 de mar\u00e7o, pela 22:00h, no F\u00f3rum Cultural Jos\u00e9 Manuel Figueiredo, na Baixa da Banheira.<\/p>\n<p style=\"text-align: justify;\"><i>\u201c\u2013 De quem \u00e9 o Carvalhal? <\/i><\/p>\n<p style=\"text-align: justify;\"><i>\u2013 \u00c9 do Senhor Garrett\u2026 <\/i><\/p>\n<p style=\"text-align: justify;\">Em 1890, a fam\u00edlia Garrett era uma das mais importantes do distrito de Castelo Branco. Explorava as pastagens do Carvalhal, em Souto da Casa, no Fund\u00e3o, e a Irmandade do Sant\u00edssimo as castanhas. O povo do Souto da Casa, por sua vez, detinha o cultivo da terra. Mas houve uma \u00e9poca em que o rico propriet\u00e1rio incumbiu o seu feitor, Ant\u00f3nio Antunes Aqu\u00e9m, de ocupar todos os terrenos e n\u00e3o deixar que se cultivasse. Ent\u00e3o, os sinos tocaram a rebate, o povo juntou-se e Aqu\u00e9m, desde o alto da Serra at\u00e9 ao povoado, foi obrigado a carregar um pesado tronco de castanheiro \u00e0s costas.<\/p>\n<p style=\"text-align: justify;\">A ESTE \u2013 Esta\u00e7\u00e3o Teatral encontra nesta j\u00e1 lend\u00e1ria hist\u00f3ria da sua regi\u00e3o o rudimento para criar um novo espet\u00e1culo, transmitindo assim as bases da sua teatralidade. Numa comunica\u00e7\u00e3o direta, onde o Teatro se faz com o espetador, o gesto, o movimento, a a\u00e7\u00e3o e a m\u00fasica dos bombos e do p\u00edfaro expressam a for\u00e7a tel\u00farica de uma hist\u00f3ria regional que serviu de inspira\u00e7\u00e3o para a Revolu\u00e7\u00e3o dos Cravos, em Abril de 1974, e se nos depara hoje como feliz met\u00e1fora de uma sociedade que permite com assustadora passividade que poucos Garrett\u2019s fiquem com todas as castanhas\u2026\u201d<\/p>\n<p style=\"text-align: justify;\">A entrada \u00e9 gratuita.<\/p>\n<p style=\"text-align: right;\">C\u00e2mara Municipal da Moita<\/p>\n","protected":false},"excerpt":{"rendered":"<p>\u00a0Para comemorar o Dia Mundial do Teatro, a C\u00e2mara Municipal prop\u00f5e a pe\u00e7a \u201cA Verdadeira Hist\u00f3ria da Tomada do Carvalhal\u201d, pela ESTE \u2013 Esta\u00e7\u00e3o Teatral, no dia 22 de mar\u00e7o, pela 22:00h, no F\u00f3rum Cultural Jos\u00e9 Manuel Figueiredo, na Baixa da Banheira. \u201c\u2013 De quem \u00e9 o Carvalhal? \u2013 \u00c9 do Senhor Garrett\u2026 Em 1890, [&hellip;]<\/p>\n","protected":false},"author":1,"featured_media":9147,"comment_status":"open","ping_status":"open","sticky":false,"template":"","format":"standard","meta":{"footnotes":""},"categories":[32,10],"tags":[37,745],"class_list":["post-9146","post","type-post","status-publish","format-standard","has-post-thumbnail","hentry","category-destaque","category-teatro","tag-moita","tag-teatro","last_archivepost"],"yoast_head":"<!-- This site is optimized with the Yoast SEO plugin v27.1.1 - https:\/\/yoast.com\/product\/yoast-seo-wordpress\/ -->\n<title>No Munic\u00edpio da Moita \u201cA Verdadeira Hist\u00f3ria da Tomada do Carvalhal\u201d assinala Dia Mundial do Teatro - barreiroweb<\/title>\n<meta name=\"robots\" content=\"index, follow, max-snippet:-1, max-image-preview:large, max-video-preview:-1\" \/>\n<link rel=\"canonical\" href=\"https:\/\/arquivo.barreiroweb.net\/?p=9146\" \/>\n<meta property=\"og:locale\" content=\"pt_PT\" \/>\n<meta property=\"og:type\" content=\"article\" \/>\n<meta property=\"og:title\" content=\"No Munic\u00edpio da Moita \u201cA Verdadeira Hist\u00f3ria da Tomada do Carvalhal\u201d assinala Dia Mundial do Teatro - barreiroweb\" \/>\n<meta property=\"og:description\" content=\"\u00a0Para comemorar o Dia Mundial do Teatro, a C\u00e2mara Municipal prop\u00f5e a pe\u00e7a \u201cA Verdadeira Hist\u00f3ria da Tomada do Carvalhal\u201d, pela ESTE \u2013 Esta\u00e7\u00e3o Teatral, no dia 22 de mar\u00e7o, pela 22:00h, no F\u00f3rum Cultural Jos\u00e9 Manuel Figueiredo, na Baixa da Banheira. \u201c\u2013 De quem \u00e9 o Carvalhal? \u2013 \u00c9 do Senhor Garrett\u2026 Em 1890, [&hellip;]\" \/>\n<meta property=\"og:url\" content=\"https:\/\/arquivo.barreiroweb.net\/?p=9146\" \/>\n<meta property=\"og:site_name\" content=\"barreiroweb\" \/>\n<meta property=\"article:publisher\" content=\"https:\/\/www.facebook.com\/barreiroweb\" \/>\n<meta property=\"article:published_time\" content=\"2013-03-19T01:08:30+00:00\" \/>\n<meta property=\"article:modified_time\" content=\"2013-03-21T17:27:42+00:00\" \/>\n<meta property=\"og:image\" content=\"https:\/\/arquivo.barreiroweb.net\/wp-content\/uploads\/2013\/03\/A_VERDADEIRA_HISTORIA_DA_TOMADA_DO_CARVALHAL2.jpg\" \/>\n\t<meta property=\"og:image:width\" content=\"420\" \/>\n\t<meta property=\"og:image:height\" content=\"248\" \/>\n\t<meta property=\"og:image:type\" content=\"image\/jpeg\" \/>\n<meta name=\"author\" content=\"barreiroweb\" \/>\n<meta name=\"twitter:card\" content=\"summary_large_image\" \/>\n<meta name=\"twitter:creator\" content=\"@barreiroweb\" \/>\n<meta name=\"twitter:site\" content=\"@barreiroweb\" \/>\n<meta name=\"twitter:label1\" content=\"Escrito por\" \/>\n\t<meta name=\"twitter:data1\" content=\"barreiroweb\" \/>\n\t<meta name=\"twitter:label2\" content=\"Tempo estimado de leitura\" \/>\n\t<meta name=\"twitter:data2\" content=\"1 minuto\" \/>\n<script type=\"application\/ld+json\" class=\"yoast-schema-graph\">{\"@context\":\"https:\/\/schema.org\",\"@graph\":[{\"@type\":\"Article\",\"@id\":\"https:\/\/arquivo.barreiroweb.net\/?p=9146#article\",\"isPartOf\":{\"@id\":\"https:\/\/arquivo.barreiroweb.net\/?p=9146\"},\"author\":{\"name\":\"barreiroweb\",\"@id\":\"https:\/\/arquivo.barreiroweb.net\/#\/schema\/person\/44b6d528aff975e3786c9f475f9df2dd\"},\"headline\":\"No Munic\u00edpio da Moita \u201cA Verdadeira Hist\u00f3ria da Tomada do Carvalhal\u201d assinala Dia Mundial do Teatro\",\"datePublished\":\"2013-03-19T01:08:30+00:00\",\"dateModified\":\"2013-03-21T17:27:42+00:00\",\"mainEntityOfPage\":{\"@id\":\"https:\/\/arquivo.barreiroweb.net\/?p=9146\"},\"wordCount\":303,\"commentCount\":0,\"publisher\":{\"@id\":\"https:\/\/arquivo.barreiroweb.net\/#organization\"},\"image\":{\"@id\":\"https:\/\/arquivo.barreiroweb.net\/?p=9146#primaryimage\"},\"thumbnailUrl\":\"https:\/\/arquivo.barreiroweb.net\/wp-content\/uploads\/2013\/03\/A_VERDADEIRA_HISTORIA_DA_TOMADA_DO_CARVALHAL2.jpg\",\"keywords\":[\"moita\",\"teatro\"],\"articleSection\":[\"Destaque\",\"Teatro\"],\"inLanguage\":\"pt-PT\",\"potentialAction\":[{\"@type\":\"CommentAction\",\"name\":\"Comment\",\"target\":[\"https:\/\/arquivo.barreiroweb.net\/?p=9146#respond\"]}]},{\"@type\":\"WebPage\",\"@id\":\"https:\/\/arquivo.barreiroweb.net\/?p=9146\",\"url\":\"https:\/\/arquivo.barreiroweb.net\/?p=9146\",\"name\":\"No Munic\u00edpio da Moita \u201cA Verdadeira Hist\u00f3ria da Tomada do Carvalhal\u201d assinala Dia Mundial do Teatro - barreiroweb\",\"isPartOf\":{\"@id\":\"https:\/\/arquivo.barreiroweb.net\/#website\"},\"primaryImageOfPage\":{\"@id\":\"https:\/\/arquivo.barreiroweb.net\/?p=9146#primaryimage\"},\"image\":{\"@id\":\"https:\/\/arquivo.barreiroweb.net\/?p=9146#primaryimage\"},\"thumbnailUrl\":\"https:\/\/arquivo.barreiroweb.net\/wp-content\/uploads\/2013\/03\/A_VERDADEIRA_HISTORIA_DA_TOMADA_DO_CARVALHAL2.jpg\",\"datePublished\":\"2013-03-19T01:08:30+00:00\",\"dateModified\":\"2013-03-21T17:27:42+00:00\",\"breadcrumb\":{\"@id\":\"https:\/\/arquivo.barreiroweb.net\/?p=9146#breadcrumb\"},\"inLanguage\":\"pt-PT\",\"potentialAction\":[{\"@type\":\"ReadAction\",\"target\":[\"https:\/\/arquivo.barreiroweb.net\/?p=9146\"]}]},{\"@type\":\"ImageObject\",\"inLanguage\":\"pt-PT\",\"@id\":\"https:\/\/arquivo.barreiroweb.net\/?p=9146#primaryimage\",\"url\":\"https:\/\/arquivo.barreiroweb.net\/wp-content\/uploads\/2013\/03\/A_VERDADEIRA_HISTORIA_DA_TOMADA_DO_CARVALHAL2.jpg\",\"contentUrl\":\"https:\/\/arquivo.barreiroweb.net\/wp-content\/uploads\/2013\/03\/A_VERDADEIRA_HISTORIA_DA_TOMADA_DO_CARVALHAL2.jpg\",\"width\":420,\"height\":248},{\"@type\":\"BreadcrumbList\",\"@id\":\"https:\/\/arquivo.barreiroweb.net\/?p=9146#breadcrumb\",\"itemListElement\":[{\"@type\":\"ListItem\",\"position\":1,\"name\":\"In\u00edcio\",\"item\":\"https:\/\/arquivo.barreiroweb.net\/\"},{\"@type\":\"ListItem\",\"position\":2,\"name\":\"No Munic\u00edpio da Moita \u201cA Verdadeira Hist\u00f3ria da Tomada do Carvalhal\u201d assinala Dia Mundial do Teatro\"}]},{\"@type\":\"WebSite\",\"@id\":\"https:\/\/arquivo.barreiroweb.net\/#website\",\"url\":\"https:\/\/arquivo.barreiroweb.net\/\",\"name\":\"barreiroweb\",\"description\":\"Barreiroweb o barreiro na web\",\"publisher\":{\"@id\":\"https:\/\/arquivo.barreiroweb.net\/#organization\"},\"potentialAction\":[{\"@type\":\"SearchAction\",\"target\":{\"@type\":\"EntryPoint\",\"urlTemplate\":\"https:\/\/arquivo.barreiroweb.net\/?s={search_term_string}\"},\"query-input\":{\"@type\":\"PropertyValueSpecification\",\"valueRequired\":true,\"valueName\":\"search_term_string\"}}],\"inLanguage\":\"pt-PT\"},{\"@type\":\"Organization\",\"@id\":\"https:\/\/arquivo.barreiroweb.net\/#organization\",\"name\":\"barreiroweb\",\"url\":\"https:\/\/arquivo.barreiroweb.net\/\",\"logo\":{\"@type\":\"ImageObject\",\"inLanguage\":\"pt-PT\",\"@id\":\"https:\/\/arquivo.barreiroweb.net\/#\/schema\/logo\/image\/\",\"url\":\"https:\/\/barreiroweb.net\/wp-content\/uploads\/2022\/05\/BarreiroWeb555.jpg\",\"contentUrl\":\"https:\/\/barreiroweb.net\/wp-content\/uploads\/2022\/05\/BarreiroWeb555.jpg\",\"width\":421,\"height\":415,\"caption\":\"barreiroweb\"},\"image\":{\"@id\":\"https:\/\/arquivo.barreiroweb.net\/#\/schema\/logo\/image\/\"},\"sameAs\":[\"https:\/\/www.facebook.com\/barreiroweb\",\"https:\/\/x.com\/barreiroweb\"]},{\"@type\":\"Person\",\"@id\":\"https:\/\/arquivo.barreiroweb.net\/#\/schema\/person\/44b6d528aff975e3786c9f475f9df2dd\",\"name\":\"barreiroweb\",\"image\":{\"@type\":\"ImageObject\",\"inLanguage\":\"pt-PT\",\"@id\":\"https:\/\/arquivo.barreiroweb.net\/#\/schema\/person\/image\/\",\"url\":\"https:\/\/secure.gravatar.com\/avatar\/1f764b917967430404ff0b452044eb63a25d64a5363b25be2aa42273930f477d?s=96&d=mm&r=g\",\"contentUrl\":\"https:\/\/secure.gravatar.com\/avatar\/1f764b917967430404ff0b452044eb63a25d64a5363b25be2aa42273930f477d?s=96&d=mm&r=g\",\"caption\":\"barreiroweb\"},\"url\":\"https:\/\/arquivo.barreiroweb.net\/?author=1\"}]}<\/script>\n<!-- \/ Yoast SEO plugin. -->","yoast_head_json":{"title":"No Munic\u00edpio da Moita \u201cA Verdadeira Hist\u00f3ria da Tomada do Carvalhal\u201d assinala Dia Mundial do Teatro - barreiroweb","robots":{"index":"index","follow":"follow","max-snippet":"max-snippet:-1","max-image-preview":"max-image-preview:large","max-video-preview":"max-video-preview:-1"},"canonical":"https:\/\/arquivo.barreiroweb.net\/?p=9146","og_locale":"pt_PT","og_type":"article","og_title":"No Munic\u00edpio da Moita \u201cA Verdadeira Hist\u00f3ria da Tomada do Carvalhal\u201d assinala Dia Mundial do Teatro - barreiroweb","og_description":"\u00a0Para comemorar o Dia Mundial do Teatro, a C\u00e2mara Municipal prop\u00f5e a pe\u00e7a \u201cA Verdadeira Hist\u00f3ria da Tomada do Carvalhal\u201d, pela ESTE \u2013 Esta\u00e7\u00e3o Teatral, no dia 22 de mar\u00e7o, pela 22:00h, no F\u00f3rum Cultural Jos\u00e9 Manuel Figueiredo, na Baixa da Banheira. \u201c\u2013 De quem \u00e9 o Carvalhal? \u2013 \u00c9 do Senhor Garrett\u2026 Em 1890, [&hellip;]","og_url":"https:\/\/arquivo.barreiroweb.net\/?p=9146","og_site_name":"barreiroweb","article_publisher":"https:\/\/www.facebook.com\/barreiroweb","article_published_time":"2013-03-19T01:08:30+00:00","article_modified_time":"2013-03-21T17:27:42+00:00","og_image":[{"width":420,"height":248,"url":"https:\/\/arquivo.barreiroweb.net\/wp-content\/uploads\/2013\/03\/A_VERDADEIRA_HISTORIA_DA_TOMADA_DO_CARVALHAL2.jpg","type":"image\/jpeg"}],"author":"barreiroweb","twitter_card":"summary_large_image","twitter_creator":"@barreiroweb","twitter_site":"@barreiroweb","twitter_misc":{"Escrito por":"barreiroweb","Tempo estimado de leitura":"1 minuto"},"schema":{"@context":"https:\/\/schema.org","@graph":[{"@type":"Article","@id":"https:\/\/arquivo.barreiroweb.net\/?p=9146#article","isPartOf":{"@id":"https:\/\/arquivo.barreiroweb.net\/?p=9146"},"author":{"name":"barreiroweb","@id":"https:\/\/arquivo.barreiroweb.net\/#\/schema\/person\/44b6d528aff975e3786c9f475f9df2dd"},"headline":"No Munic\u00edpio da Moita \u201cA Verdadeira Hist\u00f3ria da Tomada do Carvalhal\u201d assinala Dia Mundial do Teatro","datePublished":"2013-03-19T01:08:30+00:00","dateModified":"2013-03-21T17:27:42+00:00","mainEntityOfPage":{"@id":"https:\/\/arquivo.barreiroweb.net\/?p=9146"},"wordCount":303,"commentCount":0,"publisher":{"@id":"https:\/\/arquivo.barreiroweb.net\/#organization"},"image":{"@id":"https:\/\/arquivo.barreiroweb.net\/?p=9146#primaryimage"},"thumbnailUrl":"https:\/\/arquivo.barreiroweb.net\/wp-content\/uploads\/2013\/03\/A_VERDADEIRA_HISTORIA_DA_TOMADA_DO_CARVALHAL2.jpg","keywords":["moita","teatro"],"articleSection":["Destaque","Teatro"],"inLanguage":"pt-PT","potentialAction":[{"@type":"CommentAction","name":"Comment","target":["https:\/\/arquivo.barreiroweb.net\/?p=9146#respond"]}]},{"@type":"WebPage","@id":"https:\/\/arquivo.barreiroweb.net\/?p=9146","url":"https:\/\/arquivo.barreiroweb.net\/?p=9146","name":"No Munic\u00edpio da Moita \u201cA Verdadeira Hist\u00f3ria da Tomada do Carvalhal\u201d assinala Dia Mundial do Teatro - barreiroweb","isPartOf":{"@id":"https:\/\/arquivo.barreiroweb.net\/#website"},"primaryImageOfPage":{"@id":"https:\/\/arquivo.barreiroweb.net\/?p=9146#primaryimage"},"image":{"@id":"https:\/\/arquivo.barreiroweb.net\/?p=9146#primaryimage"},"thumbnailUrl":"https:\/\/arquivo.barreiroweb.net\/wp-content\/uploads\/2013\/03\/A_VERDADEIRA_HISTORIA_DA_TOMADA_DO_CARVALHAL2.jpg","datePublished":"2013-03-19T01:08:30+00:00","dateModified":"2013-03-21T17:27:42+00:00","breadcrumb":{"@id":"https:\/\/arquivo.barreiroweb.net\/?p=9146#breadcrumb"},"inLanguage":"pt-PT","potentialAction":[{"@type":"ReadAction","target":["https:\/\/arquivo.barreiroweb.net\/?p=9146"]}]},{"@type":"ImageObject","inLanguage":"pt-PT","@id":"https:\/\/arquivo.barreiroweb.net\/?p=9146#primaryimage","url":"https:\/\/arquivo.barreiroweb.net\/wp-content\/uploads\/2013\/03\/A_VERDADEIRA_HISTORIA_DA_TOMADA_DO_CARVALHAL2.jpg","contentUrl":"https:\/\/arquivo.barreiroweb.net\/wp-content\/uploads\/2013\/03\/A_VERDADEIRA_HISTORIA_DA_TOMADA_DO_CARVALHAL2.jpg","width":420,"height":248},{"@type":"BreadcrumbList","@id":"https:\/\/arquivo.barreiroweb.net\/?p=9146#breadcrumb","itemListElement":[{"@type":"ListItem","position":1,"name":"In\u00edcio","item":"https:\/\/arquivo.barreiroweb.net\/"},{"@type":"ListItem","position":2,"name":"No Munic\u00edpio da Moita \u201cA Verdadeira Hist\u00f3ria da Tomada do Carvalhal\u201d assinala Dia Mundial do Teatro"}]},{"@type":"WebSite","@id":"https:\/\/arquivo.barreiroweb.net\/#website","url":"https:\/\/arquivo.barreiroweb.net\/","name":"barreiroweb","description":"Barreiroweb o barreiro na web","publisher":{"@id":"https:\/\/arquivo.barreiroweb.net\/#organization"},"potentialAction":[{"@type":"SearchAction","target":{"@type":"EntryPoint","urlTemplate":"https:\/\/arquivo.barreiroweb.net\/?s={search_term_string}"},"query-input":{"@type":"PropertyValueSpecification","valueRequired":true,"valueName":"search_term_string"}}],"inLanguage":"pt-PT"},{"@type":"Organization","@id":"https:\/\/arquivo.barreiroweb.net\/#organization","name":"barreiroweb","url":"https:\/\/arquivo.barreiroweb.net\/","logo":{"@type":"ImageObject","inLanguage":"pt-PT","@id":"https:\/\/arquivo.barreiroweb.net\/#\/schema\/logo\/image\/","url":"https:\/\/barreiroweb.net\/wp-content\/uploads\/2022\/05\/BarreiroWeb555.jpg","contentUrl":"https:\/\/barreiroweb.net\/wp-content\/uploads\/2022\/05\/BarreiroWeb555.jpg","width":421,"height":415,"caption":"barreiroweb"},"image":{"@id":"https:\/\/arquivo.barreiroweb.net\/#\/schema\/logo\/image\/"},"sameAs":["https:\/\/www.facebook.com\/barreiroweb","https:\/\/x.com\/barreiroweb"]},{"@type":"Person","@id":"https:\/\/arquivo.barreiroweb.net\/#\/schema\/person\/44b6d528aff975e3786c9f475f9df2dd","name":"barreiroweb","image":{"@type":"ImageObject","inLanguage":"pt-PT","@id":"https:\/\/arquivo.barreiroweb.net\/#\/schema\/person\/image\/","url":"https:\/\/secure.gravatar.com\/avatar\/1f764b917967430404ff0b452044eb63a25d64a5363b25be2aa42273930f477d?s=96&d=mm&r=g","contentUrl":"https:\/\/secure.gravatar.com\/avatar\/1f764b917967430404ff0b452044eb63a25d64a5363b25be2aa42273930f477d?s=96&d=mm&r=g","caption":"barreiroweb"},"url":"https:\/\/arquivo.barreiroweb.net\/?author=1"}]}},"_links":{"self":[{"href":"https:\/\/arquivo.barreiroweb.net\/index.php?rest_route=\/wp\/v2\/posts\/9146","targetHints":{"allow":["GET"]}}],"collection":[{"href":"https:\/\/arquivo.barreiroweb.net\/index.php?rest_route=\/wp\/v2\/posts"}],"about":[{"href":"https:\/\/arquivo.barreiroweb.net\/index.php?rest_route=\/wp\/v2\/types\/post"}],"author":[{"embeddable":true,"href":"https:\/\/arquivo.barreiroweb.net\/index.php?rest_route=\/wp\/v2\/users\/1"}],"replies":[{"embeddable":true,"href":"https:\/\/arquivo.barreiroweb.net\/index.php?rest_route=%2Fwp%2Fv2%2Fcomments&post=9146"}],"version-history":[{"count":3,"href":"https:\/\/arquivo.barreiroweb.net\/index.php?rest_route=\/wp\/v2\/posts\/9146\/revisions"}],"predecessor-version":[{"id":9149,"href":"https:\/\/arquivo.barreiroweb.net\/index.php?rest_route=\/wp\/v2\/posts\/9146\/revisions\/9149"}],"wp:featuredmedia":[{"embeddable":true,"href":"https:\/\/arquivo.barreiroweb.net\/index.php?rest_route=\/wp\/v2\/media\/9147"}],"wp:attachment":[{"href":"https:\/\/arquivo.barreiroweb.net\/index.php?rest_route=%2Fwp%2Fv2%2Fmedia&parent=9146"}],"wp:term":[{"taxonomy":"category","embeddable":true,"href":"https:\/\/arquivo.barreiroweb.net\/index.php?rest_route=%2Fwp%2Fv2%2Fcategories&post=9146"},{"taxonomy":"post_tag","embeddable":true,"href":"https:\/\/arquivo.barreiroweb.net\/index.php?rest_route=%2Fwp%2Fv2%2Ftags&post=9146"}],"curies":[{"name":"wp","href":"https:\/\/api.w.org\/{rel}","templated":true}]}}