{"id":9123,"date":"2013-03-14T17:01:17","date_gmt":"2013-03-14T17:01:17","guid":{"rendered":"http:\/\/barreiroweb.eu\/?p=9123"},"modified":"2013-03-14T17:01:17","modified_gmt":"2013-03-14T17:01:17","slug":"mes-do-teatro-amac-recebe-noite-de-comedia-com-aldo-lima-bruno-nogueira-e-francisco-menezes","status":"publish","type":"post","link":"https:\/\/arquivo.barreiroweb.net\/?p=9123","title":{"rendered":"M\u00eas do Teatro AMAC recebe Noite de Com\u00e9dia com Aldo Lima, Bruno Nogueira e Francisco Menezes"},"content":{"rendered":"<p style=\"text-align: justify;\"><a href=\"http:\/\/barreiroweb.eu\/wp-content\/uploads\/2013\/03\/na-barriga.jpg\" rel=\"lightbox[9123]\"><img loading=\"lazy\" decoding=\"async\" class=\"alignleft size-thumbnail wp-image-9125\" alt=\"na barriga\" src=\"http:\/\/barreiroweb.eu\/wp-content\/uploads\/2013\/03\/na-barriga-150x150.jpg\" width=\"150\" height=\"150\" srcset=\"https:\/\/arquivo.barreiroweb.net\/wp-content\/uploads\/2013\/03\/na-barriga-150x150.jpg 150w, https:\/\/arquivo.barreiroweb.net\/wp-content\/uploads\/2013\/03\/na-barriga-50x50.jpg 50w, https:\/\/arquivo.barreiroweb.net\/wp-content\/uploads\/2013\/03\/na-barriga-70x70.jpg 70w, https:\/\/arquivo.barreiroweb.net\/wp-content\/uploads\/2013\/03\/na-barriga-55x55.jpg 55w\" sizes=\"auto, (max-width: 150px) 100vw, 150px\" \/><\/a>No pr\u00f3ximo fim-de-semana, a programa\u00e7\u00e3o do M\u00eas do Teatro inclui a Noite de Com\u00e9dia com Aldo Lima, Bruno Nogueira e Francisco Menezes, na noite de 16 de mar\u00e7o. Durante o fim-de-semana, al\u00e9m de subirem aos palcos do Concelho as pe\u00e7as de companhias locais, o programa inclui ainda o Passeio pelas Ruas do Atores no Lavradio, no domingo. O programa completo do M\u00eas do Teatro pode ser consultado em <a href=\"http:\/\/www.cm-barreiro.pt\/\">www.cm-barreiro.pt<\/a>.<\/p>\n<p style=\"text-align: justify;\">\u00a0<\/p>\n<p style=\"text-align: justify;\">Programa<\/p>\n<p><b>16 mar\u00e7o\u00a0 | 21h30 | Audit\u00f3rio Municipal Augusto Cabrita<\/b><\/p>\n<p><b><i>Noite de Com\u00e9dia<\/i><\/b> | <b>Aldo Lima, Bruno Nogueira e Francisco Menezes |UAU Produ\u00e7\u00f5es<\/b><\/p>\n<p><i>O que esperar quando tr\u00eas dos melhores comediantes nacionais se juntam no mesmo s\u00edtio? <\/i><\/p>\n<p><i>Humor de alto n\u00edvel, numa<b> \u201c<\/b>Noite de Com\u00e9dia\u201d imperd\u00edvel!<\/i><\/p>\n<p><i>Aldo Lima, Bruno Nogueira e Francisco Menezes n\u00e3o deixam os seus cr\u00e9ditos em m\u00e3os alheias e v\u00e3o tornar a noite de dia 16 de mar\u00e7o, no AMAC memor\u00e1vel!<\/i><\/p>\n<p><i>Se decidir n\u00e3o marcar presen\u00e7a, arrisca-se a uma noite de t\u00e9dio. Por isso, aceite o desafio e reserve j\u00e1 o seu lugar.<\/i><\/p>\n<p>Dura\u00e7\u00e3o: 1h15m s\/intervalo<\/p>\n<p>M\/16 anos<\/p>\n<p>Ingressos: Plateia: 12,50 \u20ac | Frisa: 10 \u20ac<\/p>\n<p>Venda de ingressos: Posto de Turismo da CMB (Mercado Municipal 1\u00ba de Maio)<\/p>\n<p>T: 21 099 0837 | <a href=\"mailto:postodeturismo@cm-barreiro.pt\">postodeturismo@cm-barreiro.pt<\/a><\/p>\n<p>Audit\u00f3rio Municipal Augusto Cabrita<\/p>\n<p>T: 21 214 7410\/11<\/p>\n<p><b>16 mar\u00e7o | 21h30 | SFUA 1\u00ba de Dezembro (Santo Ant\u00f3nio)<\/b><\/p>\n<p><b><i>O Ensaio <\/i>| Tesfal <\/b><\/p>\n<p><i>\u201cO Ensaio\u201d \u00e9 uma constru\u00e7\u00e3o dentro do pr\u00f3prio espet\u00e1culo. <\/i><\/p>\n<p><i>Assumindo uma situa\u00e7\u00e3o laboratorial, os atores v\u00e3o construindo o espet\u00e1culo momento a momento, desde os cen\u00e1rios, passando pelos textos at\u00e9 \u00e0 interpreta\u00e7\u00e3o. <\/i><\/p>\n<p><i>Neste trabalho, pretende-se dar vida a personagens, aos textos e \u00e0s emo\u00e7\u00f5es, transportando a vida real para o espa\u00e7o c\u00e9nico, dando-lhe uma dimens\u00e3o est\u00e9tica e \u00e9tica. <\/i><\/p>\n<p><i>A viv\u00eancia de emo\u00e7\u00f5es, neste espet\u00e1culo, procura colocar desafios com alguma ironia e comicidade das situa\u00e7\u00f5es, atrav\u00e9s de um conjunto de quadros que proporcionam uma reflex\u00e3o sobre a vida, levando-nos a mergulhar por dentro das circunst\u00e2ncias que marcam as rela\u00e7\u00f5es humanas.<\/i><\/p>\n<p><i>\u201cO Ensaio\u201d, embora com as carater\u00edsticas de um ensaio, \u00e9 um espet\u00e1culo s\u00e9rio divertido e agrad\u00e1vel.<br \/>\n<\/i>Entrada Gratuita<\/p>\n<p><b>17 mar\u00e7o (estreia) | 16h00 | Futebol Clube Quinta da Lomba<\/b><\/p>\n<p><b><i>A Manif<\/i> | Renascer &#8211; Grupo de Atividades Art\u00edsticas do FC Quinta da Lomba<\/b><\/p>\n<p><i>Reportagem realizada por uma esta\u00e7\u00e3o de televis\u00e3o a uma manifesta\u00e7\u00e3o de um grupo coral de reformados, contra as pol\u00edticas e os pol\u00edticos deste Pa\u00eds\u2026<\/i><\/p>\n<p>Entrada Gratuita<\/p>\n<p><b>18 a 28 mar\u00e7o | das 9h00 \u00e0s 17h00 | Teatro Municipal do Barreiro <\/b><\/p>\n<p><b>Oficinas Criativas &#8211; Edi\u00e7\u00e3o P\u00e1scoa 2013 | ArteViva \u2013 Companhia de Teatro do Barreiro<\/b><\/p>\n<p>Cinco oficinas que nos levam a conhecer, (des)construir e explorar a arte dram\u00e1tica.<\/p>\n<p>Idades: 6 aos 12 anos<\/p>\n<p><b>Programa:<\/b><\/p>\n<p>1\u00ba m\u00f3dulo (segunda-feira) &#8211; As Bases do Teatro<\/p>\n<p>2\u00ba m\u00f3dulo (ter\u00e7a e quarta) &#8211; Caracteriza\u00e7\u00e3o<\/p>\n<p>3\u00ba m\u00f3dulo (quinta e sexta) &#8211; A personagem<\/p>\n<p>4\u00ba m\u00f3dulo (segunda e ter\u00e7a) &#8211; Criar e Improvisar<\/p>\n<p>5\u00ba m\u00f3dulo (quarta e quinta) &#8211; O outro lado de um espet\u00e1culo<\/p>\n<p><b>Pre\u00e7os:<\/b><\/p>\n<p>M\u00f3dulo de 1 dia: 25 \u20ac<\/p>\n<p>M\u00f3dulos de 2 dias: 40 \u20ac<\/p>\n<p>Descontos:<\/p>\n<p>Inscri\u00e7\u00e3o nas duas semanas: 150 \u20ac<\/p>\n<p>Inscri\u00e7\u00e3o de 2 irm\u00e3os: 10% desconto\u00a0<\/p>\n<p>Alunos da Escola de Teatro: 10% desconto\u00a0<\/p>\n<p><b>O pre\u00e7o inclui:<\/b><\/p>\n<p>&#8211; Alimenta\u00e7\u00e3o: almo\u00e7o e lanche da tarde<\/p>\n<p>&#8211; Seguro de acidentes<\/p>\n<p>&#8211; Todo o material necess\u00e1rio<\/p>\n<p>Inscri\u00e7\u00e3o: <a href=\"mailto:arteviva.geral@gmail.com\">arteviva.geral@gmail.com<\/a><\/p>\n<p>&#8211; Nome e data de nascimento da crian\u00e7a<\/p>\n<p>&#8211; Nome, contactos diretos e parentesco do encarregado de Educa\u00e7\u00e3o<\/p>\n<p>&#8211; Refer\u00eancia no caso de desconto<\/p>\n<p>&#8211; Refer\u00eancia no caso de regime alimentar especial ou alergias a ter em conta<\/p>\n<p>Mais informa\u00e7\u00f5es: <a href=\"mailto:arteviva.geral@gmail.com\">arteviva.geral@gmail.com<\/a><\/p>\n<p><a href=\"http:\/\/arteviva-barreiro.blogspot.pt\/\">http:\/\/arteviva-barreiro.blogspot.pt\/<\/a><\/p>\n<p><a href=\"http:\/\/www.facebook.com\/ArteVivaCTB\">http:\/\/www.facebook.com\/ArteVivaCTB<\/a><\/p>\n<p><b>P\u00fablico em geral<\/b><\/p>\n<p><b>Passeio pelas Ruas dos Atores no Lavradio<\/b><\/p>\n<p><b>17 mar\u00e7o | 11h00 | Ponto de Encontro: Sociedade Filarm\u00f3nica Agr\u00edcola Lavradiense<\/b><\/p>\n<p>Inscri\u00e7\u00f5es de 1 a 17 mar\u00e7o: 21 2068602<\/p>\n<p><b>CMB 2013-03-14<\/b><\/p>\n","protected":false},"excerpt":{"rendered":"<p>No pr\u00f3ximo fim-de-semana, a programa\u00e7\u00e3o do M\u00eas do Teatro inclui a Noite de Com\u00e9dia com Aldo Lima, Bruno Nogueira e Francisco Menezes, na noite de 16 de mar\u00e7o. Durante o fim-de-semana, al\u00e9m de subirem aos palcos do Concelho as pe\u00e7as de companhias locais, o programa inclui ainda o Passeio pelas Ruas do Atores no Lavradio, [&hellip;]<\/p>\n","protected":false},"author":1,"featured_media":9125,"comment_status":"open","ping_status":"open","sticky":false,"template":"","format":"standard","meta":{"footnotes":""},"categories":[32,10],"tags":[41,745],"class_list":["post-9123","post","type-post","status-publish","format-standard","has-post-thumbnail","hentry","category-destaque","category-teatro","tag-barreiro","tag-teatro","last_archivepost"],"yoast_head":"<!-- This site is optimized with the Yoast SEO plugin v27.1.1 - https:\/\/yoast.com\/product\/yoast-seo-wordpress\/ -->\n<title>M\u00eas do Teatro AMAC recebe Noite de Com\u00e9dia com Aldo Lima, Bruno Nogueira e Francisco Menezes - barreiroweb<\/title>\n<meta name=\"robots\" content=\"index, follow, max-snippet:-1, max-image-preview:large, max-video-preview:-1\" \/>\n<link rel=\"canonical\" href=\"https:\/\/arquivo.barreiroweb.net\/?p=9123\" \/>\n<meta property=\"og:locale\" content=\"pt_PT\" \/>\n<meta property=\"og:type\" content=\"article\" \/>\n<meta property=\"og:title\" content=\"M\u00eas do Teatro AMAC recebe Noite de Com\u00e9dia com Aldo Lima, Bruno Nogueira e Francisco Menezes - barreiroweb\" \/>\n<meta property=\"og:description\" content=\"No pr\u00f3ximo fim-de-semana, a programa\u00e7\u00e3o do M\u00eas do Teatro inclui a Noite de Com\u00e9dia com Aldo Lima, Bruno Nogueira e Francisco Menezes, na noite de 16 de mar\u00e7o. Durante o fim-de-semana, al\u00e9m de subirem aos palcos do Concelho as pe\u00e7as de companhias locais, o programa inclui ainda o Passeio pelas Ruas do Atores no Lavradio, [&hellip;]\" \/>\n<meta property=\"og:url\" content=\"https:\/\/arquivo.barreiroweb.net\/?p=9123\" \/>\n<meta property=\"og:site_name\" content=\"barreiroweb\" \/>\n<meta property=\"article:publisher\" content=\"https:\/\/www.facebook.com\/barreiroweb\" \/>\n<meta property=\"article:published_time\" content=\"2013-03-14T17:01:17+00:00\" \/>\n<meta property=\"og:image\" content=\"https:\/\/arquivo.barreiroweb.net\/wp-content\/uploads\/2013\/03\/na-barriga.jpg\" \/>\n\t<meta property=\"og:image:width\" content=\"314\" \/>\n\t<meta property=\"og:image:height\" content=\"209\" \/>\n\t<meta property=\"og:image:type\" content=\"image\/jpeg\" \/>\n<meta name=\"author\" content=\"barreiroweb\" \/>\n<meta name=\"twitter:card\" content=\"summary_large_image\" \/>\n<meta name=\"twitter:creator\" content=\"@barreiroweb\" \/>\n<meta name=\"twitter:site\" content=\"@barreiroweb\" \/>\n<meta name=\"twitter:label1\" content=\"Escrito por\" \/>\n\t<meta name=\"twitter:data1\" content=\"barreiroweb\" \/>\n\t<meta name=\"twitter:label2\" content=\"Tempo estimado de leitura\" \/>\n\t<meta name=\"twitter:data2\" content=\"3 minutos\" \/>\n<script type=\"application\/ld+json\" class=\"yoast-schema-graph\">{\"@context\":\"https:\/\/schema.org\",\"@graph\":[{\"@type\":\"Article\",\"@id\":\"https:\/\/arquivo.barreiroweb.net\/?p=9123#article\",\"isPartOf\":{\"@id\":\"https:\/\/arquivo.barreiroweb.net\/?p=9123\"},\"author\":{\"name\":\"barreiroweb\",\"@id\":\"https:\/\/arquivo.barreiroweb.net\/#\/schema\/person\/44b6d528aff975e3786c9f475f9df2dd\"},\"headline\":\"M\u00eas do Teatro AMAC recebe Noite de Com\u00e9dia com Aldo Lima, Bruno Nogueira e Francisco Menezes\",\"datePublished\":\"2013-03-14T17:01:17+00:00\",\"mainEntityOfPage\":{\"@id\":\"https:\/\/arquivo.barreiroweb.net\/?p=9123\"},\"wordCount\":681,\"commentCount\":0,\"publisher\":{\"@id\":\"https:\/\/arquivo.barreiroweb.net\/#organization\"},\"image\":{\"@id\":\"https:\/\/arquivo.barreiroweb.net\/?p=9123#primaryimage\"},\"thumbnailUrl\":\"https:\/\/arquivo.barreiroweb.net\/wp-content\/uploads\/2013\/03\/na-barriga.jpg\",\"keywords\":[\"barreiro\",\"teatro\"],\"articleSection\":[\"Destaque\",\"Teatro\"],\"inLanguage\":\"pt-PT\",\"potentialAction\":[{\"@type\":\"CommentAction\",\"name\":\"Comment\",\"target\":[\"https:\/\/arquivo.barreiroweb.net\/?p=9123#respond\"]}]},{\"@type\":\"WebPage\",\"@id\":\"https:\/\/arquivo.barreiroweb.net\/?p=9123\",\"url\":\"https:\/\/arquivo.barreiroweb.net\/?p=9123\",\"name\":\"M\u00eas do Teatro AMAC recebe Noite de Com\u00e9dia com Aldo Lima, Bruno Nogueira e Francisco Menezes - barreiroweb\",\"isPartOf\":{\"@id\":\"https:\/\/arquivo.barreiroweb.net\/#website\"},\"primaryImageOfPage\":{\"@id\":\"https:\/\/arquivo.barreiroweb.net\/?p=9123#primaryimage\"},\"image\":{\"@id\":\"https:\/\/arquivo.barreiroweb.net\/?p=9123#primaryimage\"},\"thumbnailUrl\":\"https:\/\/arquivo.barreiroweb.net\/wp-content\/uploads\/2013\/03\/na-barriga.jpg\",\"datePublished\":\"2013-03-14T17:01:17+00:00\",\"breadcrumb\":{\"@id\":\"https:\/\/arquivo.barreiroweb.net\/?p=9123#breadcrumb\"},\"inLanguage\":\"pt-PT\",\"potentialAction\":[{\"@type\":\"ReadAction\",\"target\":[\"https:\/\/arquivo.barreiroweb.net\/?p=9123\"]}]},{\"@type\":\"ImageObject\",\"inLanguage\":\"pt-PT\",\"@id\":\"https:\/\/arquivo.barreiroweb.net\/?p=9123#primaryimage\",\"url\":\"https:\/\/arquivo.barreiroweb.net\/wp-content\/uploads\/2013\/03\/na-barriga.jpg\",\"contentUrl\":\"https:\/\/arquivo.barreiroweb.net\/wp-content\/uploads\/2013\/03\/na-barriga.jpg\",\"width\":314,\"height\":209},{\"@type\":\"BreadcrumbList\",\"@id\":\"https:\/\/arquivo.barreiroweb.net\/?p=9123#breadcrumb\",\"itemListElement\":[{\"@type\":\"ListItem\",\"position\":1,\"name\":\"In\u00edcio\",\"item\":\"https:\/\/arquivo.barreiroweb.net\/\"},{\"@type\":\"ListItem\",\"position\":2,\"name\":\"M\u00eas do Teatro AMAC recebe Noite de Com\u00e9dia com Aldo Lima, Bruno Nogueira e Francisco Menezes\"}]},{\"@type\":\"WebSite\",\"@id\":\"https:\/\/arquivo.barreiroweb.net\/#website\",\"url\":\"https:\/\/arquivo.barreiroweb.net\/\",\"name\":\"barreiroweb\",\"description\":\"Barreiroweb o barreiro na web\",\"publisher\":{\"@id\":\"https:\/\/arquivo.barreiroweb.net\/#organization\"},\"potentialAction\":[{\"@type\":\"SearchAction\",\"target\":{\"@type\":\"EntryPoint\",\"urlTemplate\":\"https:\/\/arquivo.barreiroweb.net\/?s={search_term_string}\"},\"query-input\":{\"@type\":\"PropertyValueSpecification\",\"valueRequired\":true,\"valueName\":\"search_term_string\"}}],\"inLanguage\":\"pt-PT\"},{\"@type\":\"Organization\",\"@id\":\"https:\/\/arquivo.barreiroweb.net\/#organization\",\"name\":\"barreiroweb\",\"url\":\"https:\/\/arquivo.barreiroweb.net\/\",\"logo\":{\"@type\":\"ImageObject\",\"inLanguage\":\"pt-PT\",\"@id\":\"https:\/\/arquivo.barreiroweb.net\/#\/schema\/logo\/image\/\",\"url\":\"https:\/\/barreiroweb.net\/wp-content\/uploads\/2022\/05\/BarreiroWeb555.jpg\",\"contentUrl\":\"https:\/\/barreiroweb.net\/wp-content\/uploads\/2022\/05\/BarreiroWeb555.jpg\",\"width\":421,\"height\":415,\"caption\":\"barreiroweb\"},\"image\":{\"@id\":\"https:\/\/arquivo.barreiroweb.net\/#\/schema\/logo\/image\/\"},\"sameAs\":[\"https:\/\/www.facebook.com\/barreiroweb\",\"https:\/\/x.com\/barreiroweb\"]},{\"@type\":\"Person\",\"@id\":\"https:\/\/arquivo.barreiroweb.net\/#\/schema\/person\/44b6d528aff975e3786c9f475f9df2dd\",\"name\":\"barreiroweb\",\"image\":{\"@type\":\"ImageObject\",\"inLanguage\":\"pt-PT\",\"@id\":\"https:\/\/arquivo.barreiroweb.net\/#\/schema\/person\/image\/\",\"url\":\"https:\/\/secure.gravatar.com\/avatar\/1f764b917967430404ff0b452044eb63a25d64a5363b25be2aa42273930f477d?s=96&d=mm&r=g\",\"contentUrl\":\"https:\/\/secure.gravatar.com\/avatar\/1f764b917967430404ff0b452044eb63a25d64a5363b25be2aa42273930f477d?s=96&d=mm&r=g\",\"caption\":\"barreiroweb\"},\"url\":\"https:\/\/arquivo.barreiroweb.net\/?author=1\"}]}<\/script>\n<!-- \/ Yoast SEO plugin. -->","yoast_head_json":{"title":"M\u00eas do Teatro AMAC recebe Noite de Com\u00e9dia com Aldo Lima, Bruno Nogueira e Francisco Menezes - barreiroweb","robots":{"index":"index","follow":"follow","max-snippet":"max-snippet:-1","max-image-preview":"max-image-preview:large","max-video-preview":"max-video-preview:-1"},"canonical":"https:\/\/arquivo.barreiroweb.net\/?p=9123","og_locale":"pt_PT","og_type":"article","og_title":"M\u00eas do Teatro AMAC recebe Noite de Com\u00e9dia com Aldo Lima, Bruno Nogueira e Francisco Menezes - barreiroweb","og_description":"No pr\u00f3ximo fim-de-semana, a programa\u00e7\u00e3o do M\u00eas do Teatro inclui a Noite de Com\u00e9dia com Aldo Lima, Bruno Nogueira e Francisco Menezes, na noite de 16 de mar\u00e7o. Durante o fim-de-semana, al\u00e9m de subirem aos palcos do Concelho as pe\u00e7as de companhias locais, o programa inclui ainda o Passeio pelas Ruas do Atores no Lavradio, [&hellip;]","og_url":"https:\/\/arquivo.barreiroweb.net\/?p=9123","og_site_name":"barreiroweb","article_publisher":"https:\/\/www.facebook.com\/barreiroweb","article_published_time":"2013-03-14T17:01:17+00:00","og_image":[{"width":314,"height":209,"url":"https:\/\/arquivo.barreiroweb.net\/wp-content\/uploads\/2013\/03\/na-barriga.jpg","type":"image\/jpeg"}],"author":"barreiroweb","twitter_card":"summary_large_image","twitter_creator":"@barreiroweb","twitter_site":"@barreiroweb","twitter_misc":{"Escrito por":"barreiroweb","Tempo estimado de leitura":"3 minutos"},"schema":{"@context":"https:\/\/schema.org","@graph":[{"@type":"Article","@id":"https:\/\/arquivo.barreiroweb.net\/?p=9123#article","isPartOf":{"@id":"https:\/\/arquivo.barreiroweb.net\/?p=9123"},"author":{"name":"barreiroweb","@id":"https:\/\/arquivo.barreiroweb.net\/#\/schema\/person\/44b6d528aff975e3786c9f475f9df2dd"},"headline":"M\u00eas do Teatro AMAC recebe Noite de Com\u00e9dia com Aldo Lima, Bruno Nogueira e Francisco Menezes","datePublished":"2013-03-14T17:01:17+00:00","mainEntityOfPage":{"@id":"https:\/\/arquivo.barreiroweb.net\/?p=9123"},"wordCount":681,"commentCount":0,"publisher":{"@id":"https:\/\/arquivo.barreiroweb.net\/#organization"},"image":{"@id":"https:\/\/arquivo.barreiroweb.net\/?p=9123#primaryimage"},"thumbnailUrl":"https:\/\/arquivo.barreiroweb.net\/wp-content\/uploads\/2013\/03\/na-barriga.jpg","keywords":["barreiro","teatro"],"articleSection":["Destaque","Teatro"],"inLanguage":"pt-PT","potentialAction":[{"@type":"CommentAction","name":"Comment","target":["https:\/\/arquivo.barreiroweb.net\/?p=9123#respond"]}]},{"@type":"WebPage","@id":"https:\/\/arquivo.barreiroweb.net\/?p=9123","url":"https:\/\/arquivo.barreiroweb.net\/?p=9123","name":"M\u00eas do Teatro AMAC recebe Noite de Com\u00e9dia com Aldo Lima, Bruno Nogueira e Francisco Menezes - barreiroweb","isPartOf":{"@id":"https:\/\/arquivo.barreiroweb.net\/#website"},"primaryImageOfPage":{"@id":"https:\/\/arquivo.barreiroweb.net\/?p=9123#primaryimage"},"image":{"@id":"https:\/\/arquivo.barreiroweb.net\/?p=9123#primaryimage"},"thumbnailUrl":"https:\/\/arquivo.barreiroweb.net\/wp-content\/uploads\/2013\/03\/na-barriga.jpg","datePublished":"2013-03-14T17:01:17+00:00","breadcrumb":{"@id":"https:\/\/arquivo.barreiroweb.net\/?p=9123#breadcrumb"},"inLanguage":"pt-PT","potentialAction":[{"@type":"ReadAction","target":["https:\/\/arquivo.barreiroweb.net\/?p=9123"]}]},{"@type":"ImageObject","inLanguage":"pt-PT","@id":"https:\/\/arquivo.barreiroweb.net\/?p=9123#primaryimage","url":"https:\/\/arquivo.barreiroweb.net\/wp-content\/uploads\/2013\/03\/na-barriga.jpg","contentUrl":"https:\/\/arquivo.barreiroweb.net\/wp-content\/uploads\/2013\/03\/na-barriga.jpg","width":314,"height":209},{"@type":"BreadcrumbList","@id":"https:\/\/arquivo.barreiroweb.net\/?p=9123#breadcrumb","itemListElement":[{"@type":"ListItem","position":1,"name":"In\u00edcio","item":"https:\/\/arquivo.barreiroweb.net\/"},{"@type":"ListItem","position":2,"name":"M\u00eas do Teatro AMAC recebe Noite de Com\u00e9dia com Aldo Lima, Bruno Nogueira e Francisco Menezes"}]},{"@type":"WebSite","@id":"https:\/\/arquivo.barreiroweb.net\/#website","url":"https:\/\/arquivo.barreiroweb.net\/","name":"barreiroweb","description":"Barreiroweb o barreiro na web","publisher":{"@id":"https:\/\/arquivo.barreiroweb.net\/#organization"},"potentialAction":[{"@type":"SearchAction","target":{"@type":"EntryPoint","urlTemplate":"https:\/\/arquivo.barreiroweb.net\/?s={search_term_string}"},"query-input":{"@type":"PropertyValueSpecification","valueRequired":true,"valueName":"search_term_string"}}],"inLanguage":"pt-PT"},{"@type":"Organization","@id":"https:\/\/arquivo.barreiroweb.net\/#organization","name":"barreiroweb","url":"https:\/\/arquivo.barreiroweb.net\/","logo":{"@type":"ImageObject","inLanguage":"pt-PT","@id":"https:\/\/arquivo.barreiroweb.net\/#\/schema\/logo\/image\/","url":"https:\/\/barreiroweb.net\/wp-content\/uploads\/2022\/05\/BarreiroWeb555.jpg","contentUrl":"https:\/\/barreiroweb.net\/wp-content\/uploads\/2022\/05\/BarreiroWeb555.jpg","width":421,"height":415,"caption":"barreiroweb"},"image":{"@id":"https:\/\/arquivo.barreiroweb.net\/#\/schema\/logo\/image\/"},"sameAs":["https:\/\/www.facebook.com\/barreiroweb","https:\/\/x.com\/barreiroweb"]},{"@type":"Person","@id":"https:\/\/arquivo.barreiroweb.net\/#\/schema\/person\/44b6d528aff975e3786c9f475f9df2dd","name":"barreiroweb","image":{"@type":"ImageObject","inLanguage":"pt-PT","@id":"https:\/\/arquivo.barreiroweb.net\/#\/schema\/person\/image\/","url":"https:\/\/secure.gravatar.com\/avatar\/1f764b917967430404ff0b452044eb63a25d64a5363b25be2aa42273930f477d?s=96&d=mm&r=g","contentUrl":"https:\/\/secure.gravatar.com\/avatar\/1f764b917967430404ff0b452044eb63a25d64a5363b25be2aa42273930f477d?s=96&d=mm&r=g","caption":"barreiroweb"},"url":"https:\/\/arquivo.barreiroweb.net\/?author=1"}]}},"_links":{"self":[{"href":"https:\/\/arquivo.barreiroweb.net\/index.php?rest_route=\/wp\/v2\/posts\/9123","targetHints":{"allow":["GET"]}}],"collection":[{"href":"https:\/\/arquivo.barreiroweb.net\/index.php?rest_route=\/wp\/v2\/posts"}],"about":[{"href":"https:\/\/arquivo.barreiroweb.net\/index.php?rest_route=\/wp\/v2\/types\/post"}],"author":[{"embeddable":true,"href":"https:\/\/arquivo.barreiroweb.net\/index.php?rest_route=\/wp\/v2\/users\/1"}],"replies":[{"embeddable":true,"href":"https:\/\/arquivo.barreiroweb.net\/index.php?rest_route=%2Fwp%2Fv2%2Fcomments&post=9123"}],"version-history":[{"count":1,"href":"https:\/\/arquivo.barreiroweb.net\/index.php?rest_route=\/wp\/v2\/posts\/9123\/revisions"}],"predecessor-version":[{"id":9126,"href":"https:\/\/arquivo.barreiroweb.net\/index.php?rest_route=\/wp\/v2\/posts\/9123\/revisions\/9126"}],"wp:featuredmedia":[{"embeddable":true,"href":"https:\/\/arquivo.barreiroweb.net\/index.php?rest_route=\/wp\/v2\/media\/9125"}],"wp:attachment":[{"href":"https:\/\/arquivo.barreiroweb.net\/index.php?rest_route=%2Fwp%2Fv2%2Fmedia&parent=9123"}],"wp:term":[{"taxonomy":"category","embeddable":true,"href":"https:\/\/arquivo.barreiroweb.net\/index.php?rest_route=%2Fwp%2Fv2%2Fcategories&post=9123"},{"taxonomy":"post_tag","embeddable":true,"href":"https:\/\/arquivo.barreiroweb.net\/index.php?rest_route=%2Fwp%2Fv2%2Ftags&post=9123"}],"curies":[{"name":"wp","href":"https:\/\/api.w.org\/{rel}","templated":true}]}}