{"id":8948,"date":"2013-02-27T21:39:47","date_gmt":"2013-02-27T21:39:47","guid":{"rendered":"http:\/\/barreiroweb.eu\/?p=8948"},"modified":"2013-02-27T21:39:47","modified_gmt":"2013-02-27T21:39:47","slug":"sinalizacao-de-idosos-isolados-colabore-nesta-iniciativa","status":"publish","type":"post","link":"https:\/\/arquivo.barreiroweb.net\/?p=8948","title":{"rendered":"SINALIZA\u00c7\u00c3O DE IDOSOS ISOLADOS Colabore nesta iniciativa!"},"content":{"rendered":"<p style=\"text-align: justify;\"><a href=\"http:\/\/barreiroweb.eu\/wp-content\/uploads\/2013\/02\/Cartaz_Comunicacao_Social.jpg\" rel=\"lightbox[8948]\"><img loading=\"lazy\" decoding=\"async\" class=\"alignleft size-medium wp-image-8949\" alt=\"Cartaz_Comunicacao_Social\" src=\"http:\/\/barreiroweb.eu\/wp-content\/uploads\/2013\/02\/Cartaz_Comunicacao_Social-212x300.jpg\" width=\"212\" height=\"300\" srcset=\"https:\/\/arquivo.barreiroweb.net\/wp-content\/uploads\/2013\/02\/Cartaz_Comunicacao_Social-212x300.jpg 212w, https:\/\/arquivo.barreiroweb.net\/wp-content\/uploads\/2013\/02\/Cartaz_Comunicacao_Social.jpg 222w\" sizes=\"auto, (max-width: 212px) 100vw, 212px\" \/><\/a>O Grupo Concelhio para as quest\u00f5es dos Idosos do Barreiro, no \u00e2mbito da\u00a0 atividade do Conselho Local de A\u00e7\u00e3o Social \u2013 CLASB, vai realizar uma campanha de SINALIZA\u00c7\u00c3O DE IDOSOS ISOLADOS, por freguesia, de forma a identificar o maior n\u00famero poss\u00edvel de idosos que se encontram isolados ou a viver s\u00f3s, no Concelho do Barreiro.<\/p>\n<p style=\"text-align: justify;\">A participa\u00e7\u00e3o e o envolvimento da popula\u00e7\u00e3o, bem como dos parceiros da Rede Social, s\u00e3o fundamentais neste processo de sinaliza\u00e7\u00e3o que conhece um enfoque especial no decorrer dos pr\u00f3ximos tr\u00eas meses e conta, desde j\u00e1, com a colabora\u00e7\u00e3o da C\u00e2mara Municipal do Barreiro e das oito Juntas de Freguesia do Concelho.<\/p>\n<p style=\"text-align: justify;\">Assim sendo, o apelo torna-se extens\u00edvel a toda a popula\u00e7\u00e3o. Qualquer pessoa que tenha conhecimento de idosos que vivam sozinhos e\/ou isolados pode sinalizar a situa\u00e7\u00e3o contactando ou dirigindo-se \u00e0 respetiva Junta de Freguesia ou \u00e0 Divis\u00e3o de Interven\u00e7\u00e3o Social da C\u00e2mara Municipal do Barreiro.<\/p>\n<p style=\"text-align: justify;\">Conclu\u00edda esta primeira fase, pretende-se evoluir para a caracteriza\u00e7\u00e3o, encaminhamento e acompanhamento das situa\u00e7\u00f5es sinalizadas, com o envolvimento das for\u00e7as de seguran\u00e7a e das IPSS de idosos implantadas, ou com interven\u00e7\u00e3o no Concelho.<\/p>\n<p style=\"text-align: justify;\">Os resultados deste levantamento permitir\u00e3o fazer um \u2018retrato fiel\u2019 da realidade do Concelho no que respeita a pessoas idosas que experienciam uma situa\u00e7\u00e3o de solid\u00e3o, e avaliar, no terreno, os idosos que possam estar em situa\u00e7\u00e3o de risco em resultado desse mesmo isolamento.<\/p>\n<p style=\"text-align: justify;\">Colabore nesta iniciativa!<\/p>\n<p style=\"text-align: justify;\">A reprodu\u00e7\u00e3o textual da informa\u00e7\u00e3o implica a refer\u00eancia da sua autoria: CMB<\/p>\n<p style=\"text-align: justify;\">CMB 2013-02-27<\/p>\n","protected":false},"excerpt":{"rendered":"<p>O Grupo Concelhio para as quest\u00f5es dos Idosos do Barreiro, no \u00e2mbito da\u00a0 atividade do Conselho Local de A\u00e7\u00e3o Social \u2013 CLASB, vai realizar uma campanha de SINALIZA\u00c7\u00c3O DE IDOSOS ISOLADOS, por freguesia, de forma a identificar o maior n\u00famero poss\u00edvel de idosos que se encontram isolados ou a viver s\u00f3s, no Concelho do Barreiro. [&hellip;]<\/p>\n","protected":false},"author":1,"featured_media":8949,"comment_status":"open","ping_status":"open","sticky":false,"template":"","format":"standard","meta":{"footnotes":""},"categories":[32,3],"tags":[41,288,289],"class_list":["post-8948","post","type-post","status-publish","format-standard","has-post-thumbnail","hentry","category-destaque","category-eventos","tag-barreiro","tag-idosos","tag-isolados","last_archivepost"],"yoast_head":"<!-- This site is optimized with the Yoast SEO plugin v27.1.1 - https:\/\/yoast.com\/product\/yoast-seo-wordpress\/ -->\n<title>SINALIZA\u00c7\u00c3O DE IDOSOS ISOLADOS Colabore nesta iniciativa! - barreiroweb<\/title>\n<meta name=\"robots\" content=\"index, follow, max-snippet:-1, max-image-preview:large, max-video-preview:-1\" \/>\n<link rel=\"canonical\" href=\"https:\/\/arquivo.barreiroweb.net\/?p=8948\" \/>\n<meta property=\"og:locale\" content=\"pt_PT\" \/>\n<meta property=\"og:type\" content=\"article\" \/>\n<meta property=\"og:title\" content=\"SINALIZA\u00c7\u00c3O DE IDOSOS ISOLADOS Colabore nesta iniciativa! - barreiroweb\" \/>\n<meta property=\"og:description\" content=\"O Grupo Concelhio para as quest\u00f5es dos Idosos do Barreiro, no \u00e2mbito da\u00a0 atividade do Conselho Local de A\u00e7\u00e3o Social \u2013 CLASB, vai realizar uma campanha de SINALIZA\u00c7\u00c3O DE IDOSOS ISOLADOS, por freguesia, de forma a identificar o maior n\u00famero poss\u00edvel de idosos que se encontram isolados ou a viver s\u00f3s, no Concelho do Barreiro. [&hellip;]\" \/>\n<meta property=\"og:url\" content=\"https:\/\/arquivo.barreiroweb.net\/?p=8948\" \/>\n<meta property=\"og:site_name\" content=\"barreiroweb\" \/>\n<meta property=\"article:publisher\" content=\"https:\/\/www.facebook.com\/barreiroweb\" \/>\n<meta property=\"article:published_time\" content=\"2013-02-27T21:39:47+00:00\" \/>\n<meta property=\"og:image\" content=\"https:\/\/arquivo.barreiroweb.net\/wp-content\/uploads\/2013\/02\/Cartaz_Comunicacao_Social.jpg\" \/>\n\t<meta property=\"og:image:width\" content=\"222\" \/>\n\t<meta property=\"og:image:height\" content=\"314\" \/>\n\t<meta property=\"og:image:type\" content=\"image\/jpeg\" \/>\n<meta name=\"author\" content=\"barreiroweb\" \/>\n<meta name=\"twitter:card\" content=\"summary_large_image\" \/>\n<meta name=\"twitter:creator\" content=\"@barreiroweb\" \/>\n<meta name=\"twitter:site\" content=\"@barreiroweb\" \/>\n<meta name=\"twitter:label1\" content=\"Escrito por\" \/>\n\t<meta name=\"twitter:data1\" content=\"barreiroweb\" \/>\n\t<meta name=\"twitter:label2\" content=\"Tempo estimado de leitura\" \/>\n\t<meta name=\"twitter:data2\" content=\"1 minuto\" \/>\n<script type=\"application\/ld+json\" class=\"yoast-schema-graph\">{\"@context\":\"https:\/\/schema.org\",\"@graph\":[{\"@type\":\"Article\",\"@id\":\"https:\/\/arquivo.barreiroweb.net\/?p=8948#article\",\"isPartOf\":{\"@id\":\"https:\/\/arquivo.barreiroweb.net\/?p=8948\"},\"author\":{\"name\":\"barreiroweb\",\"@id\":\"https:\/\/arquivo.barreiroweb.net\/#\/schema\/person\/44b6d528aff975e3786c9f475f9df2dd\"},\"headline\":\"SINALIZA\u00c7\u00c3O DE IDOSOS ISOLADOS Colabore nesta iniciativa!\",\"datePublished\":\"2013-02-27T21:39:47+00:00\",\"mainEntityOfPage\":{\"@id\":\"https:\/\/arquivo.barreiroweb.net\/?p=8948\"},\"wordCount\":284,\"commentCount\":0,\"publisher\":{\"@id\":\"https:\/\/arquivo.barreiroweb.net\/#organization\"},\"image\":{\"@id\":\"https:\/\/arquivo.barreiroweb.net\/?p=8948#primaryimage\"},\"thumbnailUrl\":\"https:\/\/arquivo.barreiroweb.net\/wp-content\/uploads\/2013\/02\/Cartaz_Comunicacao_Social.jpg\",\"keywords\":[\"barreiro\",\"IDOSOS\",\"ISOLADOS\"],\"articleSection\":[\"Destaque\",\"Eventos\"],\"inLanguage\":\"pt-PT\",\"potentialAction\":[{\"@type\":\"CommentAction\",\"name\":\"Comment\",\"target\":[\"https:\/\/arquivo.barreiroweb.net\/?p=8948#respond\"]}]},{\"@type\":\"WebPage\",\"@id\":\"https:\/\/arquivo.barreiroweb.net\/?p=8948\",\"url\":\"https:\/\/arquivo.barreiroweb.net\/?p=8948\",\"name\":\"SINALIZA\u00c7\u00c3O DE IDOSOS ISOLADOS Colabore nesta iniciativa! - barreiroweb\",\"isPartOf\":{\"@id\":\"https:\/\/arquivo.barreiroweb.net\/#website\"},\"primaryImageOfPage\":{\"@id\":\"https:\/\/arquivo.barreiroweb.net\/?p=8948#primaryimage\"},\"image\":{\"@id\":\"https:\/\/arquivo.barreiroweb.net\/?p=8948#primaryimage\"},\"thumbnailUrl\":\"https:\/\/arquivo.barreiroweb.net\/wp-content\/uploads\/2013\/02\/Cartaz_Comunicacao_Social.jpg\",\"datePublished\":\"2013-02-27T21:39:47+00:00\",\"breadcrumb\":{\"@id\":\"https:\/\/arquivo.barreiroweb.net\/?p=8948#breadcrumb\"},\"inLanguage\":\"pt-PT\",\"potentialAction\":[{\"@type\":\"ReadAction\",\"target\":[\"https:\/\/arquivo.barreiroweb.net\/?p=8948\"]}]},{\"@type\":\"ImageObject\",\"inLanguage\":\"pt-PT\",\"@id\":\"https:\/\/arquivo.barreiroweb.net\/?p=8948#primaryimage\",\"url\":\"https:\/\/arquivo.barreiroweb.net\/wp-content\/uploads\/2013\/02\/Cartaz_Comunicacao_Social.jpg\",\"contentUrl\":\"https:\/\/arquivo.barreiroweb.net\/wp-content\/uploads\/2013\/02\/Cartaz_Comunicacao_Social.jpg\",\"width\":222,\"height\":314},{\"@type\":\"BreadcrumbList\",\"@id\":\"https:\/\/arquivo.barreiroweb.net\/?p=8948#breadcrumb\",\"itemListElement\":[{\"@type\":\"ListItem\",\"position\":1,\"name\":\"In\u00edcio\",\"item\":\"https:\/\/arquivo.barreiroweb.net\/\"},{\"@type\":\"ListItem\",\"position\":2,\"name\":\"SINALIZA\u00c7\u00c3O DE IDOSOS ISOLADOS Colabore nesta iniciativa!\"}]},{\"@type\":\"WebSite\",\"@id\":\"https:\/\/arquivo.barreiroweb.net\/#website\",\"url\":\"https:\/\/arquivo.barreiroweb.net\/\",\"name\":\"barreiroweb\",\"description\":\"Barreiroweb o barreiro na web\",\"publisher\":{\"@id\":\"https:\/\/arquivo.barreiroweb.net\/#organization\"},\"potentialAction\":[{\"@type\":\"SearchAction\",\"target\":{\"@type\":\"EntryPoint\",\"urlTemplate\":\"https:\/\/arquivo.barreiroweb.net\/?s={search_term_string}\"},\"query-input\":{\"@type\":\"PropertyValueSpecification\",\"valueRequired\":true,\"valueName\":\"search_term_string\"}}],\"inLanguage\":\"pt-PT\"},{\"@type\":\"Organization\",\"@id\":\"https:\/\/arquivo.barreiroweb.net\/#organization\",\"name\":\"barreiroweb\",\"url\":\"https:\/\/arquivo.barreiroweb.net\/\",\"logo\":{\"@type\":\"ImageObject\",\"inLanguage\":\"pt-PT\",\"@id\":\"https:\/\/arquivo.barreiroweb.net\/#\/schema\/logo\/image\/\",\"url\":\"https:\/\/barreiroweb.net\/wp-content\/uploads\/2022\/05\/BarreiroWeb555.jpg\",\"contentUrl\":\"https:\/\/barreiroweb.net\/wp-content\/uploads\/2022\/05\/BarreiroWeb555.jpg\",\"width\":421,\"height\":415,\"caption\":\"barreiroweb\"},\"image\":{\"@id\":\"https:\/\/arquivo.barreiroweb.net\/#\/schema\/logo\/image\/\"},\"sameAs\":[\"https:\/\/www.facebook.com\/barreiroweb\",\"https:\/\/x.com\/barreiroweb\"]},{\"@type\":\"Person\",\"@id\":\"https:\/\/arquivo.barreiroweb.net\/#\/schema\/person\/44b6d528aff975e3786c9f475f9df2dd\",\"name\":\"barreiroweb\",\"image\":{\"@type\":\"ImageObject\",\"inLanguage\":\"pt-PT\",\"@id\":\"https:\/\/arquivo.barreiroweb.net\/#\/schema\/person\/image\/\",\"url\":\"https:\/\/secure.gravatar.com\/avatar\/1f764b917967430404ff0b452044eb63a25d64a5363b25be2aa42273930f477d?s=96&d=mm&r=g\",\"contentUrl\":\"https:\/\/secure.gravatar.com\/avatar\/1f764b917967430404ff0b452044eb63a25d64a5363b25be2aa42273930f477d?s=96&d=mm&r=g\",\"caption\":\"barreiroweb\"},\"url\":\"https:\/\/arquivo.barreiroweb.net\/?author=1\"}]}<\/script>\n<!-- \/ Yoast SEO plugin. -->","yoast_head_json":{"title":"SINALIZA\u00c7\u00c3O DE IDOSOS ISOLADOS Colabore nesta iniciativa! - barreiroweb","robots":{"index":"index","follow":"follow","max-snippet":"max-snippet:-1","max-image-preview":"max-image-preview:large","max-video-preview":"max-video-preview:-1"},"canonical":"https:\/\/arquivo.barreiroweb.net\/?p=8948","og_locale":"pt_PT","og_type":"article","og_title":"SINALIZA\u00c7\u00c3O DE IDOSOS ISOLADOS Colabore nesta iniciativa! - barreiroweb","og_description":"O Grupo Concelhio para as quest\u00f5es dos Idosos do Barreiro, no \u00e2mbito da\u00a0 atividade do Conselho Local de A\u00e7\u00e3o Social \u2013 CLASB, vai realizar uma campanha de SINALIZA\u00c7\u00c3O DE IDOSOS ISOLADOS, por freguesia, de forma a identificar o maior n\u00famero poss\u00edvel de idosos que se encontram isolados ou a viver s\u00f3s, no Concelho do Barreiro. [&hellip;]","og_url":"https:\/\/arquivo.barreiroweb.net\/?p=8948","og_site_name":"barreiroweb","article_publisher":"https:\/\/www.facebook.com\/barreiroweb","article_published_time":"2013-02-27T21:39:47+00:00","og_image":[{"width":222,"height":314,"url":"https:\/\/arquivo.barreiroweb.net\/wp-content\/uploads\/2013\/02\/Cartaz_Comunicacao_Social.jpg","type":"image\/jpeg"}],"author":"barreiroweb","twitter_card":"summary_large_image","twitter_creator":"@barreiroweb","twitter_site":"@barreiroweb","twitter_misc":{"Escrito por":"barreiroweb","Tempo estimado de leitura":"1 minuto"},"schema":{"@context":"https:\/\/schema.org","@graph":[{"@type":"Article","@id":"https:\/\/arquivo.barreiroweb.net\/?p=8948#article","isPartOf":{"@id":"https:\/\/arquivo.barreiroweb.net\/?p=8948"},"author":{"name":"barreiroweb","@id":"https:\/\/arquivo.barreiroweb.net\/#\/schema\/person\/44b6d528aff975e3786c9f475f9df2dd"},"headline":"SINALIZA\u00c7\u00c3O DE IDOSOS ISOLADOS Colabore nesta iniciativa!","datePublished":"2013-02-27T21:39:47+00:00","mainEntityOfPage":{"@id":"https:\/\/arquivo.barreiroweb.net\/?p=8948"},"wordCount":284,"commentCount":0,"publisher":{"@id":"https:\/\/arquivo.barreiroweb.net\/#organization"},"image":{"@id":"https:\/\/arquivo.barreiroweb.net\/?p=8948#primaryimage"},"thumbnailUrl":"https:\/\/arquivo.barreiroweb.net\/wp-content\/uploads\/2013\/02\/Cartaz_Comunicacao_Social.jpg","keywords":["barreiro","IDOSOS","ISOLADOS"],"articleSection":["Destaque","Eventos"],"inLanguage":"pt-PT","potentialAction":[{"@type":"CommentAction","name":"Comment","target":["https:\/\/arquivo.barreiroweb.net\/?p=8948#respond"]}]},{"@type":"WebPage","@id":"https:\/\/arquivo.barreiroweb.net\/?p=8948","url":"https:\/\/arquivo.barreiroweb.net\/?p=8948","name":"SINALIZA\u00c7\u00c3O DE IDOSOS ISOLADOS Colabore nesta iniciativa! - barreiroweb","isPartOf":{"@id":"https:\/\/arquivo.barreiroweb.net\/#website"},"primaryImageOfPage":{"@id":"https:\/\/arquivo.barreiroweb.net\/?p=8948#primaryimage"},"image":{"@id":"https:\/\/arquivo.barreiroweb.net\/?p=8948#primaryimage"},"thumbnailUrl":"https:\/\/arquivo.barreiroweb.net\/wp-content\/uploads\/2013\/02\/Cartaz_Comunicacao_Social.jpg","datePublished":"2013-02-27T21:39:47+00:00","breadcrumb":{"@id":"https:\/\/arquivo.barreiroweb.net\/?p=8948#breadcrumb"},"inLanguage":"pt-PT","potentialAction":[{"@type":"ReadAction","target":["https:\/\/arquivo.barreiroweb.net\/?p=8948"]}]},{"@type":"ImageObject","inLanguage":"pt-PT","@id":"https:\/\/arquivo.barreiroweb.net\/?p=8948#primaryimage","url":"https:\/\/arquivo.barreiroweb.net\/wp-content\/uploads\/2013\/02\/Cartaz_Comunicacao_Social.jpg","contentUrl":"https:\/\/arquivo.barreiroweb.net\/wp-content\/uploads\/2013\/02\/Cartaz_Comunicacao_Social.jpg","width":222,"height":314},{"@type":"BreadcrumbList","@id":"https:\/\/arquivo.barreiroweb.net\/?p=8948#breadcrumb","itemListElement":[{"@type":"ListItem","position":1,"name":"In\u00edcio","item":"https:\/\/arquivo.barreiroweb.net\/"},{"@type":"ListItem","position":2,"name":"SINALIZA\u00c7\u00c3O DE IDOSOS ISOLADOS Colabore nesta iniciativa!"}]},{"@type":"WebSite","@id":"https:\/\/arquivo.barreiroweb.net\/#website","url":"https:\/\/arquivo.barreiroweb.net\/","name":"barreiroweb","description":"Barreiroweb o barreiro na web","publisher":{"@id":"https:\/\/arquivo.barreiroweb.net\/#organization"},"potentialAction":[{"@type":"SearchAction","target":{"@type":"EntryPoint","urlTemplate":"https:\/\/arquivo.barreiroweb.net\/?s={search_term_string}"},"query-input":{"@type":"PropertyValueSpecification","valueRequired":true,"valueName":"search_term_string"}}],"inLanguage":"pt-PT"},{"@type":"Organization","@id":"https:\/\/arquivo.barreiroweb.net\/#organization","name":"barreiroweb","url":"https:\/\/arquivo.barreiroweb.net\/","logo":{"@type":"ImageObject","inLanguage":"pt-PT","@id":"https:\/\/arquivo.barreiroweb.net\/#\/schema\/logo\/image\/","url":"https:\/\/barreiroweb.net\/wp-content\/uploads\/2022\/05\/BarreiroWeb555.jpg","contentUrl":"https:\/\/barreiroweb.net\/wp-content\/uploads\/2022\/05\/BarreiroWeb555.jpg","width":421,"height":415,"caption":"barreiroweb"},"image":{"@id":"https:\/\/arquivo.barreiroweb.net\/#\/schema\/logo\/image\/"},"sameAs":["https:\/\/www.facebook.com\/barreiroweb","https:\/\/x.com\/barreiroweb"]},{"@type":"Person","@id":"https:\/\/arquivo.barreiroweb.net\/#\/schema\/person\/44b6d528aff975e3786c9f475f9df2dd","name":"barreiroweb","image":{"@type":"ImageObject","inLanguage":"pt-PT","@id":"https:\/\/arquivo.barreiroweb.net\/#\/schema\/person\/image\/","url":"https:\/\/secure.gravatar.com\/avatar\/1f764b917967430404ff0b452044eb63a25d64a5363b25be2aa42273930f477d?s=96&d=mm&r=g","contentUrl":"https:\/\/secure.gravatar.com\/avatar\/1f764b917967430404ff0b452044eb63a25d64a5363b25be2aa42273930f477d?s=96&d=mm&r=g","caption":"barreiroweb"},"url":"https:\/\/arquivo.barreiroweb.net\/?author=1"}]}},"_links":{"self":[{"href":"https:\/\/arquivo.barreiroweb.net\/index.php?rest_route=\/wp\/v2\/posts\/8948","targetHints":{"allow":["GET"]}}],"collection":[{"href":"https:\/\/arquivo.barreiroweb.net\/index.php?rest_route=\/wp\/v2\/posts"}],"about":[{"href":"https:\/\/arquivo.barreiroweb.net\/index.php?rest_route=\/wp\/v2\/types\/post"}],"author":[{"embeddable":true,"href":"https:\/\/arquivo.barreiroweb.net\/index.php?rest_route=\/wp\/v2\/users\/1"}],"replies":[{"embeddable":true,"href":"https:\/\/arquivo.barreiroweb.net\/index.php?rest_route=%2Fwp%2Fv2%2Fcomments&post=8948"}],"version-history":[{"count":2,"href":"https:\/\/arquivo.barreiroweb.net\/index.php?rest_route=\/wp\/v2\/posts\/8948\/revisions"}],"predecessor-version":[{"id":8951,"href":"https:\/\/arquivo.barreiroweb.net\/index.php?rest_route=\/wp\/v2\/posts\/8948\/revisions\/8951"}],"wp:featuredmedia":[{"embeddable":true,"href":"https:\/\/arquivo.barreiroweb.net\/index.php?rest_route=\/wp\/v2\/media\/8949"}],"wp:attachment":[{"href":"https:\/\/arquivo.barreiroweb.net\/index.php?rest_route=%2Fwp%2Fv2%2Fmedia&parent=8948"}],"wp:term":[{"taxonomy":"category","embeddable":true,"href":"https:\/\/arquivo.barreiroweb.net\/index.php?rest_route=%2Fwp%2Fv2%2Fcategories&post=8948"},{"taxonomy":"post_tag","embeddable":true,"href":"https:\/\/arquivo.barreiroweb.net\/index.php?rest_route=%2Fwp%2Fv2%2Ftags&post=8948"}],"curies":[{"name":"wp","href":"https:\/\/api.w.org\/{rel}","templated":true}]}}