{"id":8709,"date":"2013-01-22T18:19:58","date_gmt":"2013-01-22T18:19:58","guid":{"rendered":"http:\/\/barreiroweb.eu\/?p=8709"},"modified":"2013-01-22T18:30:34","modified_gmt":"2013-01-22T18:30:34","slug":"apresentacao-do-livro-poesia-ao-vento-na-biblioteca-municipal","status":"publish","type":"post","link":"https:\/\/arquivo.barreiroweb.net\/?p=8709","title":{"rendered":"Apresenta\u00e7\u00e3o do livro Poesia ao Vento na Biblioteca Municipal"},"content":{"rendered":"<p><b><img loading=\"lazy\" decoding=\"async\" class=\"alignleft size-thumbnail wp-image-8710\" alt=\"capa do livro - Poesia ao vento (2)\" src=\"http:\/\/barreiroweb.eu\/wp-content\/uploads\/2013\/01\/capa-do-livro-Poesia-ao-vento-2-150x150.jpg\" width=\"150\" height=\"150\" srcset=\"https:\/\/arquivo.barreiroweb.net\/wp-content\/uploads\/2013\/01\/capa-do-livro-Poesia-ao-vento-2-150x150.jpg 150w, https:\/\/arquivo.barreiroweb.net\/wp-content\/uploads\/2013\/01\/capa-do-livro-Poesia-ao-vento-2-50x50.jpg 50w, https:\/\/arquivo.barreiroweb.net\/wp-content\/uploads\/2013\/01\/capa-do-livro-Poesia-ao-vento-2-70x70.jpg 70w, https:\/\/arquivo.barreiroweb.net\/wp-content\/uploads\/2013\/01\/capa-do-livro-Poesia-ao-vento-2-55x55.jpg 55w\" sizes=\"auto, (max-width: 150px) 100vw, 150px\" \/>No pr\u00f3ximo dia 26 de janeiro, s\u00e1bado, pelas 15h00, ser\u00e1 apresentado o livro <i>Poesia ao Vento, de <\/i>Joel Lira, na sala multiusos da Biblioteca Municipal do Barreiro.<\/b><\/p>\n<p>Notas biogr\u00e1ficas do autor:<\/p>\n<p>Joel Ars\u00e9nio Baptista Lira, 19 de julho de 1946, natural de Amora, Seixal, Set\u00fabal.<\/p>\n<p>Tem o 5\u00ba ano comercial (antigo), interrompido por ter sido incorporado no Ex\u00e9rcito em 1966, mais tarde mobilizado para a Guin\u00e9 (chamada guerra do Ultramar).<\/p>\n<p>Passou pela Siderurgia Nacional, com 14 anos de idade, aos 16 ingressou na atividade cinematogr\u00e1fica (Twenty Century Fox, Coorporation \u2013 Lisbon, Filmes Castello Lopes); Emigrou para a Arg\u00e9lia, Ar\u00e1bia Saudita pela Bos&amp;Kalis, Nacap \u2013 Pipeline \u2013 como forman. Mais tarde, montou com a fam\u00edlia um fabrico de transforma\u00e7\u00e3o de produto alimentar. Durante muitos anos esteve ligado \u00e0s vendas diretas e indiretas.<\/p>\n<p>Hoje encontra-se reformado.<\/p>\n<p>Ao longo da sua vida, tem mostrado trabalho nas \u00e1reas da m\u00fasica, teatro, literatura e associativismo.<\/p>\n<p>Com 15 anos de idade, foi 1\u00ba clarinetista na Banda da S.F.O.A.- Amora, Os B\u00f3lides-Grupo de Baile; A Banda de C\u00e1 (grupo misto de Pais e Filhos); Banda Risco; Grupo Musicalidades. Neste momento, parou a atividade musical.<\/p>\n<p>No que toca ao Teatro, escreveu pe\u00e7as teatrais: \u201cA Partida\u201d; \u201cA Pedra Brilhante\u201d; As Velhas Rabujentas\u201d; \u201cO Computa(dor)\u201d; \u201cEu Doida?!\u201d; \u201cO Visconde de Alcagoitas\u201d; \u201cO Ba\u00fa Misterioso\u201d; \u201cA Escolha\u201d; \u201cSem Abrigo\u201d; \u201cA Senhora dos Pap\u00e9is\u201d.<\/p>\n<p>Regista j\u00e1 duas centenas de sonetos. \u00c9 ator, encenador, escritor, autor de v\u00e1rias pe\u00e7as de teatro. Foi homenageado pela \u00abAcademia Po\u00e7os \u2013 Caldense de Letras \/ Brasil, em 10 de outubro de 2006.<\/p>\n<p>Tem escrito centenas de poemas para centenas de pessoas durante a sua vida.<\/p>\n<p>Participou em v\u00e1rios jornais locais e regionais e ganhou dois pr\u00e9mios liter\u00e1rios, \u201cMen\u00e7\u00f5es Honrosas\u201d.<\/p>\n<p>Na \u00e1rea do Associativismo, pertenceu aos \u00f3rg\u00e3os sociais de diversas coletividades.\u00a0\u00a0<\/p>\n<p>Da sua Bibliografia fazem parte as obras: \u201cO Despertar para a vida\u201d; \u201cO Despertar para a vida Nr.2\u201d; \u201cSombras do meu Sentir\u201d; \u201cO Fogo das Palavras\u201d; \u201cPoesia ao vento\u201d, em 2012.<\/p>\n<p>A Biblioteca Municipal do Barreiro situa-se na Rua da Bandeira, Urbaniza\u00e7\u00e3o do Pal\u00e1cio do Coimbra, 2830-330 Barreiro, Telefone: 21 096 6537 (Rece\u00e7\u00e3o), E-mail: <a href=\"mailto:biblioteca.municipal@cm-barreiro.pt\">biblioteca.municipal@cm-barreiro.pt<\/a> .<\/p>\n<p><b>CMB 2013-01-22<\/b><\/p>\n","protected":false},"excerpt":{"rendered":"<p>No pr\u00f3ximo dia 26 de janeiro, s\u00e1bado, pelas 15h00, ser\u00e1 apresentado o livro Poesia ao Vento, de Joel Lira, na sala multiusos da Biblioteca Municipal do Barreiro. Notas biogr\u00e1ficas do autor: Joel Ars\u00e9nio Baptista Lira, 19 de julho de 1946, natural de Amora, Seixal, Set\u00fabal. Tem o 5\u00ba ano comercial (antigo), interrompido por ter sido [&hellip;]<\/p>\n","protected":false},"author":1,"featured_media":8710,"comment_status":"open","ping_status":"open","sticky":false,"template":"","format":"standard","meta":{"footnotes":""},"categories":[32,159],"tags":[41,248],"class_list":["post-8709","post","type-post","status-publish","format-standard","has-post-thumbnail","hentry","category-destaque","category-livros","tag-barreiro","tag-litaratura","last_archivepost"],"yoast_head":"<!-- This site is optimized with the Yoast SEO plugin v27.1.1 - https:\/\/yoast.com\/product\/yoast-seo-wordpress\/ -->\n<title>Apresenta\u00e7\u00e3o do livro Poesia ao Vento na Biblioteca Municipal - barreiroweb<\/title>\n<meta name=\"robots\" content=\"index, follow, max-snippet:-1, max-image-preview:large, max-video-preview:-1\" \/>\n<link rel=\"canonical\" href=\"https:\/\/arquivo.barreiroweb.net\/?p=8709\" \/>\n<meta property=\"og:locale\" content=\"pt_PT\" \/>\n<meta property=\"og:type\" content=\"article\" \/>\n<meta property=\"og:title\" content=\"Apresenta\u00e7\u00e3o do livro Poesia ao Vento na Biblioteca Municipal - barreiroweb\" \/>\n<meta property=\"og:description\" content=\"No pr\u00f3ximo dia 26 de janeiro, s\u00e1bado, pelas 15h00, ser\u00e1 apresentado o livro Poesia ao Vento, de Joel Lira, na sala multiusos da Biblioteca Municipal do Barreiro. Notas biogr\u00e1ficas do autor: Joel Ars\u00e9nio Baptista Lira, 19 de julho de 1946, natural de Amora, Seixal, Set\u00fabal. Tem o 5\u00ba ano comercial (antigo), interrompido por ter sido [&hellip;]\" \/>\n<meta property=\"og:url\" content=\"https:\/\/arquivo.barreiroweb.net\/?p=8709\" \/>\n<meta property=\"og:site_name\" content=\"barreiroweb\" \/>\n<meta property=\"article:publisher\" content=\"https:\/\/www.facebook.com\/barreiroweb\" \/>\n<meta property=\"article:published_time\" content=\"2013-01-22T18:19:58+00:00\" \/>\n<meta property=\"article:modified_time\" content=\"2013-01-22T18:30:34+00:00\" \/>\n<meta property=\"og:image\" content=\"https:\/\/arquivo.barreiroweb.net\/wp-content\/uploads\/2013\/01\/capa-do-livro-Poesia-ao-vento-2.jpg\" \/>\n\t<meta property=\"og:image:width\" content=\"336\" \/>\n\t<meta property=\"og:image:height\" content=\"363\" \/>\n\t<meta property=\"og:image:type\" content=\"image\/jpeg\" \/>\n<meta name=\"author\" content=\"barreiroweb\" \/>\n<meta name=\"twitter:card\" content=\"summary_large_image\" \/>\n<meta name=\"twitter:creator\" content=\"@barreiroweb\" \/>\n<meta name=\"twitter:site\" content=\"@barreiroweb\" \/>\n<meta name=\"twitter:label1\" content=\"Escrito por\" \/>\n\t<meta name=\"twitter:data1\" content=\"barreiroweb\" \/>\n\t<meta name=\"twitter:label2\" content=\"Tempo estimado de leitura\" \/>\n\t<meta name=\"twitter:data2\" content=\"2 minutos\" \/>\n<script type=\"application\/ld+json\" class=\"yoast-schema-graph\">{\"@context\":\"https:\/\/schema.org\",\"@graph\":[{\"@type\":\"Article\",\"@id\":\"https:\/\/arquivo.barreiroweb.net\/?p=8709#article\",\"isPartOf\":{\"@id\":\"https:\/\/arquivo.barreiroweb.net\/?p=8709\"},\"author\":{\"name\":\"barreiroweb\",\"@id\":\"https:\/\/arquivo.barreiroweb.net\/#\/schema\/person\/44b6d528aff975e3786c9f475f9df2dd\"},\"headline\":\"Apresenta\u00e7\u00e3o do livro Poesia ao Vento na Biblioteca Municipal\",\"datePublished\":\"2013-01-22T18:19:58+00:00\",\"dateModified\":\"2013-01-22T18:30:34+00:00\",\"mainEntityOfPage\":{\"@id\":\"https:\/\/arquivo.barreiroweb.net\/?p=8709\"},\"wordCount\":376,\"commentCount\":0,\"publisher\":{\"@id\":\"https:\/\/arquivo.barreiroweb.net\/#organization\"},\"image\":{\"@id\":\"https:\/\/arquivo.barreiroweb.net\/?p=8709#primaryimage\"},\"thumbnailUrl\":\"https:\/\/arquivo.barreiroweb.net\/wp-content\/uploads\/2013\/01\/capa-do-livro-Poesia-ao-vento-2.jpg\",\"keywords\":[\"barreiro\",\"litaratura\"],\"articleSection\":[\"Destaque\",\"Livros\"],\"inLanguage\":\"pt-PT\",\"potentialAction\":[{\"@type\":\"CommentAction\",\"name\":\"Comment\",\"target\":[\"https:\/\/arquivo.barreiroweb.net\/?p=8709#respond\"]}]},{\"@type\":\"WebPage\",\"@id\":\"https:\/\/arquivo.barreiroweb.net\/?p=8709\",\"url\":\"https:\/\/arquivo.barreiroweb.net\/?p=8709\",\"name\":\"Apresenta\u00e7\u00e3o do livro Poesia ao Vento na Biblioteca Municipal - barreiroweb\",\"isPartOf\":{\"@id\":\"https:\/\/arquivo.barreiroweb.net\/#website\"},\"primaryImageOfPage\":{\"@id\":\"https:\/\/arquivo.barreiroweb.net\/?p=8709#primaryimage\"},\"image\":{\"@id\":\"https:\/\/arquivo.barreiroweb.net\/?p=8709#primaryimage\"},\"thumbnailUrl\":\"https:\/\/arquivo.barreiroweb.net\/wp-content\/uploads\/2013\/01\/capa-do-livro-Poesia-ao-vento-2.jpg\",\"datePublished\":\"2013-01-22T18:19:58+00:00\",\"dateModified\":\"2013-01-22T18:30:34+00:00\",\"breadcrumb\":{\"@id\":\"https:\/\/arquivo.barreiroweb.net\/?p=8709#breadcrumb\"},\"inLanguage\":\"pt-PT\",\"potentialAction\":[{\"@type\":\"ReadAction\",\"target\":[\"https:\/\/arquivo.barreiroweb.net\/?p=8709\"]}]},{\"@type\":\"ImageObject\",\"inLanguage\":\"pt-PT\",\"@id\":\"https:\/\/arquivo.barreiroweb.net\/?p=8709#primaryimage\",\"url\":\"https:\/\/arquivo.barreiroweb.net\/wp-content\/uploads\/2013\/01\/capa-do-livro-Poesia-ao-vento-2.jpg\",\"contentUrl\":\"https:\/\/arquivo.barreiroweb.net\/wp-content\/uploads\/2013\/01\/capa-do-livro-Poesia-ao-vento-2.jpg\",\"width\":336,\"height\":363},{\"@type\":\"BreadcrumbList\",\"@id\":\"https:\/\/arquivo.barreiroweb.net\/?p=8709#breadcrumb\",\"itemListElement\":[{\"@type\":\"ListItem\",\"position\":1,\"name\":\"In\u00edcio\",\"item\":\"https:\/\/arquivo.barreiroweb.net\/\"},{\"@type\":\"ListItem\",\"position\":2,\"name\":\"Apresenta\u00e7\u00e3o do livro Poesia ao Vento na Biblioteca Municipal\"}]},{\"@type\":\"WebSite\",\"@id\":\"https:\/\/arquivo.barreiroweb.net\/#website\",\"url\":\"https:\/\/arquivo.barreiroweb.net\/\",\"name\":\"barreiroweb\",\"description\":\"Barreiroweb o barreiro na web\",\"publisher\":{\"@id\":\"https:\/\/arquivo.barreiroweb.net\/#organization\"},\"potentialAction\":[{\"@type\":\"SearchAction\",\"target\":{\"@type\":\"EntryPoint\",\"urlTemplate\":\"https:\/\/arquivo.barreiroweb.net\/?s={search_term_string}\"},\"query-input\":{\"@type\":\"PropertyValueSpecification\",\"valueRequired\":true,\"valueName\":\"search_term_string\"}}],\"inLanguage\":\"pt-PT\"},{\"@type\":\"Organization\",\"@id\":\"https:\/\/arquivo.barreiroweb.net\/#organization\",\"name\":\"barreiroweb\",\"url\":\"https:\/\/arquivo.barreiroweb.net\/\",\"logo\":{\"@type\":\"ImageObject\",\"inLanguage\":\"pt-PT\",\"@id\":\"https:\/\/arquivo.barreiroweb.net\/#\/schema\/logo\/image\/\",\"url\":\"https:\/\/barreiroweb.net\/wp-content\/uploads\/2022\/05\/BarreiroWeb555.jpg\",\"contentUrl\":\"https:\/\/barreiroweb.net\/wp-content\/uploads\/2022\/05\/BarreiroWeb555.jpg\",\"width\":421,\"height\":415,\"caption\":\"barreiroweb\"},\"image\":{\"@id\":\"https:\/\/arquivo.barreiroweb.net\/#\/schema\/logo\/image\/\"},\"sameAs\":[\"https:\/\/www.facebook.com\/barreiroweb\",\"https:\/\/x.com\/barreiroweb\"]},{\"@type\":\"Person\",\"@id\":\"https:\/\/arquivo.barreiroweb.net\/#\/schema\/person\/44b6d528aff975e3786c9f475f9df2dd\",\"name\":\"barreiroweb\",\"image\":{\"@type\":\"ImageObject\",\"inLanguage\":\"pt-PT\",\"@id\":\"https:\/\/arquivo.barreiroweb.net\/#\/schema\/person\/image\/\",\"url\":\"https:\/\/secure.gravatar.com\/avatar\/1f764b917967430404ff0b452044eb63a25d64a5363b25be2aa42273930f477d?s=96&d=mm&r=g\",\"contentUrl\":\"https:\/\/secure.gravatar.com\/avatar\/1f764b917967430404ff0b452044eb63a25d64a5363b25be2aa42273930f477d?s=96&d=mm&r=g\",\"caption\":\"barreiroweb\"},\"url\":\"https:\/\/arquivo.barreiroweb.net\/?author=1\"}]}<\/script>\n<!-- \/ Yoast SEO plugin. -->","yoast_head_json":{"title":"Apresenta\u00e7\u00e3o do livro Poesia ao Vento na Biblioteca Municipal - barreiroweb","robots":{"index":"index","follow":"follow","max-snippet":"max-snippet:-1","max-image-preview":"max-image-preview:large","max-video-preview":"max-video-preview:-1"},"canonical":"https:\/\/arquivo.barreiroweb.net\/?p=8709","og_locale":"pt_PT","og_type":"article","og_title":"Apresenta\u00e7\u00e3o do livro Poesia ao Vento na Biblioteca Municipal - barreiroweb","og_description":"No pr\u00f3ximo dia 26 de janeiro, s\u00e1bado, pelas 15h00, ser\u00e1 apresentado o livro Poesia ao Vento, de Joel Lira, na sala multiusos da Biblioteca Municipal do Barreiro. Notas biogr\u00e1ficas do autor: Joel Ars\u00e9nio Baptista Lira, 19 de julho de 1946, natural de Amora, Seixal, Set\u00fabal. Tem o 5\u00ba ano comercial (antigo), interrompido por ter sido [&hellip;]","og_url":"https:\/\/arquivo.barreiroweb.net\/?p=8709","og_site_name":"barreiroweb","article_publisher":"https:\/\/www.facebook.com\/barreiroweb","article_published_time":"2013-01-22T18:19:58+00:00","article_modified_time":"2013-01-22T18:30:34+00:00","og_image":[{"width":336,"height":363,"url":"https:\/\/arquivo.barreiroweb.net\/wp-content\/uploads\/2013\/01\/capa-do-livro-Poesia-ao-vento-2.jpg","type":"image\/jpeg"}],"author":"barreiroweb","twitter_card":"summary_large_image","twitter_creator":"@barreiroweb","twitter_site":"@barreiroweb","twitter_misc":{"Escrito por":"barreiroweb","Tempo estimado de leitura":"2 minutos"},"schema":{"@context":"https:\/\/schema.org","@graph":[{"@type":"Article","@id":"https:\/\/arquivo.barreiroweb.net\/?p=8709#article","isPartOf":{"@id":"https:\/\/arquivo.barreiroweb.net\/?p=8709"},"author":{"name":"barreiroweb","@id":"https:\/\/arquivo.barreiroweb.net\/#\/schema\/person\/44b6d528aff975e3786c9f475f9df2dd"},"headline":"Apresenta\u00e7\u00e3o do livro Poesia ao Vento na Biblioteca Municipal","datePublished":"2013-01-22T18:19:58+00:00","dateModified":"2013-01-22T18:30:34+00:00","mainEntityOfPage":{"@id":"https:\/\/arquivo.barreiroweb.net\/?p=8709"},"wordCount":376,"commentCount":0,"publisher":{"@id":"https:\/\/arquivo.barreiroweb.net\/#organization"},"image":{"@id":"https:\/\/arquivo.barreiroweb.net\/?p=8709#primaryimage"},"thumbnailUrl":"https:\/\/arquivo.barreiroweb.net\/wp-content\/uploads\/2013\/01\/capa-do-livro-Poesia-ao-vento-2.jpg","keywords":["barreiro","litaratura"],"articleSection":["Destaque","Livros"],"inLanguage":"pt-PT","potentialAction":[{"@type":"CommentAction","name":"Comment","target":["https:\/\/arquivo.barreiroweb.net\/?p=8709#respond"]}]},{"@type":"WebPage","@id":"https:\/\/arquivo.barreiroweb.net\/?p=8709","url":"https:\/\/arquivo.barreiroweb.net\/?p=8709","name":"Apresenta\u00e7\u00e3o do livro Poesia ao Vento na Biblioteca Municipal - barreiroweb","isPartOf":{"@id":"https:\/\/arquivo.barreiroweb.net\/#website"},"primaryImageOfPage":{"@id":"https:\/\/arquivo.barreiroweb.net\/?p=8709#primaryimage"},"image":{"@id":"https:\/\/arquivo.barreiroweb.net\/?p=8709#primaryimage"},"thumbnailUrl":"https:\/\/arquivo.barreiroweb.net\/wp-content\/uploads\/2013\/01\/capa-do-livro-Poesia-ao-vento-2.jpg","datePublished":"2013-01-22T18:19:58+00:00","dateModified":"2013-01-22T18:30:34+00:00","breadcrumb":{"@id":"https:\/\/arquivo.barreiroweb.net\/?p=8709#breadcrumb"},"inLanguage":"pt-PT","potentialAction":[{"@type":"ReadAction","target":["https:\/\/arquivo.barreiroweb.net\/?p=8709"]}]},{"@type":"ImageObject","inLanguage":"pt-PT","@id":"https:\/\/arquivo.barreiroweb.net\/?p=8709#primaryimage","url":"https:\/\/arquivo.barreiroweb.net\/wp-content\/uploads\/2013\/01\/capa-do-livro-Poesia-ao-vento-2.jpg","contentUrl":"https:\/\/arquivo.barreiroweb.net\/wp-content\/uploads\/2013\/01\/capa-do-livro-Poesia-ao-vento-2.jpg","width":336,"height":363},{"@type":"BreadcrumbList","@id":"https:\/\/arquivo.barreiroweb.net\/?p=8709#breadcrumb","itemListElement":[{"@type":"ListItem","position":1,"name":"In\u00edcio","item":"https:\/\/arquivo.barreiroweb.net\/"},{"@type":"ListItem","position":2,"name":"Apresenta\u00e7\u00e3o do livro Poesia ao Vento na Biblioteca Municipal"}]},{"@type":"WebSite","@id":"https:\/\/arquivo.barreiroweb.net\/#website","url":"https:\/\/arquivo.barreiroweb.net\/","name":"barreiroweb","description":"Barreiroweb o barreiro na web","publisher":{"@id":"https:\/\/arquivo.barreiroweb.net\/#organization"},"potentialAction":[{"@type":"SearchAction","target":{"@type":"EntryPoint","urlTemplate":"https:\/\/arquivo.barreiroweb.net\/?s={search_term_string}"},"query-input":{"@type":"PropertyValueSpecification","valueRequired":true,"valueName":"search_term_string"}}],"inLanguage":"pt-PT"},{"@type":"Organization","@id":"https:\/\/arquivo.barreiroweb.net\/#organization","name":"barreiroweb","url":"https:\/\/arquivo.barreiroweb.net\/","logo":{"@type":"ImageObject","inLanguage":"pt-PT","@id":"https:\/\/arquivo.barreiroweb.net\/#\/schema\/logo\/image\/","url":"https:\/\/barreiroweb.net\/wp-content\/uploads\/2022\/05\/BarreiroWeb555.jpg","contentUrl":"https:\/\/barreiroweb.net\/wp-content\/uploads\/2022\/05\/BarreiroWeb555.jpg","width":421,"height":415,"caption":"barreiroweb"},"image":{"@id":"https:\/\/arquivo.barreiroweb.net\/#\/schema\/logo\/image\/"},"sameAs":["https:\/\/www.facebook.com\/barreiroweb","https:\/\/x.com\/barreiroweb"]},{"@type":"Person","@id":"https:\/\/arquivo.barreiroweb.net\/#\/schema\/person\/44b6d528aff975e3786c9f475f9df2dd","name":"barreiroweb","image":{"@type":"ImageObject","inLanguage":"pt-PT","@id":"https:\/\/arquivo.barreiroweb.net\/#\/schema\/person\/image\/","url":"https:\/\/secure.gravatar.com\/avatar\/1f764b917967430404ff0b452044eb63a25d64a5363b25be2aa42273930f477d?s=96&d=mm&r=g","contentUrl":"https:\/\/secure.gravatar.com\/avatar\/1f764b917967430404ff0b452044eb63a25d64a5363b25be2aa42273930f477d?s=96&d=mm&r=g","caption":"barreiroweb"},"url":"https:\/\/arquivo.barreiroweb.net\/?author=1"}]}},"_links":{"self":[{"href":"https:\/\/arquivo.barreiroweb.net\/index.php?rest_route=\/wp\/v2\/posts\/8709","targetHints":{"allow":["GET"]}}],"collection":[{"href":"https:\/\/arquivo.barreiroweb.net\/index.php?rest_route=\/wp\/v2\/posts"}],"about":[{"href":"https:\/\/arquivo.barreiroweb.net\/index.php?rest_route=\/wp\/v2\/types\/post"}],"author":[{"embeddable":true,"href":"https:\/\/arquivo.barreiroweb.net\/index.php?rest_route=\/wp\/v2\/users\/1"}],"replies":[{"embeddable":true,"href":"https:\/\/arquivo.barreiroweb.net\/index.php?rest_route=%2Fwp%2Fv2%2Fcomments&post=8709"}],"version-history":[{"count":3,"href":"https:\/\/arquivo.barreiroweb.net\/index.php?rest_route=\/wp\/v2\/posts\/8709\/revisions"}],"predecessor-version":[{"id":8712,"href":"https:\/\/arquivo.barreiroweb.net\/index.php?rest_route=\/wp\/v2\/posts\/8709\/revisions\/8712"}],"wp:featuredmedia":[{"embeddable":true,"href":"https:\/\/arquivo.barreiroweb.net\/index.php?rest_route=\/wp\/v2\/media\/8710"}],"wp:attachment":[{"href":"https:\/\/arquivo.barreiroweb.net\/index.php?rest_route=%2Fwp%2Fv2%2Fmedia&parent=8709"}],"wp:term":[{"taxonomy":"category","embeddable":true,"href":"https:\/\/arquivo.barreiroweb.net\/index.php?rest_route=%2Fwp%2Fv2%2Fcategories&post=8709"},{"taxonomy":"post_tag","embeddable":true,"href":"https:\/\/arquivo.barreiroweb.net\/index.php?rest_route=%2Fwp%2Fv2%2Ftags&post=8709"}],"curies":[{"name":"wp","href":"https:\/\/api.w.org\/{rel}","templated":true}]}}