{"id":8625,"date":"2013-01-10T00:14:03","date_gmt":"2013-01-10T00:14:03","guid":{"rendered":"http:\/\/barreiroweb.eu\/?p=8625"},"modified":"2013-01-10T00:14:03","modified_gmt":"2013-01-10T00:14:03","slug":"o-homem-da-picareta","status":"publish","type":"post","link":"https:\/\/arquivo.barreiroweb.net\/?p=8625","title":{"rendered":"O Homem da Picareta"},"content":{"rendered":"<p style=\"text-align: justify;\" align=\"center\"><a href=\"http:\/\/barreiroweb.eu\/wp-content\/uploads\/2013\/01\/Picareta_imagempromo.jpg\" rel=\"lightbox[8625]\"><img loading=\"lazy\" decoding=\"async\" class=\"alignleft size-medium wp-image-8626\" alt=\"Picareta_imagempromo\" src=\"http:\/\/barreiroweb.eu\/wp-content\/uploads\/2013\/01\/Picareta_imagempromo-212x300.jpg\" width=\"212\" height=\"300\" srcset=\"https:\/\/arquivo.barreiroweb.net\/wp-content\/uploads\/2013\/01\/Picareta_imagempromo-212x300.jpg 212w, https:\/\/arquivo.barreiroweb.net\/wp-content\/uploads\/2013\/01\/Picareta_imagempromo.jpg 222w\" sizes=\"auto, (max-width: 212px) 100vw, 212px\" \/><\/a>Estreia dia 11 de janeiroNa pr\u00f3xima sexta-feira, dia 11 de janeiro, a ArteViva Companhia de Teatro do Barrei\u00adro estreia a pe\u00e7a O Homem da Picareta, de Miguel Castro Caldas, com encena\u00e7\u00e3o de Carina Silva. O espet\u00e1culo estar\u00e1 em cena at\u00e9 2 de mar\u00e7o, no Teatro Municipal do Barreiro, sextas e s\u00e1bados, pelas 21h30.<\/p>\n<p><b>Ficha T\u00e9cnica <\/b><\/p>\n<p>Autor: Miguel Castro Caldas<\/p>\n<p>Encena\u00e7\u00e3o: Carina Silva<\/p>\n<p>Interpreta\u00e7\u00e3o: Ana Sofia Samora, Susana Marques, Catarina Serra, Joana Pimpista, Nuno Magalh\u00e3es, V\u00edtor Nuno<\/p>\n<p>Assist\u00eancia \u00e0 encena\u00e7\u00e3o e produ\u00e7\u00e3o: Rita Conduto<\/p>\n<p>Cen\u00e1rio e Imagem gr\u00e1fica: Jo\u00e3o Pimenta<\/p>\n<p>Constru\u00e7\u00e3o: D\u00e1rio Valente<\/p>\n<p>Figurinos: Ana Pimpista<\/p>\n<p>Confe\u00e7\u00e3o: Teresa Balbi<\/p>\n<p>Caracteriza\u00e7\u00e3o: Maria Matilde Cavaco<\/p>\n<p>Desenho de luz: Jo\u00e3o Henrique Oliveira<\/p>\n<p>Opera\u00e7\u00e3o t\u00e9cnica: Pedro Duarte e Andr\u00e9 Conc\u00f3rdia<\/p>\n<p>Apoio geral: Pedro Duarte e Andr\u00e9 Conc\u00f3rdia (estagi\u00e1rios da Escola Secund\u00e1ria D. Pedro V)<\/p>\n<p>Classifica\u00e7\u00e3o: M16<\/p>\n<p>Bilhetes: 5\u20ac pre\u00e7o normal, 3\u20ac desconto para grupos com mais de 10 pessoas.<\/p>\n<p>Reservas: 964787109, 212060860 e <a href=\"mailto:arteviva.geral@gmail.com\">arteviva.geral@gmail.com<\/a><\/p>\n<p>&nbsp;<\/p>\n<p>A ArteViva Companhia de Teatro do Barreiro foi fundada em 1980, \u00e9 residente no Teatro Municipal desde 1997 e \u00e9 uma associa\u00e7\u00e3o cultural apoiada pela C\u00e2mara Municipal do Barreiro.<\/p>\n<p>&nbsp;<\/p>\n<p>Mais informa\u00e7\u00f5es sobre a pe\u00e7a e o autor em anexo.<\/p>\n<p><b>\u00a0<\/b><\/p>\n<p align=\"right\"><b>CMB 2013-01-09<\/b><\/p>\n","protected":false},"excerpt":{"rendered":"<p>Estreia dia 11 de janeiroNa pr\u00f3xima sexta-feira, dia 11 de janeiro, a ArteViva Companhia de Teatro do Barrei\u00adro estreia a pe\u00e7a O Homem da Picareta, de Miguel Castro Caldas, com encena\u00e7\u00e3o de Carina Silva. O espet\u00e1culo estar\u00e1 em cena at\u00e9 2 de mar\u00e7o, no Teatro Municipal do Barreiro, sextas e s\u00e1bados, pelas 21h30. Ficha T\u00e9cnica [&hellip;]<\/p>\n","protected":false},"author":1,"featured_media":8626,"comment_status":"open","ping_status":"open","sticky":false,"template":"","format":"standard","meta":{"footnotes":""},"categories":[32,10],"tags":[41,745],"class_list":["post-8625","post","type-post","status-publish","format-standard","has-post-thumbnail","hentry","category-destaque","category-teatro","tag-barreiro","tag-teatro","last_archivepost"],"yoast_head":"<!-- This site is optimized with the Yoast SEO plugin v27.1.1 - https:\/\/yoast.com\/product\/yoast-seo-wordpress\/ -->\n<title>O Homem da Picareta - barreiroweb<\/title>\n<meta name=\"robots\" content=\"index, follow, max-snippet:-1, max-image-preview:large, max-video-preview:-1\" \/>\n<link rel=\"canonical\" href=\"https:\/\/arquivo.barreiroweb.net\/?p=8625\" \/>\n<meta property=\"og:locale\" content=\"pt_PT\" \/>\n<meta property=\"og:type\" content=\"article\" \/>\n<meta property=\"og:title\" content=\"O Homem da Picareta - barreiroweb\" \/>\n<meta property=\"og:description\" content=\"Estreia dia 11 de janeiroNa pr\u00f3xima sexta-feira, dia 11 de janeiro, a ArteViva Companhia de Teatro do Barrei\u00adro estreia a pe\u00e7a O Homem da Picareta, de Miguel Castro Caldas, com encena\u00e7\u00e3o de Carina Silva. O espet\u00e1culo estar\u00e1 em cena at\u00e9 2 de mar\u00e7o, no Teatro Municipal do Barreiro, sextas e s\u00e1bados, pelas 21h30. Ficha T\u00e9cnica [&hellip;]\" \/>\n<meta property=\"og:url\" content=\"https:\/\/arquivo.barreiroweb.net\/?p=8625\" \/>\n<meta property=\"og:site_name\" content=\"barreiroweb\" \/>\n<meta property=\"article:publisher\" content=\"https:\/\/www.facebook.com\/barreiroweb\" \/>\n<meta property=\"article:published_time\" content=\"2013-01-10T00:14:03+00:00\" \/>\n<meta property=\"og:image\" content=\"https:\/\/arquivo.barreiroweb.net\/wp-content\/uploads\/2013\/01\/Picareta_imagempromo.jpg\" \/>\n\t<meta property=\"og:image:width\" content=\"222\" \/>\n\t<meta property=\"og:image:height\" content=\"314\" \/>\n\t<meta property=\"og:image:type\" content=\"image\/jpeg\" \/>\n<meta name=\"author\" content=\"barreiroweb\" \/>\n<meta name=\"twitter:card\" content=\"summary_large_image\" \/>\n<meta name=\"twitter:creator\" content=\"@barreiroweb\" \/>\n<meta name=\"twitter:site\" content=\"@barreiroweb\" \/>\n<meta name=\"twitter:label1\" content=\"Escrito por\" \/>\n\t<meta name=\"twitter:data1\" content=\"barreiroweb\" \/>\n\t<meta name=\"twitter:label2\" content=\"Tempo estimado de leitura\" \/>\n\t<meta name=\"twitter:data2\" content=\"1 minuto\" \/>\n<script type=\"application\/ld+json\" class=\"yoast-schema-graph\">{\"@context\":\"https:\/\/schema.org\",\"@graph\":[{\"@type\":\"Article\",\"@id\":\"https:\/\/arquivo.barreiroweb.net\/?p=8625#article\",\"isPartOf\":{\"@id\":\"https:\/\/arquivo.barreiroweb.net\/?p=8625\"},\"author\":{\"name\":\"barreiroweb\",\"@id\":\"https:\/\/arquivo.barreiroweb.net\/#\/schema\/person\/44b6d528aff975e3786c9f475f9df2dd\"},\"headline\":\"O Homem da Picareta\",\"datePublished\":\"2013-01-10T00:14:03+00:00\",\"mainEntityOfPage\":{\"@id\":\"https:\/\/arquivo.barreiroweb.net\/?p=8625\"},\"wordCount\":222,\"commentCount\":0,\"publisher\":{\"@id\":\"https:\/\/arquivo.barreiroweb.net\/#organization\"},\"image\":{\"@id\":\"https:\/\/arquivo.barreiroweb.net\/?p=8625#primaryimage\"},\"thumbnailUrl\":\"https:\/\/arquivo.barreiroweb.net\/wp-content\/uploads\/2013\/01\/Picareta_imagempromo.jpg\",\"keywords\":[\"barreiro\",\"teatro\"],\"articleSection\":[\"Destaque\",\"Teatro\"],\"inLanguage\":\"pt-PT\",\"potentialAction\":[{\"@type\":\"CommentAction\",\"name\":\"Comment\",\"target\":[\"https:\/\/arquivo.barreiroweb.net\/?p=8625#respond\"]}]},{\"@type\":\"WebPage\",\"@id\":\"https:\/\/arquivo.barreiroweb.net\/?p=8625\",\"url\":\"https:\/\/arquivo.barreiroweb.net\/?p=8625\",\"name\":\"O Homem da Picareta - barreiroweb\",\"isPartOf\":{\"@id\":\"https:\/\/arquivo.barreiroweb.net\/#website\"},\"primaryImageOfPage\":{\"@id\":\"https:\/\/arquivo.barreiroweb.net\/?p=8625#primaryimage\"},\"image\":{\"@id\":\"https:\/\/arquivo.barreiroweb.net\/?p=8625#primaryimage\"},\"thumbnailUrl\":\"https:\/\/arquivo.barreiroweb.net\/wp-content\/uploads\/2013\/01\/Picareta_imagempromo.jpg\",\"datePublished\":\"2013-01-10T00:14:03+00:00\",\"breadcrumb\":{\"@id\":\"https:\/\/arquivo.barreiroweb.net\/?p=8625#breadcrumb\"},\"inLanguage\":\"pt-PT\",\"potentialAction\":[{\"@type\":\"ReadAction\",\"target\":[\"https:\/\/arquivo.barreiroweb.net\/?p=8625\"]}]},{\"@type\":\"ImageObject\",\"inLanguage\":\"pt-PT\",\"@id\":\"https:\/\/arquivo.barreiroweb.net\/?p=8625#primaryimage\",\"url\":\"https:\/\/arquivo.barreiroweb.net\/wp-content\/uploads\/2013\/01\/Picareta_imagempromo.jpg\",\"contentUrl\":\"https:\/\/arquivo.barreiroweb.net\/wp-content\/uploads\/2013\/01\/Picareta_imagempromo.jpg\",\"width\":222,\"height\":314},{\"@type\":\"BreadcrumbList\",\"@id\":\"https:\/\/arquivo.barreiroweb.net\/?p=8625#breadcrumb\",\"itemListElement\":[{\"@type\":\"ListItem\",\"position\":1,\"name\":\"In\u00edcio\",\"item\":\"https:\/\/arquivo.barreiroweb.net\/\"},{\"@type\":\"ListItem\",\"position\":2,\"name\":\"O Homem da Picareta\"}]},{\"@type\":\"WebSite\",\"@id\":\"https:\/\/arquivo.barreiroweb.net\/#website\",\"url\":\"https:\/\/arquivo.barreiroweb.net\/\",\"name\":\"barreiroweb\",\"description\":\"Barreiroweb o barreiro na web\",\"publisher\":{\"@id\":\"https:\/\/arquivo.barreiroweb.net\/#organization\"},\"potentialAction\":[{\"@type\":\"SearchAction\",\"target\":{\"@type\":\"EntryPoint\",\"urlTemplate\":\"https:\/\/arquivo.barreiroweb.net\/?s={search_term_string}\"},\"query-input\":{\"@type\":\"PropertyValueSpecification\",\"valueRequired\":true,\"valueName\":\"search_term_string\"}}],\"inLanguage\":\"pt-PT\"},{\"@type\":\"Organization\",\"@id\":\"https:\/\/arquivo.barreiroweb.net\/#organization\",\"name\":\"barreiroweb\",\"url\":\"https:\/\/arquivo.barreiroweb.net\/\",\"logo\":{\"@type\":\"ImageObject\",\"inLanguage\":\"pt-PT\",\"@id\":\"https:\/\/arquivo.barreiroweb.net\/#\/schema\/logo\/image\/\",\"url\":\"https:\/\/barreiroweb.net\/wp-content\/uploads\/2022\/05\/BarreiroWeb555.jpg\",\"contentUrl\":\"https:\/\/barreiroweb.net\/wp-content\/uploads\/2022\/05\/BarreiroWeb555.jpg\",\"width\":421,\"height\":415,\"caption\":\"barreiroweb\"},\"image\":{\"@id\":\"https:\/\/arquivo.barreiroweb.net\/#\/schema\/logo\/image\/\"},\"sameAs\":[\"https:\/\/www.facebook.com\/barreiroweb\",\"https:\/\/x.com\/barreiroweb\"]},{\"@type\":\"Person\",\"@id\":\"https:\/\/arquivo.barreiroweb.net\/#\/schema\/person\/44b6d528aff975e3786c9f475f9df2dd\",\"name\":\"barreiroweb\",\"image\":{\"@type\":\"ImageObject\",\"inLanguage\":\"pt-PT\",\"@id\":\"https:\/\/arquivo.barreiroweb.net\/#\/schema\/person\/image\/\",\"url\":\"https:\/\/secure.gravatar.com\/avatar\/1f764b917967430404ff0b452044eb63a25d64a5363b25be2aa42273930f477d?s=96&d=mm&r=g\",\"contentUrl\":\"https:\/\/secure.gravatar.com\/avatar\/1f764b917967430404ff0b452044eb63a25d64a5363b25be2aa42273930f477d?s=96&d=mm&r=g\",\"caption\":\"barreiroweb\"},\"url\":\"https:\/\/arquivo.barreiroweb.net\/?author=1\"}]}<\/script>\n<!-- \/ Yoast SEO plugin. -->","yoast_head_json":{"title":"O Homem da Picareta - barreiroweb","robots":{"index":"index","follow":"follow","max-snippet":"max-snippet:-1","max-image-preview":"max-image-preview:large","max-video-preview":"max-video-preview:-1"},"canonical":"https:\/\/arquivo.barreiroweb.net\/?p=8625","og_locale":"pt_PT","og_type":"article","og_title":"O Homem da Picareta - barreiroweb","og_description":"Estreia dia 11 de janeiroNa pr\u00f3xima sexta-feira, dia 11 de janeiro, a ArteViva Companhia de Teatro do Barrei\u00adro estreia a pe\u00e7a O Homem da Picareta, de Miguel Castro Caldas, com encena\u00e7\u00e3o de Carina Silva. O espet\u00e1culo estar\u00e1 em cena at\u00e9 2 de mar\u00e7o, no Teatro Municipal do Barreiro, sextas e s\u00e1bados, pelas 21h30. Ficha T\u00e9cnica [&hellip;]","og_url":"https:\/\/arquivo.barreiroweb.net\/?p=8625","og_site_name":"barreiroweb","article_publisher":"https:\/\/www.facebook.com\/barreiroweb","article_published_time":"2013-01-10T00:14:03+00:00","og_image":[{"width":222,"height":314,"url":"https:\/\/arquivo.barreiroweb.net\/wp-content\/uploads\/2013\/01\/Picareta_imagempromo.jpg","type":"image\/jpeg"}],"author":"barreiroweb","twitter_card":"summary_large_image","twitter_creator":"@barreiroweb","twitter_site":"@barreiroweb","twitter_misc":{"Escrito por":"barreiroweb","Tempo estimado de leitura":"1 minuto"},"schema":{"@context":"https:\/\/schema.org","@graph":[{"@type":"Article","@id":"https:\/\/arquivo.barreiroweb.net\/?p=8625#article","isPartOf":{"@id":"https:\/\/arquivo.barreiroweb.net\/?p=8625"},"author":{"name":"barreiroweb","@id":"https:\/\/arquivo.barreiroweb.net\/#\/schema\/person\/44b6d528aff975e3786c9f475f9df2dd"},"headline":"O Homem da Picareta","datePublished":"2013-01-10T00:14:03+00:00","mainEntityOfPage":{"@id":"https:\/\/arquivo.barreiroweb.net\/?p=8625"},"wordCount":222,"commentCount":0,"publisher":{"@id":"https:\/\/arquivo.barreiroweb.net\/#organization"},"image":{"@id":"https:\/\/arquivo.barreiroweb.net\/?p=8625#primaryimage"},"thumbnailUrl":"https:\/\/arquivo.barreiroweb.net\/wp-content\/uploads\/2013\/01\/Picareta_imagempromo.jpg","keywords":["barreiro","teatro"],"articleSection":["Destaque","Teatro"],"inLanguage":"pt-PT","potentialAction":[{"@type":"CommentAction","name":"Comment","target":["https:\/\/arquivo.barreiroweb.net\/?p=8625#respond"]}]},{"@type":"WebPage","@id":"https:\/\/arquivo.barreiroweb.net\/?p=8625","url":"https:\/\/arquivo.barreiroweb.net\/?p=8625","name":"O Homem da Picareta - barreiroweb","isPartOf":{"@id":"https:\/\/arquivo.barreiroweb.net\/#website"},"primaryImageOfPage":{"@id":"https:\/\/arquivo.barreiroweb.net\/?p=8625#primaryimage"},"image":{"@id":"https:\/\/arquivo.barreiroweb.net\/?p=8625#primaryimage"},"thumbnailUrl":"https:\/\/arquivo.barreiroweb.net\/wp-content\/uploads\/2013\/01\/Picareta_imagempromo.jpg","datePublished":"2013-01-10T00:14:03+00:00","breadcrumb":{"@id":"https:\/\/arquivo.barreiroweb.net\/?p=8625#breadcrumb"},"inLanguage":"pt-PT","potentialAction":[{"@type":"ReadAction","target":["https:\/\/arquivo.barreiroweb.net\/?p=8625"]}]},{"@type":"ImageObject","inLanguage":"pt-PT","@id":"https:\/\/arquivo.barreiroweb.net\/?p=8625#primaryimage","url":"https:\/\/arquivo.barreiroweb.net\/wp-content\/uploads\/2013\/01\/Picareta_imagempromo.jpg","contentUrl":"https:\/\/arquivo.barreiroweb.net\/wp-content\/uploads\/2013\/01\/Picareta_imagempromo.jpg","width":222,"height":314},{"@type":"BreadcrumbList","@id":"https:\/\/arquivo.barreiroweb.net\/?p=8625#breadcrumb","itemListElement":[{"@type":"ListItem","position":1,"name":"In\u00edcio","item":"https:\/\/arquivo.barreiroweb.net\/"},{"@type":"ListItem","position":2,"name":"O Homem da Picareta"}]},{"@type":"WebSite","@id":"https:\/\/arquivo.barreiroweb.net\/#website","url":"https:\/\/arquivo.barreiroweb.net\/","name":"barreiroweb","description":"Barreiroweb o barreiro na web","publisher":{"@id":"https:\/\/arquivo.barreiroweb.net\/#organization"},"potentialAction":[{"@type":"SearchAction","target":{"@type":"EntryPoint","urlTemplate":"https:\/\/arquivo.barreiroweb.net\/?s={search_term_string}"},"query-input":{"@type":"PropertyValueSpecification","valueRequired":true,"valueName":"search_term_string"}}],"inLanguage":"pt-PT"},{"@type":"Organization","@id":"https:\/\/arquivo.barreiroweb.net\/#organization","name":"barreiroweb","url":"https:\/\/arquivo.barreiroweb.net\/","logo":{"@type":"ImageObject","inLanguage":"pt-PT","@id":"https:\/\/arquivo.barreiroweb.net\/#\/schema\/logo\/image\/","url":"https:\/\/barreiroweb.net\/wp-content\/uploads\/2022\/05\/BarreiroWeb555.jpg","contentUrl":"https:\/\/barreiroweb.net\/wp-content\/uploads\/2022\/05\/BarreiroWeb555.jpg","width":421,"height":415,"caption":"barreiroweb"},"image":{"@id":"https:\/\/arquivo.barreiroweb.net\/#\/schema\/logo\/image\/"},"sameAs":["https:\/\/www.facebook.com\/barreiroweb","https:\/\/x.com\/barreiroweb"]},{"@type":"Person","@id":"https:\/\/arquivo.barreiroweb.net\/#\/schema\/person\/44b6d528aff975e3786c9f475f9df2dd","name":"barreiroweb","image":{"@type":"ImageObject","inLanguage":"pt-PT","@id":"https:\/\/arquivo.barreiroweb.net\/#\/schema\/person\/image\/","url":"https:\/\/secure.gravatar.com\/avatar\/1f764b917967430404ff0b452044eb63a25d64a5363b25be2aa42273930f477d?s=96&d=mm&r=g","contentUrl":"https:\/\/secure.gravatar.com\/avatar\/1f764b917967430404ff0b452044eb63a25d64a5363b25be2aa42273930f477d?s=96&d=mm&r=g","caption":"barreiroweb"},"url":"https:\/\/arquivo.barreiroweb.net\/?author=1"}]}},"_links":{"self":[{"href":"https:\/\/arquivo.barreiroweb.net\/index.php?rest_route=\/wp\/v2\/posts\/8625","targetHints":{"allow":["GET"]}}],"collection":[{"href":"https:\/\/arquivo.barreiroweb.net\/index.php?rest_route=\/wp\/v2\/posts"}],"about":[{"href":"https:\/\/arquivo.barreiroweb.net\/index.php?rest_route=\/wp\/v2\/types\/post"}],"author":[{"embeddable":true,"href":"https:\/\/arquivo.barreiroweb.net\/index.php?rest_route=\/wp\/v2\/users\/1"}],"replies":[{"embeddable":true,"href":"https:\/\/arquivo.barreiroweb.net\/index.php?rest_route=%2Fwp%2Fv2%2Fcomments&post=8625"}],"version-history":[{"count":1,"href":"https:\/\/arquivo.barreiroweb.net\/index.php?rest_route=\/wp\/v2\/posts\/8625\/revisions"}],"predecessor-version":[{"id":8627,"href":"https:\/\/arquivo.barreiroweb.net\/index.php?rest_route=\/wp\/v2\/posts\/8625\/revisions\/8627"}],"wp:featuredmedia":[{"embeddable":true,"href":"https:\/\/arquivo.barreiroweb.net\/index.php?rest_route=\/wp\/v2\/media\/8626"}],"wp:attachment":[{"href":"https:\/\/arquivo.barreiroweb.net\/index.php?rest_route=%2Fwp%2Fv2%2Fmedia&parent=8625"}],"wp:term":[{"taxonomy":"category","embeddable":true,"href":"https:\/\/arquivo.barreiroweb.net\/index.php?rest_route=%2Fwp%2Fv2%2Fcategories&post=8625"},{"taxonomy":"post_tag","embeddable":true,"href":"https:\/\/arquivo.barreiroweb.net\/index.php?rest_route=%2Fwp%2Fv2%2Ftags&post=8625"}],"curies":[{"name":"wp","href":"https:\/\/api.w.org\/{rel}","templated":true}]}}