{"id":8469,"date":"2012-12-17T17:37:13","date_gmt":"2012-12-17T17:37:13","guid":{"rendered":"http:\/\/barreiroweb.eu\/?p=8469"},"modified":"2012-12-17T17:37:13","modified_gmt":"2012-12-17T17:37:13","slug":"programa-vivencias-camara-da-moita-promove-festa-de-natal-para-idosos","status":"publish","type":"post","link":"https:\/\/arquivo.barreiroweb.net\/?p=8469","title":{"rendered":"Programa Viv\u00eancias: C\u00e2mara da Moita promove Festa de Natal para idosos"},"content":{"rendered":"<p style=\"text-align: justify;\"><a href=\"http:\/\/barreiroweb.eu\/wp-content\/uploads\/2012\/12\/F\u00f3rum-Cultural.jpg\" rel=\"lightbox[8469]\"><img loading=\"lazy\" decoding=\"async\" class=\"alignleft size-thumbnail wp-image-8470\" alt=\"F\u00f3rum Cultural\" src=\"http:\/\/barreiroweb.eu\/wp-content\/uploads\/2012\/12\/F\u00f3rum-Cultural-150x150.jpg\" width=\"150\" height=\"150\" srcset=\"https:\/\/arquivo.barreiroweb.net\/wp-content\/uploads\/2012\/12\/F\u00f3rum-Cultural-150x150.jpg 150w, https:\/\/arquivo.barreiroweb.net\/wp-content\/uploads\/2012\/12\/F\u00f3rum-Cultural-50x50.jpg 50w, https:\/\/arquivo.barreiroweb.net\/wp-content\/uploads\/2012\/12\/F\u00f3rum-Cultural-70x70.jpg 70w, https:\/\/arquivo.barreiroweb.net\/wp-content\/uploads\/2012\/12\/F\u00f3rum-Cultural-55x55.jpg 55w, https:\/\/arquivo.barreiroweb.net\/wp-content\/uploads\/2012\/12\/F\u00f3rum-Cultural.jpg 235w\" sizes=\"auto, (max-width: 150px) 100vw, 150px\" \/><\/a>No dia <b>19 de dezembro<\/b>, a partir das <b>14:30h<\/b>, o F\u00f3rum Cultural Jos\u00e9 Manuel Figueiredo, na Baixa da Banheira, recebe a j\u00e1 habitual Festa de Natal especialmente dedicada aos idosos do concelho. A Festa de Natal do Programa \u201cViv\u00eancias\u201d, organizada pela C\u00e2mara Municipal da Moita, vai ser animada pelo espet\u00e1culo \u201cMadorna&#8221; e \u00e9 dirigida \u00e0s associa\u00e7\u00f5es de reformados e idosos do concelho.<\/p>\n<p style=\"text-align: justify;\">De salientar que o Programa \u201cViv\u00eancias\u201d tem, ao longo dos anos, procurado ir ao encontro das expetativas e necessidades dos mun\u00edcipes mais idosos do concelho, tentando promover o seu bem-estar e proporcionando-lhes agrad\u00e1veis momentos de conv\u00edvio, lazer e cultura.<\/p>\n<p style=\"text-align: justify;\">Para mais informa\u00e7\u00f5es, contacte a Divis\u00e3o de Assuntos Sociais da C\u00e2mara Municipal da Moita, atrav\u00e9s do telefone 210891000.<\/p>\n<p style=\"text-align: justify;\"><b>Festa de Natal do Programa \u201cViv\u00eancias\u201d<\/b><\/p>\n<p style=\"text-align: justify;\">14:15h Rece\u00e7\u00e3o dos convidados<\/p>\n<p style=\"text-align: justify;\">15:00h Boas vindas (por um eleito da CMM)<\/p>\n<p style=\"text-align: justify;\">15:10h In\u00edcio do espet\u00e1culo &#8220;Madorna&#8221;<\/p>\n<p style=\"text-align: justify;\"><b>Sinopse do espet\u00e1culo:<\/b> Contos tradicionais por um contador de est\u00f3rias do Ribatejo. O Tejo, a lez\u00edria, os campinos, os jornaleiros, as cheias, &#8220;a moda dos 5 amores&#8221; e as viv\u00eancias do povo antigo do Ribatejo. Os sabores tradicionais com a confe\u00e7\u00e3o do torricado, o fandango dan\u00e7ado e a sua origem. Diversos temas e hist\u00f3rias que se v\u00e3o entrela\u00e7ando com m\u00fasica ao som da concertina e do acorde\u00e3o e onde um par de quatro vai dan\u00e7ando as modas do tempo dos nossos av\u00f4s. Um espet\u00e1culo de sabedoria antiga, inovador, raro e diferente. S\u00f3 com o contador de est\u00f3rias ou com elementos de um grupo de folclore, seja voc\u00ea a montar o seu espet\u00e1culo.<\/p>\n<p style=\"text-align: justify;\">Um momento diferente de recrea\u00e7\u00e3o etno-tradicional.<\/p>\n<p style=\"text-align: justify;\">C\u00e2mara Municipal da Moita<\/p>\n","protected":false},"excerpt":{"rendered":"<p>No dia 19 de dezembro, a partir das 14:30h, o F\u00f3rum Cultural Jos\u00e9 Manuel Figueiredo, na Baixa da Banheira, recebe a j\u00e1 habitual Festa de Natal especialmente dedicada aos idosos do concelho. A Festa de Natal do Programa \u201cViv\u00eancias\u201d, organizada pela C\u00e2mara Municipal da Moita, vai ser animada pelo espet\u00e1culo \u201cMadorna&#8221; e \u00e9 dirigida \u00e0s [&hellip;]<\/p>\n","protected":false},"author":1,"featured_media":8470,"comment_status":"open","ping_status":"open","sticky":false,"template":"","format":"standard","meta":{"footnotes":""},"categories":[32,3],"tags":[37],"class_list":["post-8469","post","type-post","status-publish","format-standard","has-post-thumbnail","hentry","category-destaque","category-eventos","tag-moita","last_archivepost"],"yoast_head":"<!-- This site is optimized with the Yoast SEO plugin v27.1.1 - https:\/\/yoast.com\/product\/yoast-seo-wordpress\/ -->\n<title>Programa Viv\u00eancias: C\u00e2mara da Moita promove Festa de Natal para idosos - barreiroweb<\/title>\n<meta name=\"robots\" content=\"index, follow, max-snippet:-1, max-image-preview:large, max-video-preview:-1\" \/>\n<link rel=\"canonical\" href=\"https:\/\/arquivo.barreiroweb.net\/?p=8469\" \/>\n<meta property=\"og:locale\" content=\"pt_PT\" \/>\n<meta property=\"og:type\" content=\"article\" \/>\n<meta property=\"og:title\" content=\"Programa Viv\u00eancias: C\u00e2mara da Moita promove Festa de Natal para idosos - barreiroweb\" \/>\n<meta property=\"og:description\" content=\"No dia 19 de dezembro, a partir das 14:30h, o F\u00f3rum Cultural Jos\u00e9 Manuel Figueiredo, na Baixa da Banheira, recebe a j\u00e1 habitual Festa de Natal especialmente dedicada aos idosos do concelho. A Festa de Natal do Programa \u201cViv\u00eancias\u201d, organizada pela C\u00e2mara Municipal da Moita, vai ser animada pelo espet\u00e1culo \u201cMadorna&#8221; e \u00e9 dirigida \u00e0s [&hellip;]\" \/>\n<meta property=\"og:url\" content=\"https:\/\/arquivo.barreiroweb.net\/?p=8469\" \/>\n<meta property=\"og:site_name\" content=\"barreiroweb\" \/>\n<meta property=\"article:publisher\" content=\"https:\/\/www.facebook.com\/barreiroweb\" \/>\n<meta property=\"article:published_time\" content=\"2012-12-17T17:37:13+00:00\" \/>\n<meta property=\"og:image\" content=\"https:\/\/arquivo.barreiroweb.net\/wp-content\/uploads\/2012\/12\/F\u00f3rum-Cultural.jpg\" \/>\n\t<meta property=\"og:image:width\" content=\"235\" \/>\n\t<meta property=\"og:image:height\" content=\"235\" \/>\n\t<meta property=\"og:image:type\" content=\"image\/jpeg\" \/>\n<meta name=\"author\" content=\"barreiroweb\" \/>\n<meta name=\"twitter:card\" content=\"summary_large_image\" \/>\n<meta name=\"twitter:creator\" content=\"@barreiroweb\" \/>\n<meta name=\"twitter:site\" content=\"@barreiroweb\" \/>\n<meta name=\"twitter:label1\" content=\"Escrito por\" \/>\n\t<meta name=\"twitter:data1\" content=\"barreiroweb\" \/>\n\t<meta name=\"twitter:label2\" content=\"Tempo estimado de leitura\" \/>\n\t<meta name=\"twitter:data2\" content=\"1 minuto\" \/>\n<script type=\"application\/ld+json\" class=\"yoast-schema-graph\">{\"@context\":\"https:\/\/schema.org\",\"@graph\":[{\"@type\":\"Article\",\"@id\":\"https:\/\/arquivo.barreiroweb.net\/?p=8469#article\",\"isPartOf\":{\"@id\":\"https:\/\/arquivo.barreiroweb.net\/?p=8469\"},\"author\":{\"name\":\"barreiroweb\",\"@id\":\"https:\/\/arquivo.barreiroweb.net\/#\/schema\/person\/44b6d528aff975e3786c9f475f9df2dd\"},\"headline\":\"Programa Viv\u00eancias: C\u00e2mara da Moita promove Festa de Natal para idosos\",\"datePublished\":\"2012-12-17T17:37:13+00:00\",\"mainEntityOfPage\":{\"@id\":\"https:\/\/arquivo.barreiroweb.net\/?p=8469\"},\"wordCount\":308,\"commentCount\":0,\"publisher\":{\"@id\":\"https:\/\/arquivo.barreiroweb.net\/#organization\"},\"image\":{\"@id\":\"https:\/\/arquivo.barreiroweb.net\/?p=8469#primaryimage\"},\"thumbnailUrl\":\"https:\/\/arquivo.barreiroweb.net\/wp-content\/uploads\/2012\/12\/F\u00f3rum-Cultural.jpg\",\"keywords\":[\"moita\"],\"articleSection\":[\"Destaque\",\"Eventos\"],\"inLanguage\":\"pt-PT\",\"potentialAction\":[{\"@type\":\"CommentAction\",\"name\":\"Comment\",\"target\":[\"https:\/\/arquivo.barreiroweb.net\/?p=8469#respond\"]}]},{\"@type\":\"WebPage\",\"@id\":\"https:\/\/arquivo.barreiroweb.net\/?p=8469\",\"url\":\"https:\/\/arquivo.barreiroweb.net\/?p=8469\",\"name\":\"Programa Viv\u00eancias: C\u00e2mara da Moita promove Festa de Natal para idosos - barreiroweb\",\"isPartOf\":{\"@id\":\"https:\/\/arquivo.barreiroweb.net\/#website\"},\"primaryImageOfPage\":{\"@id\":\"https:\/\/arquivo.barreiroweb.net\/?p=8469#primaryimage\"},\"image\":{\"@id\":\"https:\/\/arquivo.barreiroweb.net\/?p=8469#primaryimage\"},\"thumbnailUrl\":\"https:\/\/arquivo.barreiroweb.net\/wp-content\/uploads\/2012\/12\/F\u00f3rum-Cultural.jpg\",\"datePublished\":\"2012-12-17T17:37:13+00:00\",\"breadcrumb\":{\"@id\":\"https:\/\/arquivo.barreiroweb.net\/?p=8469#breadcrumb\"},\"inLanguage\":\"pt-PT\",\"potentialAction\":[{\"@type\":\"ReadAction\",\"target\":[\"https:\/\/arquivo.barreiroweb.net\/?p=8469\"]}]},{\"@type\":\"ImageObject\",\"inLanguage\":\"pt-PT\",\"@id\":\"https:\/\/arquivo.barreiroweb.net\/?p=8469#primaryimage\",\"url\":\"https:\/\/arquivo.barreiroweb.net\/wp-content\/uploads\/2012\/12\/F\u00f3rum-Cultural.jpg\",\"contentUrl\":\"https:\/\/arquivo.barreiroweb.net\/wp-content\/uploads\/2012\/12\/F\u00f3rum-Cultural.jpg\",\"width\":235,\"height\":235},{\"@type\":\"BreadcrumbList\",\"@id\":\"https:\/\/arquivo.barreiroweb.net\/?p=8469#breadcrumb\",\"itemListElement\":[{\"@type\":\"ListItem\",\"position\":1,\"name\":\"In\u00edcio\",\"item\":\"https:\/\/arquivo.barreiroweb.net\/\"},{\"@type\":\"ListItem\",\"position\":2,\"name\":\"Programa Viv\u00eancias: C\u00e2mara da Moita promove Festa de Natal para idosos\"}]},{\"@type\":\"WebSite\",\"@id\":\"https:\/\/arquivo.barreiroweb.net\/#website\",\"url\":\"https:\/\/arquivo.barreiroweb.net\/\",\"name\":\"barreiroweb\",\"description\":\"Barreiroweb o barreiro na web\",\"publisher\":{\"@id\":\"https:\/\/arquivo.barreiroweb.net\/#organization\"},\"potentialAction\":[{\"@type\":\"SearchAction\",\"target\":{\"@type\":\"EntryPoint\",\"urlTemplate\":\"https:\/\/arquivo.barreiroweb.net\/?s={search_term_string}\"},\"query-input\":{\"@type\":\"PropertyValueSpecification\",\"valueRequired\":true,\"valueName\":\"search_term_string\"}}],\"inLanguage\":\"pt-PT\"},{\"@type\":\"Organization\",\"@id\":\"https:\/\/arquivo.barreiroweb.net\/#organization\",\"name\":\"barreiroweb\",\"url\":\"https:\/\/arquivo.barreiroweb.net\/\",\"logo\":{\"@type\":\"ImageObject\",\"inLanguage\":\"pt-PT\",\"@id\":\"https:\/\/arquivo.barreiroweb.net\/#\/schema\/logo\/image\/\",\"url\":\"https:\/\/barreiroweb.net\/wp-content\/uploads\/2022\/05\/BarreiroWeb555.jpg\",\"contentUrl\":\"https:\/\/barreiroweb.net\/wp-content\/uploads\/2022\/05\/BarreiroWeb555.jpg\",\"width\":421,\"height\":415,\"caption\":\"barreiroweb\"},\"image\":{\"@id\":\"https:\/\/arquivo.barreiroweb.net\/#\/schema\/logo\/image\/\"},\"sameAs\":[\"https:\/\/www.facebook.com\/barreiroweb\",\"https:\/\/x.com\/barreiroweb\"]},{\"@type\":\"Person\",\"@id\":\"https:\/\/arquivo.barreiroweb.net\/#\/schema\/person\/44b6d528aff975e3786c9f475f9df2dd\",\"name\":\"barreiroweb\",\"image\":{\"@type\":\"ImageObject\",\"inLanguage\":\"pt-PT\",\"@id\":\"https:\/\/arquivo.barreiroweb.net\/#\/schema\/person\/image\/\",\"url\":\"https:\/\/secure.gravatar.com\/avatar\/1f764b917967430404ff0b452044eb63a25d64a5363b25be2aa42273930f477d?s=96&d=mm&r=g\",\"contentUrl\":\"https:\/\/secure.gravatar.com\/avatar\/1f764b917967430404ff0b452044eb63a25d64a5363b25be2aa42273930f477d?s=96&d=mm&r=g\",\"caption\":\"barreiroweb\"},\"url\":\"https:\/\/arquivo.barreiroweb.net\/?author=1\"}]}<\/script>\n<!-- \/ Yoast SEO plugin. -->","yoast_head_json":{"title":"Programa Viv\u00eancias: C\u00e2mara da Moita promove Festa de Natal para idosos - barreiroweb","robots":{"index":"index","follow":"follow","max-snippet":"max-snippet:-1","max-image-preview":"max-image-preview:large","max-video-preview":"max-video-preview:-1"},"canonical":"https:\/\/arquivo.barreiroweb.net\/?p=8469","og_locale":"pt_PT","og_type":"article","og_title":"Programa Viv\u00eancias: C\u00e2mara da Moita promove Festa de Natal para idosos - barreiroweb","og_description":"No dia 19 de dezembro, a partir das 14:30h, o F\u00f3rum Cultural Jos\u00e9 Manuel Figueiredo, na Baixa da Banheira, recebe a j\u00e1 habitual Festa de Natal especialmente dedicada aos idosos do concelho. A Festa de Natal do Programa \u201cViv\u00eancias\u201d, organizada pela C\u00e2mara Municipal da Moita, vai ser animada pelo espet\u00e1culo \u201cMadorna&#8221; e \u00e9 dirigida \u00e0s [&hellip;]","og_url":"https:\/\/arquivo.barreiroweb.net\/?p=8469","og_site_name":"barreiroweb","article_publisher":"https:\/\/www.facebook.com\/barreiroweb","article_published_time":"2012-12-17T17:37:13+00:00","og_image":[{"width":235,"height":235,"url":"https:\/\/arquivo.barreiroweb.net\/wp-content\/uploads\/2012\/12\/F\u00f3rum-Cultural.jpg","type":"image\/jpeg"}],"author":"barreiroweb","twitter_card":"summary_large_image","twitter_creator":"@barreiroweb","twitter_site":"@barreiroweb","twitter_misc":{"Escrito por":"barreiroweb","Tempo estimado de leitura":"1 minuto"},"schema":{"@context":"https:\/\/schema.org","@graph":[{"@type":"Article","@id":"https:\/\/arquivo.barreiroweb.net\/?p=8469#article","isPartOf":{"@id":"https:\/\/arquivo.barreiroweb.net\/?p=8469"},"author":{"name":"barreiroweb","@id":"https:\/\/arquivo.barreiroweb.net\/#\/schema\/person\/44b6d528aff975e3786c9f475f9df2dd"},"headline":"Programa Viv\u00eancias: C\u00e2mara da Moita promove Festa de Natal para idosos","datePublished":"2012-12-17T17:37:13+00:00","mainEntityOfPage":{"@id":"https:\/\/arquivo.barreiroweb.net\/?p=8469"},"wordCount":308,"commentCount":0,"publisher":{"@id":"https:\/\/arquivo.barreiroweb.net\/#organization"},"image":{"@id":"https:\/\/arquivo.barreiroweb.net\/?p=8469#primaryimage"},"thumbnailUrl":"https:\/\/arquivo.barreiroweb.net\/wp-content\/uploads\/2012\/12\/F\u00f3rum-Cultural.jpg","keywords":["moita"],"articleSection":["Destaque","Eventos"],"inLanguage":"pt-PT","potentialAction":[{"@type":"CommentAction","name":"Comment","target":["https:\/\/arquivo.barreiroweb.net\/?p=8469#respond"]}]},{"@type":"WebPage","@id":"https:\/\/arquivo.barreiroweb.net\/?p=8469","url":"https:\/\/arquivo.barreiroweb.net\/?p=8469","name":"Programa Viv\u00eancias: C\u00e2mara da Moita promove Festa de Natal para idosos - barreiroweb","isPartOf":{"@id":"https:\/\/arquivo.barreiroweb.net\/#website"},"primaryImageOfPage":{"@id":"https:\/\/arquivo.barreiroweb.net\/?p=8469#primaryimage"},"image":{"@id":"https:\/\/arquivo.barreiroweb.net\/?p=8469#primaryimage"},"thumbnailUrl":"https:\/\/arquivo.barreiroweb.net\/wp-content\/uploads\/2012\/12\/F\u00f3rum-Cultural.jpg","datePublished":"2012-12-17T17:37:13+00:00","breadcrumb":{"@id":"https:\/\/arquivo.barreiroweb.net\/?p=8469#breadcrumb"},"inLanguage":"pt-PT","potentialAction":[{"@type":"ReadAction","target":["https:\/\/arquivo.barreiroweb.net\/?p=8469"]}]},{"@type":"ImageObject","inLanguage":"pt-PT","@id":"https:\/\/arquivo.barreiroweb.net\/?p=8469#primaryimage","url":"https:\/\/arquivo.barreiroweb.net\/wp-content\/uploads\/2012\/12\/F\u00f3rum-Cultural.jpg","contentUrl":"https:\/\/arquivo.barreiroweb.net\/wp-content\/uploads\/2012\/12\/F\u00f3rum-Cultural.jpg","width":235,"height":235},{"@type":"BreadcrumbList","@id":"https:\/\/arquivo.barreiroweb.net\/?p=8469#breadcrumb","itemListElement":[{"@type":"ListItem","position":1,"name":"In\u00edcio","item":"https:\/\/arquivo.barreiroweb.net\/"},{"@type":"ListItem","position":2,"name":"Programa Viv\u00eancias: C\u00e2mara da Moita promove Festa de Natal para idosos"}]},{"@type":"WebSite","@id":"https:\/\/arquivo.barreiroweb.net\/#website","url":"https:\/\/arquivo.barreiroweb.net\/","name":"barreiroweb","description":"Barreiroweb o barreiro na web","publisher":{"@id":"https:\/\/arquivo.barreiroweb.net\/#organization"},"potentialAction":[{"@type":"SearchAction","target":{"@type":"EntryPoint","urlTemplate":"https:\/\/arquivo.barreiroweb.net\/?s={search_term_string}"},"query-input":{"@type":"PropertyValueSpecification","valueRequired":true,"valueName":"search_term_string"}}],"inLanguage":"pt-PT"},{"@type":"Organization","@id":"https:\/\/arquivo.barreiroweb.net\/#organization","name":"barreiroweb","url":"https:\/\/arquivo.barreiroweb.net\/","logo":{"@type":"ImageObject","inLanguage":"pt-PT","@id":"https:\/\/arquivo.barreiroweb.net\/#\/schema\/logo\/image\/","url":"https:\/\/barreiroweb.net\/wp-content\/uploads\/2022\/05\/BarreiroWeb555.jpg","contentUrl":"https:\/\/barreiroweb.net\/wp-content\/uploads\/2022\/05\/BarreiroWeb555.jpg","width":421,"height":415,"caption":"barreiroweb"},"image":{"@id":"https:\/\/arquivo.barreiroweb.net\/#\/schema\/logo\/image\/"},"sameAs":["https:\/\/www.facebook.com\/barreiroweb","https:\/\/x.com\/barreiroweb"]},{"@type":"Person","@id":"https:\/\/arquivo.barreiroweb.net\/#\/schema\/person\/44b6d528aff975e3786c9f475f9df2dd","name":"barreiroweb","image":{"@type":"ImageObject","inLanguage":"pt-PT","@id":"https:\/\/arquivo.barreiroweb.net\/#\/schema\/person\/image\/","url":"https:\/\/secure.gravatar.com\/avatar\/1f764b917967430404ff0b452044eb63a25d64a5363b25be2aa42273930f477d?s=96&d=mm&r=g","contentUrl":"https:\/\/secure.gravatar.com\/avatar\/1f764b917967430404ff0b452044eb63a25d64a5363b25be2aa42273930f477d?s=96&d=mm&r=g","caption":"barreiroweb"},"url":"https:\/\/arquivo.barreiroweb.net\/?author=1"}]}},"_links":{"self":[{"href":"https:\/\/arquivo.barreiroweb.net\/index.php?rest_route=\/wp\/v2\/posts\/8469","targetHints":{"allow":["GET"]}}],"collection":[{"href":"https:\/\/arquivo.barreiroweb.net\/index.php?rest_route=\/wp\/v2\/posts"}],"about":[{"href":"https:\/\/arquivo.barreiroweb.net\/index.php?rest_route=\/wp\/v2\/types\/post"}],"author":[{"embeddable":true,"href":"https:\/\/arquivo.barreiroweb.net\/index.php?rest_route=\/wp\/v2\/users\/1"}],"replies":[{"embeddable":true,"href":"https:\/\/arquivo.barreiroweb.net\/index.php?rest_route=%2Fwp%2Fv2%2Fcomments&post=8469"}],"version-history":[{"count":2,"href":"https:\/\/arquivo.barreiroweb.net\/index.php?rest_route=\/wp\/v2\/posts\/8469\/revisions"}],"predecessor-version":[{"id":8472,"href":"https:\/\/arquivo.barreiroweb.net\/index.php?rest_route=\/wp\/v2\/posts\/8469\/revisions\/8472"}],"wp:featuredmedia":[{"embeddable":true,"href":"https:\/\/arquivo.barreiroweb.net\/index.php?rest_route=\/wp\/v2\/media\/8470"}],"wp:attachment":[{"href":"https:\/\/arquivo.barreiroweb.net\/index.php?rest_route=%2Fwp%2Fv2%2Fmedia&parent=8469"}],"wp:term":[{"taxonomy":"category","embeddable":true,"href":"https:\/\/arquivo.barreiroweb.net\/index.php?rest_route=%2Fwp%2Fv2%2Fcategories&post=8469"},{"taxonomy":"post_tag","embeddable":true,"href":"https:\/\/arquivo.barreiroweb.net\/index.php?rest_route=%2Fwp%2Fv2%2Ftags&post=8469"}],"curies":[{"name":"wp","href":"https:\/\/api.w.org\/{rel}","templated":true}]}}