{"id":8385,"date":"2012-12-04T23:09:33","date_gmt":"2012-12-04T23:09:33","guid":{"rendered":"http:\/\/barreiroweb.eu\/?p=8385"},"modified":"2012-12-04T23:09:33","modified_gmt":"2012-12-04T23:09:33","slug":"tardes-de-quarta-com-o-movimento-associativo-2","status":"publish","type":"post","link":"https:\/\/arquivo.barreiroweb.net\/?p=8385","title":{"rendered":"TARDES DE QUARTA COM O MOVIMENTO ASSOCIATIVO"},"content":{"rendered":"<p style=\"text-align: left;\" align=\"center\"><strong><a href=\"http:\/\/barreiroweb.eu\/wp-content\/uploads\/2012\/12\/TardesQuartaCS.jpg\" rel=\"lightbox[8385]\"><img loading=\"lazy\" decoding=\"async\" class=\"alignleft size-thumbnail wp-image-8386\" title=\"TardesQuartaCS\" src=\"http:\/\/barreiroweb.eu\/wp-content\/uploads\/2012\/12\/TardesQuartaCS-150x150.jpg\" alt=\"\" width=\"150\" height=\"150\" srcset=\"https:\/\/arquivo.barreiroweb.net\/wp-content\/uploads\/2012\/12\/TardesQuartaCS-150x150.jpg 150w, https:\/\/arquivo.barreiroweb.net\/wp-content\/uploads\/2012\/12\/TardesQuartaCS-50x50.jpg 50w, https:\/\/arquivo.barreiroweb.net\/wp-content\/uploads\/2012\/12\/TardesQuartaCS-70x70.jpg 70w, https:\/\/arquivo.barreiroweb.net\/wp-content\/uploads\/2012\/12\/TardesQuartaCS-55x55.jpg 55w\" sizes=\"auto, (max-width: 150px) 100vw, 150px\" \/><\/a>II Ciclo de A\u00e7\u00f5es de Forma\u00e7\u00e3o chega ao fim<\/strong><\/p>\n<p style=\"text-align: justify;\">Pelo segundo ano consecutivo, a C\u00e2mara Municipal do Barreiro (CMB) voltou a dinamizar as \u201cTardes de Quarta com o Movimento Associativo. Nesta segunda edi\u00e7\u00e3o, os dirigentes associativos receberam forma\u00e7\u00e3o, por parte dos t\u00e9cnicos da Autarquia, por forma a potenciarem as suas atividades e melhorarem a oferta \u00e0 popula\u00e7\u00e3o. A 29 de novembro, a tem\u00e1tica \u201cInforma\u00e7\u00e3o e Divulga\u00e7\u00e3o de eventos\u201d encerrou este ciclo de sess\u00f5es.<\/p>\n<p style=\"text-align: justify;\">O Futebol Clube da Quinta da Lomba serviu, ontem, de palco \u00e0 realiza\u00e7\u00e3o da \u00faltima \u2018Tarde de Quarta\u2019 de 2012. Rog\u00e9lia Costa, Diretora do Departamento de Inova\u00e7\u00e3o e Comunica\u00e7\u00e3o (DIC) da CMB apresentou, sumariamente, algumas ideias-chave em torno dos conceitos \u00abInforma\u00e7\u00e3o\u00bb e \u00abDivulga\u00e7\u00e3o de Eventos\u00bb e foi interagindo com os presentes de forma a aferir o seu grau de conhecimento sobre a mat\u00e9ria.<\/p>\n<p style=\"text-align: justify;\">Ao longo de uma sess\u00e3o bastante participada, elementos da coletividade anfitri\u00e3, o Futebol Clube da Quinta da Lomba, a par dos representantes da ACCB &#8211; Associa\u00e7\u00e3o de Coletividades do Concelho do Barreiro, do N\u00facleo Cultural Esp\u00edrita Luz e Caridade do Barreiro e do Grupo de Chinquilho Moderno &#8211; Primeiro de Janeiro Barreirense, foram contribuindo com os seus saberes e com as suas d\u00favidas, numa partilha de reflex\u00e3o conjunta, para que daqui resultasse, como disse Rog\u00e9lia Costa \u201cuma melhoria no vosso trabalho, nesta \u00e1rea da Comunica\u00e7\u00e3o\u201d.<\/p>\n<p style=\"text-align: justify;\">Ideias como \u201c<em>comunicar assertivamente, tendo em conta a iniciativa e a quem ela se destina<\/em>\u201d foram lan\u00e7adas para cima da mesa e apreendidas pelos dirigentes associativos que n\u00e3o hesitaram em concordar que, para uma melhor divulga\u00e7\u00e3o de um evento, torna-se especialmente importante <em>\u201cconhecer o nosso p\u00fablico-alvo\u201d<\/em> para em seguida definirmos uma \u201c<em>estrat\u00e9gia de comunica\u00e7\u00e3o<\/em>\u201d.<\/p>\n<p style=\"text-align: justify;\">Os meios de divulga\u00e7\u00e3o existentes no seio de uma coletividade ou associa\u00e7\u00e3o e o incentivo a novos e eficazes recursos online foram assuntos, igualmente, abordados pela Diretora do DIC. Rog\u00e9lia Costa referiu, ainda, a t\u00edtulo de exemplo, a anteced\u00eancia necess\u00e1ria para uma eficiente divulga\u00e7\u00e3o de iniciativas que necessitem de inscri\u00e7\u00f5es e outras que n\u00e3o necessitem e, deu v\u00e1rios exemplos de casos em que, o recurso a Confer\u00eancias de Imprensa s\u00e3o aconselhados.<\/p>\n<p style=\"text-align: justify;\">Esta a\u00e7\u00e3o culminou com a proposta de um exerc\u00edcio pr\u00e1tico, onde os dirigentes associativos revelaram ter apreendido corretamente os elementos que s\u00e3o fundamentais\/essenciais na constru\u00e7\u00e3o de qualquer texto jornal\u00edstico.<\/p>\n<p style=\"text-align: justify;\"><strong>CMB 2012-11-30<\/strong><\/p>\n","protected":false},"excerpt":{"rendered":"<p>II Ciclo de A\u00e7\u00f5es de Forma\u00e7\u00e3o chega ao fim Pelo segundo ano consecutivo, a C\u00e2mara Municipal do Barreiro (CMB) voltou a dinamizar as \u201cTardes de Quarta com o Movimento Associativo. Nesta segunda edi\u00e7\u00e3o, os dirigentes associativos receberam forma\u00e7\u00e3o, por parte dos t\u00e9cnicos da Autarquia, por forma a potenciarem as suas atividades e melhorarem a oferta [&hellip;]<\/p>\n","protected":false},"author":1,"featured_media":8386,"comment_status":"open","ping_status":"open","sticky":false,"template":"","format":"standard","meta":{"footnotes":""},"categories":[16,32],"tags":[165,41],"class_list":["post-8385","post","type-post","status-publish","format-standard","has-post-thumbnail","hentry","category-associativismo","category-destaque","tag-associativismo-2","tag-barreiro","last_archivepost"],"yoast_head":"<!-- This site is optimized with the Yoast SEO plugin v27.1.1 - https:\/\/yoast.com\/product\/yoast-seo-wordpress\/ -->\n<title>TARDES DE QUARTA COM O MOVIMENTO ASSOCIATIVO - barreiroweb<\/title>\n<meta name=\"robots\" content=\"index, follow, max-snippet:-1, max-image-preview:large, max-video-preview:-1\" \/>\n<link rel=\"canonical\" href=\"https:\/\/arquivo.barreiroweb.net\/?p=8385\" \/>\n<meta property=\"og:locale\" content=\"pt_PT\" \/>\n<meta property=\"og:type\" content=\"article\" \/>\n<meta property=\"og:title\" content=\"TARDES DE QUARTA COM O MOVIMENTO ASSOCIATIVO - barreiroweb\" \/>\n<meta property=\"og:description\" content=\"II Ciclo de A\u00e7\u00f5es de Forma\u00e7\u00e3o chega ao fim Pelo segundo ano consecutivo, a C\u00e2mara Municipal do Barreiro (CMB) voltou a dinamizar as \u201cTardes de Quarta com o Movimento Associativo. Nesta segunda edi\u00e7\u00e3o, os dirigentes associativos receberam forma\u00e7\u00e3o, por parte dos t\u00e9cnicos da Autarquia, por forma a potenciarem as suas atividades e melhorarem a oferta [&hellip;]\" \/>\n<meta property=\"og:url\" content=\"https:\/\/arquivo.barreiroweb.net\/?p=8385\" \/>\n<meta property=\"og:site_name\" content=\"barreiroweb\" \/>\n<meta property=\"article:publisher\" content=\"https:\/\/www.facebook.com\/barreiroweb\" \/>\n<meta property=\"article:published_time\" content=\"2012-12-04T23:09:33+00:00\" \/>\n<meta property=\"og:image\" content=\"https:\/\/arquivo.barreiroweb.net\/wp-content\/uploads\/2012\/12\/TardesQuartaCS.jpg\" \/>\n\t<meta property=\"og:image:width\" content=\"314\" \/>\n\t<meta property=\"og:image:height\" content=\"221\" \/>\n\t<meta property=\"og:image:type\" content=\"image\/jpeg\" \/>\n<meta name=\"author\" content=\"barreiroweb\" \/>\n<meta name=\"twitter:card\" content=\"summary_large_image\" \/>\n<meta name=\"twitter:creator\" content=\"@barreiroweb\" \/>\n<meta name=\"twitter:site\" content=\"@barreiroweb\" \/>\n<meta name=\"twitter:label1\" content=\"Escrito por\" \/>\n\t<meta name=\"twitter:data1\" content=\"barreiroweb\" \/>\n\t<meta name=\"twitter:label2\" content=\"Tempo estimado de leitura\" \/>\n\t<meta name=\"twitter:data2\" content=\"2 minutos\" \/>\n<script type=\"application\/ld+json\" class=\"yoast-schema-graph\">{\"@context\":\"https:\/\/schema.org\",\"@graph\":[{\"@type\":\"Article\",\"@id\":\"https:\/\/arquivo.barreiroweb.net\/?p=8385#article\",\"isPartOf\":{\"@id\":\"https:\/\/arquivo.barreiroweb.net\/?p=8385\"},\"author\":{\"name\":\"barreiroweb\",\"@id\":\"https:\/\/arquivo.barreiroweb.net\/#\/schema\/person\/44b6d528aff975e3786c9f475f9df2dd\"},\"headline\":\"TARDES DE QUARTA COM O MOVIMENTO ASSOCIATIVO\",\"datePublished\":\"2012-12-04T23:09:33+00:00\",\"mainEntityOfPage\":{\"@id\":\"https:\/\/arquivo.barreiroweb.net\/?p=8385\"},\"wordCount\":432,\"commentCount\":1,\"publisher\":{\"@id\":\"https:\/\/arquivo.barreiroweb.net\/#organization\"},\"image\":{\"@id\":\"https:\/\/arquivo.barreiroweb.net\/?p=8385#primaryimage\"},\"thumbnailUrl\":\"https:\/\/arquivo.barreiroweb.net\/wp-content\/uploads\/2012\/12\/TardesQuartaCS.jpg\",\"keywords\":[\"associativismo\",\"barreiro\"],\"articleSection\":[\"Associativismo\",\"Destaque\"],\"inLanguage\":\"pt-PT\",\"potentialAction\":[{\"@type\":\"CommentAction\",\"name\":\"Comment\",\"target\":[\"https:\/\/arquivo.barreiroweb.net\/?p=8385#respond\"]}]},{\"@type\":\"WebPage\",\"@id\":\"https:\/\/arquivo.barreiroweb.net\/?p=8385\",\"url\":\"https:\/\/arquivo.barreiroweb.net\/?p=8385\",\"name\":\"TARDES DE QUARTA COM O MOVIMENTO ASSOCIATIVO - barreiroweb\",\"isPartOf\":{\"@id\":\"https:\/\/arquivo.barreiroweb.net\/#website\"},\"primaryImageOfPage\":{\"@id\":\"https:\/\/arquivo.barreiroweb.net\/?p=8385#primaryimage\"},\"image\":{\"@id\":\"https:\/\/arquivo.barreiroweb.net\/?p=8385#primaryimage\"},\"thumbnailUrl\":\"https:\/\/arquivo.barreiroweb.net\/wp-content\/uploads\/2012\/12\/TardesQuartaCS.jpg\",\"datePublished\":\"2012-12-04T23:09:33+00:00\",\"breadcrumb\":{\"@id\":\"https:\/\/arquivo.barreiroweb.net\/?p=8385#breadcrumb\"},\"inLanguage\":\"pt-PT\",\"potentialAction\":[{\"@type\":\"ReadAction\",\"target\":[\"https:\/\/arquivo.barreiroweb.net\/?p=8385\"]}]},{\"@type\":\"ImageObject\",\"inLanguage\":\"pt-PT\",\"@id\":\"https:\/\/arquivo.barreiroweb.net\/?p=8385#primaryimage\",\"url\":\"https:\/\/arquivo.barreiroweb.net\/wp-content\/uploads\/2012\/12\/TardesQuartaCS.jpg\",\"contentUrl\":\"https:\/\/arquivo.barreiroweb.net\/wp-content\/uploads\/2012\/12\/TardesQuartaCS.jpg\",\"width\":\"314\",\"height\":\"221\"},{\"@type\":\"BreadcrumbList\",\"@id\":\"https:\/\/arquivo.barreiroweb.net\/?p=8385#breadcrumb\",\"itemListElement\":[{\"@type\":\"ListItem\",\"position\":1,\"name\":\"In\u00edcio\",\"item\":\"https:\/\/arquivo.barreiroweb.net\/\"},{\"@type\":\"ListItem\",\"position\":2,\"name\":\"TARDES DE QUARTA COM O MOVIMENTO ASSOCIATIVO\"}]},{\"@type\":\"WebSite\",\"@id\":\"https:\/\/arquivo.barreiroweb.net\/#website\",\"url\":\"https:\/\/arquivo.barreiroweb.net\/\",\"name\":\"barreiroweb\",\"description\":\"Barreiroweb o barreiro na web\",\"publisher\":{\"@id\":\"https:\/\/arquivo.barreiroweb.net\/#organization\"},\"potentialAction\":[{\"@type\":\"SearchAction\",\"target\":{\"@type\":\"EntryPoint\",\"urlTemplate\":\"https:\/\/arquivo.barreiroweb.net\/?s={search_term_string}\"},\"query-input\":{\"@type\":\"PropertyValueSpecification\",\"valueRequired\":true,\"valueName\":\"search_term_string\"}}],\"inLanguage\":\"pt-PT\"},{\"@type\":\"Organization\",\"@id\":\"https:\/\/arquivo.barreiroweb.net\/#organization\",\"name\":\"barreiroweb\",\"url\":\"https:\/\/arquivo.barreiroweb.net\/\",\"logo\":{\"@type\":\"ImageObject\",\"inLanguage\":\"pt-PT\",\"@id\":\"https:\/\/arquivo.barreiroweb.net\/#\/schema\/logo\/image\/\",\"url\":\"https:\/\/barreiroweb.net\/wp-content\/uploads\/2022\/05\/BarreiroWeb555.jpg\",\"contentUrl\":\"https:\/\/barreiroweb.net\/wp-content\/uploads\/2022\/05\/BarreiroWeb555.jpg\",\"width\":421,\"height\":415,\"caption\":\"barreiroweb\"},\"image\":{\"@id\":\"https:\/\/arquivo.barreiroweb.net\/#\/schema\/logo\/image\/\"},\"sameAs\":[\"https:\/\/www.facebook.com\/barreiroweb\",\"https:\/\/x.com\/barreiroweb\"]},{\"@type\":\"Person\",\"@id\":\"https:\/\/arquivo.barreiroweb.net\/#\/schema\/person\/44b6d528aff975e3786c9f475f9df2dd\",\"name\":\"barreiroweb\",\"image\":{\"@type\":\"ImageObject\",\"inLanguage\":\"pt-PT\",\"@id\":\"https:\/\/arquivo.barreiroweb.net\/#\/schema\/person\/image\/\",\"url\":\"https:\/\/secure.gravatar.com\/avatar\/1f764b917967430404ff0b452044eb63a25d64a5363b25be2aa42273930f477d?s=96&d=mm&r=g\",\"contentUrl\":\"https:\/\/secure.gravatar.com\/avatar\/1f764b917967430404ff0b452044eb63a25d64a5363b25be2aa42273930f477d?s=96&d=mm&r=g\",\"caption\":\"barreiroweb\"},\"url\":\"https:\/\/arquivo.barreiroweb.net\/?author=1\"}]}<\/script>\n<!-- \/ Yoast SEO plugin. -->","yoast_head_json":{"title":"TARDES DE QUARTA COM O MOVIMENTO ASSOCIATIVO - barreiroweb","robots":{"index":"index","follow":"follow","max-snippet":"max-snippet:-1","max-image-preview":"max-image-preview:large","max-video-preview":"max-video-preview:-1"},"canonical":"https:\/\/arquivo.barreiroweb.net\/?p=8385","og_locale":"pt_PT","og_type":"article","og_title":"TARDES DE QUARTA COM O MOVIMENTO ASSOCIATIVO - barreiroweb","og_description":"II Ciclo de A\u00e7\u00f5es de Forma\u00e7\u00e3o chega ao fim Pelo segundo ano consecutivo, a C\u00e2mara Municipal do Barreiro (CMB) voltou a dinamizar as \u201cTardes de Quarta com o Movimento Associativo. Nesta segunda edi\u00e7\u00e3o, os dirigentes associativos receberam forma\u00e7\u00e3o, por parte dos t\u00e9cnicos da Autarquia, por forma a potenciarem as suas atividades e melhorarem a oferta [&hellip;]","og_url":"https:\/\/arquivo.barreiroweb.net\/?p=8385","og_site_name":"barreiroweb","article_publisher":"https:\/\/www.facebook.com\/barreiroweb","article_published_time":"2012-12-04T23:09:33+00:00","og_image":[{"width":314,"height":221,"url":"https:\/\/arquivo.barreiroweb.net\/wp-content\/uploads\/2012\/12\/TardesQuartaCS.jpg","type":"image\/jpeg"}],"author":"barreiroweb","twitter_card":"summary_large_image","twitter_creator":"@barreiroweb","twitter_site":"@barreiroweb","twitter_misc":{"Escrito por":"barreiroweb","Tempo estimado de leitura":"2 minutos"},"schema":{"@context":"https:\/\/schema.org","@graph":[{"@type":"Article","@id":"https:\/\/arquivo.barreiroweb.net\/?p=8385#article","isPartOf":{"@id":"https:\/\/arquivo.barreiroweb.net\/?p=8385"},"author":{"name":"barreiroweb","@id":"https:\/\/arquivo.barreiroweb.net\/#\/schema\/person\/44b6d528aff975e3786c9f475f9df2dd"},"headline":"TARDES DE QUARTA COM O MOVIMENTO ASSOCIATIVO","datePublished":"2012-12-04T23:09:33+00:00","mainEntityOfPage":{"@id":"https:\/\/arquivo.barreiroweb.net\/?p=8385"},"wordCount":432,"commentCount":1,"publisher":{"@id":"https:\/\/arquivo.barreiroweb.net\/#organization"},"image":{"@id":"https:\/\/arquivo.barreiroweb.net\/?p=8385#primaryimage"},"thumbnailUrl":"https:\/\/arquivo.barreiroweb.net\/wp-content\/uploads\/2012\/12\/TardesQuartaCS.jpg","keywords":["associativismo","barreiro"],"articleSection":["Associativismo","Destaque"],"inLanguage":"pt-PT","potentialAction":[{"@type":"CommentAction","name":"Comment","target":["https:\/\/arquivo.barreiroweb.net\/?p=8385#respond"]}]},{"@type":"WebPage","@id":"https:\/\/arquivo.barreiroweb.net\/?p=8385","url":"https:\/\/arquivo.barreiroweb.net\/?p=8385","name":"TARDES DE QUARTA COM O MOVIMENTO ASSOCIATIVO - barreiroweb","isPartOf":{"@id":"https:\/\/arquivo.barreiroweb.net\/#website"},"primaryImageOfPage":{"@id":"https:\/\/arquivo.barreiroweb.net\/?p=8385#primaryimage"},"image":{"@id":"https:\/\/arquivo.barreiroweb.net\/?p=8385#primaryimage"},"thumbnailUrl":"https:\/\/arquivo.barreiroweb.net\/wp-content\/uploads\/2012\/12\/TardesQuartaCS.jpg","datePublished":"2012-12-04T23:09:33+00:00","breadcrumb":{"@id":"https:\/\/arquivo.barreiroweb.net\/?p=8385#breadcrumb"},"inLanguage":"pt-PT","potentialAction":[{"@type":"ReadAction","target":["https:\/\/arquivo.barreiroweb.net\/?p=8385"]}]},{"@type":"ImageObject","inLanguage":"pt-PT","@id":"https:\/\/arquivo.barreiroweb.net\/?p=8385#primaryimage","url":"https:\/\/arquivo.barreiroweb.net\/wp-content\/uploads\/2012\/12\/TardesQuartaCS.jpg","contentUrl":"https:\/\/arquivo.barreiroweb.net\/wp-content\/uploads\/2012\/12\/TardesQuartaCS.jpg","width":"314","height":"221"},{"@type":"BreadcrumbList","@id":"https:\/\/arquivo.barreiroweb.net\/?p=8385#breadcrumb","itemListElement":[{"@type":"ListItem","position":1,"name":"In\u00edcio","item":"https:\/\/arquivo.barreiroweb.net\/"},{"@type":"ListItem","position":2,"name":"TARDES DE QUARTA COM O MOVIMENTO ASSOCIATIVO"}]},{"@type":"WebSite","@id":"https:\/\/arquivo.barreiroweb.net\/#website","url":"https:\/\/arquivo.barreiroweb.net\/","name":"barreiroweb","description":"Barreiroweb o barreiro na web","publisher":{"@id":"https:\/\/arquivo.barreiroweb.net\/#organization"},"potentialAction":[{"@type":"SearchAction","target":{"@type":"EntryPoint","urlTemplate":"https:\/\/arquivo.barreiroweb.net\/?s={search_term_string}"},"query-input":{"@type":"PropertyValueSpecification","valueRequired":true,"valueName":"search_term_string"}}],"inLanguage":"pt-PT"},{"@type":"Organization","@id":"https:\/\/arquivo.barreiroweb.net\/#organization","name":"barreiroweb","url":"https:\/\/arquivo.barreiroweb.net\/","logo":{"@type":"ImageObject","inLanguage":"pt-PT","@id":"https:\/\/arquivo.barreiroweb.net\/#\/schema\/logo\/image\/","url":"https:\/\/barreiroweb.net\/wp-content\/uploads\/2022\/05\/BarreiroWeb555.jpg","contentUrl":"https:\/\/barreiroweb.net\/wp-content\/uploads\/2022\/05\/BarreiroWeb555.jpg","width":421,"height":415,"caption":"barreiroweb"},"image":{"@id":"https:\/\/arquivo.barreiroweb.net\/#\/schema\/logo\/image\/"},"sameAs":["https:\/\/www.facebook.com\/barreiroweb","https:\/\/x.com\/barreiroweb"]},{"@type":"Person","@id":"https:\/\/arquivo.barreiroweb.net\/#\/schema\/person\/44b6d528aff975e3786c9f475f9df2dd","name":"barreiroweb","image":{"@type":"ImageObject","inLanguage":"pt-PT","@id":"https:\/\/arquivo.barreiroweb.net\/#\/schema\/person\/image\/","url":"https:\/\/secure.gravatar.com\/avatar\/1f764b917967430404ff0b452044eb63a25d64a5363b25be2aa42273930f477d?s=96&d=mm&r=g","contentUrl":"https:\/\/secure.gravatar.com\/avatar\/1f764b917967430404ff0b452044eb63a25d64a5363b25be2aa42273930f477d?s=96&d=mm&r=g","caption":"barreiroweb"},"url":"https:\/\/arquivo.barreiroweb.net\/?author=1"}]}},"_links":{"self":[{"href":"https:\/\/arquivo.barreiroweb.net\/index.php?rest_route=\/wp\/v2\/posts\/8385","targetHints":{"allow":["GET"]}}],"collection":[{"href":"https:\/\/arquivo.barreiroweb.net\/index.php?rest_route=\/wp\/v2\/posts"}],"about":[{"href":"https:\/\/arquivo.barreiroweb.net\/index.php?rest_route=\/wp\/v2\/types\/post"}],"author":[{"embeddable":true,"href":"https:\/\/arquivo.barreiroweb.net\/index.php?rest_route=\/wp\/v2\/users\/1"}],"replies":[{"embeddable":true,"href":"https:\/\/arquivo.barreiroweb.net\/index.php?rest_route=%2Fwp%2Fv2%2Fcomments&post=8385"}],"version-history":[{"count":1,"href":"https:\/\/arquivo.barreiroweb.net\/index.php?rest_route=\/wp\/v2\/posts\/8385\/revisions"}],"predecessor-version":[{"id":8387,"href":"https:\/\/arquivo.barreiroweb.net\/index.php?rest_route=\/wp\/v2\/posts\/8385\/revisions\/8387"}],"wp:featuredmedia":[{"embeddable":true,"href":"https:\/\/arquivo.barreiroweb.net\/index.php?rest_route=\/wp\/v2\/media\/8386"}],"wp:attachment":[{"href":"https:\/\/arquivo.barreiroweb.net\/index.php?rest_route=%2Fwp%2Fv2%2Fmedia&parent=8385"}],"wp:term":[{"taxonomy":"category","embeddable":true,"href":"https:\/\/arquivo.barreiroweb.net\/index.php?rest_route=%2Fwp%2Fv2%2Fcategories&post=8385"},{"taxonomy":"post_tag","embeddable":true,"href":"https:\/\/arquivo.barreiroweb.net\/index.php?rest_route=%2Fwp%2Fv2%2Ftags&post=8385"}],"curies":[{"name":"wp","href":"https:\/\/api.w.org\/{rel}","templated":true}]}}