{"id":8369,"date":"2012-12-04T22:52:36","date_gmt":"2012-12-04T22:52:36","guid":{"rendered":"http:\/\/barreiroweb.eu\/?p=8369"},"modified":"2012-12-04T22:52:36","modified_gmt":"2012-12-04T22:52:36","slug":"fotografias-revelam-patrimonio-azulejar-do-barreiro","status":"publish","type":"post","link":"https:\/\/arquivo.barreiroweb.net\/?p=8369","title":{"rendered":"FOTOGRAFIAS REVELAM \u201cPATRIM\u00d3NIO AZULEJAR DO BARREIRO\u201d"},"content":{"rendered":"<p style=\"text-align: justify;\" align=\"center\"><strong><a href=\"http:\/\/barreiroweb.eu\/wp-content\/uploads\/2012\/12\/azulejo_1.jpg\" rel=\"lightbox[8369]\"><img loading=\"lazy\" decoding=\"async\" class=\"alignleft size-thumbnail wp-image-8370\" title=\"azulejo_1\" src=\"http:\/\/barreiroweb.eu\/wp-content\/uploads\/2012\/12\/azulejo_1-150x150.jpg\" alt=\"\" width=\"150\" height=\"150\" srcset=\"https:\/\/arquivo.barreiroweb.net\/wp-content\/uploads\/2012\/12\/azulejo_1-150x150.jpg 150w, https:\/\/arquivo.barreiroweb.net\/wp-content\/uploads\/2012\/12\/azulejo_1-50x50.jpg 50w, https:\/\/arquivo.barreiroweb.net\/wp-content\/uploads\/2012\/12\/azulejo_1-70x70.jpg 70w, https:\/\/arquivo.barreiroweb.net\/wp-content\/uploads\/2012\/12\/azulejo_1-55x55.jpg 55w\" sizes=\"auto, (max-width: 150px) 100vw, 150px\" \/><\/a>A Exposi\u00e7\u00e3o de Fotografia \u201cPatrim\u00f3nio Azulejar do Barreiro\u201d, promovida pela C\u00e2mara Municipal do Barreiro, foi inaugurada no passado s\u00e1bado, 1 de dezembro, pelo Vereador Rui Lopo, respons\u00e1vel pela Equipa Multidisciplinar para a Regenera\u00e7\u00e3o Urbana, na Galeria Municipal de Arte do Barreiro.\u00a0 <\/strong><\/p>\n<p style=\"text-align: justify;\">Rui Lopo agradeceu a colabora\u00e7\u00e3o de todos os fot\u00f3grafos e da referida Equipa, respons\u00e1vel pelo levantamento das carater\u00edsticas dos edif\u00edcios, \u201csem a qual este trabalho n\u00e3o seria poss\u00edvel\u201d.<\/p>\n<p style=\"text-align: justify;\">Em rela\u00e7\u00e3o ao trabalho desenvolvido pela Equipa Multidisciplinar para a Regenera\u00e7\u00e3o Urbana sublinhou que o mesmo \u201cj\u00e1 tem alguns anos, mas ainda est\u00e1 incompleto\u201d. Prometeu termin\u00e1-lo e est\u00e1 confiante que \u201cvoltaremos a apresentar um trabalho mais detalhado\u201d.<\/p>\n<p style=\"text-align: justify;\">Rui Lopo chamou a aten\u00e7\u00e3o para o facto de, apesar de ser atribu\u00edda \u00e0s C\u00e2maras a responsabilidade p\u00fablica de reabilitar o edificado antigo, a elevad\u00edssima percentagem \u00e9 do patrim\u00f3nio privado e lamenta que os \u201crecursos financeiros das pessoas n\u00e3o permitam que este seja reabilitado\u201d. Face a esta situa\u00e7\u00e3o, o autarca informa que, na C\u00e2mara Municipal do Barreiro, s\u00e3o promovidos incentivos \u00e0 reabilita\u00e7\u00e3o urbana. \u201cAligeiramos tudo o que seja reabilita\u00e7\u00e3o do edificado. Do ponto de vista de taxas e licen\u00e7as, a C\u00e2mara abdica dessa receita para que os propriet\u00e1rios o consigam recuperar\u201d.<\/p>\n<p style=\"text-align: justify;\">Por seu lado, Lurdes Lopes, respons\u00e1vel pela Divis\u00e3o de Cultura, Patrim\u00f3nio Hist\u00f3rico e Museol\u00f3gico, agradeceu aos fot\u00f3grafos o seu empenho que com <em>imensa generosidade<\/em> possibilitaram a divulga\u00e7\u00e3o do que o Barreiro tem hoje ao n\u00edvel do patrim\u00f3nio azulejar. Classificou-o de \u201cum trabalho urgente\u201d, justificado pelo perigo de ru\u00edna de alguns edif\u00edcios. Informou que, por exemplo, no espa\u00e7o de dois meses, a contar da data em que foi fotografado, o edif\u00edcio n\u00ba 200, da Rua Conselheiro Joaquim Ant\u00f3nio Aguiar ruiu.<\/p>\n<p style=\"text-align: justify;\">Agradeceu, particularmente, aos artistas Rui Madeira, Isana e Isabel Seruca o trabalho <em>apaixonado<\/em> de valoriza\u00e7\u00e3o do azulejo realizado ao longo dos anos.<\/p>\n<p style=\"text-align: justify;\">Saliente-se que o Concelho do Barreiro det\u00e9m um patrim\u00f3nio azulejar rico e diversificado. Contudo, ao longo dos anos, assiste-se \u00e0 sua r\u00e1pida degrada\u00e7\u00e3o. Consciente desta situa\u00e7\u00e3o, a C\u00e2mara Municipal do Barreiro deu in\u00edcio ao Plano de A\u00e7\u00e3o de Divulga\u00e7\u00e3o do Patrim\u00f3nio Art\u00edstico Azulejar do Barreiro. Este ser\u00e1 faseado no tempo, tendo como ponto de partida a Freguesia do Barreiro e, em especial, a sua zona antiga.<\/p>\n<p style=\"text-align: justify;\" align=\"center\"><strong>Exposi\u00e7\u00e3o patente ao p\u00fablico at\u00e9 19 de janeiro de 2013 <\/strong><\/p>\n<p style=\"text-align: justify;\">Dezenas de fotos fazem parte de um levantamento fotogr\u00e1fico promovido por um grupo de fot\u00f3grafos do Barreiro, designadamente: Ana Ferreira, Ana Rodrigues, Ant\u00f3nio Barata, Esmeralda Bar\u00e3o, Isabel Seruca, Jo\u00e3o Silva, Joana Antunes, Jos\u00e9 Calado Mendes e Paulo Igl\u00e9sias.<\/p>\n<p style=\"text-align: justify;\">De referir que este trabalho conta com o apoio do fot\u00f3grafo barreirense Cl\u00e1udio Ferreira.<\/p>\n<p style=\"text-align: justify;\">As referidas fotos fazem-se acompanhar dos seguintes dados: localiza\u00e7\u00e3o do edif\u00edcio, nome do fot\u00f3grafo, freguesia onde se insere, propriedade, nome do autor do projeto arquitet\u00f3nico, data, uso, tipo de arquitetura, o estado de conserva\u00e7\u00e3o do edif\u00edcio e a identifica\u00e7\u00e3o dos azulejos.<\/p>\n<p style=\"text-align: justify;\">Numa outra sala da Galeria est\u00e1, igualmente, patente ao p\u00fablico um levantamento realizado pelo Gabinete de Regenera\u00e7\u00e3o Urbana da CMB aos edif\u00edcios do Barreiro Antigo. Encontramos a\u00ed divulgada a seguinte informa\u00e7\u00e3o para cada edif\u00edcio: carateriza\u00e7\u00e3o; estado de conserva\u00e7\u00e3o; propriet\u00e1rio; utiliza\u00e7\u00e3o do edif\u00edcio. Est\u00e1 ainda, a respetiva foto, imagem da fachada reconstitu\u00edda e a planta de localiza\u00e7\u00e3o do mesmo.<\/p>\n<p style=\"text-align: justify;\">A t\u00edtulo de curiosidade, est\u00e1 exposta uma planta de uma interven\u00e7\u00e3o de reabilita\u00e7\u00e3o de um edif\u00edcio, com a aplica\u00e7\u00e3o de azulejos num edif\u00edcio localizado na Rua Almirante Reis.<\/p>\n<p style=\"text-align: justify;\"><strong>A mostra estar\u00e1 patente ao p\u00fablico at\u00e9 19 de janeiro de 2013, de 3\u00aa feira a s\u00e1bado, das 14h00 \u00e0s 20h00. Mais informa\u00e7\u00e3o em <a href=\"http:\/\/www.cm-barreiro.pt\">www.cm-barreiro.pt<\/a><\/strong><\/p>\n<p style=\"text-align: justify;\"><strong>A Galeria Municipal de Arte situa-se na Avenida Alfredo da Silva, n\u00ba 15, (edif\u00edcio do antigo Tribunal). Para mais informa\u00e7\u00f5es contacte: 21 207 67 59, ou <\/strong><a href=\"http:\/\/barreiroamac.wordpress.com\/patrimonio-azulejar\/\" target=\"_blank\">http:\/\/barreiroamac.wordpress.com\/patrimonio-azulejar\/<\/a> <a href=\"http:\/\/barreiroamac.wordpress.com\/patrimonio-azulejar\/\" target=\"_blank\">http:\/\/barreiroamac.wordpress.com\/patrimonio-azulejar\/<\/a> <a href=\"http:\/\/barreiroamac.wordpress.com\/patrimonio-azulejar\/\" target=\"_blank\">http:\/\/barreiroamac.wordpress.com\/patrimonio-azulejar\/<\/a> <a href=\"http:\/\/barreiroamac.wordpress.com\/patrimonio-azulejar\/\">http:\/\/barreiroamac.wordpress.com\/patrimonio-azulejar\/<\/a> .<strong><\/strong><\/p>\n<p style=\"text-align: justify;\"><strong>CMB 2012-12-03<\/strong><\/p>\n","protected":false},"excerpt":{"rendered":"<p>A Exposi\u00e7\u00e3o de Fotografia \u201cPatrim\u00f3nio Azulejar do Barreiro\u201d, promovida pela C\u00e2mara Municipal do Barreiro, foi inaugurada no passado s\u00e1bado, 1 de dezembro, pelo Vereador Rui Lopo, respons\u00e1vel pela Equipa Multidisciplinar para a Regenera\u00e7\u00e3o Urbana, na Galeria Municipal de Arte do Barreiro.\u00a0 Rui Lopo agradeceu a colabora\u00e7\u00e3o de todos os fot\u00f3grafos e da referida Equipa, respons\u00e1vel [&hellip;]<\/p>\n","protected":false},"author":1,"featured_media":8370,"comment_status":"open","ping_status":"open","sticky":false,"template":"","format":"standard","meta":{"footnotes":""},"categories":[32,1],"tags":[215,41],"class_list":["post-8369","post","type-post","status-publish","format-standard","has-post-thumbnail","hentry","category-destaque","category-expo","tag-azulejos","tag-barreiro","last_archivepost"],"yoast_head":"<!-- This site is optimized with the Yoast SEO plugin v27.1.1 - https:\/\/yoast.com\/product\/yoast-seo-wordpress\/ -->\n<title>FOTOGRAFIAS REVELAM \u201cPATRIM\u00d3NIO AZULEJAR DO BARREIRO\u201d - barreiroweb<\/title>\n<meta name=\"robots\" content=\"index, follow, max-snippet:-1, max-image-preview:large, max-video-preview:-1\" \/>\n<link rel=\"canonical\" href=\"https:\/\/arquivo.barreiroweb.net\/?p=8369\" \/>\n<meta property=\"og:locale\" content=\"pt_PT\" \/>\n<meta property=\"og:type\" content=\"article\" \/>\n<meta property=\"og:title\" content=\"FOTOGRAFIAS REVELAM \u201cPATRIM\u00d3NIO AZULEJAR DO BARREIRO\u201d - barreiroweb\" \/>\n<meta property=\"og:description\" content=\"A Exposi\u00e7\u00e3o de Fotografia \u201cPatrim\u00f3nio Azulejar do Barreiro\u201d, promovida pela C\u00e2mara Municipal do Barreiro, foi inaugurada no passado s\u00e1bado, 1 de dezembro, pelo Vereador Rui Lopo, respons\u00e1vel pela Equipa Multidisciplinar para a Regenera\u00e7\u00e3o Urbana, na Galeria Municipal de Arte do Barreiro.\u00a0 Rui Lopo agradeceu a colabora\u00e7\u00e3o de todos os fot\u00f3grafos e da referida Equipa, respons\u00e1vel [&hellip;]\" \/>\n<meta property=\"og:url\" content=\"https:\/\/arquivo.barreiroweb.net\/?p=8369\" \/>\n<meta property=\"og:site_name\" content=\"barreiroweb\" \/>\n<meta property=\"article:publisher\" content=\"https:\/\/www.facebook.com\/barreiroweb\" \/>\n<meta property=\"article:published_time\" content=\"2012-12-04T22:52:36+00:00\" \/>\n<meta property=\"og:image\" content=\"https:\/\/arquivo.barreiroweb.net\/wp-content\/uploads\/2012\/12\/azulejo_1.jpg\" \/>\n\t<meta property=\"og:image:width\" content=\"314\" \/>\n\t<meta property=\"og:image:height\" content=\"209\" \/>\n\t<meta property=\"og:image:type\" content=\"image\/jpeg\" \/>\n<meta name=\"author\" content=\"barreiroweb\" \/>\n<meta name=\"twitter:card\" content=\"summary_large_image\" \/>\n<meta name=\"twitter:creator\" content=\"@barreiroweb\" \/>\n<meta name=\"twitter:site\" content=\"@barreiroweb\" \/>\n<meta name=\"twitter:label1\" content=\"Escrito por\" \/>\n\t<meta name=\"twitter:data1\" content=\"barreiroweb\" \/>\n\t<meta name=\"twitter:label2\" content=\"Tempo estimado de leitura\" \/>\n\t<meta name=\"twitter:data2\" content=\"4 minutos\" \/>\n<script type=\"application\/ld+json\" class=\"yoast-schema-graph\">{\"@context\":\"https:\/\/schema.org\",\"@graph\":[{\"@type\":\"Article\",\"@id\":\"https:\/\/arquivo.barreiroweb.net\/?p=8369#article\",\"isPartOf\":{\"@id\":\"https:\/\/arquivo.barreiroweb.net\/?p=8369\"},\"author\":{\"name\":\"barreiroweb\",\"@id\":\"https:\/\/arquivo.barreiroweb.net\/#\/schema\/person\/44b6d528aff975e3786c9f475f9df2dd\"},\"headline\":\"FOTOGRAFIAS REVELAM \u201cPATRIM\u00d3NIO AZULEJAR DO BARREIRO\u201d\",\"datePublished\":\"2012-12-04T22:52:36+00:00\",\"mainEntityOfPage\":{\"@id\":\"https:\/\/arquivo.barreiroweb.net\/?p=8369\"},\"wordCount\":718,\"commentCount\":0,\"publisher\":{\"@id\":\"https:\/\/arquivo.barreiroweb.net\/#organization\"},\"image\":{\"@id\":\"https:\/\/arquivo.barreiroweb.net\/?p=8369#primaryimage\"},\"thumbnailUrl\":\"https:\/\/arquivo.barreiroweb.net\/wp-content\/uploads\/2012\/12\/azulejo_1.jpg\",\"keywords\":[\"azulejos\",\"barreiro\"],\"articleSection\":[\"Destaque\",\"Festas e Feiras\"],\"inLanguage\":\"pt-PT\",\"potentialAction\":[{\"@type\":\"CommentAction\",\"name\":\"Comment\",\"target\":[\"https:\/\/arquivo.barreiroweb.net\/?p=8369#respond\"]}]},{\"@type\":\"WebPage\",\"@id\":\"https:\/\/arquivo.barreiroweb.net\/?p=8369\",\"url\":\"https:\/\/arquivo.barreiroweb.net\/?p=8369\",\"name\":\"FOTOGRAFIAS REVELAM \u201cPATRIM\u00d3NIO AZULEJAR DO BARREIRO\u201d - barreiroweb\",\"isPartOf\":{\"@id\":\"https:\/\/arquivo.barreiroweb.net\/#website\"},\"primaryImageOfPage\":{\"@id\":\"https:\/\/arquivo.barreiroweb.net\/?p=8369#primaryimage\"},\"image\":{\"@id\":\"https:\/\/arquivo.barreiroweb.net\/?p=8369#primaryimage\"},\"thumbnailUrl\":\"https:\/\/arquivo.barreiroweb.net\/wp-content\/uploads\/2012\/12\/azulejo_1.jpg\",\"datePublished\":\"2012-12-04T22:52:36+00:00\",\"breadcrumb\":{\"@id\":\"https:\/\/arquivo.barreiroweb.net\/?p=8369#breadcrumb\"},\"inLanguage\":\"pt-PT\",\"potentialAction\":[{\"@type\":\"ReadAction\",\"target\":[\"https:\/\/arquivo.barreiroweb.net\/?p=8369\"]}]},{\"@type\":\"ImageObject\",\"inLanguage\":\"pt-PT\",\"@id\":\"https:\/\/arquivo.barreiroweb.net\/?p=8369#primaryimage\",\"url\":\"https:\/\/arquivo.barreiroweb.net\/wp-content\/uploads\/2012\/12\/azulejo_1.jpg\",\"contentUrl\":\"https:\/\/arquivo.barreiroweb.net\/wp-content\/uploads\/2012\/12\/azulejo_1.jpg\",\"width\":\"314\",\"height\":\"209\"},{\"@type\":\"BreadcrumbList\",\"@id\":\"https:\/\/arquivo.barreiroweb.net\/?p=8369#breadcrumb\",\"itemListElement\":[{\"@type\":\"ListItem\",\"position\":1,\"name\":\"In\u00edcio\",\"item\":\"https:\/\/arquivo.barreiroweb.net\/\"},{\"@type\":\"ListItem\",\"position\":2,\"name\":\"FOTOGRAFIAS REVELAM \u201cPATRIM\u00d3NIO AZULEJAR DO BARREIRO\u201d\"}]},{\"@type\":\"WebSite\",\"@id\":\"https:\/\/arquivo.barreiroweb.net\/#website\",\"url\":\"https:\/\/arquivo.barreiroweb.net\/\",\"name\":\"barreiroweb\",\"description\":\"Barreiroweb o barreiro na web\",\"publisher\":{\"@id\":\"https:\/\/arquivo.barreiroweb.net\/#organization\"},\"potentialAction\":[{\"@type\":\"SearchAction\",\"target\":{\"@type\":\"EntryPoint\",\"urlTemplate\":\"https:\/\/arquivo.barreiroweb.net\/?s={search_term_string}\"},\"query-input\":{\"@type\":\"PropertyValueSpecification\",\"valueRequired\":true,\"valueName\":\"search_term_string\"}}],\"inLanguage\":\"pt-PT\"},{\"@type\":\"Organization\",\"@id\":\"https:\/\/arquivo.barreiroweb.net\/#organization\",\"name\":\"barreiroweb\",\"url\":\"https:\/\/arquivo.barreiroweb.net\/\",\"logo\":{\"@type\":\"ImageObject\",\"inLanguage\":\"pt-PT\",\"@id\":\"https:\/\/arquivo.barreiroweb.net\/#\/schema\/logo\/image\/\",\"url\":\"https:\/\/barreiroweb.net\/wp-content\/uploads\/2022\/05\/BarreiroWeb555.jpg\",\"contentUrl\":\"https:\/\/barreiroweb.net\/wp-content\/uploads\/2022\/05\/BarreiroWeb555.jpg\",\"width\":421,\"height\":415,\"caption\":\"barreiroweb\"},\"image\":{\"@id\":\"https:\/\/arquivo.barreiroweb.net\/#\/schema\/logo\/image\/\"},\"sameAs\":[\"https:\/\/www.facebook.com\/barreiroweb\",\"https:\/\/x.com\/barreiroweb\"]},{\"@type\":\"Person\",\"@id\":\"https:\/\/arquivo.barreiroweb.net\/#\/schema\/person\/44b6d528aff975e3786c9f475f9df2dd\",\"name\":\"barreiroweb\",\"image\":{\"@type\":\"ImageObject\",\"inLanguage\":\"pt-PT\",\"@id\":\"https:\/\/arquivo.barreiroweb.net\/#\/schema\/person\/image\/\",\"url\":\"https:\/\/secure.gravatar.com\/avatar\/1f764b917967430404ff0b452044eb63a25d64a5363b25be2aa42273930f477d?s=96&d=mm&r=g\",\"contentUrl\":\"https:\/\/secure.gravatar.com\/avatar\/1f764b917967430404ff0b452044eb63a25d64a5363b25be2aa42273930f477d?s=96&d=mm&r=g\",\"caption\":\"barreiroweb\"},\"url\":\"https:\/\/arquivo.barreiroweb.net\/?author=1\"}]}<\/script>\n<!-- \/ Yoast SEO plugin. -->","yoast_head_json":{"title":"FOTOGRAFIAS REVELAM \u201cPATRIM\u00d3NIO AZULEJAR DO BARREIRO\u201d - barreiroweb","robots":{"index":"index","follow":"follow","max-snippet":"max-snippet:-1","max-image-preview":"max-image-preview:large","max-video-preview":"max-video-preview:-1"},"canonical":"https:\/\/arquivo.barreiroweb.net\/?p=8369","og_locale":"pt_PT","og_type":"article","og_title":"FOTOGRAFIAS REVELAM \u201cPATRIM\u00d3NIO AZULEJAR DO BARREIRO\u201d - barreiroweb","og_description":"A Exposi\u00e7\u00e3o de Fotografia \u201cPatrim\u00f3nio Azulejar do Barreiro\u201d, promovida pela C\u00e2mara Municipal do Barreiro, foi inaugurada no passado s\u00e1bado, 1 de dezembro, pelo Vereador Rui Lopo, respons\u00e1vel pela Equipa Multidisciplinar para a Regenera\u00e7\u00e3o Urbana, na Galeria Municipal de Arte do Barreiro.\u00a0 Rui Lopo agradeceu a colabora\u00e7\u00e3o de todos os fot\u00f3grafos e da referida Equipa, respons\u00e1vel [&hellip;]","og_url":"https:\/\/arquivo.barreiroweb.net\/?p=8369","og_site_name":"barreiroweb","article_publisher":"https:\/\/www.facebook.com\/barreiroweb","article_published_time":"2012-12-04T22:52:36+00:00","og_image":[{"width":314,"height":209,"url":"https:\/\/arquivo.barreiroweb.net\/wp-content\/uploads\/2012\/12\/azulejo_1.jpg","type":"image\/jpeg"}],"author":"barreiroweb","twitter_card":"summary_large_image","twitter_creator":"@barreiroweb","twitter_site":"@barreiroweb","twitter_misc":{"Escrito por":"barreiroweb","Tempo estimado de leitura":"4 minutos"},"schema":{"@context":"https:\/\/schema.org","@graph":[{"@type":"Article","@id":"https:\/\/arquivo.barreiroweb.net\/?p=8369#article","isPartOf":{"@id":"https:\/\/arquivo.barreiroweb.net\/?p=8369"},"author":{"name":"barreiroweb","@id":"https:\/\/arquivo.barreiroweb.net\/#\/schema\/person\/44b6d528aff975e3786c9f475f9df2dd"},"headline":"FOTOGRAFIAS REVELAM \u201cPATRIM\u00d3NIO AZULEJAR DO BARREIRO\u201d","datePublished":"2012-12-04T22:52:36+00:00","mainEntityOfPage":{"@id":"https:\/\/arquivo.barreiroweb.net\/?p=8369"},"wordCount":718,"commentCount":0,"publisher":{"@id":"https:\/\/arquivo.barreiroweb.net\/#organization"},"image":{"@id":"https:\/\/arquivo.barreiroweb.net\/?p=8369#primaryimage"},"thumbnailUrl":"https:\/\/arquivo.barreiroweb.net\/wp-content\/uploads\/2012\/12\/azulejo_1.jpg","keywords":["azulejos","barreiro"],"articleSection":["Destaque","Festas e Feiras"],"inLanguage":"pt-PT","potentialAction":[{"@type":"CommentAction","name":"Comment","target":["https:\/\/arquivo.barreiroweb.net\/?p=8369#respond"]}]},{"@type":"WebPage","@id":"https:\/\/arquivo.barreiroweb.net\/?p=8369","url":"https:\/\/arquivo.barreiroweb.net\/?p=8369","name":"FOTOGRAFIAS REVELAM \u201cPATRIM\u00d3NIO AZULEJAR DO BARREIRO\u201d - barreiroweb","isPartOf":{"@id":"https:\/\/arquivo.barreiroweb.net\/#website"},"primaryImageOfPage":{"@id":"https:\/\/arquivo.barreiroweb.net\/?p=8369#primaryimage"},"image":{"@id":"https:\/\/arquivo.barreiroweb.net\/?p=8369#primaryimage"},"thumbnailUrl":"https:\/\/arquivo.barreiroweb.net\/wp-content\/uploads\/2012\/12\/azulejo_1.jpg","datePublished":"2012-12-04T22:52:36+00:00","breadcrumb":{"@id":"https:\/\/arquivo.barreiroweb.net\/?p=8369#breadcrumb"},"inLanguage":"pt-PT","potentialAction":[{"@type":"ReadAction","target":["https:\/\/arquivo.barreiroweb.net\/?p=8369"]}]},{"@type":"ImageObject","inLanguage":"pt-PT","@id":"https:\/\/arquivo.barreiroweb.net\/?p=8369#primaryimage","url":"https:\/\/arquivo.barreiroweb.net\/wp-content\/uploads\/2012\/12\/azulejo_1.jpg","contentUrl":"https:\/\/arquivo.barreiroweb.net\/wp-content\/uploads\/2012\/12\/azulejo_1.jpg","width":"314","height":"209"},{"@type":"BreadcrumbList","@id":"https:\/\/arquivo.barreiroweb.net\/?p=8369#breadcrumb","itemListElement":[{"@type":"ListItem","position":1,"name":"In\u00edcio","item":"https:\/\/arquivo.barreiroweb.net\/"},{"@type":"ListItem","position":2,"name":"FOTOGRAFIAS REVELAM \u201cPATRIM\u00d3NIO AZULEJAR DO BARREIRO\u201d"}]},{"@type":"WebSite","@id":"https:\/\/arquivo.barreiroweb.net\/#website","url":"https:\/\/arquivo.barreiroweb.net\/","name":"barreiroweb","description":"Barreiroweb o barreiro na web","publisher":{"@id":"https:\/\/arquivo.barreiroweb.net\/#organization"},"potentialAction":[{"@type":"SearchAction","target":{"@type":"EntryPoint","urlTemplate":"https:\/\/arquivo.barreiroweb.net\/?s={search_term_string}"},"query-input":{"@type":"PropertyValueSpecification","valueRequired":true,"valueName":"search_term_string"}}],"inLanguage":"pt-PT"},{"@type":"Organization","@id":"https:\/\/arquivo.barreiroweb.net\/#organization","name":"barreiroweb","url":"https:\/\/arquivo.barreiroweb.net\/","logo":{"@type":"ImageObject","inLanguage":"pt-PT","@id":"https:\/\/arquivo.barreiroweb.net\/#\/schema\/logo\/image\/","url":"https:\/\/barreiroweb.net\/wp-content\/uploads\/2022\/05\/BarreiroWeb555.jpg","contentUrl":"https:\/\/barreiroweb.net\/wp-content\/uploads\/2022\/05\/BarreiroWeb555.jpg","width":421,"height":415,"caption":"barreiroweb"},"image":{"@id":"https:\/\/arquivo.barreiroweb.net\/#\/schema\/logo\/image\/"},"sameAs":["https:\/\/www.facebook.com\/barreiroweb","https:\/\/x.com\/barreiroweb"]},{"@type":"Person","@id":"https:\/\/arquivo.barreiroweb.net\/#\/schema\/person\/44b6d528aff975e3786c9f475f9df2dd","name":"barreiroweb","image":{"@type":"ImageObject","inLanguage":"pt-PT","@id":"https:\/\/arquivo.barreiroweb.net\/#\/schema\/person\/image\/","url":"https:\/\/secure.gravatar.com\/avatar\/1f764b917967430404ff0b452044eb63a25d64a5363b25be2aa42273930f477d?s=96&d=mm&r=g","contentUrl":"https:\/\/secure.gravatar.com\/avatar\/1f764b917967430404ff0b452044eb63a25d64a5363b25be2aa42273930f477d?s=96&d=mm&r=g","caption":"barreiroweb"},"url":"https:\/\/arquivo.barreiroweb.net\/?author=1"}]}},"_links":{"self":[{"href":"https:\/\/arquivo.barreiroweb.net\/index.php?rest_route=\/wp\/v2\/posts\/8369","targetHints":{"allow":["GET"]}}],"collection":[{"href":"https:\/\/arquivo.barreiroweb.net\/index.php?rest_route=\/wp\/v2\/posts"}],"about":[{"href":"https:\/\/arquivo.barreiroweb.net\/index.php?rest_route=\/wp\/v2\/types\/post"}],"author":[{"embeddable":true,"href":"https:\/\/arquivo.barreiroweb.net\/index.php?rest_route=\/wp\/v2\/users\/1"}],"replies":[{"embeddable":true,"href":"https:\/\/arquivo.barreiroweb.net\/index.php?rest_route=%2Fwp%2Fv2%2Fcomments&post=8369"}],"version-history":[{"count":1,"href":"https:\/\/arquivo.barreiroweb.net\/index.php?rest_route=\/wp\/v2\/posts\/8369\/revisions"}],"predecessor-version":[{"id":8371,"href":"https:\/\/arquivo.barreiroweb.net\/index.php?rest_route=\/wp\/v2\/posts\/8369\/revisions\/8371"}],"wp:featuredmedia":[{"embeddable":true,"href":"https:\/\/arquivo.barreiroweb.net\/index.php?rest_route=\/wp\/v2\/media\/8370"}],"wp:attachment":[{"href":"https:\/\/arquivo.barreiroweb.net\/index.php?rest_route=%2Fwp%2Fv2%2Fmedia&parent=8369"}],"wp:term":[{"taxonomy":"category","embeddable":true,"href":"https:\/\/arquivo.barreiroweb.net\/index.php?rest_route=%2Fwp%2Fv2%2Fcategories&post=8369"},{"taxonomy":"post_tag","embeddable":true,"href":"https:\/\/arquivo.barreiroweb.net\/index.php?rest_route=%2Fwp%2Fv2%2Ftags&post=8369"}],"curies":[{"name":"wp","href":"https:\/\/api.w.org\/{rel}","templated":true}]}}