{"id":8344,"date":"2012-11-27T22:09:59","date_gmt":"2012-11-27T22:09:59","guid":{"rendered":"http:\/\/barreiroweb.eu\/?p=8344"},"modified":"2012-11-27T22:09:59","modified_gmt":"2012-11-27T22:09:59","slug":"alunos-aprendem-comportamentos-em-cenario-de-catastrofe","status":"publish","type":"post","link":"https:\/\/arquivo.barreiroweb.net\/?p=8344","title":{"rendered":"Alunos aprendem comportamentos em cen\u00e1rio de cat\u00e1strofe"},"content":{"rendered":"<p style=\"text-align: justify;\" align=\"center\"><strong><a href=\"http:\/\/barreiroweb.eu\/wp-content\/uploads\/2012\/11\/4.jpg\" rel=\"lightbox[8344]\"><img loading=\"lazy\" decoding=\"async\" class=\"alignleft size-thumbnail wp-image-8345\" title=\"4\" src=\"http:\/\/barreiroweb.eu\/wp-content\/uploads\/2012\/11\/4-150x150.jpg\" alt=\"\" width=\"150\" height=\"150\" srcset=\"https:\/\/arquivo.barreiroweb.net\/wp-content\/uploads\/2012\/11\/4-150x150.jpg 150w, https:\/\/arquivo.barreiroweb.net\/wp-content\/uploads\/2012\/11\/4-50x50.jpg 50w, https:\/\/arquivo.barreiroweb.net\/wp-content\/uploads\/2012\/11\/4-70x70.jpg 70w, https:\/\/arquivo.barreiroweb.net\/wp-content\/uploads\/2012\/11\/4-55x55.jpg 55w\" sizes=\"auto, (max-width: 150px) 100vw, 150px\" \/><\/a>Paula Almeida do Comando Distrital de Opera\u00e7\u00f5es de Socorro \u2013 CDOS \u2013 Set\u00fabal, e Fernando Mota, t\u00e9cnico do Arquivo Municipal, conduziram uma palestra para duas turmas do 6\u00ba ano, da Escola Secund\u00e1ria Alfredo da Silva. <\/strong><\/p>\n<p style=\"text-align: justify;\"><strong>Esta iniciativa teve lugar no \u00e2mbito da exposi\u00e7\u00e3o \u201cO Sismo de 1755. Set\u00fabal e Barreiro\u201d patente ao p\u00fablico na Biblioteca at\u00e9 sexta-feira, 30 de novembro. <\/strong><\/p>\n<p style=\"text-align: justify;\">\u201cSismos o que s\u00e3o? \u2013 Preven\u00e7\u00e3o \u2013 Autoprote\u00e7\u00e3o\u201d foi a tem\u00e1tica apresentada por Paula Almeida, a dezenas de alunos.<\/p>\n<p style=\"text-align: justify;\">O Sismo de 1755 foi o ponto de partida desta palestra. Paula Almeida informou que este teve magnitude de 8,75, na escala de RICHTER e foi acompanhado de Tsunami, uma onda de 15 metros.<\/p>\n<p style=\"text-align: justify;\">Mostrou fotos de v\u00e1rios sismos ocorridos na Nova Zel\u00e2ndia, Chile, Argentina, El Salvador, It\u00e1lia, Haiti e Jap\u00e3o.<\/p>\n<p style=\"text-align: justify;\">No sentido de se perceber como ocorre um sismo, Paula Almeida apresentou a estrutura da Terra. O Planeta \u00e9 composto por v\u00e1rias camadas no seu interior, sendo que a superf\u00edcie terrestre \u00e9 composta por placas tect\u00f3nicas que se movimentam diariamente. Paula Almeida explicou que \u201cquando \u00e9 de forma mais violenta d\u00e1-se o sismo e estes s\u00e3o mais graves quando as placas chocam umas nas outras\u201d.<\/p>\n<p style=\"text-align: justify;\">Explicou que existem duas escalas para medir a intensidade de um sismo. A escala de MERCALLI e a escala de RICHTER.<\/p>\n<p style=\"text-align: justify;\">A MERCALLI quantifica o sismo com base nos estragos que este desencadeia, por exemplo ao n\u00edvel da constru\u00e7\u00e3o. Deu como exemplo a compara\u00e7\u00e3o entre os sismos verificados no Chile e no Haiti. O ocorrido no Chile foi mais intenso do que o verificado no Haiti, contudo o primeiro originou menos estragos nos edif\u00edcios, uma vez que estes tinham melhor qualidade de constru\u00e7\u00e3o.<\/p>\n<p style=\"text-align: justify;\">Por seu lado, a escala de RICHTER quantifica o n\u00edvel de energia liberada por um sismo.<\/p>\n<p style=\"text-align: justify;\">\u201cO que acontece quando se d\u00e1 um sismo?\u201d Paula Almeida explicou que ocorrem altera\u00e7\u00f5es dos rios, dos po\u00e7os, surgem fumaradas vulc\u00e2nicas, ru\u00eddos s\u00edsmicos e tsunamis.<\/p>\n<p style=\"text-align: justify;\">\u201cA Falha de Santo Andr\u00e9\u201d nos Estados Unidos foi o exemplo apresentado para um efeito secund\u00e1rio de um Terramoto. Existem outros. A representante do CDOS informou, ainda, que pode surgir a transforma\u00e7\u00e3o da terra em areias movedi\u00e7as, as encostas resvalam nas zonas montanhosas e o \u201cp\u00e2nico \u00e9, por vezes, a causa para o maior n\u00famero de v\u00edtimas\u201d.<\/p>\n<p style=\"text-align: justify;\"><strong>Comportamentos a adotar <\/strong><\/p>\n<p style=\"text-align: justify;\">Sublinhou a import\u00e2ncia do Plano de Emerg\u00eancia de Escola e classificou-o de \u201cuma coisa s\u00e9ria\u201d. Este deve conter os procedimentos de evacua\u00e7\u00e3o: chefe de fila (aluno que vai \u00e0 frente), cerra a fila (o professor \u00e9 o \u00faltimo a sair) e o ponto de reuni\u00e3o.<\/p>\n<p style=\"text-align: justify;\">Se os alunos estiverem em casa durante um terramoto, \u201cpodem estar sozinhos, mas t\u00eam de se saber comportar numa situa\u00e7\u00e3o de cat\u00e1strofe para sobreviver. Devem saber que se deve desligar o g\u00e1s, depois o quadro el\u00e9trico e s\u00f3 depois a \u00e1gua\u201d.<\/p>\n<p style=\"text-align: justify;\">Deixou como conselhos: \u201c\u00e9 importante sabermos a natureza do sismo atrav\u00e9s de um r\u00e1dio a pilhas, devemos fazer um plano de emerg\u00eancia com a fam\u00edlia e ter em casa um kit de emerg\u00eancia (medicamentos, r\u00e1dio)\u201d.<\/p>\n<p style=\"text-align: justify;\">Como comportamentos a adotar nessa altura, aconselhou os alunos a protegerem-se debaixo de uma mesa de madeira, ou por debaixo das umbreiras da porta, ou nas zonas interiores das casas, longe de janelas.<\/p>\n<p style=\"text-align: justify;\">A concluir, Paula Almeida exemplificou a posi\u00e7\u00e3o que o corpo deve assumir no momento do sismo. \u201cDevemos proteger a face junto dos joelhos e entrela\u00e7ar as m\u00e3os na nuca\u201d. E acrescentou, \u201cquando o sismo tiver passado, devemos caminhar para as sa\u00eddas de emerg\u00eancia\u201d.<\/p>\n<p style=\"text-align: justify;\"><strong>As consequ\u00eancias do Sismo no Barreiro\u00a0 <\/strong><\/p>\n<p style=\"text-align: justify;\">O t\u00e9cnico Fernando Mota apresentou as consequ\u00eancias do sismo de 1755, no Barreiro.<\/p>\n<p style=\"text-align: justify;\">Tendo como fonte as mem\u00f3rias paroquiais, informou que o n\u00famero de pessoas mortas foi de apenas seis (quatro por desabamento de edif\u00edcios e dois por afogamento). Este n\u00famero n\u00e3o foi elevado devido ao facto de, segundo Fernando Mota, as casas serem de constru\u00e7\u00e3o simples (telhado de palha e tijolo de barro).<\/p>\n<p style=\"text-align: justify;\">Atrav\u00e9s de imagens e fotos projetadas exp\u00f4s v\u00e1rios edif\u00edcios que ru\u00edram, como por exemplo o Moinho de Mar\u00e9 da Verderena, a Ermida de S. Sebasti\u00e3o, a Igreja de Nossa Senhora do Ros\u00e1rio a antiga Feitoria da Telha, o Moinho de Mar\u00e9 de Palhais e a Igreja Matriz de Coina (ruina existente ainda hoje).<\/p>\n<p style=\"text-align: justify;\">De referir que a exposi\u00e7\u00e3o \u201cO Sismo de 1755. Set\u00fabal e Barreiro\u201d<strong> <\/strong>resulta de uma parceria entre o Munic\u00edpio, o Museu de Arqueologia e Etnografia do Distrito de Set\u00fabal (MAEDS) e o Comando Distrital de Opera\u00e7\u00f5es de Socorro.<\/p>\n<p style=\"text-align: justify;\">A mostra \u00e9 composta por diversos materiais arqueol\u00f3gicos provenientes das escava\u00e7\u00f5es realizadas pelo MAEDS, em Set\u00fabal. Na Rua \u00c1lvaro Castel\u00f5es foram encontradas moedas, faian\u00e7as calcinadas de um inc\u00eandio e no Largo Ant\u00f3nio Joaquim Correia encontraram porcelana chinesa, faian\u00e7as, um cachimbo em caulinite, pe\u00e7as de vidro (provenientes da Real F\u00e1brica de Vidros de Coina).<\/p>\n<p style=\"text-align: justify;\">Est\u00e3o, igualmente, expostos imagens de pain\u00e9is de azulejos da \u00e9poca alusivos a diversos santos, entre eles, S. Mar\u00e7al &#8211; santo padroeiro dos bombeiros para prote\u00e7\u00e3o divina as casas.<\/p>\n<p style=\"text-align: justify;\">A visitar at\u00e9 30 de novembro, na Biblioteca Municipal do Barreiro.<\/p>\n<p style=\"text-align: justify;\"><strong>CMB 2012-11-27<\/strong><\/p>\n","protected":false},"excerpt":{"rendered":"<p>Paula Almeida do Comando Distrital de Opera\u00e7\u00f5es de Socorro \u2013 CDOS \u2013 Set\u00fabal, e Fernando Mota, t\u00e9cnico do Arquivo Municipal, conduziram uma palestra para duas turmas do 6\u00ba ano, da Escola Secund\u00e1ria Alfredo da Silva. Esta iniciativa teve lugar no \u00e2mbito da exposi\u00e7\u00e3o \u201cO Sismo de 1755. Set\u00fabal e Barreiro\u201d patente ao p\u00fablico na Biblioteca [&hellip;]<\/p>\n","protected":false},"author":1,"featured_media":8345,"comment_status":"open","ping_status":"open","sticky":false,"template":"","format":"standard","meta":{"footnotes":""},"categories":[32,3],"tags":[41],"class_list":["post-8344","post","type-post","status-publish","format-standard","has-post-thumbnail","hentry","category-destaque","category-eventos","tag-barreiro","last_archivepost"],"yoast_head":"<!-- This site is optimized with the Yoast SEO plugin v27.1.1 - https:\/\/yoast.com\/product\/yoast-seo-wordpress\/ -->\n<title>Alunos aprendem comportamentos em cen\u00e1rio de cat\u00e1strofe - barreiroweb<\/title>\n<meta name=\"robots\" content=\"index, follow, max-snippet:-1, max-image-preview:large, max-video-preview:-1\" \/>\n<link rel=\"canonical\" href=\"https:\/\/arquivo.barreiroweb.net\/?p=8344\" \/>\n<meta property=\"og:locale\" content=\"pt_PT\" \/>\n<meta property=\"og:type\" content=\"article\" \/>\n<meta property=\"og:title\" content=\"Alunos aprendem comportamentos em cen\u00e1rio de cat\u00e1strofe - barreiroweb\" \/>\n<meta property=\"og:description\" content=\"Paula Almeida do Comando Distrital de Opera\u00e7\u00f5es de Socorro \u2013 CDOS \u2013 Set\u00fabal, e Fernando Mota, t\u00e9cnico do Arquivo Municipal, conduziram uma palestra para duas turmas do 6\u00ba ano, da Escola Secund\u00e1ria Alfredo da Silva. Esta iniciativa teve lugar no \u00e2mbito da exposi\u00e7\u00e3o \u201cO Sismo de 1755. Set\u00fabal e Barreiro\u201d patente ao p\u00fablico na Biblioteca [&hellip;]\" \/>\n<meta property=\"og:url\" content=\"https:\/\/arquivo.barreiroweb.net\/?p=8344\" \/>\n<meta property=\"og:site_name\" content=\"barreiroweb\" \/>\n<meta property=\"article:publisher\" content=\"https:\/\/www.facebook.com\/barreiroweb\" \/>\n<meta property=\"article:published_time\" content=\"2012-11-27T22:09:59+00:00\" \/>\n<meta property=\"og:image\" content=\"https:\/\/arquivo.barreiroweb.net\/wp-content\/uploads\/2012\/11\/4.jpg\" \/>\n\t<meta property=\"og:image:width\" content=\"314\" \/>\n\t<meta property=\"og:image:height\" content=\"204\" \/>\n\t<meta property=\"og:image:type\" content=\"image\/jpeg\" \/>\n<meta name=\"author\" content=\"barreiroweb\" \/>\n<meta name=\"twitter:card\" content=\"summary_large_image\" \/>\n<meta name=\"twitter:creator\" content=\"@barreiroweb\" \/>\n<meta name=\"twitter:site\" content=\"@barreiroweb\" \/>\n<meta name=\"twitter:label1\" content=\"Escrito por\" \/>\n\t<meta name=\"twitter:data1\" content=\"barreiroweb\" \/>\n\t<meta name=\"twitter:label2\" content=\"Tempo estimado de leitura\" \/>\n\t<meta name=\"twitter:data2\" content=\"5 minutos\" \/>\n<script type=\"application\/ld+json\" class=\"yoast-schema-graph\">{\"@context\":\"https:\/\/schema.org\",\"@graph\":[{\"@type\":\"Article\",\"@id\":\"https:\/\/arquivo.barreiroweb.net\/?p=8344#article\",\"isPartOf\":{\"@id\":\"https:\/\/arquivo.barreiroweb.net\/?p=8344\"},\"author\":{\"name\":\"barreiroweb\",\"@id\":\"https:\/\/arquivo.barreiroweb.net\/#\/schema\/person\/44b6d528aff975e3786c9f475f9df2dd\"},\"headline\":\"Alunos aprendem comportamentos em cen\u00e1rio de cat\u00e1strofe\",\"datePublished\":\"2012-11-27T22:09:59+00:00\",\"mainEntityOfPage\":{\"@id\":\"https:\/\/arquivo.barreiroweb.net\/?p=8344\"},\"wordCount\":913,\"commentCount\":0,\"publisher\":{\"@id\":\"https:\/\/arquivo.barreiroweb.net\/#organization\"},\"image\":{\"@id\":\"https:\/\/arquivo.barreiroweb.net\/?p=8344#primaryimage\"},\"thumbnailUrl\":\"https:\/\/arquivo.barreiroweb.net\/wp-content\/uploads\/2012\/11\/4.jpg\",\"keywords\":[\"barreiro\"],\"articleSection\":[\"Destaque\",\"Eventos\"],\"inLanguage\":\"pt-PT\",\"potentialAction\":[{\"@type\":\"CommentAction\",\"name\":\"Comment\",\"target\":[\"https:\/\/arquivo.barreiroweb.net\/?p=8344#respond\"]}]},{\"@type\":\"WebPage\",\"@id\":\"https:\/\/arquivo.barreiroweb.net\/?p=8344\",\"url\":\"https:\/\/arquivo.barreiroweb.net\/?p=8344\",\"name\":\"Alunos aprendem comportamentos em cen\u00e1rio de cat\u00e1strofe - barreiroweb\",\"isPartOf\":{\"@id\":\"https:\/\/arquivo.barreiroweb.net\/#website\"},\"primaryImageOfPage\":{\"@id\":\"https:\/\/arquivo.barreiroweb.net\/?p=8344#primaryimage\"},\"image\":{\"@id\":\"https:\/\/arquivo.barreiroweb.net\/?p=8344#primaryimage\"},\"thumbnailUrl\":\"https:\/\/arquivo.barreiroweb.net\/wp-content\/uploads\/2012\/11\/4.jpg\",\"datePublished\":\"2012-11-27T22:09:59+00:00\",\"breadcrumb\":{\"@id\":\"https:\/\/arquivo.barreiroweb.net\/?p=8344#breadcrumb\"},\"inLanguage\":\"pt-PT\",\"potentialAction\":[{\"@type\":\"ReadAction\",\"target\":[\"https:\/\/arquivo.barreiroweb.net\/?p=8344\"]}]},{\"@type\":\"ImageObject\",\"inLanguage\":\"pt-PT\",\"@id\":\"https:\/\/arquivo.barreiroweb.net\/?p=8344#primaryimage\",\"url\":\"https:\/\/arquivo.barreiroweb.net\/wp-content\/uploads\/2012\/11\/4.jpg\",\"contentUrl\":\"https:\/\/arquivo.barreiroweb.net\/wp-content\/uploads\/2012\/11\/4.jpg\",\"width\":\"314\",\"height\":\"204\"},{\"@type\":\"BreadcrumbList\",\"@id\":\"https:\/\/arquivo.barreiroweb.net\/?p=8344#breadcrumb\",\"itemListElement\":[{\"@type\":\"ListItem\",\"position\":1,\"name\":\"In\u00edcio\",\"item\":\"https:\/\/arquivo.barreiroweb.net\/\"},{\"@type\":\"ListItem\",\"position\":2,\"name\":\"Alunos aprendem comportamentos em cen\u00e1rio de cat\u00e1strofe\"}]},{\"@type\":\"WebSite\",\"@id\":\"https:\/\/arquivo.barreiroweb.net\/#website\",\"url\":\"https:\/\/arquivo.barreiroweb.net\/\",\"name\":\"barreiroweb\",\"description\":\"Barreiroweb o barreiro na web\",\"publisher\":{\"@id\":\"https:\/\/arquivo.barreiroweb.net\/#organization\"},\"potentialAction\":[{\"@type\":\"SearchAction\",\"target\":{\"@type\":\"EntryPoint\",\"urlTemplate\":\"https:\/\/arquivo.barreiroweb.net\/?s={search_term_string}\"},\"query-input\":{\"@type\":\"PropertyValueSpecification\",\"valueRequired\":true,\"valueName\":\"search_term_string\"}}],\"inLanguage\":\"pt-PT\"},{\"@type\":\"Organization\",\"@id\":\"https:\/\/arquivo.barreiroweb.net\/#organization\",\"name\":\"barreiroweb\",\"url\":\"https:\/\/arquivo.barreiroweb.net\/\",\"logo\":{\"@type\":\"ImageObject\",\"inLanguage\":\"pt-PT\",\"@id\":\"https:\/\/arquivo.barreiroweb.net\/#\/schema\/logo\/image\/\",\"url\":\"https:\/\/barreiroweb.net\/wp-content\/uploads\/2022\/05\/BarreiroWeb555.jpg\",\"contentUrl\":\"https:\/\/barreiroweb.net\/wp-content\/uploads\/2022\/05\/BarreiroWeb555.jpg\",\"width\":421,\"height\":415,\"caption\":\"barreiroweb\"},\"image\":{\"@id\":\"https:\/\/arquivo.barreiroweb.net\/#\/schema\/logo\/image\/\"},\"sameAs\":[\"https:\/\/www.facebook.com\/barreiroweb\",\"https:\/\/x.com\/barreiroweb\"]},{\"@type\":\"Person\",\"@id\":\"https:\/\/arquivo.barreiroweb.net\/#\/schema\/person\/44b6d528aff975e3786c9f475f9df2dd\",\"name\":\"barreiroweb\",\"image\":{\"@type\":\"ImageObject\",\"inLanguage\":\"pt-PT\",\"@id\":\"https:\/\/arquivo.barreiroweb.net\/#\/schema\/person\/image\/\",\"url\":\"https:\/\/secure.gravatar.com\/avatar\/1f764b917967430404ff0b452044eb63a25d64a5363b25be2aa42273930f477d?s=96&d=mm&r=g\",\"contentUrl\":\"https:\/\/secure.gravatar.com\/avatar\/1f764b917967430404ff0b452044eb63a25d64a5363b25be2aa42273930f477d?s=96&d=mm&r=g\",\"caption\":\"barreiroweb\"},\"url\":\"https:\/\/arquivo.barreiroweb.net\/?author=1\"}]}<\/script>\n<!-- \/ Yoast SEO plugin. -->","yoast_head_json":{"title":"Alunos aprendem comportamentos em cen\u00e1rio de cat\u00e1strofe - barreiroweb","robots":{"index":"index","follow":"follow","max-snippet":"max-snippet:-1","max-image-preview":"max-image-preview:large","max-video-preview":"max-video-preview:-1"},"canonical":"https:\/\/arquivo.barreiroweb.net\/?p=8344","og_locale":"pt_PT","og_type":"article","og_title":"Alunos aprendem comportamentos em cen\u00e1rio de cat\u00e1strofe - barreiroweb","og_description":"Paula Almeida do Comando Distrital de Opera\u00e7\u00f5es de Socorro \u2013 CDOS \u2013 Set\u00fabal, e Fernando Mota, t\u00e9cnico do Arquivo Municipal, conduziram uma palestra para duas turmas do 6\u00ba ano, da Escola Secund\u00e1ria Alfredo da Silva. Esta iniciativa teve lugar no \u00e2mbito da exposi\u00e7\u00e3o \u201cO Sismo de 1755. Set\u00fabal e Barreiro\u201d patente ao p\u00fablico na Biblioteca [&hellip;]","og_url":"https:\/\/arquivo.barreiroweb.net\/?p=8344","og_site_name":"barreiroweb","article_publisher":"https:\/\/www.facebook.com\/barreiroweb","article_published_time":"2012-11-27T22:09:59+00:00","og_image":[{"width":314,"height":204,"url":"https:\/\/arquivo.barreiroweb.net\/wp-content\/uploads\/2012\/11\/4.jpg","type":"image\/jpeg"}],"author":"barreiroweb","twitter_card":"summary_large_image","twitter_creator":"@barreiroweb","twitter_site":"@barreiroweb","twitter_misc":{"Escrito por":"barreiroweb","Tempo estimado de leitura":"5 minutos"},"schema":{"@context":"https:\/\/schema.org","@graph":[{"@type":"Article","@id":"https:\/\/arquivo.barreiroweb.net\/?p=8344#article","isPartOf":{"@id":"https:\/\/arquivo.barreiroweb.net\/?p=8344"},"author":{"name":"barreiroweb","@id":"https:\/\/arquivo.barreiroweb.net\/#\/schema\/person\/44b6d528aff975e3786c9f475f9df2dd"},"headline":"Alunos aprendem comportamentos em cen\u00e1rio de cat\u00e1strofe","datePublished":"2012-11-27T22:09:59+00:00","mainEntityOfPage":{"@id":"https:\/\/arquivo.barreiroweb.net\/?p=8344"},"wordCount":913,"commentCount":0,"publisher":{"@id":"https:\/\/arquivo.barreiroweb.net\/#organization"},"image":{"@id":"https:\/\/arquivo.barreiroweb.net\/?p=8344#primaryimage"},"thumbnailUrl":"https:\/\/arquivo.barreiroweb.net\/wp-content\/uploads\/2012\/11\/4.jpg","keywords":["barreiro"],"articleSection":["Destaque","Eventos"],"inLanguage":"pt-PT","potentialAction":[{"@type":"CommentAction","name":"Comment","target":["https:\/\/arquivo.barreiroweb.net\/?p=8344#respond"]}]},{"@type":"WebPage","@id":"https:\/\/arquivo.barreiroweb.net\/?p=8344","url":"https:\/\/arquivo.barreiroweb.net\/?p=8344","name":"Alunos aprendem comportamentos em cen\u00e1rio de cat\u00e1strofe - barreiroweb","isPartOf":{"@id":"https:\/\/arquivo.barreiroweb.net\/#website"},"primaryImageOfPage":{"@id":"https:\/\/arquivo.barreiroweb.net\/?p=8344#primaryimage"},"image":{"@id":"https:\/\/arquivo.barreiroweb.net\/?p=8344#primaryimage"},"thumbnailUrl":"https:\/\/arquivo.barreiroweb.net\/wp-content\/uploads\/2012\/11\/4.jpg","datePublished":"2012-11-27T22:09:59+00:00","breadcrumb":{"@id":"https:\/\/arquivo.barreiroweb.net\/?p=8344#breadcrumb"},"inLanguage":"pt-PT","potentialAction":[{"@type":"ReadAction","target":["https:\/\/arquivo.barreiroweb.net\/?p=8344"]}]},{"@type":"ImageObject","inLanguage":"pt-PT","@id":"https:\/\/arquivo.barreiroweb.net\/?p=8344#primaryimage","url":"https:\/\/arquivo.barreiroweb.net\/wp-content\/uploads\/2012\/11\/4.jpg","contentUrl":"https:\/\/arquivo.barreiroweb.net\/wp-content\/uploads\/2012\/11\/4.jpg","width":"314","height":"204"},{"@type":"BreadcrumbList","@id":"https:\/\/arquivo.barreiroweb.net\/?p=8344#breadcrumb","itemListElement":[{"@type":"ListItem","position":1,"name":"In\u00edcio","item":"https:\/\/arquivo.barreiroweb.net\/"},{"@type":"ListItem","position":2,"name":"Alunos aprendem comportamentos em cen\u00e1rio de cat\u00e1strofe"}]},{"@type":"WebSite","@id":"https:\/\/arquivo.barreiroweb.net\/#website","url":"https:\/\/arquivo.barreiroweb.net\/","name":"barreiroweb","description":"Barreiroweb o barreiro na web","publisher":{"@id":"https:\/\/arquivo.barreiroweb.net\/#organization"},"potentialAction":[{"@type":"SearchAction","target":{"@type":"EntryPoint","urlTemplate":"https:\/\/arquivo.barreiroweb.net\/?s={search_term_string}"},"query-input":{"@type":"PropertyValueSpecification","valueRequired":true,"valueName":"search_term_string"}}],"inLanguage":"pt-PT"},{"@type":"Organization","@id":"https:\/\/arquivo.barreiroweb.net\/#organization","name":"barreiroweb","url":"https:\/\/arquivo.barreiroweb.net\/","logo":{"@type":"ImageObject","inLanguage":"pt-PT","@id":"https:\/\/arquivo.barreiroweb.net\/#\/schema\/logo\/image\/","url":"https:\/\/barreiroweb.net\/wp-content\/uploads\/2022\/05\/BarreiroWeb555.jpg","contentUrl":"https:\/\/barreiroweb.net\/wp-content\/uploads\/2022\/05\/BarreiroWeb555.jpg","width":421,"height":415,"caption":"barreiroweb"},"image":{"@id":"https:\/\/arquivo.barreiroweb.net\/#\/schema\/logo\/image\/"},"sameAs":["https:\/\/www.facebook.com\/barreiroweb","https:\/\/x.com\/barreiroweb"]},{"@type":"Person","@id":"https:\/\/arquivo.barreiroweb.net\/#\/schema\/person\/44b6d528aff975e3786c9f475f9df2dd","name":"barreiroweb","image":{"@type":"ImageObject","inLanguage":"pt-PT","@id":"https:\/\/arquivo.barreiroweb.net\/#\/schema\/person\/image\/","url":"https:\/\/secure.gravatar.com\/avatar\/1f764b917967430404ff0b452044eb63a25d64a5363b25be2aa42273930f477d?s=96&d=mm&r=g","contentUrl":"https:\/\/secure.gravatar.com\/avatar\/1f764b917967430404ff0b452044eb63a25d64a5363b25be2aa42273930f477d?s=96&d=mm&r=g","caption":"barreiroweb"},"url":"https:\/\/arquivo.barreiroweb.net\/?author=1"}]}},"_links":{"self":[{"href":"https:\/\/arquivo.barreiroweb.net\/index.php?rest_route=\/wp\/v2\/posts\/8344","targetHints":{"allow":["GET"]}}],"collection":[{"href":"https:\/\/arquivo.barreiroweb.net\/index.php?rest_route=\/wp\/v2\/posts"}],"about":[{"href":"https:\/\/arquivo.barreiroweb.net\/index.php?rest_route=\/wp\/v2\/types\/post"}],"author":[{"embeddable":true,"href":"https:\/\/arquivo.barreiroweb.net\/index.php?rest_route=\/wp\/v2\/users\/1"}],"replies":[{"embeddable":true,"href":"https:\/\/arquivo.barreiroweb.net\/index.php?rest_route=%2Fwp%2Fv2%2Fcomments&post=8344"}],"version-history":[{"count":2,"href":"https:\/\/arquivo.barreiroweb.net\/index.php?rest_route=\/wp\/v2\/posts\/8344\/revisions"}],"predecessor-version":[{"id":8347,"href":"https:\/\/arquivo.barreiroweb.net\/index.php?rest_route=\/wp\/v2\/posts\/8344\/revisions\/8347"}],"wp:featuredmedia":[{"embeddable":true,"href":"https:\/\/arquivo.barreiroweb.net\/index.php?rest_route=\/wp\/v2\/media\/8345"}],"wp:attachment":[{"href":"https:\/\/arquivo.barreiroweb.net\/index.php?rest_route=%2Fwp%2Fv2%2Fmedia&parent=8344"}],"wp:term":[{"taxonomy":"category","embeddable":true,"href":"https:\/\/arquivo.barreiroweb.net\/index.php?rest_route=%2Fwp%2Fv2%2Fcategories&post=8344"},{"taxonomy":"post_tag","embeddable":true,"href":"https:\/\/arquivo.barreiroweb.net\/index.php?rest_route=%2Fwp%2Fv2%2Ftags&post=8344"}],"curies":[{"name":"wp","href":"https:\/\/api.w.org\/{rel}","templated":true}]}}