{"id":8175,"date":"2012-10-11T00:44:22","date_gmt":"2012-10-10T23:44:22","guid":{"rendered":"http:\/\/barreiroweb.eu\/?p=8175"},"modified":"2012-10-11T00:44:22","modified_gmt":"2012-10-10T23:44:22","slug":"alberto-chaica-apadrinha-meia-maratona-ribeirinha-da-moita","status":"publish","type":"post","link":"https:\/\/arquivo.barreiroweb.net\/?p=8175","title":{"rendered":"Alberto Chai\u00e7a apadrinha Meia Maratona Ribeirinha da Moita"},"content":{"rendered":"<p style=\"text-align: justify;\"><a href=\"http:\/\/barreiroweb.eu\/wp-content\/uploads\/2012\/10\/cartaz-meia-maratona.jpg\" rel=\"lightbox[8175]\"><img loading=\"lazy\" decoding=\"async\" class=\"alignleft size-medium wp-image-8176\" title=\"cartaz meia maratona\" src=\"http:\/\/barreiroweb.eu\/wp-content\/uploads\/2012\/10\/cartaz-meia-maratona-212x300.jpg\" alt=\"\" width=\"212\" height=\"300\" srcset=\"https:\/\/arquivo.barreiroweb.net\/wp-content\/uploads\/2012\/10\/cartaz-meia-maratona-212x300.jpg 212w, https:\/\/arquivo.barreiroweb.net\/wp-content\/uploads\/2012\/10\/cartaz-meia-maratona.jpg 222w\" sizes=\"auto, (max-width: 212px) 100vw, 212px\" \/><\/a>O atleta Alberto Cha\u00ed\u00e7a vai ser o padrinho da <strong>15\u00aa Meia Maratona Ribeirinha<\/strong>, o maior evento desportivo do concelho da Moita. O atleta ol\u00edmpico vai dar o tiro de partida da prova que decorre no dia <strong>14 de outubro<\/strong>, \u00e0s <strong>10:30h<\/strong>, na <strong>Marginal da Moita<\/strong>.<\/p>\n<p style=\"text-align: justify;\">Organiza\u00e7\u00e3o conjunta da C\u00e2mara Municipal da Moita, do Centro de Atletismo da Baixa da Banheira, do Clube Amigos do Atletismo da Moita, do Clube Recreativo do Penteado e do Grupo Desportivo da Fonte da Prata, a 15\u00aa edi\u00e7\u00e3o da Meia Maratona conta com um percurso de 21.097mt, aferido oficialmente pela Federa\u00e7\u00e3o Portuguesa de Atletismo \u2013 Comiss\u00e3o Nacional de Estrada e Corta Mato. Esta prova passa por quase todas as freguesias do concelho.<\/p>\n<p style=\"text-align: justify;\">Em paralelo, vai decorrer a 12\u00aa Mini\/Caminhada Ribeirinha da Moita que ter\u00e1 um percurso de aproximadamente 7.000mt e est\u00e1 aberta a todos aqueles que queiram fazer um pouco de exerc\u00edcio, num domingo de manh\u00e3.<\/p>\n<p style=\"text-align: justify;\">As inscri\u00e7\u00f5es continuam abertas, embora limitadas a 800 atletas para a Meia Maratona e a 1000 atletas para a Mini\/Caminhada. Dever\u00e3o ser efetuadas em <a href=\"http:\/\/mm.cabb.pt\/\">http:\/\/mm.cabb.pt\/<\/a>, atrav\u00e9s do e-mail <a href=\"mailto:cabb@cabb.pt\">cabb@cabb.pt<\/a>, dos Tel.\/Fax.: 21 204 06 53 ou enviadas para o Centro de Atletismo da Baixa da Banheira, Rua Fernando Pessoa, n\u00ba15, 2835-120 \u2013 Baixa da Banheira. At\u00e9 ao dia 12 de outubro, o pre\u00e7o das inscri\u00e7\u00f5es \u00e9 de 5 euros para participar na Meia Maratona e de 4 euros para a Mini Maratona\/Caminhada. Findo este prazo, as inscri\u00e7\u00f5es passam para 10 euros, para a 15\u00aa Meia Maratona Ribeirinha, e 6 euros, para a 12\u00aa Mini Maratona\/Caminhada.<\/p>\n<p style=\"text-align: justify;\">Suspens\u00e3o de tr\u00e2nsito no concelho da Moita<\/p>\n<p style=\"text-align: justify;\">Devido \u00e0 realiza\u00e7\u00e3o das duas iniciativas, no dia 14 de outubro, a partir das 7:00h e at\u00e9 \u00e0s 15:00h, o tr\u00e2nsito estar\u00e1 suspenso nas seguintes art\u00e9rias:<\/p>\n<p style=\"text-align: justify;\">15\u00aa Meia Maratona Ribeirinha Moita \u2013 2012: Avenida Marginal, Rua Santos e Silva, Rua da Classe Oper\u00e1ria, Ex. EN 11.1, Av. Luis de Cam\u00f5es, Rua Joly Braga Santos, Rua Jorge Peixinho, Passagem Superior Vale Grou, Avenida 1\u00ba de Maio, Rua do Uni\u00e3o, Rua Catarina Euf\u00e9mia, Rua das Flores, Avenida da Liberdade, Av. Jos\u00e9 Gomes Ferreira, Rua 1\u00ba de Maio, Rua Henrique Galv\u00e3o, Rua Artur Paiva, Rua Camilo Castelo Branco, Largo J\u00falio Dinis, Rua Padre Ant\u00f3nio Vieira, Rua da Escola Prim\u00e1ria, EN 11.2, Largo Conde Ferreira, Rua Miguel Bombarda, Pra\u00e7a da Rep\u00fablica, Rua Machado Santos, Largo da Igreja, Largo Soeiro Pereira Gomes, Largo Capit\u00e3o Mor, Rua dos Mar\u00edtimos, Estrada Municipal 506, Rua Alexandre Herculano, Rua Luis de Cam\u00f5es, Rua 1\u00ba de Maio, C.M. 1120, Rua 1\u00ba de Maio, Rua Luis de Cam\u00f5es, C.M. 505, Rua S. Sebasti\u00e3o e Rua Silva Evaristo.<\/p>\n<p style=\"text-align: justify;\">12\u00aa Mini \u2013 Ribeirinha Moita 2012: Avenida Marginal, Largo Conde Ferreira, Rua Miguel Bombarda, Pra\u00e7a da Rep\u00fablica, Rua Machado Santos, Largo Soeiro Pereira Gomes, Largo Capit\u00e3o Mor, Ex E.N. 11.1, Rua dos Mar\u00edtimos, Estrada Municipal 506, Rua Luis de Cam\u00f5es, Rua E\u00e7a de Queiroz, Travessa do Mar e Rua 5 de Outubro.<\/p>\n<p style=\"text-align: justify;\">Tamb\u00e9m no dia 13 de outubro, entre as 14:00h e as 18:00h, o tr\u00e2nsito estar\u00e1 suspenso na Avenida Marginal entre o Largo Conde Ferreira e o acesso ao lar de idosos. Ainda no dia 13 de outubro, a partir das 22:00h, com fim previsto para as 15:00h do dia 14 de Outubro, o estacionamento ser\u00e1 proibido, sujeito a reboque, nas seguintes art\u00e9rias:<\/p>\n<p style=\"text-align: justify;\">Freguesia da Moita: Avenida Marginal, Rua Miguel Bombarda, Largo Conde Ferreira, Rua Silva Evaristo, Pra\u00e7a da Republica, Rua Machado Santos, Largo da Igreja, Largo Capit\u00e3o Mor, Largo Soeiro Pereira Gomes, Avenida Te\u00f3filo Braga, Rua dos Mar\u00edtimos e Rua 5 de Outubro.<\/p>\n<p style=\"text-align: justify;\">Freguesia da Baixa da Banheira: Rua das Flores, Avenida da Liberdade e Avenida Jos\u00e9 Gomes Ferreira<\/p>\n<p style=\"text-align: justify;\">C\u00e2mara Municipal da Moita<\/p>\n","protected":false},"excerpt":{"rendered":"<p>O atleta Alberto Cha\u00ed\u00e7a vai ser o padrinho da 15\u00aa Meia Maratona Ribeirinha, o maior evento desportivo do concelho da Moita. O atleta ol\u00edmpico vai dar o tiro de partida da prova que decorre no dia 14 de outubro, \u00e0s 10:30h, na Marginal da Moita. Organiza\u00e7\u00e3o conjunta da C\u00e2mara Municipal da Moita, do Centro de [&hellip;]<\/p>\n","protected":false},"author":1,"featured_media":8176,"comment_status":"open","ping_status":"open","sticky":false,"template":"","format":"standard","meta":{"footnotes":""},"categories":[12,32],"tags":[37],"class_list":["post-8175","post","type-post","status-publish","format-standard","has-post-thumbnail","hentry","category-desporto","category-destaque","tag-moita","last_archivepost"],"yoast_head":"<!-- This site is optimized with the Yoast SEO plugin v27.1.1 - https:\/\/yoast.com\/product\/yoast-seo-wordpress\/ -->\n<title>Alberto Chai\u00e7a apadrinha Meia Maratona Ribeirinha da Moita  - barreiroweb<\/title>\n<meta name=\"robots\" content=\"index, follow, max-snippet:-1, max-image-preview:large, max-video-preview:-1\" \/>\n<link rel=\"canonical\" href=\"https:\/\/arquivo.barreiroweb.net\/?p=8175\" \/>\n<meta property=\"og:locale\" content=\"pt_PT\" \/>\n<meta property=\"og:type\" content=\"article\" \/>\n<meta property=\"og:title\" content=\"Alberto Chai\u00e7a apadrinha Meia Maratona Ribeirinha da Moita  - barreiroweb\" \/>\n<meta property=\"og:description\" content=\"O atleta Alberto Cha\u00ed\u00e7a vai ser o padrinho da 15\u00aa Meia Maratona Ribeirinha, o maior evento desportivo do concelho da Moita. O atleta ol\u00edmpico vai dar o tiro de partida da prova que decorre no dia 14 de outubro, \u00e0s 10:30h, na Marginal da Moita. Organiza\u00e7\u00e3o conjunta da C\u00e2mara Municipal da Moita, do Centro de [&hellip;]\" \/>\n<meta property=\"og:url\" content=\"https:\/\/arquivo.barreiroweb.net\/?p=8175\" \/>\n<meta property=\"og:site_name\" content=\"barreiroweb\" \/>\n<meta property=\"article:publisher\" content=\"https:\/\/www.facebook.com\/barreiroweb\" \/>\n<meta property=\"article:published_time\" content=\"2012-10-10T23:44:22+00:00\" \/>\n<meta property=\"og:image\" content=\"https:\/\/arquivo.barreiroweb.net\/wp-content\/uploads\/2012\/10\/cartaz-meia-maratona.jpg\" \/>\n\t<meta property=\"og:image:width\" content=\"222\" \/>\n\t<meta property=\"og:image:height\" content=\"314\" \/>\n\t<meta property=\"og:image:type\" content=\"image\/jpeg\" \/>\n<meta name=\"author\" content=\"barreiroweb\" \/>\n<meta name=\"twitter:card\" content=\"summary_large_image\" \/>\n<meta name=\"twitter:creator\" content=\"@barreiroweb\" \/>\n<meta name=\"twitter:site\" content=\"@barreiroweb\" \/>\n<meta name=\"twitter:label1\" content=\"Escrito por\" \/>\n\t<meta name=\"twitter:data1\" content=\"barreiroweb\" \/>\n\t<meta name=\"twitter:label2\" content=\"Tempo estimado de leitura\" \/>\n\t<meta name=\"twitter:data2\" content=\"3 minutos\" \/>\n<script type=\"application\/ld+json\" class=\"yoast-schema-graph\">{\"@context\":\"https:\/\/schema.org\",\"@graph\":[{\"@type\":\"Article\",\"@id\":\"https:\/\/arquivo.barreiroweb.net\/?p=8175#article\",\"isPartOf\":{\"@id\":\"https:\/\/arquivo.barreiroweb.net\/?p=8175\"},\"author\":{\"name\":\"barreiroweb\",\"@id\":\"https:\/\/arquivo.barreiroweb.net\/#\/schema\/person\/44b6d528aff975e3786c9f475f9df2dd\"},\"headline\":\"Alberto Chai\u00e7a apadrinha Meia Maratona Ribeirinha da Moita\",\"datePublished\":\"2012-10-10T23:44:22+00:00\",\"mainEntityOfPage\":{\"@id\":\"https:\/\/arquivo.barreiroweb.net\/?p=8175\"},\"wordCount\":630,\"commentCount\":0,\"publisher\":{\"@id\":\"https:\/\/arquivo.barreiroweb.net\/#organization\"},\"image\":{\"@id\":\"https:\/\/arquivo.barreiroweb.net\/?p=8175#primaryimage\"},\"thumbnailUrl\":\"https:\/\/arquivo.barreiroweb.net\/wp-content\/uploads\/2012\/10\/cartaz-meia-maratona.jpg\",\"keywords\":[\"moita\"],\"articleSection\":[\"Desporto\",\"Destaque\"],\"inLanguage\":\"pt-PT\",\"potentialAction\":[{\"@type\":\"CommentAction\",\"name\":\"Comment\",\"target\":[\"https:\/\/arquivo.barreiroweb.net\/?p=8175#respond\"]}]},{\"@type\":\"WebPage\",\"@id\":\"https:\/\/arquivo.barreiroweb.net\/?p=8175\",\"url\":\"https:\/\/arquivo.barreiroweb.net\/?p=8175\",\"name\":\"Alberto Chai\u00e7a apadrinha Meia Maratona Ribeirinha da Moita - barreiroweb\",\"isPartOf\":{\"@id\":\"https:\/\/arquivo.barreiroweb.net\/#website\"},\"primaryImageOfPage\":{\"@id\":\"https:\/\/arquivo.barreiroweb.net\/?p=8175#primaryimage\"},\"image\":{\"@id\":\"https:\/\/arquivo.barreiroweb.net\/?p=8175#primaryimage\"},\"thumbnailUrl\":\"https:\/\/arquivo.barreiroweb.net\/wp-content\/uploads\/2012\/10\/cartaz-meia-maratona.jpg\",\"datePublished\":\"2012-10-10T23:44:22+00:00\",\"breadcrumb\":{\"@id\":\"https:\/\/arquivo.barreiroweb.net\/?p=8175#breadcrumb\"},\"inLanguage\":\"pt-PT\",\"potentialAction\":[{\"@type\":\"ReadAction\",\"target\":[\"https:\/\/arquivo.barreiroweb.net\/?p=8175\"]}]},{\"@type\":\"ImageObject\",\"inLanguage\":\"pt-PT\",\"@id\":\"https:\/\/arquivo.barreiroweb.net\/?p=8175#primaryimage\",\"url\":\"https:\/\/arquivo.barreiroweb.net\/wp-content\/uploads\/2012\/10\/cartaz-meia-maratona.jpg\",\"contentUrl\":\"https:\/\/arquivo.barreiroweb.net\/wp-content\/uploads\/2012\/10\/cartaz-meia-maratona.jpg\",\"width\":\"222\",\"height\":\"314\"},{\"@type\":\"BreadcrumbList\",\"@id\":\"https:\/\/arquivo.barreiroweb.net\/?p=8175#breadcrumb\",\"itemListElement\":[{\"@type\":\"ListItem\",\"position\":1,\"name\":\"In\u00edcio\",\"item\":\"https:\/\/arquivo.barreiroweb.net\/\"},{\"@type\":\"ListItem\",\"position\":2,\"name\":\"Alberto Chai\u00e7a apadrinha Meia Maratona Ribeirinha da Moita\"}]},{\"@type\":\"WebSite\",\"@id\":\"https:\/\/arquivo.barreiroweb.net\/#website\",\"url\":\"https:\/\/arquivo.barreiroweb.net\/\",\"name\":\"barreiroweb\",\"description\":\"Barreiroweb o barreiro na web\",\"publisher\":{\"@id\":\"https:\/\/arquivo.barreiroweb.net\/#organization\"},\"potentialAction\":[{\"@type\":\"SearchAction\",\"target\":{\"@type\":\"EntryPoint\",\"urlTemplate\":\"https:\/\/arquivo.barreiroweb.net\/?s={search_term_string}\"},\"query-input\":{\"@type\":\"PropertyValueSpecification\",\"valueRequired\":true,\"valueName\":\"search_term_string\"}}],\"inLanguage\":\"pt-PT\"},{\"@type\":\"Organization\",\"@id\":\"https:\/\/arquivo.barreiroweb.net\/#organization\",\"name\":\"barreiroweb\",\"url\":\"https:\/\/arquivo.barreiroweb.net\/\",\"logo\":{\"@type\":\"ImageObject\",\"inLanguage\":\"pt-PT\",\"@id\":\"https:\/\/arquivo.barreiroweb.net\/#\/schema\/logo\/image\/\",\"url\":\"https:\/\/barreiroweb.net\/wp-content\/uploads\/2022\/05\/BarreiroWeb555.jpg\",\"contentUrl\":\"https:\/\/barreiroweb.net\/wp-content\/uploads\/2022\/05\/BarreiroWeb555.jpg\",\"width\":421,\"height\":415,\"caption\":\"barreiroweb\"},\"image\":{\"@id\":\"https:\/\/arquivo.barreiroweb.net\/#\/schema\/logo\/image\/\"},\"sameAs\":[\"https:\/\/www.facebook.com\/barreiroweb\",\"https:\/\/x.com\/barreiroweb\"]},{\"@type\":\"Person\",\"@id\":\"https:\/\/arquivo.barreiroweb.net\/#\/schema\/person\/44b6d528aff975e3786c9f475f9df2dd\",\"name\":\"barreiroweb\",\"image\":{\"@type\":\"ImageObject\",\"inLanguage\":\"pt-PT\",\"@id\":\"https:\/\/arquivo.barreiroweb.net\/#\/schema\/person\/image\/\",\"url\":\"https:\/\/secure.gravatar.com\/avatar\/1f764b917967430404ff0b452044eb63a25d64a5363b25be2aa42273930f477d?s=96&d=mm&r=g\",\"contentUrl\":\"https:\/\/secure.gravatar.com\/avatar\/1f764b917967430404ff0b452044eb63a25d64a5363b25be2aa42273930f477d?s=96&d=mm&r=g\",\"caption\":\"barreiroweb\"},\"url\":\"https:\/\/arquivo.barreiroweb.net\/?author=1\"}]}<\/script>\n<!-- \/ Yoast SEO plugin. -->","yoast_head_json":{"title":"Alberto Chai\u00e7a apadrinha Meia Maratona Ribeirinha da Moita  - barreiroweb","robots":{"index":"index","follow":"follow","max-snippet":"max-snippet:-1","max-image-preview":"max-image-preview:large","max-video-preview":"max-video-preview:-1"},"canonical":"https:\/\/arquivo.barreiroweb.net\/?p=8175","og_locale":"pt_PT","og_type":"article","og_title":"Alberto Chai\u00e7a apadrinha Meia Maratona Ribeirinha da Moita  - barreiroweb","og_description":"O atleta Alberto Cha\u00ed\u00e7a vai ser o padrinho da 15\u00aa Meia Maratona Ribeirinha, o maior evento desportivo do concelho da Moita. O atleta ol\u00edmpico vai dar o tiro de partida da prova que decorre no dia 14 de outubro, \u00e0s 10:30h, na Marginal da Moita. Organiza\u00e7\u00e3o conjunta da C\u00e2mara Municipal da Moita, do Centro de [&hellip;]","og_url":"https:\/\/arquivo.barreiroweb.net\/?p=8175","og_site_name":"barreiroweb","article_publisher":"https:\/\/www.facebook.com\/barreiroweb","article_published_time":"2012-10-10T23:44:22+00:00","og_image":[{"width":222,"height":314,"url":"https:\/\/arquivo.barreiroweb.net\/wp-content\/uploads\/2012\/10\/cartaz-meia-maratona.jpg","type":"image\/jpeg"}],"author":"barreiroweb","twitter_card":"summary_large_image","twitter_creator":"@barreiroweb","twitter_site":"@barreiroweb","twitter_misc":{"Escrito por":"barreiroweb","Tempo estimado de leitura":"3 minutos"},"schema":{"@context":"https:\/\/schema.org","@graph":[{"@type":"Article","@id":"https:\/\/arquivo.barreiroweb.net\/?p=8175#article","isPartOf":{"@id":"https:\/\/arquivo.barreiroweb.net\/?p=8175"},"author":{"name":"barreiroweb","@id":"https:\/\/arquivo.barreiroweb.net\/#\/schema\/person\/44b6d528aff975e3786c9f475f9df2dd"},"headline":"Alberto Chai\u00e7a apadrinha Meia Maratona Ribeirinha da Moita","datePublished":"2012-10-10T23:44:22+00:00","mainEntityOfPage":{"@id":"https:\/\/arquivo.barreiroweb.net\/?p=8175"},"wordCount":630,"commentCount":0,"publisher":{"@id":"https:\/\/arquivo.barreiroweb.net\/#organization"},"image":{"@id":"https:\/\/arquivo.barreiroweb.net\/?p=8175#primaryimage"},"thumbnailUrl":"https:\/\/arquivo.barreiroweb.net\/wp-content\/uploads\/2012\/10\/cartaz-meia-maratona.jpg","keywords":["moita"],"articleSection":["Desporto","Destaque"],"inLanguage":"pt-PT","potentialAction":[{"@type":"CommentAction","name":"Comment","target":["https:\/\/arquivo.barreiroweb.net\/?p=8175#respond"]}]},{"@type":"WebPage","@id":"https:\/\/arquivo.barreiroweb.net\/?p=8175","url":"https:\/\/arquivo.barreiroweb.net\/?p=8175","name":"Alberto Chai\u00e7a apadrinha Meia Maratona Ribeirinha da Moita - barreiroweb","isPartOf":{"@id":"https:\/\/arquivo.barreiroweb.net\/#website"},"primaryImageOfPage":{"@id":"https:\/\/arquivo.barreiroweb.net\/?p=8175#primaryimage"},"image":{"@id":"https:\/\/arquivo.barreiroweb.net\/?p=8175#primaryimage"},"thumbnailUrl":"https:\/\/arquivo.barreiroweb.net\/wp-content\/uploads\/2012\/10\/cartaz-meia-maratona.jpg","datePublished":"2012-10-10T23:44:22+00:00","breadcrumb":{"@id":"https:\/\/arquivo.barreiroweb.net\/?p=8175#breadcrumb"},"inLanguage":"pt-PT","potentialAction":[{"@type":"ReadAction","target":["https:\/\/arquivo.barreiroweb.net\/?p=8175"]}]},{"@type":"ImageObject","inLanguage":"pt-PT","@id":"https:\/\/arquivo.barreiroweb.net\/?p=8175#primaryimage","url":"https:\/\/arquivo.barreiroweb.net\/wp-content\/uploads\/2012\/10\/cartaz-meia-maratona.jpg","contentUrl":"https:\/\/arquivo.barreiroweb.net\/wp-content\/uploads\/2012\/10\/cartaz-meia-maratona.jpg","width":"222","height":"314"},{"@type":"BreadcrumbList","@id":"https:\/\/arquivo.barreiroweb.net\/?p=8175#breadcrumb","itemListElement":[{"@type":"ListItem","position":1,"name":"In\u00edcio","item":"https:\/\/arquivo.barreiroweb.net\/"},{"@type":"ListItem","position":2,"name":"Alberto Chai\u00e7a apadrinha Meia Maratona Ribeirinha da Moita"}]},{"@type":"WebSite","@id":"https:\/\/arquivo.barreiroweb.net\/#website","url":"https:\/\/arquivo.barreiroweb.net\/","name":"barreiroweb","description":"Barreiroweb o barreiro na web","publisher":{"@id":"https:\/\/arquivo.barreiroweb.net\/#organization"},"potentialAction":[{"@type":"SearchAction","target":{"@type":"EntryPoint","urlTemplate":"https:\/\/arquivo.barreiroweb.net\/?s={search_term_string}"},"query-input":{"@type":"PropertyValueSpecification","valueRequired":true,"valueName":"search_term_string"}}],"inLanguage":"pt-PT"},{"@type":"Organization","@id":"https:\/\/arquivo.barreiroweb.net\/#organization","name":"barreiroweb","url":"https:\/\/arquivo.barreiroweb.net\/","logo":{"@type":"ImageObject","inLanguage":"pt-PT","@id":"https:\/\/arquivo.barreiroweb.net\/#\/schema\/logo\/image\/","url":"https:\/\/barreiroweb.net\/wp-content\/uploads\/2022\/05\/BarreiroWeb555.jpg","contentUrl":"https:\/\/barreiroweb.net\/wp-content\/uploads\/2022\/05\/BarreiroWeb555.jpg","width":421,"height":415,"caption":"barreiroweb"},"image":{"@id":"https:\/\/arquivo.barreiroweb.net\/#\/schema\/logo\/image\/"},"sameAs":["https:\/\/www.facebook.com\/barreiroweb","https:\/\/x.com\/barreiroweb"]},{"@type":"Person","@id":"https:\/\/arquivo.barreiroweb.net\/#\/schema\/person\/44b6d528aff975e3786c9f475f9df2dd","name":"barreiroweb","image":{"@type":"ImageObject","inLanguage":"pt-PT","@id":"https:\/\/arquivo.barreiroweb.net\/#\/schema\/person\/image\/","url":"https:\/\/secure.gravatar.com\/avatar\/1f764b917967430404ff0b452044eb63a25d64a5363b25be2aa42273930f477d?s=96&d=mm&r=g","contentUrl":"https:\/\/secure.gravatar.com\/avatar\/1f764b917967430404ff0b452044eb63a25d64a5363b25be2aa42273930f477d?s=96&d=mm&r=g","caption":"barreiroweb"},"url":"https:\/\/arquivo.barreiroweb.net\/?author=1"}]}},"_links":{"self":[{"href":"https:\/\/arquivo.barreiroweb.net\/index.php?rest_route=\/wp\/v2\/posts\/8175","targetHints":{"allow":["GET"]}}],"collection":[{"href":"https:\/\/arquivo.barreiroweb.net\/index.php?rest_route=\/wp\/v2\/posts"}],"about":[{"href":"https:\/\/arquivo.barreiroweb.net\/index.php?rest_route=\/wp\/v2\/types\/post"}],"author":[{"embeddable":true,"href":"https:\/\/arquivo.barreiroweb.net\/index.php?rest_route=\/wp\/v2\/users\/1"}],"replies":[{"embeddable":true,"href":"https:\/\/arquivo.barreiroweb.net\/index.php?rest_route=%2Fwp%2Fv2%2Fcomments&post=8175"}],"version-history":[{"count":1,"href":"https:\/\/arquivo.barreiroweb.net\/index.php?rest_route=\/wp\/v2\/posts\/8175\/revisions"}],"predecessor-version":[{"id":8177,"href":"https:\/\/arquivo.barreiroweb.net\/index.php?rest_route=\/wp\/v2\/posts\/8175\/revisions\/8177"}],"wp:featuredmedia":[{"embeddable":true,"href":"https:\/\/arquivo.barreiroweb.net\/index.php?rest_route=\/wp\/v2\/media\/8176"}],"wp:attachment":[{"href":"https:\/\/arquivo.barreiroweb.net\/index.php?rest_route=%2Fwp%2Fv2%2Fmedia&parent=8175"}],"wp:term":[{"taxonomy":"category","embeddable":true,"href":"https:\/\/arquivo.barreiroweb.net\/index.php?rest_route=%2Fwp%2Fv2%2Fcategories&post=8175"},{"taxonomy":"post_tag","embeddable":true,"href":"https:\/\/arquivo.barreiroweb.net\/index.php?rest_route=%2Fwp%2Fv2%2Ftags&post=8175"}],"curies":[{"name":"wp","href":"https:\/\/api.w.org\/{rel}","templated":true}]}}