{"id":8105,"date":"2012-09-28T16:49:03","date_gmt":"2012-09-28T15:49:03","guid":{"rendered":"http:\/\/barreiroweb.eu\/?p=8105"},"modified":"2012-09-28T16:49:03","modified_gmt":"2012-09-28T15:49:03","slug":"programa-da-semana-nacional-de-luta-pela-cultura-contra-a-austeridade","status":"publish","type":"post","link":"https:\/\/arquivo.barreiroweb.net\/?p=8105","title":{"rendered":"Programa da Semana Nacional de Luta pela Cultura, contra a Austeridade"},"content":{"rendered":"<div>\n<div>\n<h3><strong><a href=\"http:\/\/barreiroweb.eu\/wp-content\/uploads\/2012\/09\/matam-a-cultura_imagem_pv.jpg\" rel=\"lightbox[8105]\"><img loading=\"lazy\" decoding=\"async\" class=\"alignleft size-full wp-image-8106\" title=\"matam a cultura_imagem_pv\" src=\"http:\/\/barreiroweb.eu\/wp-content\/uploads\/2012\/09\/matam-a-cultura_imagem_pv.jpg\" alt=\"\" width=\"250\" height=\"285\" \/><\/a>DISTRITO DE SET\u00daBAL<\/strong><\/h3>\n<\/div>\n<div><\/div>\n<div>24 &#8211; 30 de Setembro<\/div>\n<div>Ac\u00e7\u00f5es e reuni\u00f5es diversas em colectividades nos v\u00e1rios concelhos<\/div>\n<div>29<\/div>\n<div>15h<\/div>\n<div>Participa\u00e7\u00e3o na Manifesta\u00e7\u00e3o Nacional em Lisboa<\/div>\n<div>30<\/div>\n<div>15h, Parque Urbano de Almada<\/div>\n<div>ENCONTRO DISTRITAL PELA CULTURA<\/div>\n<div>interven\u00e7\u00f5es pol\u00edticas:<\/div>\n<div>Jos\u00e9 Barata Moura (Cultura e Universidades)<\/div>\n<div>Manuel Augusto Ara\u00fajo (Cultura e Cidadania)<\/div>\n<div>Pedro Penilo (Manifesto em defesa da Cultura)<\/div>\n<div>Manuel Guerra (Cinema)<\/div>\n<div>Daniel Ventura (Confedera\u00e7\u00e3o das Colectividades)<\/div>\n<div>Cl\u00e1udia Dias (bailarina e core\u00f3grafa)<\/div>\n<div>Espect\u00e1culo:<\/div>\n<div>Gaiteiros Bardoada + 2 Gigantones<\/div>\n<div>Ana Taipas (Arranca Telhados)<\/div>\n<div>Next \u2013 Hip Hop<\/div>\n<div>Jorge Patr\u00edcio<\/div>\n<div>Le\u00f3nia (Dan\u00e7as Tradicionais)<\/div>\n<div><\/div>\n<\/div>\n<h3>SET\u00daBAL-PALMELA<\/h3>\n<div>\n<div>28<\/div>\n<div>21h, Sociedade Musical Capricho Setubalense<\/div>\n<div>An\u00fancio p\u00fablico da ades\u00e3o desta hist\u00f3rica colectividade<\/div>\n<div><\/div>\n<div><strong>ALMADA<\/strong><\/div>\n<div>29<\/div>\n<div>10h, Almada<\/div>\n<div>Arruada pelas ruas de Almada<\/div>\n<div><\/div>\n<div><strong>BARREIRO<\/strong><\/div>\n<div>26<\/div>\n<div>21h, Cooperativa Cultural Popular Barreirense<\/div>\n<div>Encontro de activistas e apresenta\u00e7\u00e3o do Manifesto<\/div>\n<div><\/div>\n<div><strong>ALCOCHETE<\/strong><\/div>\n<div>27<\/div>\n<div>10h30,Largo de S\u00e3o Jo\u00e3o<\/div>\n<div>\u201cA Poesia est\u00e1 na Rua\u201d, com Lu\u00edsa Ortigoso e Susana Vitorino.<\/div>\n<div>\u201cPintar O Len\u00e7ol\u201d, Pintura colectiva ao ar livre<\/div>\n<div>28<\/div>\n<div>20h, C\u00e2mara Municipal, Largo de S\u00e3o Jo\u00e3o<\/div>\n<div>Instala\u00e7\u00e3o Art\u00edstica<\/div>\n<div>Distribui\u00e7\u00e3o de tarjeta<\/div>\n<div>Apresenta\u00e7\u00e3o do Manifesto em Defesa da Cultura na Assembleia Municipal de Alcochete<\/div>\n<div>29<\/div>\n<div>10h30, Largo de S\u00e3o Jo\u00e3o<\/div>\n<div>Distribui\u00e7\u00e3o de tarjeta<\/div>\n<div>Manifesta\u00e7\u00f5es art\u00edsticas com a leitura de poemas<\/div>\n<div>15h, Lisboa<\/div>\n<div>Participa\u00e7\u00e3o na Manifesta\u00e7\u00e3o\u00a0\u00a0Nacional em Lisboa<\/div>\n<div>21h, Largo do Troino<\/div>\n<div>\u00a0\u201cO Pranto de Maria Parda\u201d, de Gil Vicente &#8211; Associa\u00e7\u00e3o Gilteatro<\/div>\n<div>Distribui\u00e7\u00e3o de tarjeta<\/div>\n<\/div>\n","protected":false},"excerpt":{"rendered":"<p>DISTRITO DE SET\u00daBAL 24 &#8211; 30 de Setembro Ac\u00e7\u00f5es e reuni\u00f5es diversas em colectividades nos v\u00e1rios concelhos 29 15h Participa\u00e7\u00e3o na Manifesta\u00e7\u00e3o Nacional em Lisboa 30 15h, Parque Urbano de Almada ENCONTRO DISTRITAL PELA CULTURA interven\u00e7\u00f5es pol\u00edticas: Jos\u00e9 Barata Moura (Cultura e Universidades) Manuel Augusto Ara\u00fajo (Cultura e Cidadania) Pedro Penilo (Manifesto em defesa da [&hellip;]<\/p>\n","protected":false},"author":1,"featured_media":8106,"comment_status":"open","ping_status":"open","sticky":false,"template":"","format":"standard","meta":{"footnotes":""},"categories":[32,3],"tags":[41,119,198],"class_list":["post-8105","post","type-post","status-publish","format-standard","has-post-thumbnail","hentry","category-destaque","category-eventos","tag-barreiro","tag-cultura-2","tag-manifesto","last_archivepost"],"yoast_head":"<!-- This site is optimized with the Yoast SEO plugin v27.1.1 - https:\/\/yoast.com\/product\/yoast-seo-wordpress\/ -->\n<title>Programa da Semana Nacional de Luta pela Cultura, contra a Austeridade - barreiroweb<\/title>\n<meta name=\"robots\" content=\"index, follow, max-snippet:-1, max-image-preview:large, max-video-preview:-1\" \/>\n<link rel=\"canonical\" href=\"https:\/\/arquivo.barreiroweb.net\/?p=8105\" \/>\n<meta property=\"og:locale\" content=\"pt_PT\" \/>\n<meta property=\"og:type\" content=\"article\" \/>\n<meta property=\"og:title\" content=\"Programa da Semana Nacional de Luta pela Cultura, contra a Austeridade - barreiroweb\" \/>\n<meta property=\"og:description\" content=\"DISTRITO DE SET\u00daBAL 24 &#8211; 30 de Setembro Ac\u00e7\u00f5es e reuni\u00f5es diversas em colectividades nos v\u00e1rios concelhos 29 15h Participa\u00e7\u00e3o na Manifesta\u00e7\u00e3o Nacional em Lisboa 30 15h, Parque Urbano de Almada ENCONTRO DISTRITAL PELA CULTURA interven\u00e7\u00f5es pol\u00edticas: Jos\u00e9 Barata Moura (Cultura e Universidades) Manuel Augusto Ara\u00fajo (Cultura e Cidadania) Pedro Penilo (Manifesto em defesa da [&hellip;]\" \/>\n<meta property=\"og:url\" content=\"https:\/\/arquivo.barreiroweb.net\/?p=8105\" \/>\n<meta property=\"og:site_name\" content=\"barreiroweb\" \/>\n<meta property=\"article:publisher\" content=\"https:\/\/www.facebook.com\/barreiroweb\" \/>\n<meta property=\"article:published_time\" content=\"2012-09-28T15:49:03+00:00\" \/>\n<meta property=\"og:image\" content=\"https:\/\/arquivo.barreiroweb.net\/wp-content\/uploads\/2012\/09\/matam-a-cultura_imagem_pv.jpg\" \/>\n\t<meta property=\"og:image:width\" content=\"250\" \/>\n\t<meta property=\"og:image:height\" content=\"285\" \/>\n\t<meta property=\"og:image:type\" content=\"image\/jpeg\" \/>\n<meta name=\"author\" content=\"barreiroweb\" \/>\n<meta name=\"twitter:card\" content=\"summary_large_image\" \/>\n<meta name=\"twitter:creator\" content=\"@barreiroweb\" \/>\n<meta name=\"twitter:site\" content=\"@barreiroweb\" \/>\n<meta name=\"twitter:label1\" content=\"Escrito por\" \/>\n\t<meta name=\"twitter:data1\" content=\"barreiroweb\" \/>\n\t<meta name=\"twitter:label2\" content=\"Tempo estimado de leitura\" \/>\n\t<meta name=\"twitter:data2\" content=\"1 minuto\" \/>\n<script type=\"application\/ld+json\" class=\"yoast-schema-graph\">{\"@context\":\"https:\/\/schema.org\",\"@graph\":[{\"@type\":\"Article\",\"@id\":\"https:\/\/arquivo.barreiroweb.net\/?p=8105#article\",\"isPartOf\":{\"@id\":\"https:\/\/arquivo.barreiroweb.net\/?p=8105\"},\"author\":{\"name\":\"barreiroweb\",\"@id\":\"https:\/\/arquivo.barreiroweb.net\/#\/schema\/person\/44b6d528aff975e3786c9f475f9df2dd\"},\"headline\":\"Programa da Semana Nacional de Luta pela Cultura, contra a Austeridade\",\"datePublished\":\"2012-09-28T15:49:03+00:00\",\"mainEntityOfPage\":{\"@id\":\"https:\/\/arquivo.barreiroweb.net\/?p=8105\"},\"wordCount\":258,\"commentCount\":0,\"publisher\":{\"@id\":\"https:\/\/arquivo.barreiroweb.net\/#organization\"},\"image\":{\"@id\":\"https:\/\/arquivo.barreiroweb.net\/?p=8105#primaryimage\"},\"thumbnailUrl\":\"https:\/\/arquivo.barreiroweb.net\/wp-content\/uploads\/2012\/09\/matam-a-cultura_imagem_pv.jpg\",\"keywords\":[\"barreiro\",\"cultura\",\"manifesto\"],\"articleSection\":[\"Destaque\",\"Eventos\"],\"inLanguage\":\"pt-PT\",\"potentialAction\":[{\"@type\":\"CommentAction\",\"name\":\"Comment\",\"target\":[\"https:\/\/arquivo.barreiroweb.net\/?p=8105#respond\"]}]},{\"@type\":\"WebPage\",\"@id\":\"https:\/\/arquivo.barreiroweb.net\/?p=8105\",\"url\":\"https:\/\/arquivo.barreiroweb.net\/?p=8105\",\"name\":\"Programa da Semana Nacional de Luta pela Cultura, contra a Austeridade - barreiroweb\",\"isPartOf\":{\"@id\":\"https:\/\/arquivo.barreiroweb.net\/#website\"},\"primaryImageOfPage\":{\"@id\":\"https:\/\/arquivo.barreiroweb.net\/?p=8105#primaryimage\"},\"image\":{\"@id\":\"https:\/\/arquivo.barreiroweb.net\/?p=8105#primaryimage\"},\"thumbnailUrl\":\"https:\/\/arquivo.barreiroweb.net\/wp-content\/uploads\/2012\/09\/matam-a-cultura_imagem_pv.jpg\",\"datePublished\":\"2012-09-28T15:49:03+00:00\",\"breadcrumb\":{\"@id\":\"https:\/\/arquivo.barreiroweb.net\/?p=8105#breadcrumb\"},\"inLanguage\":\"pt-PT\",\"potentialAction\":[{\"@type\":\"ReadAction\",\"target\":[\"https:\/\/arquivo.barreiroweb.net\/?p=8105\"]}]},{\"@type\":\"ImageObject\",\"inLanguage\":\"pt-PT\",\"@id\":\"https:\/\/arquivo.barreiroweb.net\/?p=8105#primaryimage\",\"url\":\"https:\/\/arquivo.barreiroweb.net\/wp-content\/uploads\/2012\/09\/matam-a-cultura_imagem_pv.jpg\",\"contentUrl\":\"https:\/\/arquivo.barreiroweb.net\/wp-content\/uploads\/2012\/09\/matam-a-cultura_imagem_pv.jpg\",\"width\":\"250\",\"height\":\"285\"},{\"@type\":\"BreadcrumbList\",\"@id\":\"https:\/\/arquivo.barreiroweb.net\/?p=8105#breadcrumb\",\"itemListElement\":[{\"@type\":\"ListItem\",\"position\":1,\"name\":\"In\u00edcio\",\"item\":\"https:\/\/arquivo.barreiroweb.net\/\"},{\"@type\":\"ListItem\",\"position\":2,\"name\":\"Programa da Semana Nacional de Luta pela Cultura, contra a Austeridade\"}]},{\"@type\":\"WebSite\",\"@id\":\"https:\/\/arquivo.barreiroweb.net\/#website\",\"url\":\"https:\/\/arquivo.barreiroweb.net\/\",\"name\":\"barreiroweb\",\"description\":\"Barreiroweb o barreiro na web\",\"publisher\":{\"@id\":\"https:\/\/arquivo.barreiroweb.net\/#organization\"},\"potentialAction\":[{\"@type\":\"SearchAction\",\"target\":{\"@type\":\"EntryPoint\",\"urlTemplate\":\"https:\/\/arquivo.barreiroweb.net\/?s={search_term_string}\"},\"query-input\":{\"@type\":\"PropertyValueSpecification\",\"valueRequired\":true,\"valueName\":\"search_term_string\"}}],\"inLanguage\":\"pt-PT\"},{\"@type\":\"Organization\",\"@id\":\"https:\/\/arquivo.barreiroweb.net\/#organization\",\"name\":\"barreiroweb\",\"url\":\"https:\/\/arquivo.barreiroweb.net\/\",\"logo\":{\"@type\":\"ImageObject\",\"inLanguage\":\"pt-PT\",\"@id\":\"https:\/\/arquivo.barreiroweb.net\/#\/schema\/logo\/image\/\",\"url\":\"https:\/\/barreiroweb.net\/wp-content\/uploads\/2022\/05\/BarreiroWeb555.jpg\",\"contentUrl\":\"https:\/\/barreiroweb.net\/wp-content\/uploads\/2022\/05\/BarreiroWeb555.jpg\",\"width\":421,\"height\":415,\"caption\":\"barreiroweb\"},\"image\":{\"@id\":\"https:\/\/arquivo.barreiroweb.net\/#\/schema\/logo\/image\/\"},\"sameAs\":[\"https:\/\/www.facebook.com\/barreiroweb\",\"https:\/\/x.com\/barreiroweb\"]},{\"@type\":\"Person\",\"@id\":\"https:\/\/arquivo.barreiroweb.net\/#\/schema\/person\/44b6d528aff975e3786c9f475f9df2dd\",\"name\":\"barreiroweb\",\"image\":{\"@type\":\"ImageObject\",\"inLanguage\":\"pt-PT\",\"@id\":\"https:\/\/arquivo.barreiroweb.net\/#\/schema\/person\/image\/\",\"url\":\"https:\/\/secure.gravatar.com\/avatar\/1f764b917967430404ff0b452044eb63a25d64a5363b25be2aa42273930f477d?s=96&d=mm&r=g\",\"contentUrl\":\"https:\/\/secure.gravatar.com\/avatar\/1f764b917967430404ff0b452044eb63a25d64a5363b25be2aa42273930f477d?s=96&d=mm&r=g\",\"caption\":\"barreiroweb\"},\"url\":\"https:\/\/arquivo.barreiroweb.net\/?author=1\"}]}<\/script>\n<!-- \/ Yoast SEO plugin. -->","yoast_head_json":{"title":"Programa da Semana Nacional de Luta pela Cultura, contra a Austeridade - barreiroweb","robots":{"index":"index","follow":"follow","max-snippet":"max-snippet:-1","max-image-preview":"max-image-preview:large","max-video-preview":"max-video-preview:-1"},"canonical":"https:\/\/arquivo.barreiroweb.net\/?p=8105","og_locale":"pt_PT","og_type":"article","og_title":"Programa da Semana Nacional de Luta pela Cultura, contra a Austeridade - barreiroweb","og_description":"DISTRITO DE SET\u00daBAL 24 &#8211; 30 de Setembro Ac\u00e7\u00f5es e reuni\u00f5es diversas em colectividades nos v\u00e1rios concelhos 29 15h Participa\u00e7\u00e3o na Manifesta\u00e7\u00e3o Nacional em Lisboa 30 15h, Parque Urbano de Almada ENCONTRO DISTRITAL PELA CULTURA interven\u00e7\u00f5es pol\u00edticas: Jos\u00e9 Barata Moura (Cultura e Universidades) Manuel Augusto Ara\u00fajo (Cultura e Cidadania) Pedro Penilo (Manifesto em defesa da [&hellip;]","og_url":"https:\/\/arquivo.barreiroweb.net\/?p=8105","og_site_name":"barreiroweb","article_publisher":"https:\/\/www.facebook.com\/barreiroweb","article_published_time":"2012-09-28T15:49:03+00:00","og_image":[{"width":250,"height":285,"url":"https:\/\/arquivo.barreiroweb.net\/wp-content\/uploads\/2012\/09\/matam-a-cultura_imagem_pv.jpg","type":"image\/jpeg"}],"author":"barreiroweb","twitter_card":"summary_large_image","twitter_creator":"@barreiroweb","twitter_site":"@barreiroweb","twitter_misc":{"Escrito por":"barreiroweb","Tempo estimado de leitura":"1 minuto"},"schema":{"@context":"https:\/\/schema.org","@graph":[{"@type":"Article","@id":"https:\/\/arquivo.barreiroweb.net\/?p=8105#article","isPartOf":{"@id":"https:\/\/arquivo.barreiroweb.net\/?p=8105"},"author":{"name":"barreiroweb","@id":"https:\/\/arquivo.barreiroweb.net\/#\/schema\/person\/44b6d528aff975e3786c9f475f9df2dd"},"headline":"Programa da Semana Nacional de Luta pela Cultura, contra a Austeridade","datePublished":"2012-09-28T15:49:03+00:00","mainEntityOfPage":{"@id":"https:\/\/arquivo.barreiroweb.net\/?p=8105"},"wordCount":258,"commentCount":0,"publisher":{"@id":"https:\/\/arquivo.barreiroweb.net\/#organization"},"image":{"@id":"https:\/\/arquivo.barreiroweb.net\/?p=8105#primaryimage"},"thumbnailUrl":"https:\/\/arquivo.barreiroweb.net\/wp-content\/uploads\/2012\/09\/matam-a-cultura_imagem_pv.jpg","keywords":["barreiro","cultura","manifesto"],"articleSection":["Destaque","Eventos"],"inLanguage":"pt-PT","potentialAction":[{"@type":"CommentAction","name":"Comment","target":["https:\/\/arquivo.barreiroweb.net\/?p=8105#respond"]}]},{"@type":"WebPage","@id":"https:\/\/arquivo.barreiroweb.net\/?p=8105","url":"https:\/\/arquivo.barreiroweb.net\/?p=8105","name":"Programa da Semana Nacional de Luta pela Cultura, contra a Austeridade - barreiroweb","isPartOf":{"@id":"https:\/\/arquivo.barreiroweb.net\/#website"},"primaryImageOfPage":{"@id":"https:\/\/arquivo.barreiroweb.net\/?p=8105#primaryimage"},"image":{"@id":"https:\/\/arquivo.barreiroweb.net\/?p=8105#primaryimage"},"thumbnailUrl":"https:\/\/arquivo.barreiroweb.net\/wp-content\/uploads\/2012\/09\/matam-a-cultura_imagem_pv.jpg","datePublished":"2012-09-28T15:49:03+00:00","breadcrumb":{"@id":"https:\/\/arquivo.barreiroweb.net\/?p=8105#breadcrumb"},"inLanguage":"pt-PT","potentialAction":[{"@type":"ReadAction","target":["https:\/\/arquivo.barreiroweb.net\/?p=8105"]}]},{"@type":"ImageObject","inLanguage":"pt-PT","@id":"https:\/\/arquivo.barreiroweb.net\/?p=8105#primaryimage","url":"https:\/\/arquivo.barreiroweb.net\/wp-content\/uploads\/2012\/09\/matam-a-cultura_imagem_pv.jpg","contentUrl":"https:\/\/arquivo.barreiroweb.net\/wp-content\/uploads\/2012\/09\/matam-a-cultura_imagem_pv.jpg","width":"250","height":"285"},{"@type":"BreadcrumbList","@id":"https:\/\/arquivo.barreiroweb.net\/?p=8105#breadcrumb","itemListElement":[{"@type":"ListItem","position":1,"name":"In\u00edcio","item":"https:\/\/arquivo.barreiroweb.net\/"},{"@type":"ListItem","position":2,"name":"Programa da Semana Nacional de Luta pela Cultura, contra a Austeridade"}]},{"@type":"WebSite","@id":"https:\/\/arquivo.barreiroweb.net\/#website","url":"https:\/\/arquivo.barreiroweb.net\/","name":"barreiroweb","description":"Barreiroweb o barreiro na web","publisher":{"@id":"https:\/\/arquivo.barreiroweb.net\/#organization"},"potentialAction":[{"@type":"SearchAction","target":{"@type":"EntryPoint","urlTemplate":"https:\/\/arquivo.barreiroweb.net\/?s={search_term_string}"},"query-input":{"@type":"PropertyValueSpecification","valueRequired":true,"valueName":"search_term_string"}}],"inLanguage":"pt-PT"},{"@type":"Organization","@id":"https:\/\/arquivo.barreiroweb.net\/#organization","name":"barreiroweb","url":"https:\/\/arquivo.barreiroweb.net\/","logo":{"@type":"ImageObject","inLanguage":"pt-PT","@id":"https:\/\/arquivo.barreiroweb.net\/#\/schema\/logo\/image\/","url":"https:\/\/barreiroweb.net\/wp-content\/uploads\/2022\/05\/BarreiroWeb555.jpg","contentUrl":"https:\/\/barreiroweb.net\/wp-content\/uploads\/2022\/05\/BarreiroWeb555.jpg","width":421,"height":415,"caption":"barreiroweb"},"image":{"@id":"https:\/\/arquivo.barreiroweb.net\/#\/schema\/logo\/image\/"},"sameAs":["https:\/\/www.facebook.com\/barreiroweb","https:\/\/x.com\/barreiroweb"]},{"@type":"Person","@id":"https:\/\/arquivo.barreiroweb.net\/#\/schema\/person\/44b6d528aff975e3786c9f475f9df2dd","name":"barreiroweb","image":{"@type":"ImageObject","inLanguage":"pt-PT","@id":"https:\/\/arquivo.barreiroweb.net\/#\/schema\/person\/image\/","url":"https:\/\/secure.gravatar.com\/avatar\/1f764b917967430404ff0b452044eb63a25d64a5363b25be2aa42273930f477d?s=96&d=mm&r=g","contentUrl":"https:\/\/secure.gravatar.com\/avatar\/1f764b917967430404ff0b452044eb63a25d64a5363b25be2aa42273930f477d?s=96&d=mm&r=g","caption":"barreiroweb"},"url":"https:\/\/arquivo.barreiroweb.net\/?author=1"}]}},"_links":{"self":[{"href":"https:\/\/arquivo.barreiroweb.net\/index.php?rest_route=\/wp\/v2\/posts\/8105","targetHints":{"allow":["GET"]}}],"collection":[{"href":"https:\/\/arquivo.barreiroweb.net\/index.php?rest_route=\/wp\/v2\/posts"}],"about":[{"href":"https:\/\/arquivo.barreiroweb.net\/index.php?rest_route=\/wp\/v2\/types\/post"}],"author":[{"embeddable":true,"href":"https:\/\/arquivo.barreiroweb.net\/index.php?rest_route=\/wp\/v2\/users\/1"}],"replies":[{"embeddable":true,"href":"https:\/\/arquivo.barreiroweb.net\/index.php?rest_route=%2Fwp%2Fv2%2Fcomments&post=8105"}],"version-history":[{"count":2,"href":"https:\/\/arquivo.barreiroweb.net\/index.php?rest_route=\/wp\/v2\/posts\/8105\/revisions"}],"predecessor-version":[{"id":8108,"href":"https:\/\/arquivo.barreiroweb.net\/index.php?rest_route=\/wp\/v2\/posts\/8105\/revisions\/8108"}],"wp:featuredmedia":[{"embeddable":true,"href":"https:\/\/arquivo.barreiroweb.net\/index.php?rest_route=\/wp\/v2\/media\/8106"}],"wp:attachment":[{"href":"https:\/\/arquivo.barreiroweb.net\/index.php?rest_route=%2Fwp%2Fv2%2Fmedia&parent=8105"}],"wp:term":[{"taxonomy":"category","embeddable":true,"href":"https:\/\/arquivo.barreiroweb.net\/index.php?rest_route=%2Fwp%2Fv2%2Fcategories&post=8105"},{"taxonomy":"post_tag","embeddable":true,"href":"https:\/\/arquivo.barreiroweb.net\/index.php?rest_route=%2Fwp%2Fv2%2Ftags&post=8105"}],"curies":[{"name":"wp","href":"https:\/\/api.w.org\/{rel}","templated":true}]}}