{"id":8059,"date":"2012-09-26T00:40:46","date_gmt":"2012-09-25T23:40:46","guid":{"rendered":"http:\/\/barreiroweb.eu\/?p=8059"},"modified":"2012-09-26T00:40:46","modified_gmt":"2012-09-25T23:40:46","slug":"dia-de-s-francisco-de-assis-musica-antiga-no-convento","status":"publish","type":"post","link":"https:\/\/arquivo.barreiroweb.net\/?p=8059","title":{"rendered":"DIA DE S. FRANCISCO DE ASSIS M\u00fasica Antiga no Convento"},"content":{"rendered":"<div align=\"center\">\n<p style=\"text-align: justify;\" align=\"center\"><strong><a href=\"http:\/\/barreiroweb.eu\/wp-content\/uploads\/2012\/09\/cartaz_SFrancisco_Assis.jpg\" rel=\"lightbox[8059]\"><img loading=\"lazy\" decoding=\"async\" class=\"alignleft size-medium wp-image-8060\" title=\"cartaz_SFrancisco_Assis\" src=\"http:\/\/barreiroweb.eu\/wp-content\/uploads\/2012\/09\/cartaz_SFrancisco_Assis-212x300.jpg\" alt=\"\" width=\"212\" height=\"300\" srcset=\"https:\/\/arquivo.barreiroweb.net\/wp-content\/uploads\/2012\/09\/cartaz_SFrancisco_Assis-212x300.jpg 212w, https:\/\/arquivo.barreiroweb.net\/wp-content\/uploads\/2012\/09\/cartaz_SFrancisco_Assis.jpg 222w\" sizes=\"auto, (max-width: 212px) 100vw, 212px\" \/><\/a>No pr\u00f3ximo dia 4 de outubro, pelas\u00a0\u00a0 21h00, o Audit\u00f3rio do Convento da Madre de Deus da Verderena recebe Hist\u00f3ria\u00a0\u00a0 e M\u00fasica dos s\u00e9culos XIII a XVI, pelo grupo de m\u00fasica antiga <em>Animae Vox<\/em>.\u00a0\u00a0 <\/strong><\/p>\n<p style=\"text-align: justify;\">A\u00a0\u00a0 iniciativa promovida pela C\u00e2mara Municipal do Barreiro tem entrada livre e\u00a0\u00a0 insere-se no projeto \u201cDo texto ao palco\u201d.<\/p>\n<p style=\"text-align: justify;\" align=\"right\"><strong>CMB 2012-09-25 <\/strong><\/p>\n<\/div>\n","protected":false},"excerpt":{"rendered":"<p>No pr\u00f3ximo dia 4 de outubro, pelas\u00a0\u00a0 21h00, o Audit\u00f3rio do Convento da Madre de Deus da Verderena recebe Hist\u00f3ria\u00a0\u00a0 e M\u00fasica dos s\u00e9culos XIII a XVI, pelo grupo de m\u00fasica antiga Animae Vox.\u00a0\u00a0 A\u00a0\u00a0 iniciativa promovida pela C\u00e2mara Municipal do Barreiro tem entrada livre e\u00a0\u00a0 insere-se no projeto \u201cDo texto ao palco\u201d. CMB 2012-09-25<\/p>\n","protected":false},"author":1,"featured_media":8060,"comment_status":"open","ping_status":"open","sticky":false,"template":"","format":"standard","meta":{"footnotes":""},"categories":[13],"tags":[41],"class_list":["post-8059","post","type-post","status-publish","format-standard","has-post-thumbnail","hentry","category-musica","tag-barreiro","last_archivepost"],"yoast_head":"<!-- This site is optimized with the Yoast SEO plugin v27.1.1 - https:\/\/yoast.com\/product\/yoast-seo-wordpress\/ -->\n<title>DIA DE S. FRANCISCO DE ASSIS M\u00fasica Antiga no Convento  - barreiroweb<\/title>\n<meta name=\"robots\" content=\"index, follow, max-snippet:-1, max-image-preview:large, max-video-preview:-1\" \/>\n<link rel=\"canonical\" href=\"https:\/\/arquivo.barreiroweb.net\/?p=8059\" \/>\n<meta property=\"og:locale\" content=\"pt_PT\" \/>\n<meta property=\"og:type\" content=\"article\" \/>\n<meta property=\"og:title\" content=\"DIA DE S. FRANCISCO DE ASSIS M\u00fasica Antiga no Convento  - barreiroweb\" \/>\n<meta property=\"og:description\" content=\"No pr\u00f3ximo dia 4 de outubro, pelas\u00a0\u00a0 21h00, o Audit\u00f3rio do Convento da Madre de Deus da Verderena recebe Hist\u00f3ria\u00a0\u00a0 e M\u00fasica dos s\u00e9culos XIII a XVI, pelo grupo de m\u00fasica antiga Animae Vox.\u00a0\u00a0 A\u00a0\u00a0 iniciativa promovida pela C\u00e2mara Municipal do Barreiro tem entrada livre e\u00a0\u00a0 insere-se no projeto \u201cDo texto ao palco\u201d. CMB 2012-09-25\" \/>\n<meta property=\"og:url\" content=\"https:\/\/arquivo.barreiroweb.net\/?p=8059\" \/>\n<meta property=\"og:site_name\" content=\"barreiroweb\" \/>\n<meta property=\"article:publisher\" content=\"https:\/\/www.facebook.com\/barreiroweb\" \/>\n<meta property=\"article:published_time\" content=\"2012-09-25T23:40:46+00:00\" \/>\n<meta property=\"og:image\" content=\"https:\/\/arquivo.barreiroweb.net\/wp-content\/uploads\/2012\/09\/cartaz_SFrancisco_Assis.jpg\" \/>\n\t<meta property=\"og:image:width\" content=\"222\" \/>\n\t<meta property=\"og:image:height\" content=\"314\" \/>\n\t<meta property=\"og:image:type\" content=\"image\/jpeg\" \/>\n<meta name=\"author\" content=\"barreiroweb\" \/>\n<meta name=\"twitter:card\" content=\"summary_large_image\" \/>\n<meta name=\"twitter:creator\" content=\"@barreiroweb\" \/>\n<meta name=\"twitter:site\" content=\"@barreiroweb\" \/>\n<meta name=\"twitter:label1\" content=\"Escrito por\" \/>\n\t<meta name=\"twitter:data1\" content=\"barreiroweb\" \/>\n<script type=\"application\/ld+json\" class=\"yoast-schema-graph\">{\"@context\":\"https:\/\/schema.org\",\"@graph\":[{\"@type\":\"Article\",\"@id\":\"https:\/\/arquivo.barreiroweb.net\/?p=8059#article\",\"isPartOf\":{\"@id\":\"https:\/\/arquivo.barreiroweb.net\/?p=8059\"},\"author\":{\"name\":\"barreiroweb\",\"@id\":\"https:\/\/arquivo.barreiroweb.net\/#\/schema\/person\/44b6d528aff975e3786c9f475f9df2dd\"},\"headline\":\"DIA DE S. FRANCISCO DE ASSIS M\u00fasica Antiga no Convento\",\"datePublished\":\"2012-09-25T23:40:46+00:00\",\"mainEntityOfPage\":{\"@id\":\"https:\/\/arquivo.barreiroweb.net\/?p=8059\"},\"wordCount\":73,\"commentCount\":0,\"publisher\":{\"@id\":\"https:\/\/arquivo.barreiroweb.net\/#organization\"},\"image\":{\"@id\":\"https:\/\/arquivo.barreiroweb.net\/?p=8059#primaryimage\"},\"thumbnailUrl\":\"https:\/\/arquivo.barreiroweb.net\/wp-content\/uploads\/2012\/09\/cartaz_SFrancisco_Assis.jpg\",\"keywords\":[\"barreiro\"],\"articleSection\":[\"Musica\"],\"inLanguage\":\"pt-PT\",\"potentialAction\":[{\"@type\":\"CommentAction\",\"name\":\"Comment\",\"target\":[\"https:\/\/arquivo.barreiroweb.net\/?p=8059#respond\"]}]},{\"@type\":\"WebPage\",\"@id\":\"https:\/\/arquivo.barreiroweb.net\/?p=8059\",\"url\":\"https:\/\/arquivo.barreiroweb.net\/?p=8059\",\"name\":\"DIA DE S. FRANCISCO DE ASSIS M\u00fasica Antiga no Convento - barreiroweb\",\"isPartOf\":{\"@id\":\"https:\/\/arquivo.barreiroweb.net\/#website\"},\"primaryImageOfPage\":{\"@id\":\"https:\/\/arquivo.barreiroweb.net\/?p=8059#primaryimage\"},\"image\":{\"@id\":\"https:\/\/arquivo.barreiroweb.net\/?p=8059#primaryimage\"},\"thumbnailUrl\":\"https:\/\/arquivo.barreiroweb.net\/wp-content\/uploads\/2012\/09\/cartaz_SFrancisco_Assis.jpg\",\"datePublished\":\"2012-09-25T23:40:46+00:00\",\"breadcrumb\":{\"@id\":\"https:\/\/arquivo.barreiroweb.net\/?p=8059#breadcrumb\"},\"inLanguage\":\"pt-PT\",\"potentialAction\":[{\"@type\":\"ReadAction\",\"target\":[\"https:\/\/arquivo.barreiroweb.net\/?p=8059\"]}]},{\"@type\":\"ImageObject\",\"inLanguage\":\"pt-PT\",\"@id\":\"https:\/\/arquivo.barreiroweb.net\/?p=8059#primaryimage\",\"url\":\"https:\/\/arquivo.barreiroweb.net\/wp-content\/uploads\/2012\/09\/cartaz_SFrancisco_Assis.jpg\",\"contentUrl\":\"https:\/\/arquivo.barreiroweb.net\/wp-content\/uploads\/2012\/09\/cartaz_SFrancisco_Assis.jpg\",\"width\":\"222\",\"height\":\"314\"},{\"@type\":\"BreadcrumbList\",\"@id\":\"https:\/\/arquivo.barreiroweb.net\/?p=8059#breadcrumb\",\"itemListElement\":[{\"@type\":\"ListItem\",\"position\":1,\"name\":\"In\u00edcio\",\"item\":\"https:\/\/arquivo.barreiroweb.net\/\"},{\"@type\":\"ListItem\",\"position\":2,\"name\":\"DIA DE S. FRANCISCO DE ASSIS M\u00fasica Antiga no Convento\"}]},{\"@type\":\"WebSite\",\"@id\":\"https:\/\/arquivo.barreiroweb.net\/#website\",\"url\":\"https:\/\/arquivo.barreiroweb.net\/\",\"name\":\"barreiroweb\",\"description\":\"Barreiroweb o barreiro na web\",\"publisher\":{\"@id\":\"https:\/\/arquivo.barreiroweb.net\/#organization\"},\"potentialAction\":[{\"@type\":\"SearchAction\",\"target\":{\"@type\":\"EntryPoint\",\"urlTemplate\":\"https:\/\/arquivo.barreiroweb.net\/?s={search_term_string}\"},\"query-input\":{\"@type\":\"PropertyValueSpecification\",\"valueRequired\":true,\"valueName\":\"search_term_string\"}}],\"inLanguage\":\"pt-PT\"},{\"@type\":\"Organization\",\"@id\":\"https:\/\/arquivo.barreiroweb.net\/#organization\",\"name\":\"barreiroweb\",\"url\":\"https:\/\/arquivo.barreiroweb.net\/\",\"logo\":{\"@type\":\"ImageObject\",\"inLanguage\":\"pt-PT\",\"@id\":\"https:\/\/arquivo.barreiroweb.net\/#\/schema\/logo\/image\/\",\"url\":\"https:\/\/barreiroweb.net\/wp-content\/uploads\/2022\/05\/BarreiroWeb555.jpg\",\"contentUrl\":\"https:\/\/barreiroweb.net\/wp-content\/uploads\/2022\/05\/BarreiroWeb555.jpg\",\"width\":421,\"height\":415,\"caption\":\"barreiroweb\"},\"image\":{\"@id\":\"https:\/\/arquivo.barreiroweb.net\/#\/schema\/logo\/image\/\"},\"sameAs\":[\"https:\/\/www.facebook.com\/barreiroweb\",\"https:\/\/x.com\/barreiroweb\"]},{\"@type\":\"Person\",\"@id\":\"https:\/\/arquivo.barreiroweb.net\/#\/schema\/person\/44b6d528aff975e3786c9f475f9df2dd\",\"name\":\"barreiroweb\",\"image\":{\"@type\":\"ImageObject\",\"inLanguage\":\"pt-PT\",\"@id\":\"https:\/\/arquivo.barreiroweb.net\/#\/schema\/person\/image\/\",\"url\":\"https:\/\/secure.gravatar.com\/avatar\/1f764b917967430404ff0b452044eb63a25d64a5363b25be2aa42273930f477d?s=96&d=mm&r=g\",\"contentUrl\":\"https:\/\/secure.gravatar.com\/avatar\/1f764b917967430404ff0b452044eb63a25d64a5363b25be2aa42273930f477d?s=96&d=mm&r=g\",\"caption\":\"barreiroweb\"},\"url\":\"https:\/\/arquivo.barreiroweb.net\/?author=1\"}]}<\/script>\n<!-- \/ Yoast SEO plugin. -->","yoast_head_json":{"title":"DIA DE S. FRANCISCO DE ASSIS M\u00fasica Antiga no Convento  - barreiroweb","robots":{"index":"index","follow":"follow","max-snippet":"max-snippet:-1","max-image-preview":"max-image-preview:large","max-video-preview":"max-video-preview:-1"},"canonical":"https:\/\/arquivo.barreiroweb.net\/?p=8059","og_locale":"pt_PT","og_type":"article","og_title":"DIA DE S. FRANCISCO DE ASSIS M\u00fasica Antiga no Convento  - barreiroweb","og_description":"No pr\u00f3ximo dia 4 de outubro, pelas\u00a0\u00a0 21h00, o Audit\u00f3rio do Convento da Madre de Deus da Verderena recebe Hist\u00f3ria\u00a0\u00a0 e M\u00fasica dos s\u00e9culos XIII a XVI, pelo grupo de m\u00fasica antiga Animae Vox.\u00a0\u00a0 A\u00a0\u00a0 iniciativa promovida pela C\u00e2mara Municipal do Barreiro tem entrada livre e\u00a0\u00a0 insere-se no projeto \u201cDo texto ao palco\u201d. CMB 2012-09-25","og_url":"https:\/\/arquivo.barreiroweb.net\/?p=8059","og_site_name":"barreiroweb","article_publisher":"https:\/\/www.facebook.com\/barreiroweb","article_published_time":"2012-09-25T23:40:46+00:00","og_image":[{"width":222,"height":314,"url":"https:\/\/arquivo.barreiroweb.net\/wp-content\/uploads\/2012\/09\/cartaz_SFrancisco_Assis.jpg","type":"image\/jpeg"}],"author":"barreiroweb","twitter_card":"summary_large_image","twitter_creator":"@barreiroweb","twitter_site":"@barreiroweb","twitter_misc":{"Escrito por":"barreiroweb"},"schema":{"@context":"https:\/\/schema.org","@graph":[{"@type":"Article","@id":"https:\/\/arquivo.barreiroweb.net\/?p=8059#article","isPartOf":{"@id":"https:\/\/arquivo.barreiroweb.net\/?p=8059"},"author":{"name":"barreiroweb","@id":"https:\/\/arquivo.barreiroweb.net\/#\/schema\/person\/44b6d528aff975e3786c9f475f9df2dd"},"headline":"DIA DE S. FRANCISCO DE ASSIS M\u00fasica Antiga no Convento","datePublished":"2012-09-25T23:40:46+00:00","mainEntityOfPage":{"@id":"https:\/\/arquivo.barreiroweb.net\/?p=8059"},"wordCount":73,"commentCount":0,"publisher":{"@id":"https:\/\/arquivo.barreiroweb.net\/#organization"},"image":{"@id":"https:\/\/arquivo.barreiroweb.net\/?p=8059#primaryimage"},"thumbnailUrl":"https:\/\/arquivo.barreiroweb.net\/wp-content\/uploads\/2012\/09\/cartaz_SFrancisco_Assis.jpg","keywords":["barreiro"],"articleSection":["Musica"],"inLanguage":"pt-PT","potentialAction":[{"@type":"CommentAction","name":"Comment","target":["https:\/\/arquivo.barreiroweb.net\/?p=8059#respond"]}]},{"@type":"WebPage","@id":"https:\/\/arquivo.barreiroweb.net\/?p=8059","url":"https:\/\/arquivo.barreiroweb.net\/?p=8059","name":"DIA DE S. FRANCISCO DE ASSIS M\u00fasica Antiga no Convento - barreiroweb","isPartOf":{"@id":"https:\/\/arquivo.barreiroweb.net\/#website"},"primaryImageOfPage":{"@id":"https:\/\/arquivo.barreiroweb.net\/?p=8059#primaryimage"},"image":{"@id":"https:\/\/arquivo.barreiroweb.net\/?p=8059#primaryimage"},"thumbnailUrl":"https:\/\/arquivo.barreiroweb.net\/wp-content\/uploads\/2012\/09\/cartaz_SFrancisco_Assis.jpg","datePublished":"2012-09-25T23:40:46+00:00","breadcrumb":{"@id":"https:\/\/arquivo.barreiroweb.net\/?p=8059#breadcrumb"},"inLanguage":"pt-PT","potentialAction":[{"@type":"ReadAction","target":["https:\/\/arquivo.barreiroweb.net\/?p=8059"]}]},{"@type":"ImageObject","inLanguage":"pt-PT","@id":"https:\/\/arquivo.barreiroweb.net\/?p=8059#primaryimage","url":"https:\/\/arquivo.barreiroweb.net\/wp-content\/uploads\/2012\/09\/cartaz_SFrancisco_Assis.jpg","contentUrl":"https:\/\/arquivo.barreiroweb.net\/wp-content\/uploads\/2012\/09\/cartaz_SFrancisco_Assis.jpg","width":"222","height":"314"},{"@type":"BreadcrumbList","@id":"https:\/\/arquivo.barreiroweb.net\/?p=8059#breadcrumb","itemListElement":[{"@type":"ListItem","position":1,"name":"In\u00edcio","item":"https:\/\/arquivo.barreiroweb.net\/"},{"@type":"ListItem","position":2,"name":"DIA DE S. FRANCISCO DE ASSIS M\u00fasica Antiga no Convento"}]},{"@type":"WebSite","@id":"https:\/\/arquivo.barreiroweb.net\/#website","url":"https:\/\/arquivo.barreiroweb.net\/","name":"barreiroweb","description":"Barreiroweb o barreiro na web","publisher":{"@id":"https:\/\/arquivo.barreiroweb.net\/#organization"},"potentialAction":[{"@type":"SearchAction","target":{"@type":"EntryPoint","urlTemplate":"https:\/\/arquivo.barreiroweb.net\/?s={search_term_string}"},"query-input":{"@type":"PropertyValueSpecification","valueRequired":true,"valueName":"search_term_string"}}],"inLanguage":"pt-PT"},{"@type":"Organization","@id":"https:\/\/arquivo.barreiroweb.net\/#organization","name":"barreiroweb","url":"https:\/\/arquivo.barreiroweb.net\/","logo":{"@type":"ImageObject","inLanguage":"pt-PT","@id":"https:\/\/arquivo.barreiroweb.net\/#\/schema\/logo\/image\/","url":"https:\/\/barreiroweb.net\/wp-content\/uploads\/2022\/05\/BarreiroWeb555.jpg","contentUrl":"https:\/\/barreiroweb.net\/wp-content\/uploads\/2022\/05\/BarreiroWeb555.jpg","width":421,"height":415,"caption":"barreiroweb"},"image":{"@id":"https:\/\/arquivo.barreiroweb.net\/#\/schema\/logo\/image\/"},"sameAs":["https:\/\/www.facebook.com\/barreiroweb","https:\/\/x.com\/barreiroweb"]},{"@type":"Person","@id":"https:\/\/arquivo.barreiroweb.net\/#\/schema\/person\/44b6d528aff975e3786c9f475f9df2dd","name":"barreiroweb","image":{"@type":"ImageObject","inLanguage":"pt-PT","@id":"https:\/\/arquivo.barreiroweb.net\/#\/schema\/person\/image\/","url":"https:\/\/secure.gravatar.com\/avatar\/1f764b917967430404ff0b452044eb63a25d64a5363b25be2aa42273930f477d?s=96&d=mm&r=g","contentUrl":"https:\/\/secure.gravatar.com\/avatar\/1f764b917967430404ff0b452044eb63a25d64a5363b25be2aa42273930f477d?s=96&d=mm&r=g","caption":"barreiroweb"},"url":"https:\/\/arquivo.barreiroweb.net\/?author=1"}]}},"_links":{"self":[{"href":"https:\/\/arquivo.barreiroweb.net\/index.php?rest_route=\/wp\/v2\/posts\/8059","targetHints":{"allow":["GET"]}}],"collection":[{"href":"https:\/\/arquivo.barreiroweb.net\/index.php?rest_route=\/wp\/v2\/posts"}],"about":[{"href":"https:\/\/arquivo.barreiroweb.net\/index.php?rest_route=\/wp\/v2\/types\/post"}],"author":[{"embeddable":true,"href":"https:\/\/arquivo.barreiroweb.net\/index.php?rest_route=\/wp\/v2\/users\/1"}],"replies":[{"embeddable":true,"href":"https:\/\/arquivo.barreiroweb.net\/index.php?rest_route=%2Fwp%2Fv2%2Fcomments&post=8059"}],"version-history":[{"count":2,"href":"https:\/\/arquivo.barreiroweb.net\/index.php?rest_route=\/wp\/v2\/posts\/8059\/revisions"}],"predecessor-version":[{"id":8062,"href":"https:\/\/arquivo.barreiroweb.net\/index.php?rest_route=\/wp\/v2\/posts\/8059\/revisions\/8062"}],"wp:featuredmedia":[{"embeddable":true,"href":"https:\/\/arquivo.barreiroweb.net\/index.php?rest_route=\/wp\/v2\/media\/8060"}],"wp:attachment":[{"href":"https:\/\/arquivo.barreiroweb.net\/index.php?rest_route=%2Fwp%2Fv2%2Fmedia&parent=8059"}],"wp:term":[{"taxonomy":"category","embeddable":true,"href":"https:\/\/arquivo.barreiroweb.net\/index.php?rest_route=%2Fwp%2Fv2%2Fcategories&post=8059"},{"taxonomy":"post_tag","embeddable":true,"href":"https:\/\/arquivo.barreiroweb.net\/index.php?rest_route=%2Fwp%2Fv2%2Ftags&post=8059"}],"curies":[{"name":"wp","href":"https:\/\/api.w.org\/{rel}","templated":true}]}}