{"id":7958,"date":"2012-09-15T14:54:03","date_gmt":"2012-09-15T13:54:03","guid":{"rendered":"http:\/\/barreiroweb.eu\/?p=7958"},"modified":"2012-09-15T14:54:03","modified_gmt":"2012-09-15T13:54:03","slug":"municipio-da-moita-assinala-semana-europeia-da-mobilidade","status":"publish","type":"post","link":"https:\/\/arquivo.barreiroweb.net\/?p=7958","title":{"rendered":"Munic\u00edpio da Moita assinala Semana Europeia da Mobilidade"},"content":{"rendered":"<p><a href=\"http:\/\/barreiroweb.eu\/wp-content\/uploads\/2012\/09\/Imagem-Semana-Europeia-da-Mobilidade.png\" rel=\"lightbox[7958]\"><img loading=\"lazy\" decoding=\"async\" class=\"alignleft size-thumbnail wp-image-7959\" title=\"Imagem Semana Europeia da Mobilidade\" src=\"http:\/\/barreiroweb.eu\/wp-content\/uploads\/2012\/09\/Imagem-Semana-Europeia-da-Mobilidade-150x150.png\" alt=\"\" width=\"150\" height=\"150\" srcset=\"https:\/\/arquivo.barreiroweb.net\/wp-content\/uploads\/2012\/09\/Imagem-Semana-Europeia-da-Mobilidade-150x150.png 150w, https:\/\/arquivo.barreiroweb.net\/wp-content\/uploads\/2012\/09\/Imagem-Semana-Europeia-da-Mobilidade-50x50.png 50w, https:\/\/arquivo.barreiroweb.net\/wp-content\/uploads\/2012\/09\/Imagem-Semana-Europeia-da-Mobilidade-70x70.png 70w, https:\/\/arquivo.barreiroweb.net\/wp-content\/uploads\/2012\/09\/Imagem-Semana-Europeia-da-Mobilidade-55x55.png 55w\" sizes=\"auto, (max-width: 150px) 100vw, 150px\" \/><\/a>No \u00e2mbito da <strong>Semana Europeia da Mobilidade<\/strong>, que se assinala entre 16 e 22 de setembro, a C\u00e2mara Municipal da Moita preparou diferentes iniciativas para o dia <strong>20 de setembro, na Moita<\/strong>, e para o dia <strong>21 de setembro, na Baixa da Banheira<\/strong>.<\/p>\n<p>No dia <strong>20 de setembro<\/strong>, das <strong>9:00h \u00e0s 17:00h<\/strong>, a Pra\u00e7a da Rep\u00fablica, na Moita, vai receber um <em>Road Show<\/em> com a demostra\u00e7\u00e3o de um ve\u00edculo, motos e bicicletas el\u00e9tricas. Pelas <strong>17:00h<\/strong>, vai ser assinado, no Sal\u00e3o Nobre dos Pa\u00e7os do Concelho, um protocolo entre a C\u00e2mara Municipal da Moita e a Federa\u00e7\u00e3o Portuguesa de Cicloturismo e Utilizadores de Bicicleta. Ainda no Sal\u00e3o Nobre dos Pa\u00e7os do Concelho, pelas <strong>17:30h<\/strong>, a C\u00e2mara da Moita vai apresentar o Programa Municipal de Percursos Pedonais e Cicl\u00e1veis.<\/p>\n<p>Na Rua 1\u00ba de Maio, na Baixa da Banheira, v\u00e3o decorrer, <strong>durante todo o dia<\/strong> <strong>21 de setembro<\/strong>, atividades com alunos das Escolas B\u00e1sicas de 1\u00ba ciclo do concelho e tamb\u00e9m o Ecotrocas \u2013 oferta de bilhetes para transportes p\u00fablicos em troca de res\u00edduos recicl\u00e1veis.<\/p>\n<p>C\u00e2mara Municipal da Moita<\/p>\n","protected":false},"excerpt":{"rendered":"<p>No \u00e2mbito da Semana Europeia da Mobilidade, que se assinala entre 16 e 22 de setembro, a C\u00e2mara Municipal da Moita preparou diferentes iniciativas para o dia 20 de setembro, na Moita, e para o dia 21 de setembro, na Baixa da Banheira. No dia 20 de setembro, das 9:00h \u00e0s 17:00h, a Pra\u00e7a da [&hellip;]<\/p>\n","protected":false},"author":1,"featured_media":7959,"comment_status":"open","ping_status":"open","sticky":false,"template":"","format":"standard","meta":{"footnotes":""},"categories":[32,3],"tags":[37],"class_list":["post-7958","post","type-post","status-publish","format-standard","has-post-thumbnail","hentry","category-destaque","category-eventos","tag-moita","last_archivepost"],"yoast_head":"<!-- This site is optimized with the Yoast SEO plugin v27.1.1 - https:\/\/yoast.com\/product\/yoast-seo-wordpress\/ -->\n<title>Munic\u00edpio da Moita assinala Semana Europeia da Mobilidade - barreiroweb<\/title>\n<meta name=\"robots\" content=\"index, follow, max-snippet:-1, max-image-preview:large, max-video-preview:-1\" \/>\n<link rel=\"canonical\" href=\"https:\/\/arquivo.barreiroweb.net\/?p=7958\" \/>\n<meta property=\"og:locale\" content=\"pt_PT\" \/>\n<meta property=\"og:type\" content=\"article\" \/>\n<meta property=\"og:title\" content=\"Munic\u00edpio da Moita assinala Semana Europeia da Mobilidade - barreiroweb\" \/>\n<meta property=\"og:description\" content=\"No \u00e2mbito da Semana Europeia da Mobilidade, que se assinala entre 16 e 22 de setembro, a C\u00e2mara Municipal da Moita preparou diferentes iniciativas para o dia 20 de setembro, na Moita, e para o dia 21 de setembro, na Baixa da Banheira. No dia 20 de setembro, das 9:00h \u00e0s 17:00h, a Pra\u00e7a da [&hellip;]\" \/>\n<meta property=\"og:url\" content=\"https:\/\/arquivo.barreiroweb.net\/?p=7958\" \/>\n<meta property=\"og:site_name\" content=\"barreiroweb\" \/>\n<meta property=\"article:publisher\" content=\"https:\/\/www.facebook.com\/barreiroweb\" \/>\n<meta property=\"article:published_time\" content=\"2012-09-15T13:54:03+00:00\" \/>\n<meta property=\"og:image\" content=\"https:\/\/arquivo.barreiroweb.net\/wp-content\/uploads\/2012\/09\/Imagem-Semana-Europeia-da-Mobilidade.png\" \/>\n\t<meta property=\"og:image:width\" content=\"314\" \/>\n\t<meta property=\"og:image:height\" content=\"211\" \/>\n\t<meta property=\"og:image:type\" content=\"image\/png\" \/>\n<meta name=\"author\" content=\"barreiroweb\" \/>\n<meta name=\"twitter:card\" content=\"summary_large_image\" \/>\n<meta name=\"twitter:creator\" content=\"@barreiroweb\" \/>\n<meta name=\"twitter:site\" content=\"@barreiroweb\" \/>\n<meta name=\"twitter:label1\" content=\"Escrito por\" \/>\n\t<meta name=\"twitter:data1\" content=\"barreiroweb\" \/>\n\t<meta name=\"twitter:label2\" content=\"Tempo estimado de leitura\" \/>\n\t<meta name=\"twitter:data2\" content=\"1 minuto\" \/>\n<script type=\"application\/ld+json\" class=\"yoast-schema-graph\">{\"@context\":\"https:\/\/schema.org\",\"@graph\":[{\"@type\":\"Article\",\"@id\":\"https:\/\/arquivo.barreiroweb.net\/?p=7958#article\",\"isPartOf\":{\"@id\":\"https:\/\/arquivo.barreiroweb.net\/?p=7958\"},\"author\":{\"name\":\"barreiroweb\",\"@id\":\"https:\/\/arquivo.barreiroweb.net\/#\/schema\/person\/44b6d528aff975e3786c9f475f9df2dd\"},\"headline\":\"Munic\u00edpio da Moita assinala Semana Europeia da Mobilidade\",\"datePublished\":\"2012-09-15T13:54:03+00:00\",\"mainEntityOfPage\":{\"@id\":\"https:\/\/arquivo.barreiroweb.net\/?p=7958\"},\"wordCount\":197,\"commentCount\":0,\"publisher\":{\"@id\":\"https:\/\/arquivo.barreiroweb.net\/#organization\"},\"image\":{\"@id\":\"https:\/\/arquivo.barreiroweb.net\/?p=7958#primaryimage\"},\"thumbnailUrl\":\"https:\/\/arquivo.barreiroweb.net\/wp-content\/uploads\/2012\/09\/Imagem-Semana-Europeia-da-Mobilidade.png\",\"keywords\":[\"moita\"],\"articleSection\":[\"Destaque\",\"Eventos\"],\"inLanguage\":\"pt-PT\",\"potentialAction\":[{\"@type\":\"CommentAction\",\"name\":\"Comment\",\"target\":[\"https:\/\/arquivo.barreiroweb.net\/?p=7958#respond\"]}]},{\"@type\":\"WebPage\",\"@id\":\"https:\/\/arquivo.barreiroweb.net\/?p=7958\",\"url\":\"https:\/\/arquivo.barreiroweb.net\/?p=7958\",\"name\":\"Munic\u00edpio da Moita assinala Semana Europeia da Mobilidade - barreiroweb\",\"isPartOf\":{\"@id\":\"https:\/\/arquivo.barreiroweb.net\/#website\"},\"primaryImageOfPage\":{\"@id\":\"https:\/\/arquivo.barreiroweb.net\/?p=7958#primaryimage\"},\"image\":{\"@id\":\"https:\/\/arquivo.barreiroweb.net\/?p=7958#primaryimage\"},\"thumbnailUrl\":\"https:\/\/arquivo.barreiroweb.net\/wp-content\/uploads\/2012\/09\/Imagem-Semana-Europeia-da-Mobilidade.png\",\"datePublished\":\"2012-09-15T13:54:03+00:00\",\"breadcrumb\":{\"@id\":\"https:\/\/arquivo.barreiroweb.net\/?p=7958#breadcrumb\"},\"inLanguage\":\"pt-PT\",\"potentialAction\":[{\"@type\":\"ReadAction\",\"target\":[\"https:\/\/arquivo.barreiroweb.net\/?p=7958\"]}]},{\"@type\":\"ImageObject\",\"inLanguage\":\"pt-PT\",\"@id\":\"https:\/\/arquivo.barreiroweb.net\/?p=7958#primaryimage\",\"url\":\"https:\/\/arquivo.barreiroweb.net\/wp-content\/uploads\/2012\/09\/Imagem-Semana-Europeia-da-Mobilidade.png\",\"contentUrl\":\"https:\/\/arquivo.barreiroweb.net\/wp-content\/uploads\/2012\/09\/Imagem-Semana-Europeia-da-Mobilidade.png\",\"width\":\"314\",\"height\":\"211\"},{\"@type\":\"BreadcrumbList\",\"@id\":\"https:\/\/arquivo.barreiroweb.net\/?p=7958#breadcrumb\",\"itemListElement\":[{\"@type\":\"ListItem\",\"position\":1,\"name\":\"In\u00edcio\",\"item\":\"https:\/\/arquivo.barreiroweb.net\/\"},{\"@type\":\"ListItem\",\"position\":2,\"name\":\"Munic\u00edpio da Moita assinala Semana Europeia da Mobilidade\"}]},{\"@type\":\"WebSite\",\"@id\":\"https:\/\/arquivo.barreiroweb.net\/#website\",\"url\":\"https:\/\/arquivo.barreiroweb.net\/\",\"name\":\"barreiroweb\",\"description\":\"Barreiroweb o barreiro na web\",\"publisher\":{\"@id\":\"https:\/\/arquivo.barreiroweb.net\/#organization\"},\"potentialAction\":[{\"@type\":\"SearchAction\",\"target\":{\"@type\":\"EntryPoint\",\"urlTemplate\":\"https:\/\/arquivo.barreiroweb.net\/?s={search_term_string}\"},\"query-input\":{\"@type\":\"PropertyValueSpecification\",\"valueRequired\":true,\"valueName\":\"search_term_string\"}}],\"inLanguage\":\"pt-PT\"},{\"@type\":\"Organization\",\"@id\":\"https:\/\/arquivo.barreiroweb.net\/#organization\",\"name\":\"barreiroweb\",\"url\":\"https:\/\/arquivo.barreiroweb.net\/\",\"logo\":{\"@type\":\"ImageObject\",\"inLanguage\":\"pt-PT\",\"@id\":\"https:\/\/arquivo.barreiroweb.net\/#\/schema\/logo\/image\/\",\"url\":\"https:\/\/barreiroweb.net\/wp-content\/uploads\/2022\/05\/BarreiroWeb555.jpg\",\"contentUrl\":\"https:\/\/barreiroweb.net\/wp-content\/uploads\/2022\/05\/BarreiroWeb555.jpg\",\"width\":421,\"height\":415,\"caption\":\"barreiroweb\"},\"image\":{\"@id\":\"https:\/\/arquivo.barreiroweb.net\/#\/schema\/logo\/image\/\"},\"sameAs\":[\"https:\/\/www.facebook.com\/barreiroweb\",\"https:\/\/x.com\/barreiroweb\"]},{\"@type\":\"Person\",\"@id\":\"https:\/\/arquivo.barreiroweb.net\/#\/schema\/person\/44b6d528aff975e3786c9f475f9df2dd\",\"name\":\"barreiroweb\",\"image\":{\"@type\":\"ImageObject\",\"inLanguage\":\"pt-PT\",\"@id\":\"https:\/\/arquivo.barreiroweb.net\/#\/schema\/person\/image\/\",\"url\":\"https:\/\/secure.gravatar.com\/avatar\/1f764b917967430404ff0b452044eb63a25d64a5363b25be2aa42273930f477d?s=96&d=mm&r=g\",\"contentUrl\":\"https:\/\/secure.gravatar.com\/avatar\/1f764b917967430404ff0b452044eb63a25d64a5363b25be2aa42273930f477d?s=96&d=mm&r=g\",\"caption\":\"barreiroweb\"},\"url\":\"https:\/\/arquivo.barreiroweb.net\/?author=1\"}]}<\/script>\n<!-- \/ Yoast SEO plugin. -->","yoast_head_json":{"title":"Munic\u00edpio da Moita assinala Semana Europeia da Mobilidade - barreiroweb","robots":{"index":"index","follow":"follow","max-snippet":"max-snippet:-1","max-image-preview":"max-image-preview:large","max-video-preview":"max-video-preview:-1"},"canonical":"https:\/\/arquivo.barreiroweb.net\/?p=7958","og_locale":"pt_PT","og_type":"article","og_title":"Munic\u00edpio da Moita assinala Semana Europeia da Mobilidade - barreiroweb","og_description":"No \u00e2mbito da Semana Europeia da Mobilidade, que se assinala entre 16 e 22 de setembro, a C\u00e2mara Municipal da Moita preparou diferentes iniciativas para o dia 20 de setembro, na Moita, e para o dia 21 de setembro, na Baixa da Banheira. No dia 20 de setembro, das 9:00h \u00e0s 17:00h, a Pra\u00e7a da [&hellip;]","og_url":"https:\/\/arquivo.barreiroweb.net\/?p=7958","og_site_name":"barreiroweb","article_publisher":"https:\/\/www.facebook.com\/barreiroweb","article_published_time":"2012-09-15T13:54:03+00:00","og_image":[{"width":314,"height":211,"url":"https:\/\/arquivo.barreiroweb.net\/wp-content\/uploads\/2012\/09\/Imagem-Semana-Europeia-da-Mobilidade.png","type":"image\/png"}],"author":"barreiroweb","twitter_card":"summary_large_image","twitter_creator":"@barreiroweb","twitter_site":"@barreiroweb","twitter_misc":{"Escrito por":"barreiroweb","Tempo estimado de leitura":"1 minuto"},"schema":{"@context":"https:\/\/schema.org","@graph":[{"@type":"Article","@id":"https:\/\/arquivo.barreiroweb.net\/?p=7958#article","isPartOf":{"@id":"https:\/\/arquivo.barreiroweb.net\/?p=7958"},"author":{"name":"barreiroweb","@id":"https:\/\/arquivo.barreiroweb.net\/#\/schema\/person\/44b6d528aff975e3786c9f475f9df2dd"},"headline":"Munic\u00edpio da Moita assinala Semana Europeia da Mobilidade","datePublished":"2012-09-15T13:54:03+00:00","mainEntityOfPage":{"@id":"https:\/\/arquivo.barreiroweb.net\/?p=7958"},"wordCount":197,"commentCount":0,"publisher":{"@id":"https:\/\/arquivo.barreiroweb.net\/#organization"},"image":{"@id":"https:\/\/arquivo.barreiroweb.net\/?p=7958#primaryimage"},"thumbnailUrl":"https:\/\/arquivo.barreiroweb.net\/wp-content\/uploads\/2012\/09\/Imagem-Semana-Europeia-da-Mobilidade.png","keywords":["moita"],"articleSection":["Destaque","Eventos"],"inLanguage":"pt-PT","potentialAction":[{"@type":"CommentAction","name":"Comment","target":["https:\/\/arquivo.barreiroweb.net\/?p=7958#respond"]}]},{"@type":"WebPage","@id":"https:\/\/arquivo.barreiroweb.net\/?p=7958","url":"https:\/\/arquivo.barreiroweb.net\/?p=7958","name":"Munic\u00edpio da Moita assinala Semana Europeia da Mobilidade - barreiroweb","isPartOf":{"@id":"https:\/\/arquivo.barreiroweb.net\/#website"},"primaryImageOfPage":{"@id":"https:\/\/arquivo.barreiroweb.net\/?p=7958#primaryimage"},"image":{"@id":"https:\/\/arquivo.barreiroweb.net\/?p=7958#primaryimage"},"thumbnailUrl":"https:\/\/arquivo.barreiroweb.net\/wp-content\/uploads\/2012\/09\/Imagem-Semana-Europeia-da-Mobilidade.png","datePublished":"2012-09-15T13:54:03+00:00","breadcrumb":{"@id":"https:\/\/arquivo.barreiroweb.net\/?p=7958#breadcrumb"},"inLanguage":"pt-PT","potentialAction":[{"@type":"ReadAction","target":["https:\/\/arquivo.barreiroweb.net\/?p=7958"]}]},{"@type":"ImageObject","inLanguage":"pt-PT","@id":"https:\/\/arquivo.barreiroweb.net\/?p=7958#primaryimage","url":"https:\/\/arquivo.barreiroweb.net\/wp-content\/uploads\/2012\/09\/Imagem-Semana-Europeia-da-Mobilidade.png","contentUrl":"https:\/\/arquivo.barreiroweb.net\/wp-content\/uploads\/2012\/09\/Imagem-Semana-Europeia-da-Mobilidade.png","width":"314","height":"211"},{"@type":"BreadcrumbList","@id":"https:\/\/arquivo.barreiroweb.net\/?p=7958#breadcrumb","itemListElement":[{"@type":"ListItem","position":1,"name":"In\u00edcio","item":"https:\/\/arquivo.barreiroweb.net\/"},{"@type":"ListItem","position":2,"name":"Munic\u00edpio da Moita assinala Semana Europeia da Mobilidade"}]},{"@type":"WebSite","@id":"https:\/\/arquivo.barreiroweb.net\/#website","url":"https:\/\/arquivo.barreiroweb.net\/","name":"barreiroweb","description":"Barreiroweb o barreiro na web","publisher":{"@id":"https:\/\/arquivo.barreiroweb.net\/#organization"},"potentialAction":[{"@type":"SearchAction","target":{"@type":"EntryPoint","urlTemplate":"https:\/\/arquivo.barreiroweb.net\/?s={search_term_string}"},"query-input":{"@type":"PropertyValueSpecification","valueRequired":true,"valueName":"search_term_string"}}],"inLanguage":"pt-PT"},{"@type":"Organization","@id":"https:\/\/arquivo.barreiroweb.net\/#organization","name":"barreiroweb","url":"https:\/\/arquivo.barreiroweb.net\/","logo":{"@type":"ImageObject","inLanguage":"pt-PT","@id":"https:\/\/arquivo.barreiroweb.net\/#\/schema\/logo\/image\/","url":"https:\/\/barreiroweb.net\/wp-content\/uploads\/2022\/05\/BarreiroWeb555.jpg","contentUrl":"https:\/\/barreiroweb.net\/wp-content\/uploads\/2022\/05\/BarreiroWeb555.jpg","width":421,"height":415,"caption":"barreiroweb"},"image":{"@id":"https:\/\/arquivo.barreiroweb.net\/#\/schema\/logo\/image\/"},"sameAs":["https:\/\/www.facebook.com\/barreiroweb","https:\/\/x.com\/barreiroweb"]},{"@type":"Person","@id":"https:\/\/arquivo.barreiroweb.net\/#\/schema\/person\/44b6d528aff975e3786c9f475f9df2dd","name":"barreiroweb","image":{"@type":"ImageObject","inLanguage":"pt-PT","@id":"https:\/\/arquivo.barreiroweb.net\/#\/schema\/person\/image\/","url":"https:\/\/secure.gravatar.com\/avatar\/1f764b917967430404ff0b452044eb63a25d64a5363b25be2aa42273930f477d?s=96&d=mm&r=g","contentUrl":"https:\/\/secure.gravatar.com\/avatar\/1f764b917967430404ff0b452044eb63a25d64a5363b25be2aa42273930f477d?s=96&d=mm&r=g","caption":"barreiroweb"},"url":"https:\/\/arquivo.barreiroweb.net\/?author=1"}]}},"_links":{"self":[{"href":"https:\/\/arquivo.barreiroweb.net\/index.php?rest_route=\/wp\/v2\/posts\/7958","targetHints":{"allow":["GET"]}}],"collection":[{"href":"https:\/\/arquivo.barreiroweb.net\/index.php?rest_route=\/wp\/v2\/posts"}],"about":[{"href":"https:\/\/arquivo.barreiroweb.net\/index.php?rest_route=\/wp\/v2\/types\/post"}],"author":[{"embeddable":true,"href":"https:\/\/arquivo.barreiroweb.net\/index.php?rest_route=\/wp\/v2\/users\/1"}],"replies":[{"embeddable":true,"href":"https:\/\/arquivo.barreiroweb.net\/index.php?rest_route=%2Fwp%2Fv2%2Fcomments&post=7958"}],"version-history":[{"count":1,"href":"https:\/\/arquivo.barreiroweb.net\/index.php?rest_route=\/wp\/v2\/posts\/7958\/revisions"}],"predecessor-version":[{"id":7960,"href":"https:\/\/arquivo.barreiroweb.net\/index.php?rest_route=\/wp\/v2\/posts\/7958\/revisions\/7960"}],"wp:featuredmedia":[{"embeddable":true,"href":"https:\/\/arquivo.barreiroweb.net\/index.php?rest_route=\/wp\/v2\/media\/7959"}],"wp:attachment":[{"href":"https:\/\/arquivo.barreiroweb.net\/index.php?rest_route=%2Fwp%2Fv2%2Fmedia&parent=7958"}],"wp:term":[{"taxonomy":"category","embeddable":true,"href":"https:\/\/arquivo.barreiroweb.net\/index.php?rest_route=%2Fwp%2Fv2%2Fcategories&post=7958"},{"taxonomy":"post_tag","embeddable":true,"href":"https:\/\/arquivo.barreiroweb.net\/index.php?rest_route=%2Fwp%2Fv2%2Ftags&post=7958"}],"curies":[{"name":"wp","href":"https:\/\/api.w.org\/{rel}","templated":true}]}}