{"id":7860,"date":"2012-09-03T19:06:28","date_gmt":"2012-09-03T18:06:28","guid":{"rendered":"http:\/\/barreiroweb.eu\/?p=7860"},"modified":"2012-09-03T19:06:28","modified_gmt":"2012-09-03T18:06:28","slug":"galeria-municipal-de-arte-formacao-em-estetica-fotografica","status":"publish","type":"post","link":"https:\/\/arquivo.barreiroweb.net\/?p=7860","title":{"rendered":"Galeria Municipal de Arte Forma\u00e7\u00e3o em Est\u00e9tica Fotogr\u00e1fica"},"content":{"rendered":"<p style=\"text-align: justify;\" align=\"center\"><a href=\"http:\/\/barreiroweb.eu\/wp-content\/uploads\/2012\/09\/imagem-030.jpg\" rel=\"lightbox[7860]\"><img loading=\"lazy\" decoding=\"async\" class=\"alignleft size-thumbnail wp-image-7861\" title=\"imagem 030\" src=\"http:\/\/barreiroweb.eu\/wp-content\/uploads\/2012\/09\/imagem-030-150x150.jpg\" alt=\"\" width=\"150\" height=\"150\" srcset=\"https:\/\/arquivo.barreiroweb.net\/wp-content\/uploads\/2012\/09\/imagem-030-150x150.jpg 150w, https:\/\/arquivo.barreiroweb.net\/wp-content\/uploads\/2012\/09\/imagem-030-50x50.jpg 50w, https:\/\/arquivo.barreiroweb.net\/wp-content\/uploads\/2012\/09\/imagem-030-70x70.jpg 70w, https:\/\/arquivo.barreiroweb.net\/wp-content\/uploads\/2012\/09\/imagem-030-55x55.jpg 55w\" sizes=\"auto, (max-width: 150px) 100vw, 150px\" \/><\/a>A Galeria Municipal de Arte, no Barreiro, recebe, nos dias 17 e 24 de setembro e 1 de outubro, das 19h30 \u00e0s 22h30, a \u201cForma\u00e7\u00e3o em Est\u00e9tica Fotogr\u00e1fica\u201d, ministrada por Ant\u00f3nio Lopes, fot\u00f3grafo, professor de fotografia, cr\u00edtico de arte e comiss\u00e1rio.<\/p>\n<p style=\"text-align: justify;\">As inscri\u00e7\u00f5es podem ser efetuadas atrav\u00e9s do telefone 210990837 ou\u00a0e-mail <a href=\"mailto:cultura@cm-barreiro.pt\">cultura@cm-barreiro.pt<\/a>, sendo o valor de 30 euros (3 sess\u00f5es). O n\u00famero m\u00ednimo de inscri\u00e7\u00f5es \u00e9 de oito pessoas e o m\u00e1ximo de 25.<\/p>\n<p style=\"text-align: justify;\">O programa da forma\u00e7\u00e3o inclui Composi\u00e7\u00e3o Cl\u00e1ssica e Contempor\u00e2nea e An\u00e1lise de Imagens e Trabalhos de Fot\u00f3grafos.<\/p>\n<p style=\"text-align: justify;\">Este workshop ir\u00e1 abordar o ritmo e o dinamismo interno de uma imagem, o enquadramento e o momento certo do disparo. A luz e o controle t\u00e9cnico enquanto determinantes da est\u00e9tica, ou o suporte usado, ser\u00e3o tamb\u00e9m discutidos enquanto op\u00e7\u00f5es de trabalho, tal como a criatividade do ponto de vista, o sentido de leitura de uma imagem ou a aplica\u00e7\u00e3o, ou n\u00e3o de algumas regras cl\u00e1ssicas segundo o tipo de trabalho. Juntamente com estas tem\u00e1ticas ser\u00e3o abordadas as necessidades de inova\u00e7\u00e3o, ou o uso da cor.<\/p>\n<p style=\"text-align: justify;\">A\u00a0Forma\u00e7\u00e3o em Est\u00e9tica Fotogr\u00e1fica \u00e9 organizada pela C\u00e2mara Municipal do Barreiro em parceria com a APAF &#8211; Associa\u00e7\u00e3o Portuguesa de Arte Fotogr\u00e1fica.<\/p>\n<p style=\"text-align: right;\" align=\"right\">CMB 2012-08-23<\/p>\n","protected":false},"excerpt":{"rendered":"<p>A Galeria Municipal de Arte, no Barreiro, recebe, nos dias 17 e 24 de setembro e 1 de outubro, das 19h30 \u00e0s 22h30, a \u201cForma\u00e7\u00e3o em Est\u00e9tica Fotogr\u00e1fica\u201d, ministrada por Ant\u00f3nio Lopes, fot\u00f3grafo, professor de fotografia, cr\u00edtico de arte e comiss\u00e1rio. As inscri\u00e7\u00f5es podem ser efetuadas atrav\u00e9s do telefone 210990837 ou\u00a0e-mail cultura@cm-barreiro.pt, sendo o valor [&hellip;]<\/p>\n","protected":false},"author":1,"featured_media":7861,"comment_status":"open","ping_status":"open","sticky":false,"template":"","format":"standard","meta":{"footnotes":""},"categories":[32,3],"tags":[41],"class_list":["post-7860","post","type-post","status-publish","format-standard","has-post-thumbnail","hentry","category-destaque","category-eventos","tag-barreiro","last_archivepost"],"yoast_head":"<!-- This site is optimized with the Yoast SEO plugin v27.1.1 - https:\/\/yoast.com\/product\/yoast-seo-wordpress\/ -->\n<title>Galeria Municipal de Arte Forma\u00e7\u00e3o em Est\u00e9tica Fotogr\u00e1fica - barreiroweb<\/title>\n<meta name=\"robots\" content=\"index, follow, max-snippet:-1, max-image-preview:large, max-video-preview:-1\" \/>\n<link rel=\"canonical\" href=\"https:\/\/arquivo.barreiroweb.net\/?p=7860\" \/>\n<meta property=\"og:locale\" content=\"pt_PT\" \/>\n<meta property=\"og:type\" content=\"article\" \/>\n<meta property=\"og:title\" content=\"Galeria Municipal de Arte Forma\u00e7\u00e3o em Est\u00e9tica Fotogr\u00e1fica - barreiroweb\" \/>\n<meta property=\"og:description\" content=\"A Galeria Municipal de Arte, no Barreiro, recebe, nos dias 17 e 24 de setembro e 1 de outubro, das 19h30 \u00e0s 22h30, a \u201cForma\u00e7\u00e3o em Est\u00e9tica Fotogr\u00e1fica\u201d, ministrada por Ant\u00f3nio Lopes, fot\u00f3grafo, professor de fotografia, cr\u00edtico de arte e comiss\u00e1rio. As inscri\u00e7\u00f5es podem ser efetuadas atrav\u00e9s do telefone 210990837 ou\u00a0e-mail cultura@cm-barreiro.pt, sendo o valor [&hellip;]\" \/>\n<meta property=\"og:url\" content=\"https:\/\/arquivo.barreiroweb.net\/?p=7860\" \/>\n<meta property=\"og:site_name\" content=\"barreiroweb\" \/>\n<meta property=\"article:publisher\" content=\"https:\/\/www.facebook.com\/barreiroweb\" \/>\n<meta property=\"article:published_time\" content=\"2012-09-03T18:06:28+00:00\" \/>\n<meta property=\"og:image\" content=\"https:\/\/arquivo.barreiroweb.net\/wp-content\/uploads\/2012\/09\/imagem-030.jpg\" \/>\n\t<meta property=\"og:image:width\" content=\"314\" \/>\n\t<meta property=\"og:image:height\" content=\"235\" \/>\n\t<meta property=\"og:image:type\" content=\"image\/jpeg\" \/>\n<meta name=\"author\" content=\"barreiroweb\" \/>\n<meta name=\"twitter:card\" content=\"summary_large_image\" \/>\n<meta name=\"twitter:creator\" content=\"@barreiroweb\" \/>\n<meta name=\"twitter:site\" content=\"@barreiroweb\" \/>\n<meta name=\"twitter:label1\" content=\"Escrito por\" \/>\n\t<meta name=\"twitter:data1\" content=\"barreiroweb\" \/>\n\t<meta name=\"twitter:label2\" content=\"Tempo estimado de leitura\" \/>\n\t<meta name=\"twitter:data2\" content=\"1 minuto\" \/>\n<script type=\"application\/ld+json\" class=\"yoast-schema-graph\">{\"@context\":\"https:\/\/schema.org\",\"@graph\":[{\"@type\":\"Article\",\"@id\":\"https:\/\/arquivo.barreiroweb.net\/?p=7860#article\",\"isPartOf\":{\"@id\":\"https:\/\/arquivo.barreiroweb.net\/?p=7860\"},\"author\":{\"name\":\"barreiroweb\",\"@id\":\"https:\/\/arquivo.barreiroweb.net\/#\/schema\/person\/44b6d528aff975e3786c9f475f9df2dd\"},\"headline\":\"Galeria Municipal de Arte Forma\u00e7\u00e3o em Est\u00e9tica Fotogr\u00e1fica\",\"datePublished\":\"2012-09-03T18:06:28+00:00\",\"mainEntityOfPage\":{\"@id\":\"https:\/\/arquivo.barreiroweb.net\/?p=7860\"},\"wordCount\":245,\"commentCount\":0,\"publisher\":{\"@id\":\"https:\/\/arquivo.barreiroweb.net\/#organization\"},\"image\":{\"@id\":\"https:\/\/arquivo.barreiroweb.net\/?p=7860#primaryimage\"},\"thumbnailUrl\":\"https:\/\/arquivo.barreiroweb.net\/wp-content\/uploads\/2012\/09\/imagem-030.jpg\",\"keywords\":[\"barreiro\"],\"articleSection\":[\"Destaque\",\"Eventos\"],\"inLanguage\":\"pt-PT\",\"potentialAction\":[{\"@type\":\"CommentAction\",\"name\":\"Comment\",\"target\":[\"https:\/\/arquivo.barreiroweb.net\/?p=7860#respond\"]}]},{\"@type\":\"WebPage\",\"@id\":\"https:\/\/arquivo.barreiroweb.net\/?p=7860\",\"url\":\"https:\/\/arquivo.barreiroweb.net\/?p=7860\",\"name\":\"Galeria Municipal de Arte Forma\u00e7\u00e3o em Est\u00e9tica Fotogr\u00e1fica - barreiroweb\",\"isPartOf\":{\"@id\":\"https:\/\/arquivo.barreiroweb.net\/#website\"},\"primaryImageOfPage\":{\"@id\":\"https:\/\/arquivo.barreiroweb.net\/?p=7860#primaryimage\"},\"image\":{\"@id\":\"https:\/\/arquivo.barreiroweb.net\/?p=7860#primaryimage\"},\"thumbnailUrl\":\"https:\/\/arquivo.barreiroweb.net\/wp-content\/uploads\/2012\/09\/imagem-030.jpg\",\"datePublished\":\"2012-09-03T18:06:28+00:00\",\"breadcrumb\":{\"@id\":\"https:\/\/arquivo.barreiroweb.net\/?p=7860#breadcrumb\"},\"inLanguage\":\"pt-PT\",\"potentialAction\":[{\"@type\":\"ReadAction\",\"target\":[\"https:\/\/arquivo.barreiroweb.net\/?p=7860\"]}]},{\"@type\":\"ImageObject\",\"inLanguage\":\"pt-PT\",\"@id\":\"https:\/\/arquivo.barreiroweb.net\/?p=7860#primaryimage\",\"url\":\"https:\/\/arquivo.barreiroweb.net\/wp-content\/uploads\/2012\/09\/imagem-030.jpg\",\"contentUrl\":\"https:\/\/arquivo.barreiroweb.net\/wp-content\/uploads\/2012\/09\/imagem-030.jpg\",\"width\":\"314\",\"height\":\"235\"},{\"@type\":\"BreadcrumbList\",\"@id\":\"https:\/\/arquivo.barreiroweb.net\/?p=7860#breadcrumb\",\"itemListElement\":[{\"@type\":\"ListItem\",\"position\":1,\"name\":\"In\u00edcio\",\"item\":\"https:\/\/arquivo.barreiroweb.net\/\"},{\"@type\":\"ListItem\",\"position\":2,\"name\":\"Galeria Municipal de Arte Forma\u00e7\u00e3o em Est\u00e9tica Fotogr\u00e1fica\"}]},{\"@type\":\"WebSite\",\"@id\":\"https:\/\/arquivo.barreiroweb.net\/#website\",\"url\":\"https:\/\/arquivo.barreiroweb.net\/\",\"name\":\"barreiroweb\",\"description\":\"Barreiroweb o barreiro na web\",\"publisher\":{\"@id\":\"https:\/\/arquivo.barreiroweb.net\/#organization\"},\"potentialAction\":[{\"@type\":\"SearchAction\",\"target\":{\"@type\":\"EntryPoint\",\"urlTemplate\":\"https:\/\/arquivo.barreiroweb.net\/?s={search_term_string}\"},\"query-input\":{\"@type\":\"PropertyValueSpecification\",\"valueRequired\":true,\"valueName\":\"search_term_string\"}}],\"inLanguage\":\"pt-PT\"},{\"@type\":\"Organization\",\"@id\":\"https:\/\/arquivo.barreiroweb.net\/#organization\",\"name\":\"barreiroweb\",\"url\":\"https:\/\/arquivo.barreiroweb.net\/\",\"logo\":{\"@type\":\"ImageObject\",\"inLanguage\":\"pt-PT\",\"@id\":\"https:\/\/arquivo.barreiroweb.net\/#\/schema\/logo\/image\/\",\"url\":\"https:\/\/barreiroweb.net\/wp-content\/uploads\/2022\/05\/BarreiroWeb555.jpg\",\"contentUrl\":\"https:\/\/barreiroweb.net\/wp-content\/uploads\/2022\/05\/BarreiroWeb555.jpg\",\"width\":421,\"height\":415,\"caption\":\"barreiroweb\"},\"image\":{\"@id\":\"https:\/\/arquivo.barreiroweb.net\/#\/schema\/logo\/image\/\"},\"sameAs\":[\"https:\/\/www.facebook.com\/barreiroweb\",\"https:\/\/x.com\/barreiroweb\"]},{\"@type\":\"Person\",\"@id\":\"https:\/\/arquivo.barreiroweb.net\/#\/schema\/person\/44b6d528aff975e3786c9f475f9df2dd\",\"name\":\"barreiroweb\",\"image\":{\"@type\":\"ImageObject\",\"inLanguage\":\"pt-PT\",\"@id\":\"https:\/\/arquivo.barreiroweb.net\/#\/schema\/person\/image\/\",\"url\":\"https:\/\/secure.gravatar.com\/avatar\/1f764b917967430404ff0b452044eb63a25d64a5363b25be2aa42273930f477d?s=96&d=mm&r=g\",\"contentUrl\":\"https:\/\/secure.gravatar.com\/avatar\/1f764b917967430404ff0b452044eb63a25d64a5363b25be2aa42273930f477d?s=96&d=mm&r=g\",\"caption\":\"barreiroweb\"},\"url\":\"https:\/\/arquivo.barreiroweb.net\/?author=1\"}]}<\/script>\n<!-- \/ Yoast SEO plugin. -->","yoast_head_json":{"title":"Galeria Municipal de Arte Forma\u00e7\u00e3o em Est\u00e9tica Fotogr\u00e1fica - barreiroweb","robots":{"index":"index","follow":"follow","max-snippet":"max-snippet:-1","max-image-preview":"max-image-preview:large","max-video-preview":"max-video-preview:-1"},"canonical":"https:\/\/arquivo.barreiroweb.net\/?p=7860","og_locale":"pt_PT","og_type":"article","og_title":"Galeria Municipal de Arte Forma\u00e7\u00e3o em Est\u00e9tica Fotogr\u00e1fica - barreiroweb","og_description":"A Galeria Municipal de Arte, no Barreiro, recebe, nos dias 17 e 24 de setembro e 1 de outubro, das 19h30 \u00e0s 22h30, a \u201cForma\u00e7\u00e3o em Est\u00e9tica Fotogr\u00e1fica\u201d, ministrada por Ant\u00f3nio Lopes, fot\u00f3grafo, professor de fotografia, cr\u00edtico de arte e comiss\u00e1rio. As inscri\u00e7\u00f5es podem ser efetuadas atrav\u00e9s do telefone 210990837 ou\u00a0e-mail cultura@cm-barreiro.pt, sendo o valor [&hellip;]","og_url":"https:\/\/arquivo.barreiroweb.net\/?p=7860","og_site_name":"barreiroweb","article_publisher":"https:\/\/www.facebook.com\/barreiroweb","article_published_time":"2012-09-03T18:06:28+00:00","og_image":[{"width":314,"height":235,"url":"https:\/\/arquivo.barreiroweb.net\/wp-content\/uploads\/2012\/09\/imagem-030.jpg","type":"image\/jpeg"}],"author":"barreiroweb","twitter_card":"summary_large_image","twitter_creator":"@barreiroweb","twitter_site":"@barreiroweb","twitter_misc":{"Escrito por":"barreiroweb","Tempo estimado de leitura":"1 minuto"},"schema":{"@context":"https:\/\/schema.org","@graph":[{"@type":"Article","@id":"https:\/\/arquivo.barreiroweb.net\/?p=7860#article","isPartOf":{"@id":"https:\/\/arquivo.barreiroweb.net\/?p=7860"},"author":{"name":"barreiroweb","@id":"https:\/\/arquivo.barreiroweb.net\/#\/schema\/person\/44b6d528aff975e3786c9f475f9df2dd"},"headline":"Galeria Municipal de Arte Forma\u00e7\u00e3o em Est\u00e9tica Fotogr\u00e1fica","datePublished":"2012-09-03T18:06:28+00:00","mainEntityOfPage":{"@id":"https:\/\/arquivo.barreiroweb.net\/?p=7860"},"wordCount":245,"commentCount":0,"publisher":{"@id":"https:\/\/arquivo.barreiroweb.net\/#organization"},"image":{"@id":"https:\/\/arquivo.barreiroweb.net\/?p=7860#primaryimage"},"thumbnailUrl":"https:\/\/arquivo.barreiroweb.net\/wp-content\/uploads\/2012\/09\/imagem-030.jpg","keywords":["barreiro"],"articleSection":["Destaque","Eventos"],"inLanguage":"pt-PT","potentialAction":[{"@type":"CommentAction","name":"Comment","target":["https:\/\/arquivo.barreiroweb.net\/?p=7860#respond"]}]},{"@type":"WebPage","@id":"https:\/\/arquivo.barreiroweb.net\/?p=7860","url":"https:\/\/arquivo.barreiroweb.net\/?p=7860","name":"Galeria Municipal de Arte Forma\u00e7\u00e3o em Est\u00e9tica Fotogr\u00e1fica - barreiroweb","isPartOf":{"@id":"https:\/\/arquivo.barreiroweb.net\/#website"},"primaryImageOfPage":{"@id":"https:\/\/arquivo.barreiroweb.net\/?p=7860#primaryimage"},"image":{"@id":"https:\/\/arquivo.barreiroweb.net\/?p=7860#primaryimage"},"thumbnailUrl":"https:\/\/arquivo.barreiroweb.net\/wp-content\/uploads\/2012\/09\/imagem-030.jpg","datePublished":"2012-09-03T18:06:28+00:00","breadcrumb":{"@id":"https:\/\/arquivo.barreiroweb.net\/?p=7860#breadcrumb"},"inLanguage":"pt-PT","potentialAction":[{"@type":"ReadAction","target":["https:\/\/arquivo.barreiroweb.net\/?p=7860"]}]},{"@type":"ImageObject","inLanguage":"pt-PT","@id":"https:\/\/arquivo.barreiroweb.net\/?p=7860#primaryimage","url":"https:\/\/arquivo.barreiroweb.net\/wp-content\/uploads\/2012\/09\/imagem-030.jpg","contentUrl":"https:\/\/arquivo.barreiroweb.net\/wp-content\/uploads\/2012\/09\/imagem-030.jpg","width":"314","height":"235"},{"@type":"BreadcrumbList","@id":"https:\/\/arquivo.barreiroweb.net\/?p=7860#breadcrumb","itemListElement":[{"@type":"ListItem","position":1,"name":"In\u00edcio","item":"https:\/\/arquivo.barreiroweb.net\/"},{"@type":"ListItem","position":2,"name":"Galeria Municipal de Arte Forma\u00e7\u00e3o em Est\u00e9tica Fotogr\u00e1fica"}]},{"@type":"WebSite","@id":"https:\/\/arquivo.barreiroweb.net\/#website","url":"https:\/\/arquivo.barreiroweb.net\/","name":"barreiroweb","description":"Barreiroweb o barreiro na web","publisher":{"@id":"https:\/\/arquivo.barreiroweb.net\/#organization"},"potentialAction":[{"@type":"SearchAction","target":{"@type":"EntryPoint","urlTemplate":"https:\/\/arquivo.barreiroweb.net\/?s={search_term_string}"},"query-input":{"@type":"PropertyValueSpecification","valueRequired":true,"valueName":"search_term_string"}}],"inLanguage":"pt-PT"},{"@type":"Organization","@id":"https:\/\/arquivo.barreiroweb.net\/#organization","name":"barreiroweb","url":"https:\/\/arquivo.barreiroweb.net\/","logo":{"@type":"ImageObject","inLanguage":"pt-PT","@id":"https:\/\/arquivo.barreiroweb.net\/#\/schema\/logo\/image\/","url":"https:\/\/barreiroweb.net\/wp-content\/uploads\/2022\/05\/BarreiroWeb555.jpg","contentUrl":"https:\/\/barreiroweb.net\/wp-content\/uploads\/2022\/05\/BarreiroWeb555.jpg","width":421,"height":415,"caption":"barreiroweb"},"image":{"@id":"https:\/\/arquivo.barreiroweb.net\/#\/schema\/logo\/image\/"},"sameAs":["https:\/\/www.facebook.com\/barreiroweb","https:\/\/x.com\/barreiroweb"]},{"@type":"Person","@id":"https:\/\/arquivo.barreiroweb.net\/#\/schema\/person\/44b6d528aff975e3786c9f475f9df2dd","name":"barreiroweb","image":{"@type":"ImageObject","inLanguage":"pt-PT","@id":"https:\/\/arquivo.barreiroweb.net\/#\/schema\/person\/image\/","url":"https:\/\/secure.gravatar.com\/avatar\/1f764b917967430404ff0b452044eb63a25d64a5363b25be2aa42273930f477d?s=96&d=mm&r=g","contentUrl":"https:\/\/secure.gravatar.com\/avatar\/1f764b917967430404ff0b452044eb63a25d64a5363b25be2aa42273930f477d?s=96&d=mm&r=g","caption":"barreiroweb"},"url":"https:\/\/arquivo.barreiroweb.net\/?author=1"}]}},"_links":{"self":[{"href":"https:\/\/arquivo.barreiroweb.net\/index.php?rest_route=\/wp\/v2\/posts\/7860","targetHints":{"allow":["GET"]}}],"collection":[{"href":"https:\/\/arquivo.barreiroweb.net\/index.php?rest_route=\/wp\/v2\/posts"}],"about":[{"href":"https:\/\/arquivo.barreiroweb.net\/index.php?rest_route=\/wp\/v2\/types\/post"}],"author":[{"embeddable":true,"href":"https:\/\/arquivo.barreiroweb.net\/index.php?rest_route=\/wp\/v2\/users\/1"}],"replies":[{"embeddable":true,"href":"https:\/\/arquivo.barreiroweb.net\/index.php?rest_route=%2Fwp%2Fv2%2Fcomments&post=7860"}],"version-history":[{"count":2,"href":"https:\/\/arquivo.barreiroweb.net\/index.php?rest_route=\/wp\/v2\/posts\/7860\/revisions"}],"predecessor-version":[{"id":7863,"href":"https:\/\/arquivo.barreiroweb.net\/index.php?rest_route=\/wp\/v2\/posts\/7860\/revisions\/7863"}],"wp:featuredmedia":[{"embeddable":true,"href":"https:\/\/arquivo.barreiroweb.net\/index.php?rest_route=\/wp\/v2\/media\/7861"}],"wp:attachment":[{"href":"https:\/\/arquivo.barreiroweb.net\/index.php?rest_route=%2Fwp%2Fv2%2Fmedia&parent=7860"}],"wp:term":[{"taxonomy":"category","embeddable":true,"href":"https:\/\/arquivo.barreiroweb.net\/index.php?rest_route=%2Fwp%2Fv2%2Fcategories&post=7860"},{"taxonomy":"post_tag","embeddable":true,"href":"https:\/\/arquivo.barreiroweb.net\/index.php?rest_route=%2Fwp%2Fv2%2Ftags&post=7860"}],"curies":[{"name":"wp","href":"https:\/\/api.w.org\/{rel}","templated":true}]}}