{"id":7607,"date":"2012-07-23T22:12:03","date_gmt":"2012-07-23T21:12:03","guid":{"rendered":"http:\/\/barreiroweb.eu\/?p=7607"},"modified":"2012-07-23T22:12:03","modified_gmt":"2012-07-23T21:12:03","slug":"restaurantes-participantes-no-concurso-de-gastronomia-ribeirinha-de-1-a-15-de-agosto","status":"publish","type":"post","link":"https:\/\/arquivo.barreiroweb.net\/?p=7607","title":{"rendered":"Restaurantes participantes no Concurso de Gastronomia Ribeirinha de 1 a 15 de agosto"},"content":{"rendered":"<p style=\"text-align: justify;\" align=\"center\"><strong><a href=\"http:\/\/barreiroweb.eu\/?attachment_id=7467\" rel=\"attachment wp-att-7467\"><img loading=\"lazy\" decoding=\"async\" class=\"alignleft size-thumbnail wp-image-7467\" title=\"Concurso Gastronomia Ribeirinha 2012\" src=\"http:\/\/barreiroweb.eu\/wp-content\/uploads\/2012\/07\/Concurso-Gastronomia-Ribeirinha-2012-150x150.jpg\" alt=\"\" width=\"150\" height=\"150\" srcset=\"https:\/\/arquivo.barreiroweb.net\/wp-content\/uploads\/2012\/07\/Concurso-Gastronomia-Ribeirinha-2012-150x150.jpg 150w, https:\/\/arquivo.barreiroweb.net\/wp-content\/uploads\/2012\/07\/Concurso-Gastronomia-Ribeirinha-2012-50x50.jpg 50w, https:\/\/arquivo.barreiroweb.net\/wp-content\/uploads\/2012\/07\/Concurso-Gastronomia-Ribeirinha-2012-70x70.jpg 70w, https:\/\/arquivo.barreiroweb.net\/wp-content\/uploads\/2012\/07\/Concurso-Gastronomia-Ribeirinha-2012-55x55.jpg 55w\" sizes=\"auto, (max-width: 150px) 100vw, 150px\" \/><\/a>&#8220;A Cantina&#8221;, &#8220;Arrozoaria&#8221;, &#8220;D\u2019Padaria&#8221;, &#8220;Tasca Galega&#8221; e \u201cZeppelin\u201c s\u00e3o os restaurantes participantes na 14\u00aa edi\u00e7\u00e3o do Concurso de Gastronomia Ribeirinha, que decorre de 1 a 15 de agosto, em paralelo com as Festas do Barreiro 2012.<\/strong><\/p>\n<p style=\"text-align: justify;\">O <strong>J\u00fari<\/strong> ser\u00e1 composto pelos chefes Ant\u00f3nio Silva e Celso Dias, pelo Vice-Presidente da Dire\u00e7\u00e3o da Associa\u00e7\u00e3o de Com\u00e9rcio e Servi\u00e7os do Barreiro e Moita, Armando Serr\u00e3o, pelos representantes da Entidade Regional de Turismo de Lisboa e Vale do Tejo, Maria Clara Pereira, e do Gabinete de Turismo da C\u00e2mara Municipal do Barreiro (CMB), Bruno Pimenta, e pelo Presidente da CMB, Carlos Humberto de Carvalho.<\/p>\n<p style=\"text-align: justify;\">Os estabelecimentos concorrentes ir\u00e3o apresentar a concurso um prato <em>inspirado<\/em> nos peixes dos rios Tejo e Coina. Estes estar\u00e3o acess\u00edveis aos clientes ao longo da realiza\u00e7\u00e3o do certame. O j\u00fari percorrer\u00e1 os restaurantes participantes para avalia\u00e7\u00e3o dos pratos a concurso durante o per\u00edodo de realiza\u00e7\u00e3o do Concurso.<\/p>\n<p style=\"text-align: justify;\">A C\u00e2mara Municipal do Barreiro organiza este evento, que conta com o apoio da Comiss\u00e3o Vitivin\u00edcola Regional da Pen\u00ednsula de Set\u00fabal.<\/p>\n<p align=\"center\"><strong>Restaurantes Participantes<\/strong><\/p>\n<p><strong>\u00a0<\/strong><\/p>\n<p>Restaurante <strong>A Cantina<\/strong><\/p>\n<p>Morada: Rua Conselheiro Joaquim Antonio de Aguiar, 46 \u2013 Barreiro<\/p>\n<p>Telefone: 212071423<\/p>\n<p>Encerramento: Domingo<\/p>\n<p>Prato a concurso: Pataniscas de Polvo com Arroz de Morcela e Feij\u00e3o<\/p>\n<p>&nbsp;<\/p>\n<p>Restaurante <strong>Arrozoaria<\/strong><\/p>\n<p>Morada: Largo da Liberdade, 1 \u2013 Palhais<\/p>\n<p>Telefone: 216069196<\/p>\n<p>E-mail: <a href=\"mailto:info@arrozoariarestaurante.pt\">info@arrozoariarestaurante.pt<\/a><\/p>\n<p>Encerramento: Segunda-feira<\/p>\n<p>Prato a concurso: Arroz Negro<\/p>\n<p><strong>\u00a0<\/strong><\/p>\n<p>Restaurante <strong>D\u2019Padaria<\/strong><\/p>\n<p>Morada: Rua Miguel Pais, 54A \u2013 Barreiro<\/p>\n<p>Telefone: 212074328<\/p>\n<p>Encerramento: Domingo<\/p>\n<p>Prato a concursos: Tachinho de Raia \u00e0 Tejo<\/p>\n<p>&nbsp;<\/p>\n<p><strong>Restaurante<\/strong> Tasca Galega<strong><\/strong><\/p>\n<p>Morada: Rua Combatentes da Grande Guerra, 65 \u2013 Barreiro<\/p>\n<p>Telefone: 210884088<\/p>\n<p>E-mail: <a href=\"mailto:atascagalega@gmail.com\">atascagalega@gmail.com<\/a><\/p>\n<p>Encerramento: N\u00e3o encerra<\/p>\n<p>Prato a concurso: Pataniscas de Polvo<strong><\/strong><\/p>\n<p><strong>\u00a0<\/strong><\/p>\n<p>Restaurante <strong>Zeppelin<\/strong><\/p>\n<p>Morada: Av. Escola de Fuzileiros Navais, 82 \u2013 Santo Andr\u00e9<\/p>\n<p>Telefone: 21 2155197<\/p>\n<p>Encerramento: S\u00e1bado<\/p>\n<p>Prato a concurso:<strong> <\/strong>Miminhos de choco \u00e0 Ribeira das Naus<\/p>\n<p><strong>CMB 2012-07-19<\/strong><\/p>\n","protected":false},"excerpt":{"rendered":"<p>&#8220;A Cantina&#8221;, &#8220;Arrozoaria&#8221;, &#8220;D\u2019Padaria&#8221;, &#8220;Tasca Galega&#8221; e \u201cZeppelin\u201c s\u00e3o os restaurantes participantes na 14\u00aa edi\u00e7\u00e3o do Concurso de Gastronomia Ribeirinha, que decorre de 1 a 15 de agosto, em paralelo com as Festas do Barreiro 2012. O J\u00fari ser\u00e1 composto pelos chefes Ant\u00f3nio Silva e Celso Dias, pelo Vice-Presidente da Dire\u00e7\u00e3o da Associa\u00e7\u00e3o de Com\u00e9rcio [&hellip;]<\/p>\n","protected":false},"author":1,"featured_media":7467,"comment_status":"open","ping_status":"open","sticky":false,"template":"","format":"standard","meta":{"footnotes":""},"categories":[32,3],"tags":[41],"class_list":["post-7607","post","type-post","status-publish","format-standard","has-post-thumbnail","hentry","category-destaque","category-eventos","tag-barreiro","last_archivepost"],"yoast_head":"<!-- This site is optimized with the Yoast SEO plugin v27.1.1 - https:\/\/yoast.com\/product\/yoast-seo-wordpress\/ -->\n<title>Restaurantes participantes no Concurso de Gastronomia Ribeirinha de 1 a 15 de agosto - barreiroweb<\/title>\n<meta name=\"robots\" content=\"index, follow, max-snippet:-1, max-image-preview:large, max-video-preview:-1\" \/>\n<link rel=\"canonical\" href=\"https:\/\/arquivo.barreiroweb.net\/?p=7607\" \/>\n<meta property=\"og:locale\" content=\"pt_PT\" \/>\n<meta property=\"og:type\" content=\"article\" \/>\n<meta property=\"og:title\" content=\"Restaurantes participantes no Concurso de Gastronomia Ribeirinha de 1 a 15 de agosto - barreiroweb\" \/>\n<meta property=\"og:description\" content=\"&#8220;A Cantina&#8221;, &#8220;Arrozoaria&#8221;, &#8220;D\u2019Padaria&#8221;, &#8220;Tasca Galega&#8221; e \u201cZeppelin\u201c s\u00e3o os restaurantes participantes na 14\u00aa edi\u00e7\u00e3o do Concurso de Gastronomia Ribeirinha, que decorre de 1 a 15 de agosto, em paralelo com as Festas do Barreiro 2012. O J\u00fari ser\u00e1 composto pelos chefes Ant\u00f3nio Silva e Celso Dias, pelo Vice-Presidente da Dire\u00e7\u00e3o da Associa\u00e7\u00e3o de Com\u00e9rcio [&hellip;]\" \/>\n<meta property=\"og:url\" content=\"https:\/\/arquivo.barreiroweb.net\/?p=7607\" \/>\n<meta property=\"og:site_name\" content=\"barreiroweb\" \/>\n<meta property=\"article:publisher\" content=\"https:\/\/www.facebook.com\/barreiroweb\" \/>\n<meta property=\"article:published_time\" content=\"2012-07-23T21:12:03+00:00\" \/>\n<meta property=\"og:image\" content=\"https:\/\/arquivo.barreiroweb.net\/wp-content\/uploads\/2012\/07\/Concurso-Gastronomia-Ribeirinha-2012.jpg\" \/>\n\t<meta property=\"og:image:width\" content=\"228\" \/>\n\t<meta property=\"og:image:height\" content=\"314\" \/>\n\t<meta property=\"og:image:type\" content=\"image\/jpeg\" \/>\n<meta name=\"author\" content=\"barreiroweb\" \/>\n<meta name=\"twitter:card\" content=\"summary_large_image\" \/>\n<meta name=\"twitter:creator\" content=\"@barreiroweb\" \/>\n<meta name=\"twitter:site\" content=\"@barreiroweb\" \/>\n<meta name=\"twitter:label1\" content=\"Escrito por\" \/>\n\t<meta name=\"twitter:data1\" content=\"barreiroweb\" \/>\n\t<meta name=\"twitter:label2\" content=\"Tempo estimado de leitura\" \/>\n\t<meta name=\"twitter:data2\" content=\"2 minutos\" \/>\n<script type=\"application\/ld+json\" class=\"yoast-schema-graph\">{\"@context\":\"https:\/\/schema.org\",\"@graph\":[{\"@type\":\"Article\",\"@id\":\"https:\/\/arquivo.barreiroweb.net\/?p=7607#article\",\"isPartOf\":{\"@id\":\"https:\/\/arquivo.barreiroweb.net\/?p=7607\"},\"author\":{\"name\":\"barreiroweb\",\"@id\":\"https:\/\/arquivo.barreiroweb.net\/#\/schema\/person\/44b6d528aff975e3786c9f475f9df2dd\"},\"headline\":\"Restaurantes participantes no Concurso de Gastronomia Ribeirinha de 1 a 15 de agosto\",\"datePublished\":\"2012-07-23T21:12:03+00:00\",\"mainEntityOfPage\":{\"@id\":\"https:\/\/arquivo.barreiroweb.net\/?p=7607\"},\"wordCount\":320,\"commentCount\":0,\"publisher\":{\"@id\":\"https:\/\/arquivo.barreiroweb.net\/#organization\"},\"image\":{\"@id\":\"https:\/\/arquivo.barreiroweb.net\/?p=7607#primaryimage\"},\"thumbnailUrl\":\"https:\/\/arquivo.barreiroweb.net\/wp-content\/uploads\/2012\/07\/Concurso-Gastronomia-Ribeirinha-2012.jpg\",\"keywords\":[\"barreiro\"],\"articleSection\":[\"Destaque\",\"Eventos\"],\"inLanguage\":\"pt-PT\",\"potentialAction\":[{\"@type\":\"CommentAction\",\"name\":\"Comment\",\"target\":[\"https:\/\/arquivo.barreiroweb.net\/?p=7607#respond\"]}]},{\"@type\":\"WebPage\",\"@id\":\"https:\/\/arquivo.barreiroweb.net\/?p=7607\",\"url\":\"https:\/\/arquivo.barreiroweb.net\/?p=7607\",\"name\":\"Restaurantes participantes no Concurso de Gastronomia Ribeirinha de 1 a 15 de agosto - barreiroweb\",\"isPartOf\":{\"@id\":\"https:\/\/arquivo.barreiroweb.net\/#website\"},\"primaryImageOfPage\":{\"@id\":\"https:\/\/arquivo.barreiroweb.net\/?p=7607#primaryimage\"},\"image\":{\"@id\":\"https:\/\/arquivo.barreiroweb.net\/?p=7607#primaryimage\"},\"thumbnailUrl\":\"https:\/\/arquivo.barreiroweb.net\/wp-content\/uploads\/2012\/07\/Concurso-Gastronomia-Ribeirinha-2012.jpg\",\"datePublished\":\"2012-07-23T21:12:03+00:00\",\"breadcrumb\":{\"@id\":\"https:\/\/arquivo.barreiroweb.net\/?p=7607#breadcrumb\"},\"inLanguage\":\"pt-PT\",\"potentialAction\":[{\"@type\":\"ReadAction\",\"target\":[\"https:\/\/arquivo.barreiroweb.net\/?p=7607\"]}]},{\"@type\":\"ImageObject\",\"inLanguage\":\"pt-PT\",\"@id\":\"https:\/\/arquivo.barreiroweb.net\/?p=7607#primaryimage\",\"url\":\"https:\/\/arquivo.barreiroweb.net\/wp-content\/uploads\/2012\/07\/Concurso-Gastronomia-Ribeirinha-2012.jpg\",\"contentUrl\":\"https:\/\/arquivo.barreiroweb.net\/wp-content\/uploads\/2012\/07\/Concurso-Gastronomia-Ribeirinha-2012.jpg\",\"width\":\"228\",\"height\":\"314\"},{\"@type\":\"BreadcrumbList\",\"@id\":\"https:\/\/arquivo.barreiroweb.net\/?p=7607#breadcrumb\",\"itemListElement\":[{\"@type\":\"ListItem\",\"position\":1,\"name\":\"In\u00edcio\",\"item\":\"https:\/\/arquivo.barreiroweb.net\/\"},{\"@type\":\"ListItem\",\"position\":2,\"name\":\"Restaurantes participantes no Concurso de Gastronomia Ribeirinha de 1 a 15 de agosto\"}]},{\"@type\":\"WebSite\",\"@id\":\"https:\/\/arquivo.barreiroweb.net\/#website\",\"url\":\"https:\/\/arquivo.barreiroweb.net\/\",\"name\":\"barreiroweb\",\"description\":\"Barreiroweb o barreiro na web\",\"publisher\":{\"@id\":\"https:\/\/arquivo.barreiroweb.net\/#organization\"},\"potentialAction\":[{\"@type\":\"SearchAction\",\"target\":{\"@type\":\"EntryPoint\",\"urlTemplate\":\"https:\/\/arquivo.barreiroweb.net\/?s={search_term_string}\"},\"query-input\":{\"@type\":\"PropertyValueSpecification\",\"valueRequired\":true,\"valueName\":\"search_term_string\"}}],\"inLanguage\":\"pt-PT\"},{\"@type\":\"Organization\",\"@id\":\"https:\/\/arquivo.barreiroweb.net\/#organization\",\"name\":\"barreiroweb\",\"url\":\"https:\/\/arquivo.barreiroweb.net\/\",\"logo\":{\"@type\":\"ImageObject\",\"inLanguage\":\"pt-PT\",\"@id\":\"https:\/\/arquivo.barreiroweb.net\/#\/schema\/logo\/image\/\",\"url\":\"https:\/\/barreiroweb.net\/wp-content\/uploads\/2022\/05\/BarreiroWeb555.jpg\",\"contentUrl\":\"https:\/\/barreiroweb.net\/wp-content\/uploads\/2022\/05\/BarreiroWeb555.jpg\",\"width\":421,\"height\":415,\"caption\":\"barreiroweb\"},\"image\":{\"@id\":\"https:\/\/arquivo.barreiroweb.net\/#\/schema\/logo\/image\/\"},\"sameAs\":[\"https:\/\/www.facebook.com\/barreiroweb\",\"https:\/\/x.com\/barreiroweb\"]},{\"@type\":\"Person\",\"@id\":\"https:\/\/arquivo.barreiroweb.net\/#\/schema\/person\/44b6d528aff975e3786c9f475f9df2dd\",\"name\":\"barreiroweb\",\"image\":{\"@type\":\"ImageObject\",\"inLanguage\":\"pt-PT\",\"@id\":\"https:\/\/arquivo.barreiroweb.net\/#\/schema\/person\/image\/\",\"url\":\"https:\/\/secure.gravatar.com\/avatar\/1f764b917967430404ff0b452044eb63a25d64a5363b25be2aa42273930f477d?s=96&d=mm&r=g\",\"contentUrl\":\"https:\/\/secure.gravatar.com\/avatar\/1f764b917967430404ff0b452044eb63a25d64a5363b25be2aa42273930f477d?s=96&d=mm&r=g\",\"caption\":\"barreiroweb\"},\"url\":\"https:\/\/arquivo.barreiroweb.net\/?author=1\"}]}<\/script>\n<!-- \/ Yoast SEO plugin. -->","yoast_head_json":{"title":"Restaurantes participantes no Concurso de Gastronomia Ribeirinha de 1 a 15 de agosto - barreiroweb","robots":{"index":"index","follow":"follow","max-snippet":"max-snippet:-1","max-image-preview":"max-image-preview:large","max-video-preview":"max-video-preview:-1"},"canonical":"https:\/\/arquivo.barreiroweb.net\/?p=7607","og_locale":"pt_PT","og_type":"article","og_title":"Restaurantes participantes no Concurso de Gastronomia Ribeirinha de 1 a 15 de agosto - barreiroweb","og_description":"&#8220;A Cantina&#8221;, &#8220;Arrozoaria&#8221;, &#8220;D\u2019Padaria&#8221;, &#8220;Tasca Galega&#8221; e \u201cZeppelin\u201c s\u00e3o os restaurantes participantes na 14\u00aa edi\u00e7\u00e3o do Concurso de Gastronomia Ribeirinha, que decorre de 1 a 15 de agosto, em paralelo com as Festas do Barreiro 2012. O J\u00fari ser\u00e1 composto pelos chefes Ant\u00f3nio Silva e Celso Dias, pelo Vice-Presidente da Dire\u00e7\u00e3o da Associa\u00e7\u00e3o de Com\u00e9rcio [&hellip;]","og_url":"https:\/\/arquivo.barreiroweb.net\/?p=7607","og_site_name":"barreiroweb","article_publisher":"https:\/\/www.facebook.com\/barreiroweb","article_published_time":"2012-07-23T21:12:03+00:00","og_image":[{"width":228,"height":314,"url":"https:\/\/arquivo.barreiroweb.net\/wp-content\/uploads\/2012\/07\/Concurso-Gastronomia-Ribeirinha-2012.jpg","type":"image\/jpeg"}],"author":"barreiroweb","twitter_card":"summary_large_image","twitter_creator":"@barreiroweb","twitter_site":"@barreiroweb","twitter_misc":{"Escrito por":"barreiroweb","Tempo estimado de leitura":"2 minutos"},"schema":{"@context":"https:\/\/schema.org","@graph":[{"@type":"Article","@id":"https:\/\/arquivo.barreiroweb.net\/?p=7607#article","isPartOf":{"@id":"https:\/\/arquivo.barreiroweb.net\/?p=7607"},"author":{"name":"barreiroweb","@id":"https:\/\/arquivo.barreiroweb.net\/#\/schema\/person\/44b6d528aff975e3786c9f475f9df2dd"},"headline":"Restaurantes participantes no Concurso de Gastronomia Ribeirinha de 1 a 15 de agosto","datePublished":"2012-07-23T21:12:03+00:00","mainEntityOfPage":{"@id":"https:\/\/arquivo.barreiroweb.net\/?p=7607"},"wordCount":320,"commentCount":0,"publisher":{"@id":"https:\/\/arquivo.barreiroweb.net\/#organization"},"image":{"@id":"https:\/\/arquivo.barreiroweb.net\/?p=7607#primaryimage"},"thumbnailUrl":"https:\/\/arquivo.barreiroweb.net\/wp-content\/uploads\/2012\/07\/Concurso-Gastronomia-Ribeirinha-2012.jpg","keywords":["barreiro"],"articleSection":["Destaque","Eventos"],"inLanguage":"pt-PT","potentialAction":[{"@type":"CommentAction","name":"Comment","target":["https:\/\/arquivo.barreiroweb.net\/?p=7607#respond"]}]},{"@type":"WebPage","@id":"https:\/\/arquivo.barreiroweb.net\/?p=7607","url":"https:\/\/arquivo.barreiroweb.net\/?p=7607","name":"Restaurantes participantes no Concurso de Gastronomia Ribeirinha de 1 a 15 de agosto - barreiroweb","isPartOf":{"@id":"https:\/\/arquivo.barreiroweb.net\/#website"},"primaryImageOfPage":{"@id":"https:\/\/arquivo.barreiroweb.net\/?p=7607#primaryimage"},"image":{"@id":"https:\/\/arquivo.barreiroweb.net\/?p=7607#primaryimage"},"thumbnailUrl":"https:\/\/arquivo.barreiroweb.net\/wp-content\/uploads\/2012\/07\/Concurso-Gastronomia-Ribeirinha-2012.jpg","datePublished":"2012-07-23T21:12:03+00:00","breadcrumb":{"@id":"https:\/\/arquivo.barreiroweb.net\/?p=7607#breadcrumb"},"inLanguage":"pt-PT","potentialAction":[{"@type":"ReadAction","target":["https:\/\/arquivo.barreiroweb.net\/?p=7607"]}]},{"@type":"ImageObject","inLanguage":"pt-PT","@id":"https:\/\/arquivo.barreiroweb.net\/?p=7607#primaryimage","url":"https:\/\/arquivo.barreiroweb.net\/wp-content\/uploads\/2012\/07\/Concurso-Gastronomia-Ribeirinha-2012.jpg","contentUrl":"https:\/\/arquivo.barreiroweb.net\/wp-content\/uploads\/2012\/07\/Concurso-Gastronomia-Ribeirinha-2012.jpg","width":"228","height":"314"},{"@type":"BreadcrumbList","@id":"https:\/\/arquivo.barreiroweb.net\/?p=7607#breadcrumb","itemListElement":[{"@type":"ListItem","position":1,"name":"In\u00edcio","item":"https:\/\/arquivo.barreiroweb.net\/"},{"@type":"ListItem","position":2,"name":"Restaurantes participantes no Concurso de Gastronomia Ribeirinha de 1 a 15 de agosto"}]},{"@type":"WebSite","@id":"https:\/\/arquivo.barreiroweb.net\/#website","url":"https:\/\/arquivo.barreiroweb.net\/","name":"barreiroweb","description":"Barreiroweb o barreiro na web","publisher":{"@id":"https:\/\/arquivo.barreiroweb.net\/#organization"},"potentialAction":[{"@type":"SearchAction","target":{"@type":"EntryPoint","urlTemplate":"https:\/\/arquivo.barreiroweb.net\/?s={search_term_string}"},"query-input":{"@type":"PropertyValueSpecification","valueRequired":true,"valueName":"search_term_string"}}],"inLanguage":"pt-PT"},{"@type":"Organization","@id":"https:\/\/arquivo.barreiroweb.net\/#organization","name":"barreiroweb","url":"https:\/\/arquivo.barreiroweb.net\/","logo":{"@type":"ImageObject","inLanguage":"pt-PT","@id":"https:\/\/arquivo.barreiroweb.net\/#\/schema\/logo\/image\/","url":"https:\/\/barreiroweb.net\/wp-content\/uploads\/2022\/05\/BarreiroWeb555.jpg","contentUrl":"https:\/\/barreiroweb.net\/wp-content\/uploads\/2022\/05\/BarreiroWeb555.jpg","width":421,"height":415,"caption":"barreiroweb"},"image":{"@id":"https:\/\/arquivo.barreiroweb.net\/#\/schema\/logo\/image\/"},"sameAs":["https:\/\/www.facebook.com\/barreiroweb","https:\/\/x.com\/barreiroweb"]},{"@type":"Person","@id":"https:\/\/arquivo.barreiroweb.net\/#\/schema\/person\/44b6d528aff975e3786c9f475f9df2dd","name":"barreiroweb","image":{"@type":"ImageObject","inLanguage":"pt-PT","@id":"https:\/\/arquivo.barreiroweb.net\/#\/schema\/person\/image\/","url":"https:\/\/secure.gravatar.com\/avatar\/1f764b917967430404ff0b452044eb63a25d64a5363b25be2aa42273930f477d?s=96&d=mm&r=g","contentUrl":"https:\/\/secure.gravatar.com\/avatar\/1f764b917967430404ff0b452044eb63a25d64a5363b25be2aa42273930f477d?s=96&d=mm&r=g","caption":"barreiroweb"},"url":"https:\/\/arquivo.barreiroweb.net\/?author=1"}]}},"_links":{"self":[{"href":"https:\/\/arquivo.barreiroweb.net\/index.php?rest_route=\/wp\/v2\/posts\/7607","targetHints":{"allow":["GET"]}}],"collection":[{"href":"https:\/\/arquivo.barreiroweb.net\/index.php?rest_route=\/wp\/v2\/posts"}],"about":[{"href":"https:\/\/arquivo.barreiroweb.net\/index.php?rest_route=\/wp\/v2\/types\/post"}],"author":[{"embeddable":true,"href":"https:\/\/arquivo.barreiroweb.net\/index.php?rest_route=\/wp\/v2\/users\/1"}],"replies":[{"embeddable":true,"href":"https:\/\/arquivo.barreiroweb.net\/index.php?rest_route=%2Fwp%2Fv2%2Fcomments&post=7607"}],"version-history":[{"count":2,"href":"https:\/\/arquivo.barreiroweb.net\/index.php?rest_route=\/wp\/v2\/posts\/7607\/revisions"}],"predecessor-version":[{"id":7609,"href":"https:\/\/arquivo.barreiroweb.net\/index.php?rest_route=\/wp\/v2\/posts\/7607\/revisions\/7609"}],"wp:featuredmedia":[{"embeddable":true,"href":"https:\/\/arquivo.barreiroweb.net\/index.php?rest_route=\/wp\/v2\/media\/7467"}],"wp:attachment":[{"href":"https:\/\/arquivo.barreiroweb.net\/index.php?rest_route=%2Fwp%2Fv2%2Fmedia&parent=7607"}],"wp:term":[{"taxonomy":"category","embeddable":true,"href":"https:\/\/arquivo.barreiroweb.net\/index.php?rest_route=%2Fwp%2Fv2%2Fcategories&post=7607"},{"taxonomy":"post_tag","embeddable":true,"href":"https:\/\/arquivo.barreiroweb.net\/index.php?rest_route=%2Fwp%2Fv2%2Ftags&post=7607"}],"curies":[{"name":"wp","href":"https:\/\/api.w.org\/{rel}","templated":true}]}}