{"id":7486,"date":"2012-07-05T22:06:21","date_gmt":"2012-07-05T21:06:21","guid":{"rendered":"http:\/\/barreiroweb.eu\/?p=7486"},"modified":"2012-07-05T22:06:21","modified_gmt":"2012-07-05T21:06:21","slug":"ate-17-de-julho-no-continente-exposicao-sexart-e-concurso-de-slogans","status":"publish","type":"post","link":"https:\/\/arquivo.barreiroweb.net\/?p=7486","title":{"rendered":"At\u00e9 17 de julho no Continente  Exposi\u00e7\u00e3o Sex&#8217;Art e concurso de slogans"},"content":{"rendered":"<p style=\"text-align: justify;\" align=\"center\">Foi inaugurada, ontem, dia 3 de julho, a Exposi\u00e7\u00e3o Sex\u2019Art &#8211; Sexualidade com Arte nas Escolas do Barreiro, cujo tema \u00e9 \u201cO Abra\u00e7o\u201d. Esta mostra de trabalhos de alunos das escolas do Barreiro est\u00e1 patente no espa\u00e7o comercial Continente, na Verderena, at\u00e9 17 de julho e \u00e9 promovida pelo Projeto de Educa\u00e7\u00e3o para a Sa\u00fade (PES), do qual a C\u00e2mara Municipal do Barreiro \u00e9 parceira.<\/p>\n<p style=\"text-align: justify;\">\n<p style=\"text-align: justify;\">A iniciativa inclui tamb\u00e9m o Concurso de Slogans e outros trabalhos alusivos ao tema. Os trabalhos expostos foram elaborados por alunos do 3\u00ba ciclo e ensino secund\u00e1rio.<\/p>\n<p style=\"text-align: justify;\">Na inaugura\u00e7\u00e3o da mostra, o Vereador da C\u00e2mara Municipal do Barreiro Carlos Moreira deu os parab\u00e9ns aos alunos e professores pelo \u201cexcelente trabalho realizado\u201d, destacando a originalidade de algumas pe\u00e7as. Para al\u00e9m da qualidade dos trabalhos, Carlos Moreira real\u00e7ou a import\u00e2ncia do tema.<\/p>\n<p style=\"text-align: justify;\">Ideia tamb\u00e9m salientada na inaugura\u00e7\u00e3o por M\u00e1rio Durval, Delegado de Sa\u00fade do Barreiro. \u201c\u00c9 muito importante vermos como \u00e9 que os nossos jovens pegam na Educa\u00e7\u00e3o Sexual e a transformam em arte\u201d, referiu.<\/p>\n<p style=\"text-align: justify;\">\n<p style=\"text-align: justify;\">V Jornadas Pedag\u00f3gicas do Barreiro<\/p>\n<p style=\"text-align: justify;\">\u00a0<a href=\"http:\/\/barreiroweb.eu\/?attachment_id=7487\" rel=\"attachment wp-att-7487\"><img loading=\"lazy\" decoding=\"async\" class=\"alignleft size-thumbnail wp-image-7487\" title=\"sexarte (2)\" src=\"http:\/\/barreiroweb.eu\/wp-content\/uploads\/2012\/07\/sexarte-2-150x150.jpg\" alt=\"\" width=\"150\" height=\"150\" srcset=\"https:\/\/arquivo.barreiroweb.net\/wp-content\/uploads\/2012\/07\/sexarte-2-150x150.jpg 150w, https:\/\/arquivo.barreiroweb.net\/wp-content\/uploads\/2012\/07\/sexarte-2-50x50.jpg 50w, https:\/\/arquivo.barreiroweb.net\/wp-content\/uploads\/2012\/07\/sexarte-2-70x70.jpg 70w, https:\/\/arquivo.barreiroweb.net\/wp-content\/uploads\/2012\/07\/sexarte-2-55x55.jpg 55w\" sizes=\"auto, (max-width: 150px) 100vw, 150px\" \/><\/a>Amanh\u00e3, dia 5 de julho, tamb\u00e9m no \u00e2mbito do PES, t\u00eam lugar as Jornadas Pedag\u00f3gicas do Barreiro \u2013 II ACES Arco Ribeirinho. A iniciativa tem in\u00edcio \u00e0s 9h00, no Audit\u00f3rio da Escola Superior de Tecnologia do Barreiro.<\/p>\n<p style=\"text-align: justify;\">Estas jornadas visam continuar a aprofundar o debate sobre os conceitos e as pr\u00e1ticas pedag\u00f3gicas em educa\u00e7\u00e3o para a sa\u00fade, definindo como objetivos principais:<\/p>\n<p style=\"text-align: justify;\">1.\u00a0Alargar a participa\u00e7\u00e3o aos concelhos do Barreiro, Moita, Montijo e Alcochete (Agrupamento de Centros de Sa\u00fade \u2013 ACES \u2013 Arco Ribeirinho)<\/p>\n<p style=\"text-align: justify;\">2.\u00a0Partilhar experi\u00eancias pedag\u00f3gicas em educa\u00e7\u00e3o para a sa\u00fade;<\/p>\n<p style=\"text-align: justify;\">3.\u00a0Divulgar pr\u00e1ticas inovadoras no \u00e2mbito do PES.<\/p>\n<p style=\"text-align: justify;\">A rece\u00e7\u00e3o aos participantes e entrega de documentos t\u00eam lugar \u00e0s 9h00. \u00c0s 9h15, decorre a atua\u00e7\u00e3o de \u201cOs Batucando\u201d (alunos do Agrupamento Esc. Montijo).<\/p>\n<p style=\"text-align: justify;\">Na sess\u00e3o de abertura, \u00e0s 9h30, participam o Presidente da C\u00e2mara Municipal do Barreiro, a Diretora da Escola Superior de Tecnologia do Barreiro, a Diretora Executiva do ACES Arco Ribeirinho, o Delegado de Sa\u00fade Regional de Lisboa e Vale do Tejo, o Diretor do Centro de Forma\u00e7\u00e3o de Professores do Barreiro e Moita e o Diretor do Centro de Forma\u00e7\u00e3o de Professores do Montijo e Alcochete.<\/p>\n<p style=\"text-align: justify;\">O restante programa das V Jornadas Pedag\u00f3gicas do Barreiro pode ser consultado em <a href=\"http:\/\/www.cm-barreiro.pt\">www.cm-barreiro.pt<\/a>.<\/p>\n<p style=\"text-align: justify;\" align=\"right\">CMB 2012-07-04<\/p>\n","protected":false},"excerpt":{"rendered":"<p>Foi inaugurada, ontem, dia 3 de julho, a Exposi\u00e7\u00e3o Sex\u2019Art &#8211; Sexualidade com Arte nas Escolas do Barreiro, cujo tema \u00e9 \u201cO Abra\u00e7o\u201d. Esta mostra de trabalhos de alunos das escolas do Barreiro est\u00e1 patente no espa\u00e7o comercial Continente, na Verderena, at\u00e9 17 de julho e \u00e9 promovida pelo Projeto de Educa\u00e7\u00e3o para a Sa\u00fade [&hellip;]<\/p>\n","protected":false},"author":1,"featured_media":7487,"comment_status":"open","ping_status":"open","sticky":false,"template":"","format":"standard","meta":{"footnotes":""},"categories":[32,1],"tags":[41],"class_list":["post-7486","post","type-post","status-publish","format-standard","has-post-thumbnail","hentry","category-destaque","category-expo","tag-barreiro","last_archivepost"],"yoast_head":"<!-- This site is optimized with the Yoast SEO plugin v27.1.1 - https:\/\/yoast.com\/product\/yoast-seo-wordpress\/ -->\n<title>At\u00e9 17 de julho no Continente Exposi\u00e7\u00e3o Sex&#039;Art e concurso de slogans - barreiroweb<\/title>\n<meta name=\"robots\" content=\"index, follow, max-snippet:-1, max-image-preview:large, max-video-preview:-1\" \/>\n<link rel=\"canonical\" href=\"https:\/\/arquivo.barreiroweb.net\/?p=7486\" \/>\n<meta property=\"og:locale\" content=\"pt_PT\" \/>\n<meta property=\"og:type\" content=\"article\" \/>\n<meta property=\"og:title\" content=\"At\u00e9 17 de julho no Continente Exposi\u00e7\u00e3o Sex&#039;Art e concurso de slogans - barreiroweb\" \/>\n<meta property=\"og:description\" content=\"Foi inaugurada, ontem, dia 3 de julho, a Exposi\u00e7\u00e3o Sex\u2019Art &#8211; Sexualidade com Arte nas Escolas do Barreiro, cujo tema \u00e9 \u201cO Abra\u00e7o\u201d. Esta mostra de trabalhos de alunos das escolas do Barreiro est\u00e1 patente no espa\u00e7o comercial Continente, na Verderena, at\u00e9 17 de julho e \u00e9 promovida pelo Projeto de Educa\u00e7\u00e3o para a Sa\u00fade [&hellip;]\" \/>\n<meta property=\"og:url\" content=\"https:\/\/arquivo.barreiroweb.net\/?p=7486\" \/>\n<meta property=\"og:site_name\" content=\"barreiroweb\" \/>\n<meta property=\"article:publisher\" content=\"https:\/\/www.facebook.com\/barreiroweb\" \/>\n<meta property=\"article:published_time\" content=\"2012-07-05T21:06:21+00:00\" \/>\n<meta property=\"og:image\" content=\"https:\/\/arquivo.barreiroweb.net\/wp-content\/uploads\/2012\/07\/sexarte-2.jpg\" \/>\n\t<meta property=\"og:image:width\" content=\"314\" \/>\n\t<meta property=\"og:image:height\" content=\"209\" \/>\n\t<meta property=\"og:image:type\" content=\"image\/jpeg\" \/>\n<meta name=\"author\" content=\"barreiroweb\" \/>\n<meta name=\"twitter:card\" content=\"summary_large_image\" \/>\n<meta name=\"twitter:creator\" content=\"@barreiroweb\" \/>\n<meta name=\"twitter:site\" content=\"@barreiroweb\" \/>\n<meta name=\"twitter:label1\" content=\"Escrito por\" \/>\n\t<meta name=\"twitter:data1\" content=\"barreiroweb\" \/>\n\t<meta name=\"twitter:label2\" content=\"Tempo estimado de leitura\" \/>\n\t<meta name=\"twitter:data2\" content=\"2 minutos\" \/>\n<script type=\"application\/ld+json\" class=\"yoast-schema-graph\">{\"@context\":\"https:\/\/schema.org\",\"@graph\":[{\"@type\":\"Article\",\"@id\":\"https:\/\/arquivo.barreiroweb.net\/?p=7486#article\",\"isPartOf\":{\"@id\":\"https:\/\/arquivo.barreiroweb.net\/?p=7486\"},\"author\":{\"name\":\"barreiroweb\",\"@id\":\"https:\/\/arquivo.barreiroweb.net\/#\/schema\/person\/44b6d528aff975e3786c9f475f9df2dd\"},\"headline\":\"At\u00e9 17 de julho no Continente Exposi\u00e7\u00e3o Sex&#8217;Art e concurso de slogans\",\"datePublished\":\"2012-07-05T21:06:21+00:00\",\"mainEntityOfPage\":{\"@id\":\"https:\/\/arquivo.barreiroweb.net\/?p=7486\"},\"wordCount\":428,\"commentCount\":0,\"publisher\":{\"@id\":\"https:\/\/arquivo.barreiroweb.net\/#organization\"},\"image\":{\"@id\":\"https:\/\/arquivo.barreiroweb.net\/?p=7486#primaryimage\"},\"thumbnailUrl\":\"https:\/\/arquivo.barreiroweb.net\/wp-content\/uploads\/2012\/07\/sexarte-2.jpg\",\"keywords\":[\"barreiro\"],\"articleSection\":[\"Destaque\",\"Festas e Feiras\"],\"inLanguage\":\"pt-PT\",\"potentialAction\":[{\"@type\":\"CommentAction\",\"name\":\"Comment\",\"target\":[\"https:\/\/arquivo.barreiroweb.net\/?p=7486#respond\"]}]},{\"@type\":\"WebPage\",\"@id\":\"https:\/\/arquivo.barreiroweb.net\/?p=7486\",\"url\":\"https:\/\/arquivo.barreiroweb.net\/?p=7486\",\"name\":\"At\u00e9 17 de julho no Continente Exposi\u00e7\u00e3o Sex'Art e concurso de slogans - barreiroweb\",\"isPartOf\":{\"@id\":\"https:\/\/arquivo.barreiroweb.net\/#website\"},\"primaryImageOfPage\":{\"@id\":\"https:\/\/arquivo.barreiroweb.net\/?p=7486#primaryimage\"},\"image\":{\"@id\":\"https:\/\/arquivo.barreiroweb.net\/?p=7486#primaryimage\"},\"thumbnailUrl\":\"https:\/\/arquivo.barreiroweb.net\/wp-content\/uploads\/2012\/07\/sexarte-2.jpg\",\"datePublished\":\"2012-07-05T21:06:21+00:00\",\"breadcrumb\":{\"@id\":\"https:\/\/arquivo.barreiroweb.net\/?p=7486#breadcrumb\"},\"inLanguage\":\"pt-PT\",\"potentialAction\":[{\"@type\":\"ReadAction\",\"target\":[\"https:\/\/arquivo.barreiroweb.net\/?p=7486\"]}]},{\"@type\":\"ImageObject\",\"inLanguage\":\"pt-PT\",\"@id\":\"https:\/\/arquivo.barreiroweb.net\/?p=7486#primaryimage\",\"url\":\"https:\/\/arquivo.barreiroweb.net\/wp-content\/uploads\/2012\/07\/sexarte-2.jpg\",\"contentUrl\":\"https:\/\/arquivo.barreiroweb.net\/wp-content\/uploads\/2012\/07\/sexarte-2.jpg\",\"width\":\"314\",\"height\":\"209\"},{\"@type\":\"BreadcrumbList\",\"@id\":\"https:\/\/arquivo.barreiroweb.net\/?p=7486#breadcrumb\",\"itemListElement\":[{\"@type\":\"ListItem\",\"position\":1,\"name\":\"In\u00edcio\",\"item\":\"https:\/\/arquivo.barreiroweb.net\/\"},{\"@type\":\"ListItem\",\"position\":2,\"name\":\"At\u00e9 17 de julho no Continente Exposi\u00e7\u00e3o Sex&#8217;Art e concurso de slogans\"}]},{\"@type\":\"WebSite\",\"@id\":\"https:\/\/arquivo.barreiroweb.net\/#website\",\"url\":\"https:\/\/arquivo.barreiroweb.net\/\",\"name\":\"barreiroweb\",\"description\":\"Barreiroweb o barreiro na web\",\"publisher\":{\"@id\":\"https:\/\/arquivo.barreiroweb.net\/#organization\"},\"potentialAction\":[{\"@type\":\"SearchAction\",\"target\":{\"@type\":\"EntryPoint\",\"urlTemplate\":\"https:\/\/arquivo.barreiroweb.net\/?s={search_term_string}\"},\"query-input\":{\"@type\":\"PropertyValueSpecification\",\"valueRequired\":true,\"valueName\":\"search_term_string\"}}],\"inLanguage\":\"pt-PT\"},{\"@type\":\"Organization\",\"@id\":\"https:\/\/arquivo.barreiroweb.net\/#organization\",\"name\":\"barreiroweb\",\"url\":\"https:\/\/arquivo.barreiroweb.net\/\",\"logo\":{\"@type\":\"ImageObject\",\"inLanguage\":\"pt-PT\",\"@id\":\"https:\/\/arquivo.barreiroweb.net\/#\/schema\/logo\/image\/\",\"url\":\"https:\/\/barreiroweb.net\/wp-content\/uploads\/2022\/05\/BarreiroWeb555.jpg\",\"contentUrl\":\"https:\/\/barreiroweb.net\/wp-content\/uploads\/2022\/05\/BarreiroWeb555.jpg\",\"width\":421,\"height\":415,\"caption\":\"barreiroweb\"},\"image\":{\"@id\":\"https:\/\/arquivo.barreiroweb.net\/#\/schema\/logo\/image\/\"},\"sameAs\":[\"https:\/\/www.facebook.com\/barreiroweb\",\"https:\/\/x.com\/barreiroweb\"]},{\"@type\":\"Person\",\"@id\":\"https:\/\/arquivo.barreiroweb.net\/#\/schema\/person\/44b6d528aff975e3786c9f475f9df2dd\",\"name\":\"barreiroweb\",\"image\":{\"@type\":\"ImageObject\",\"inLanguage\":\"pt-PT\",\"@id\":\"https:\/\/arquivo.barreiroweb.net\/#\/schema\/person\/image\/\",\"url\":\"https:\/\/secure.gravatar.com\/avatar\/1f764b917967430404ff0b452044eb63a25d64a5363b25be2aa42273930f477d?s=96&d=mm&r=g\",\"contentUrl\":\"https:\/\/secure.gravatar.com\/avatar\/1f764b917967430404ff0b452044eb63a25d64a5363b25be2aa42273930f477d?s=96&d=mm&r=g\",\"caption\":\"barreiroweb\"},\"url\":\"https:\/\/arquivo.barreiroweb.net\/?author=1\"}]}<\/script>\n<!-- \/ Yoast SEO plugin. -->","yoast_head_json":{"title":"At\u00e9 17 de julho no Continente Exposi\u00e7\u00e3o Sex'Art e concurso de slogans - barreiroweb","robots":{"index":"index","follow":"follow","max-snippet":"max-snippet:-1","max-image-preview":"max-image-preview:large","max-video-preview":"max-video-preview:-1"},"canonical":"https:\/\/arquivo.barreiroweb.net\/?p=7486","og_locale":"pt_PT","og_type":"article","og_title":"At\u00e9 17 de julho no Continente Exposi\u00e7\u00e3o Sex'Art e concurso de slogans - barreiroweb","og_description":"Foi inaugurada, ontem, dia 3 de julho, a Exposi\u00e7\u00e3o Sex\u2019Art &#8211; Sexualidade com Arte nas Escolas do Barreiro, cujo tema \u00e9 \u201cO Abra\u00e7o\u201d. Esta mostra de trabalhos de alunos das escolas do Barreiro est\u00e1 patente no espa\u00e7o comercial Continente, na Verderena, at\u00e9 17 de julho e \u00e9 promovida pelo Projeto de Educa\u00e7\u00e3o para a Sa\u00fade [&hellip;]","og_url":"https:\/\/arquivo.barreiroweb.net\/?p=7486","og_site_name":"barreiroweb","article_publisher":"https:\/\/www.facebook.com\/barreiroweb","article_published_time":"2012-07-05T21:06:21+00:00","og_image":[{"width":314,"height":209,"url":"https:\/\/arquivo.barreiroweb.net\/wp-content\/uploads\/2012\/07\/sexarte-2.jpg","type":"image\/jpeg"}],"author":"barreiroweb","twitter_card":"summary_large_image","twitter_creator":"@barreiroweb","twitter_site":"@barreiroweb","twitter_misc":{"Escrito por":"barreiroweb","Tempo estimado de leitura":"2 minutos"},"schema":{"@context":"https:\/\/schema.org","@graph":[{"@type":"Article","@id":"https:\/\/arquivo.barreiroweb.net\/?p=7486#article","isPartOf":{"@id":"https:\/\/arquivo.barreiroweb.net\/?p=7486"},"author":{"name":"barreiroweb","@id":"https:\/\/arquivo.barreiroweb.net\/#\/schema\/person\/44b6d528aff975e3786c9f475f9df2dd"},"headline":"At\u00e9 17 de julho no Continente Exposi\u00e7\u00e3o Sex&#8217;Art e concurso de slogans","datePublished":"2012-07-05T21:06:21+00:00","mainEntityOfPage":{"@id":"https:\/\/arquivo.barreiroweb.net\/?p=7486"},"wordCount":428,"commentCount":0,"publisher":{"@id":"https:\/\/arquivo.barreiroweb.net\/#organization"},"image":{"@id":"https:\/\/arquivo.barreiroweb.net\/?p=7486#primaryimage"},"thumbnailUrl":"https:\/\/arquivo.barreiroweb.net\/wp-content\/uploads\/2012\/07\/sexarte-2.jpg","keywords":["barreiro"],"articleSection":["Destaque","Festas e Feiras"],"inLanguage":"pt-PT","potentialAction":[{"@type":"CommentAction","name":"Comment","target":["https:\/\/arquivo.barreiroweb.net\/?p=7486#respond"]}]},{"@type":"WebPage","@id":"https:\/\/arquivo.barreiroweb.net\/?p=7486","url":"https:\/\/arquivo.barreiroweb.net\/?p=7486","name":"At\u00e9 17 de julho no Continente Exposi\u00e7\u00e3o Sex'Art e concurso de slogans - barreiroweb","isPartOf":{"@id":"https:\/\/arquivo.barreiroweb.net\/#website"},"primaryImageOfPage":{"@id":"https:\/\/arquivo.barreiroweb.net\/?p=7486#primaryimage"},"image":{"@id":"https:\/\/arquivo.barreiroweb.net\/?p=7486#primaryimage"},"thumbnailUrl":"https:\/\/arquivo.barreiroweb.net\/wp-content\/uploads\/2012\/07\/sexarte-2.jpg","datePublished":"2012-07-05T21:06:21+00:00","breadcrumb":{"@id":"https:\/\/arquivo.barreiroweb.net\/?p=7486#breadcrumb"},"inLanguage":"pt-PT","potentialAction":[{"@type":"ReadAction","target":["https:\/\/arquivo.barreiroweb.net\/?p=7486"]}]},{"@type":"ImageObject","inLanguage":"pt-PT","@id":"https:\/\/arquivo.barreiroweb.net\/?p=7486#primaryimage","url":"https:\/\/arquivo.barreiroweb.net\/wp-content\/uploads\/2012\/07\/sexarte-2.jpg","contentUrl":"https:\/\/arquivo.barreiroweb.net\/wp-content\/uploads\/2012\/07\/sexarte-2.jpg","width":"314","height":"209"},{"@type":"BreadcrumbList","@id":"https:\/\/arquivo.barreiroweb.net\/?p=7486#breadcrumb","itemListElement":[{"@type":"ListItem","position":1,"name":"In\u00edcio","item":"https:\/\/arquivo.barreiroweb.net\/"},{"@type":"ListItem","position":2,"name":"At\u00e9 17 de julho no Continente Exposi\u00e7\u00e3o Sex&#8217;Art e concurso de slogans"}]},{"@type":"WebSite","@id":"https:\/\/arquivo.barreiroweb.net\/#website","url":"https:\/\/arquivo.barreiroweb.net\/","name":"barreiroweb","description":"Barreiroweb o barreiro na web","publisher":{"@id":"https:\/\/arquivo.barreiroweb.net\/#organization"},"potentialAction":[{"@type":"SearchAction","target":{"@type":"EntryPoint","urlTemplate":"https:\/\/arquivo.barreiroweb.net\/?s={search_term_string}"},"query-input":{"@type":"PropertyValueSpecification","valueRequired":true,"valueName":"search_term_string"}}],"inLanguage":"pt-PT"},{"@type":"Organization","@id":"https:\/\/arquivo.barreiroweb.net\/#organization","name":"barreiroweb","url":"https:\/\/arquivo.barreiroweb.net\/","logo":{"@type":"ImageObject","inLanguage":"pt-PT","@id":"https:\/\/arquivo.barreiroweb.net\/#\/schema\/logo\/image\/","url":"https:\/\/barreiroweb.net\/wp-content\/uploads\/2022\/05\/BarreiroWeb555.jpg","contentUrl":"https:\/\/barreiroweb.net\/wp-content\/uploads\/2022\/05\/BarreiroWeb555.jpg","width":421,"height":415,"caption":"barreiroweb"},"image":{"@id":"https:\/\/arquivo.barreiroweb.net\/#\/schema\/logo\/image\/"},"sameAs":["https:\/\/www.facebook.com\/barreiroweb","https:\/\/x.com\/barreiroweb"]},{"@type":"Person","@id":"https:\/\/arquivo.barreiroweb.net\/#\/schema\/person\/44b6d528aff975e3786c9f475f9df2dd","name":"barreiroweb","image":{"@type":"ImageObject","inLanguage":"pt-PT","@id":"https:\/\/arquivo.barreiroweb.net\/#\/schema\/person\/image\/","url":"https:\/\/secure.gravatar.com\/avatar\/1f764b917967430404ff0b452044eb63a25d64a5363b25be2aa42273930f477d?s=96&d=mm&r=g","contentUrl":"https:\/\/secure.gravatar.com\/avatar\/1f764b917967430404ff0b452044eb63a25d64a5363b25be2aa42273930f477d?s=96&d=mm&r=g","caption":"barreiroweb"},"url":"https:\/\/arquivo.barreiroweb.net\/?author=1"}]}},"_links":{"self":[{"href":"https:\/\/arquivo.barreiroweb.net\/index.php?rest_route=\/wp\/v2\/posts\/7486","targetHints":{"allow":["GET"]}}],"collection":[{"href":"https:\/\/arquivo.barreiroweb.net\/index.php?rest_route=\/wp\/v2\/posts"}],"about":[{"href":"https:\/\/arquivo.barreiroweb.net\/index.php?rest_route=\/wp\/v2\/types\/post"}],"author":[{"embeddable":true,"href":"https:\/\/arquivo.barreiroweb.net\/index.php?rest_route=\/wp\/v2\/users\/1"}],"replies":[{"embeddable":true,"href":"https:\/\/arquivo.barreiroweb.net\/index.php?rest_route=%2Fwp%2Fv2%2Fcomments&post=7486"}],"version-history":[{"count":2,"href":"https:\/\/arquivo.barreiroweb.net\/index.php?rest_route=\/wp\/v2\/posts\/7486\/revisions"}],"predecessor-version":[{"id":7489,"href":"https:\/\/arquivo.barreiroweb.net\/index.php?rest_route=\/wp\/v2\/posts\/7486\/revisions\/7489"}],"wp:featuredmedia":[{"embeddable":true,"href":"https:\/\/arquivo.barreiroweb.net\/index.php?rest_route=\/wp\/v2\/media\/7487"}],"wp:attachment":[{"href":"https:\/\/arquivo.barreiroweb.net\/index.php?rest_route=%2Fwp%2Fv2%2Fmedia&parent=7486"}],"wp:term":[{"taxonomy":"category","embeddable":true,"href":"https:\/\/arquivo.barreiroweb.net\/index.php?rest_route=%2Fwp%2Fv2%2Fcategories&post=7486"},{"taxonomy":"post_tag","embeddable":true,"href":"https:\/\/arquivo.barreiroweb.net\/index.php?rest_route=%2Fwp%2Fv2%2Ftags&post=7486"}],"curies":[{"name":"wp","href":"https:\/\/api.w.org\/{rel}","templated":true}]}}