{"id":7300,"date":"2012-06-13T19:22:09","date_gmt":"2012-06-13T18:22:09","guid":{"rendered":"http:\/\/barreiroweb.eu\/?p=7300"},"modified":"2012-06-13T19:22:09","modified_gmt":"2012-06-13T18:22:09","slug":"fitness-ao-ar-livre-na-marginal-da-moita","status":"publish","type":"post","link":"https:\/\/arquivo.barreiroweb.net\/?p=7300","title":{"rendered":"Fitness ao Ar Livre na Marginal da Moita"},"content":{"rendered":"<p style=\"text-align: justify;\"><a href=\"http:\/\/barreiroweb.eu\/?attachment_id=7301\" rel=\"attachment wp-att-7301\"><img loading=\"lazy\" decoding=\"async\" class=\"alignleft size-medium wp-image-7301\" title=\"fitness\" src=\"http:\/\/barreiroweb.eu\/wp-content\/uploads\/2012\/06\/fitness-214x300.jpg\" alt=\"\" width=\"214\" height=\"300\" srcset=\"https:\/\/arquivo.barreiroweb.net\/wp-content\/uploads\/2012\/06\/fitness-214x300.jpg 214w, https:\/\/arquivo.barreiroweb.net\/wp-content\/uploads\/2012\/06\/fitness.jpg 225w\" sizes=\"auto, (max-width: 214px) 100vw, 214px\" \/><\/a>O Grupo Desportivo e Cultural dos Trabalhadores da C\u00e2mara Municipal da Moita conjuntamente com os gin\u00e1sios \u201cBody Gym\u201d e \u201cRosa Choque\u201d v\u00e3o realizar, no dia <strong>17 de junho<\/strong>, pelas <strong>10:00h<\/strong>, na Avenida Marginal, na Moita, uma <strong>aula de \u201cFitness ao Ar Livre\u201d<\/strong>.<\/p>\n<p style=\"text-align: justify;\">Aer\u00f3bica e Zumba Fitness s\u00e3o as modalidades que v\u00e3o animar esta aula de \u201cFitness ao Ar Livre\u201d. A Gin\u00e1stica aer\u00f3bica \u00e9 uma combina\u00e7\u00e3o de gin\u00e1stica cl\u00e1ssica com dan\u00e7a. \u00c9 um treino din\u00e2mico com movimentos r\u00edtmicos flanqueado com m\u00fasica motivadora. Zumba \u00e9 uma aula de fitness dan\u00e7ada inspirada em movimentos e m\u00fasicas latinas e internacionais que criam um sistema de fitness din\u00e2mico, excitante e efetivo. Re\u00fana os seus amigos e familiares e participe nesta iniciativa.<\/p>\n<p style=\"text-align: justify;\">C\u00e2mara Municipal da Moita<\/p>\n","protected":false},"excerpt":{"rendered":"<p>O Grupo Desportivo e Cultural dos Trabalhadores da C\u00e2mara Municipal da Moita conjuntamente com os gin\u00e1sios \u201cBody Gym\u201d e \u201cRosa Choque\u201d v\u00e3o realizar, no dia 17 de junho, pelas 10:00h, na Avenida Marginal, na Moita, uma aula de \u201cFitness ao Ar Livre\u201d. Aer\u00f3bica e Zumba Fitness s\u00e3o as modalidades que v\u00e3o animar esta aula de [&hellip;]<\/p>\n","protected":false},"author":1,"featured_media":7301,"comment_status":"open","ping_status":"open","sticky":false,"template":"","format":"standard","meta":{"footnotes":""},"categories":[12,32],"tags":[37],"class_list":["post-7300","post","type-post","status-publish","format-standard","has-post-thumbnail","hentry","category-desporto","category-destaque","tag-moita","last_archivepost"],"yoast_head":"<!-- This site is optimized with the Yoast SEO plugin v27.1.1 - https:\/\/yoast.com\/product\/yoast-seo-wordpress\/ -->\n<title>Fitness ao Ar Livre na Marginal da Moita - barreiroweb<\/title>\n<meta name=\"robots\" content=\"index, follow, max-snippet:-1, max-image-preview:large, max-video-preview:-1\" \/>\n<link rel=\"canonical\" href=\"https:\/\/arquivo.barreiroweb.net\/?p=7300\" \/>\n<meta property=\"og:locale\" content=\"pt_PT\" \/>\n<meta property=\"og:type\" content=\"article\" \/>\n<meta property=\"og:title\" content=\"Fitness ao Ar Livre na Marginal da Moita - barreiroweb\" \/>\n<meta property=\"og:description\" content=\"O Grupo Desportivo e Cultural dos Trabalhadores da C\u00e2mara Municipal da Moita conjuntamente com os gin\u00e1sios \u201cBody Gym\u201d e \u201cRosa Choque\u201d v\u00e3o realizar, no dia 17 de junho, pelas 10:00h, na Avenida Marginal, na Moita, uma aula de \u201cFitness ao Ar Livre\u201d. Aer\u00f3bica e Zumba Fitness s\u00e3o as modalidades que v\u00e3o animar esta aula de [&hellip;]\" \/>\n<meta property=\"og:url\" content=\"https:\/\/arquivo.barreiroweb.net\/?p=7300\" \/>\n<meta property=\"og:site_name\" content=\"barreiroweb\" \/>\n<meta property=\"article:publisher\" content=\"https:\/\/www.facebook.com\/barreiroweb\" \/>\n<meta property=\"article:published_time\" content=\"2012-06-13T18:22:09+00:00\" \/>\n<meta property=\"og:image\" content=\"https:\/\/arquivo.barreiroweb.net\/wp-content\/uploads\/2012\/06\/fitness.jpg\" \/>\n\t<meta property=\"og:image:width\" content=\"225\" \/>\n\t<meta property=\"og:image:height\" content=\"314\" \/>\n\t<meta property=\"og:image:type\" content=\"image\/jpeg\" \/>\n<meta name=\"author\" content=\"barreiroweb\" \/>\n<meta name=\"twitter:card\" content=\"summary_large_image\" \/>\n<meta name=\"twitter:creator\" content=\"@barreiroweb\" \/>\n<meta name=\"twitter:site\" content=\"@barreiroweb\" \/>\n<meta name=\"twitter:label1\" content=\"Escrito por\" \/>\n\t<meta name=\"twitter:data1\" content=\"barreiroweb\" \/>\n\t<meta name=\"twitter:label2\" content=\"Tempo estimado de leitura\" \/>\n\t<meta name=\"twitter:data2\" content=\"1 minuto\" \/>\n<script type=\"application\/ld+json\" class=\"yoast-schema-graph\">{\"@context\":\"https:\/\/schema.org\",\"@graph\":[{\"@type\":\"Article\",\"@id\":\"https:\/\/arquivo.barreiroweb.net\/?p=7300#article\",\"isPartOf\":{\"@id\":\"https:\/\/arquivo.barreiroweb.net\/?p=7300\"},\"author\":{\"name\":\"barreiroweb\",\"@id\":\"https:\/\/arquivo.barreiroweb.net\/#\/schema\/person\/44b6d528aff975e3786c9f475f9df2dd\"},\"headline\":\"Fitness ao Ar Livre na Marginal da Moita\",\"datePublished\":\"2012-06-13T18:22:09+00:00\",\"mainEntityOfPage\":{\"@id\":\"https:\/\/arquivo.barreiroweb.net\/?p=7300\"},\"wordCount\":144,\"commentCount\":0,\"publisher\":{\"@id\":\"https:\/\/arquivo.barreiroweb.net\/#organization\"},\"image\":{\"@id\":\"https:\/\/arquivo.barreiroweb.net\/?p=7300#primaryimage\"},\"thumbnailUrl\":\"https:\/\/arquivo.barreiroweb.net\/wp-content\/uploads\/2012\/06\/fitness.jpg\",\"keywords\":[\"moita\"],\"articleSection\":[\"Desporto\",\"Destaque\"],\"inLanguage\":\"pt-PT\",\"potentialAction\":[{\"@type\":\"CommentAction\",\"name\":\"Comment\",\"target\":[\"https:\/\/arquivo.barreiroweb.net\/?p=7300#respond\"]}]},{\"@type\":\"WebPage\",\"@id\":\"https:\/\/arquivo.barreiroweb.net\/?p=7300\",\"url\":\"https:\/\/arquivo.barreiroweb.net\/?p=7300\",\"name\":\"Fitness ao Ar Livre na Marginal da Moita - barreiroweb\",\"isPartOf\":{\"@id\":\"https:\/\/arquivo.barreiroweb.net\/#website\"},\"primaryImageOfPage\":{\"@id\":\"https:\/\/arquivo.barreiroweb.net\/?p=7300#primaryimage\"},\"image\":{\"@id\":\"https:\/\/arquivo.barreiroweb.net\/?p=7300#primaryimage\"},\"thumbnailUrl\":\"https:\/\/arquivo.barreiroweb.net\/wp-content\/uploads\/2012\/06\/fitness.jpg\",\"datePublished\":\"2012-06-13T18:22:09+00:00\",\"breadcrumb\":{\"@id\":\"https:\/\/arquivo.barreiroweb.net\/?p=7300#breadcrumb\"},\"inLanguage\":\"pt-PT\",\"potentialAction\":[{\"@type\":\"ReadAction\",\"target\":[\"https:\/\/arquivo.barreiroweb.net\/?p=7300\"]}]},{\"@type\":\"ImageObject\",\"inLanguage\":\"pt-PT\",\"@id\":\"https:\/\/arquivo.barreiroweb.net\/?p=7300#primaryimage\",\"url\":\"https:\/\/arquivo.barreiroweb.net\/wp-content\/uploads\/2012\/06\/fitness.jpg\",\"contentUrl\":\"https:\/\/arquivo.barreiroweb.net\/wp-content\/uploads\/2012\/06\/fitness.jpg\",\"width\":\"225\",\"height\":\"314\"},{\"@type\":\"BreadcrumbList\",\"@id\":\"https:\/\/arquivo.barreiroweb.net\/?p=7300#breadcrumb\",\"itemListElement\":[{\"@type\":\"ListItem\",\"position\":1,\"name\":\"In\u00edcio\",\"item\":\"https:\/\/arquivo.barreiroweb.net\/\"},{\"@type\":\"ListItem\",\"position\":2,\"name\":\"Fitness ao Ar Livre na Marginal da Moita\"}]},{\"@type\":\"WebSite\",\"@id\":\"https:\/\/arquivo.barreiroweb.net\/#website\",\"url\":\"https:\/\/arquivo.barreiroweb.net\/\",\"name\":\"barreiroweb\",\"description\":\"Barreiroweb o barreiro na web\",\"publisher\":{\"@id\":\"https:\/\/arquivo.barreiroweb.net\/#organization\"},\"potentialAction\":[{\"@type\":\"SearchAction\",\"target\":{\"@type\":\"EntryPoint\",\"urlTemplate\":\"https:\/\/arquivo.barreiroweb.net\/?s={search_term_string}\"},\"query-input\":{\"@type\":\"PropertyValueSpecification\",\"valueRequired\":true,\"valueName\":\"search_term_string\"}}],\"inLanguage\":\"pt-PT\"},{\"@type\":\"Organization\",\"@id\":\"https:\/\/arquivo.barreiroweb.net\/#organization\",\"name\":\"barreiroweb\",\"url\":\"https:\/\/arquivo.barreiroweb.net\/\",\"logo\":{\"@type\":\"ImageObject\",\"inLanguage\":\"pt-PT\",\"@id\":\"https:\/\/arquivo.barreiroweb.net\/#\/schema\/logo\/image\/\",\"url\":\"https:\/\/barreiroweb.net\/wp-content\/uploads\/2022\/05\/BarreiroWeb555.jpg\",\"contentUrl\":\"https:\/\/barreiroweb.net\/wp-content\/uploads\/2022\/05\/BarreiroWeb555.jpg\",\"width\":421,\"height\":415,\"caption\":\"barreiroweb\"},\"image\":{\"@id\":\"https:\/\/arquivo.barreiroweb.net\/#\/schema\/logo\/image\/\"},\"sameAs\":[\"https:\/\/www.facebook.com\/barreiroweb\",\"https:\/\/x.com\/barreiroweb\"]},{\"@type\":\"Person\",\"@id\":\"https:\/\/arquivo.barreiroweb.net\/#\/schema\/person\/44b6d528aff975e3786c9f475f9df2dd\",\"name\":\"barreiroweb\",\"image\":{\"@type\":\"ImageObject\",\"inLanguage\":\"pt-PT\",\"@id\":\"https:\/\/arquivo.barreiroweb.net\/#\/schema\/person\/image\/\",\"url\":\"https:\/\/secure.gravatar.com\/avatar\/1f764b917967430404ff0b452044eb63a25d64a5363b25be2aa42273930f477d?s=96&d=mm&r=g\",\"contentUrl\":\"https:\/\/secure.gravatar.com\/avatar\/1f764b917967430404ff0b452044eb63a25d64a5363b25be2aa42273930f477d?s=96&d=mm&r=g\",\"caption\":\"barreiroweb\"},\"url\":\"https:\/\/arquivo.barreiroweb.net\/?author=1\"}]}<\/script>\n<!-- \/ Yoast SEO plugin. -->","yoast_head_json":{"title":"Fitness ao Ar Livre na Marginal da Moita - barreiroweb","robots":{"index":"index","follow":"follow","max-snippet":"max-snippet:-1","max-image-preview":"max-image-preview:large","max-video-preview":"max-video-preview:-1"},"canonical":"https:\/\/arquivo.barreiroweb.net\/?p=7300","og_locale":"pt_PT","og_type":"article","og_title":"Fitness ao Ar Livre na Marginal da Moita - barreiroweb","og_description":"O Grupo Desportivo e Cultural dos Trabalhadores da C\u00e2mara Municipal da Moita conjuntamente com os gin\u00e1sios \u201cBody Gym\u201d e \u201cRosa Choque\u201d v\u00e3o realizar, no dia 17 de junho, pelas 10:00h, na Avenida Marginal, na Moita, uma aula de \u201cFitness ao Ar Livre\u201d. Aer\u00f3bica e Zumba Fitness s\u00e3o as modalidades que v\u00e3o animar esta aula de [&hellip;]","og_url":"https:\/\/arquivo.barreiroweb.net\/?p=7300","og_site_name":"barreiroweb","article_publisher":"https:\/\/www.facebook.com\/barreiroweb","article_published_time":"2012-06-13T18:22:09+00:00","og_image":[{"width":225,"height":314,"url":"https:\/\/arquivo.barreiroweb.net\/wp-content\/uploads\/2012\/06\/fitness.jpg","type":"image\/jpeg"}],"author":"barreiroweb","twitter_card":"summary_large_image","twitter_creator":"@barreiroweb","twitter_site":"@barreiroweb","twitter_misc":{"Escrito por":"barreiroweb","Tempo estimado de leitura":"1 minuto"},"schema":{"@context":"https:\/\/schema.org","@graph":[{"@type":"Article","@id":"https:\/\/arquivo.barreiroweb.net\/?p=7300#article","isPartOf":{"@id":"https:\/\/arquivo.barreiroweb.net\/?p=7300"},"author":{"name":"barreiroweb","@id":"https:\/\/arquivo.barreiroweb.net\/#\/schema\/person\/44b6d528aff975e3786c9f475f9df2dd"},"headline":"Fitness ao Ar Livre na Marginal da Moita","datePublished":"2012-06-13T18:22:09+00:00","mainEntityOfPage":{"@id":"https:\/\/arquivo.barreiroweb.net\/?p=7300"},"wordCount":144,"commentCount":0,"publisher":{"@id":"https:\/\/arquivo.barreiroweb.net\/#organization"},"image":{"@id":"https:\/\/arquivo.barreiroweb.net\/?p=7300#primaryimage"},"thumbnailUrl":"https:\/\/arquivo.barreiroweb.net\/wp-content\/uploads\/2012\/06\/fitness.jpg","keywords":["moita"],"articleSection":["Desporto","Destaque"],"inLanguage":"pt-PT","potentialAction":[{"@type":"CommentAction","name":"Comment","target":["https:\/\/arquivo.barreiroweb.net\/?p=7300#respond"]}]},{"@type":"WebPage","@id":"https:\/\/arquivo.barreiroweb.net\/?p=7300","url":"https:\/\/arquivo.barreiroweb.net\/?p=7300","name":"Fitness ao Ar Livre na Marginal da Moita - barreiroweb","isPartOf":{"@id":"https:\/\/arquivo.barreiroweb.net\/#website"},"primaryImageOfPage":{"@id":"https:\/\/arquivo.barreiroweb.net\/?p=7300#primaryimage"},"image":{"@id":"https:\/\/arquivo.barreiroweb.net\/?p=7300#primaryimage"},"thumbnailUrl":"https:\/\/arquivo.barreiroweb.net\/wp-content\/uploads\/2012\/06\/fitness.jpg","datePublished":"2012-06-13T18:22:09+00:00","breadcrumb":{"@id":"https:\/\/arquivo.barreiroweb.net\/?p=7300#breadcrumb"},"inLanguage":"pt-PT","potentialAction":[{"@type":"ReadAction","target":["https:\/\/arquivo.barreiroweb.net\/?p=7300"]}]},{"@type":"ImageObject","inLanguage":"pt-PT","@id":"https:\/\/arquivo.barreiroweb.net\/?p=7300#primaryimage","url":"https:\/\/arquivo.barreiroweb.net\/wp-content\/uploads\/2012\/06\/fitness.jpg","contentUrl":"https:\/\/arquivo.barreiroweb.net\/wp-content\/uploads\/2012\/06\/fitness.jpg","width":"225","height":"314"},{"@type":"BreadcrumbList","@id":"https:\/\/arquivo.barreiroweb.net\/?p=7300#breadcrumb","itemListElement":[{"@type":"ListItem","position":1,"name":"In\u00edcio","item":"https:\/\/arquivo.barreiroweb.net\/"},{"@type":"ListItem","position":2,"name":"Fitness ao Ar Livre na Marginal da Moita"}]},{"@type":"WebSite","@id":"https:\/\/arquivo.barreiroweb.net\/#website","url":"https:\/\/arquivo.barreiroweb.net\/","name":"barreiroweb","description":"Barreiroweb o barreiro na web","publisher":{"@id":"https:\/\/arquivo.barreiroweb.net\/#organization"},"potentialAction":[{"@type":"SearchAction","target":{"@type":"EntryPoint","urlTemplate":"https:\/\/arquivo.barreiroweb.net\/?s={search_term_string}"},"query-input":{"@type":"PropertyValueSpecification","valueRequired":true,"valueName":"search_term_string"}}],"inLanguage":"pt-PT"},{"@type":"Organization","@id":"https:\/\/arquivo.barreiroweb.net\/#organization","name":"barreiroweb","url":"https:\/\/arquivo.barreiroweb.net\/","logo":{"@type":"ImageObject","inLanguage":"pt-PT","@id":"https:\/\/arquivo.barreiroweb.net\/#\/schema\/logo\/image\/","url":"https:\/\/barreiroweb.net\/wp-content\/uploads\/2022\/05\/BarreiroWeb555.jpg","contentUrl":"https:\/\/barreiroweb.net\/wp-content\/uploads\/2022\/05\/BarreiroWeb555.jpg","width":421,"height":415,"caption":"barreiroweb"},"image":{"@id":"https:\/\/arquivo.barreiroweb.net\/#\/schema\/logo\/image\/"},"sameAs":["https:\/\/www.facebook.com\/barreiroweb","https:\/\/x.com\/barreiroweb"]},{"@type":"Person","@id":"https:\/\/arquivo.barreiroweb.net\/#\/schema\/person\/44b6d528aff975e3786c9f475f9df2dd","name":"barreiroweb","image":{"@type":"ImageObject","inLanguage":"pt-PT","@id":"https:\/\/arquivo.barreiroweb.net\/#\/schema\/person\/image\/","url":"https:\/\/secure.gravatar.com\/avatar\/1f764b917967430404ff0b452044eb63a25d64a5363b25be2aa42273930f477d?s=96&d=mm&r=g","contentUrl":"https:\/\/secure.gravatar.com\/avatar\/1f764b917967430404ff0b452044eb63a25d64a5363b25be2aa42273930f477d?s=96&d=mm&r=g","caption":"barreiroweb"},"url":"https:\/\/arquivo.barreiroweb.net\/?author=1"}]}},"_links":{"self":[{"href":"https:\/\/arquivo.barreiroweb.net\/index.php?rest_route=\/wp\/v2\/posts\/7300","targetHints":{"allow":["GET"]}}],"collection":[{"href":"https:\/\/arquivo.barreiroweb.net\/index.php?rest_route=\/wp\/v2\/posts"}],"about":[{"href":"https:\/\/arquivo.barreiroweb.net\/index.php?rest_route=\/wp\/v2\/types\/post"}],"author":[{"embeddable":true,"href":"https:\/\/arquivo.barreiroweb.net\/index.php?rest_route=\/wp\/v2\/users\/1"}],"replies":[{"embeddable":true,"href":"https:\/\/arquivo.barreiroweb.net\/index.php?rest_route=%2Fwp%2Fv2%2Fcomments&post=7300"}],"version-history":[{"count":2,"href":"https:\/\/arquivo.barreiroweb.net\/index.php?rest_route=\/wp\/v2\/posts\/7300\/revisions"}],"predecessor-version":[{"id":7303,"href":"https:\/\/arquivo.barreiroweb.net\/index.php?rest_route=\/wp\/v2\/posts\/7300\/revisions\/7303"}],"wp:featuredmedia":[{"embeddable":true,"href":"https:\/\/arquivo.barreiroweb.net\/index.php?rest_route=\/wp\/v2\/media\/7301"}],"wp:attachment":[{"href":"https:\/\/arquivo.barreiroweb.net\/index.php?rest_route=%2Fwp%2Fv2%2Fmedia&parent=7300"}],"wp:term":[{"taxonomy":"category","embeddable":true,"href":"https:\/\/arquivo.barreiroweb.net\/index.php?rest_route=%2Fwp%2Fv2%2Fcategories&post=7300"},{"taxonomy":"post_tag","embeddable":true,"href":"https:\/\/arquivo.barreiroweb.net\/index.php?rest_route=%2Fwp%2Fv2%2Ftags&post=7300"}],"curies":[{"name":"wp","href":"https:\/\/api.w.org\/{rel}","templated":true}]}}