{"id":7220,"date":"2012-06-09T22:19:34","date_gmt":"2012-06-09T21:19:34","guid":{"rendered":"http:\/\/barreiroweb.eu\/?p=7220"},"modified":"2012-06-09T22:19:34","modified_gmt":"2012-06-09T21:19:34","slug":"na-moita-municipio-apoia-realizacao-das-tradicionais-festas-populares","status":"publish","type":"post","link":"https:\/\/arquivo.barreiroweb.net\/?p=7220","title":{"rendered":"Na Moita Munic\u00edpio apoia realiza\u00e7\u00e3o das tradicionais festas populares"},"content":{"rendered":"<p style=\"text-align: justify;\"><a href=\"http:\/\/barreiroweb.eu\/?attachment_id=7221\" rel=\"attachment wp-att-7221\"><img loading=\"lazy\" decoding=\"async\" class=\"alignleft size-thumbnail wp-image-7221\" title=\"bras\u00e3o - edif\u00edcio pa\u00e7os do concelho\" src=\"http:\/\/barreiroweb.eu\/wp-content\/uploads\/2012\/06\/bras\u00e3o-edif\u00edcio-pa\u00e7os-do-concelho-150x150.jpg\" alt=\"\" width=\"150\" height=\"150\" srcset=\"https:\/\/arquivo.barreiroweb.net\/wp-content\/uploads\/2012\/06\/bras\u00e3o-edif\u00edcio-pa\u00e7os-do-concelho-150x150.jpg 150w, https:\/\/arquivo.barreiroweb.net\/wp-content\/uploads\/2012\/06\/bras\u00e3o-edif\u00edcio-pa\u00e7os-do-concelho-50x50.jpg 50w, https:\/\/arquivo.barreiroweb.net\/wp-content\/uploads\/2012\/06\/bras\u00e3o-edif\u00edcio-pa\u00e7os-do-concelho-70x70.jpg 70w, https:\/\/arquivo.barreiroweb.net\/wp-content\/uploads\/2012\/06\/bras\u00e3o-edif\u00edcio-pa\u00e7os-do-concelho-55x55.jpg 55w\" sizes=\"auto, (max-width: 150px) 100vw, 150px\" \/><\/a>Na reuni\u00e3o que decorreu no dia 6 de junho, a C\u00e2mara Municipal da Moita aprovou, entre v\u00e1rias propostas, uma declara\u00e7\u00e3o que reconhece a Tauromaquia como patrim\u00f3nio cultural imaterial do munic\u00edpio, a atribui\u00e7\u00e3o de apoios financeiros \u00e0s festas populares, que se realizam em todas as freguesias do concelho, uma proposta de realiza\u00e7\u00e3o e enquadramento da organiza\u00e7\u00e3o das Festas em Honra de Nossa Senhora da Boa Viagem e a autoriza\u00e7\u00e3o \u00e0 Rar\u00edssimas, para constitui\u00e7\u00e3o de hipoteca, com vista \u00e0 conclus\u00e3o do projeto \u201cCasa dos Marcos\u201d.<\/p>\n<p style=\"text-align: justify;\">Tendo em conta que a Tauromaquia assume, no munic\u00edpio da Moita, uma relevante import\u00e2ncia cultural, social e econ\u00f3mica, fomentando o desenvolvimento tur\u00edstico, permitindo difundir a cultura, promover valores, costumes e tradi\u00e7\u00f5es, possuindo ainda um inestim\u00e1vel valor para os mun\u00edcipes, a C\u00e2mara Municipal da Moita aprovou e vai submeter tamb\u00e9m \u00e0 aprova\u00e7\u00e3o da Assembleia Municipal, uma declara\u00e7\u00e3o, reconhecendo a Tauromaquia como patrim\u00f3nio cultural imaterial do munic\u00edpio.<\/p>\n<p style=\"text-align: justify;\">Considerando que as festas populares que se realizam em todas as freguesias do concelho constituem momentos altos da viv\u00eancia da comunidade, a C\u00e2mara Municipal vai continuar a disponibilizar apoios financeiros e log\u00edsticos diversos. A verea\u00e7\u00e3o aprovou, assim, a atribui\u00e7\u00e3o dos seguintes apoios financeiros: Sarilhos Pequenos (4 860 euros), Ros\u00e1rio (4 860 euros), Vale da Amoreira (5 468 euros), Alhos Vedros (9 113 euros) e Baixa da Banheira (18 225 euros), no valor total de 42 526 euros.<\/p>\n<p style=\"text-align: justify;\">Foi igualmente aprovada uma proposta de realiza\u00e7\u00e3o e enquadramento da organiza\u00e7\u00e3o da edi\u00e7\u00e3o de 2012 das Festas em Honra de Nossa Senhora da Boa Viagem, que decorrem entre 7 e 16 de setembro, na Moita. A proposta define as compet\u00eancias da Comiss\u00e3o Coordenadora de Festas do Munic\u00edpio da Moita, o hor\u00e1rio de funcionamento, a organiza\u00e7\u00e3o do recinto, a identifica\u00e7\u00e3o de lugares e valor m\u00ednimo das propostas de pagamento, a apresenta\u00e7\u00e3o e o prazo de entrega das candidaturas, as normas de seguran\u00e7a, entre outras mat\u00e9rias.<\/p>\n<p style=\"text-align: justify;\">Nesta reuni\u00e3o, foi ainda aprovada a atribui\u00e7\u00e3o de apoios financeiros no valor de 750 euros, \u00e0 Sociedade Recreativa e Cultural Uni\u00e3o Alentejana, para apoiar a realiza\u00e7\u00e3o da Semana Cultural Alentejana, e no valor de 500 euros, ao Rancho Etnogr\u00e1fico de Dan\u00e7as e Cantares da Barra Cheia, para apoiar a 30\u00aa edi\u00e7\u00e3o do Festival de Folclore da Regi\u00e3o Caramela.<\/p>\n<p style=\"text-align: justify;\">C\u00e2mara Municipal da Moita<\/p>\n","protected":false},"excerpt":{"rendered":"<p>Na reuni\u00e3o que decorreu no dia 6 de junho, a C\u00e2mara Municipal da Moita aprovou, entre v\u00e1rias propostas, uma declara\u00e7\u00e3o que reconhece a Tauromaquia como patrim\u00f3nio cultural imaterial do munic\u00edpio, a atribui\u00e7\u00e3o de apoios financeiros \u00e0s festas populares, que se realizam em todas as freguesias do concelho, uma proposta de realiza\u00e7\u00e3o e enquadramento da organiza\u00e7\u00e3o [&hellip;]<\/p>\n","protected":false},"author":1,"featured_media":7221,"comment_status":"open","ping_status":"open","sticky":false,"template":"","format":"standard","meta":{"footnotes":""},"categories":[32,3],"tags":[],"class_list":["post-7220","post","type-post","status-publish","format-standard","has-post-thumbnail","hentry","category-destaque","category-eventos","last_archivepost"],"yoast_head":"<!-- This site is optimized with the Yoast SEO plugin v27.1.1 - https:\/\/yoast.com\/product\/yoast-seo-wordpress\/ -->\n<title>Na Moita Munic\u00edpio apoia realiza\u00e7\u00e3o das tradicionais festas populares  - barreiroweb<\/title>\n<meta name=\"robots\" content=\"index, follow, max-snippet:-1, max-image-preview:large, max-video-preview:-1\" \/>\n<link rel=\"canonical\" href=\"https:\/\/arquivo.barreiroweb.net\/?p=7220\" \/>\n<meta property=\"og:locale\" content=\"pt_PT\" \/>\n<meta property=\"og:type\" content=\"article\" \/>\n<meta property=\"og:title\" content=\"Na Moita Munic\u00edpio apoia realiza\u00e7\u00e3o das tradicionais festas populares  - barreiroweb\" \/>\n<meta property=\"og:description\" content=\"Na reuni\u00e3o que decorreu no dia 6 de junho, a C\u00e2mara Municipal da Moita aprovou, entre v\u00e1rias propostas, uma declara\u00e7\u00e3o que reconhece a Tauromaquia como patrim\u00f3nio cultural imaterial do munic\u00edpio, a atribui\u00e7\u00e3o de apoios financeiros \u00e0s festas populares, que se realizam em todas as freguesias do concelho, uma proposta de realiza\u00e7\u00e3o e enquadramento da organiza\u00e7\u00e3o [&hellip;]\" \/>\n<meta property=\"og:url\" content=\"https:\/\/arquivo.barreiroweb.net\/?p=7220\" \/>\n<meta property=\"og:site_name\" content=\"barreiroweb\" \/>\n<meta property=\"article:publisher\" content=\"https:\/\/www.facebook.com\/barreiroweb\" \/>\n<meta property=\"article:published_time\" content=\"2012-06-09T21:19:34+00:00\" \/>\n<meta property=\"og:image\" content=\"https:\/\/arquivo.barreiroweb.net\/wp-content\/uploads\/2012\/06\/bras\u00e3o-edif\u00edcio-pa\u00e7os-do-concelho.jpg\" \/>\n\t<meta property=\"og:image:width\" content=\"314\" \/>\n\t<meta property=\"og:image:height\" content=\"209\" \/>\n\t<meta property=\"og:image:type\" content=\"image\/jpeg\" \/>\n<meta name=\"author\" content=\"barreiroweb\" \/>\n<meta name=\"twitter:card\" content=\"summary_large_image\" \/>\n<meta name=\"twitter:creator\" content=\"@barreiroweb\" \/>\n<meta name=\"twitter:site\" content=\"@barreiroweb\" \/>\n<meta name=\"twitter:label1\" content=\"Escrito por\" \/>\n\t<meta name=\"twitter:data1\" content=\"barreiroweb\" \/>\n\t<meta name=\"twitter:label2\" content=\"Tempo estimado de leitura\" \/>\n\t<meta name=\"twitter:data2\" content=\"2 minutos\" \/>\n<script type=\"application\/ld+json\" class=\"yoast-schema-graph\">{\"@context\":\"https:\/\/schema.org\",\"@graph\":[{\"@type\":\"Article\",\"@id\":\"https:\/\/arquivo.barreiroweb.net\/?p=7220#article\",\"isPartOf\":{\"@id\":\"https:\/\/arquivo.barreiroweb.net\/?p=7220\"},\"author\":{\"name\":\"barreiroweb\",\"@id\":\"https:\/\/arquivo.barreiroweb.net\/#\/schema\/person\/44b6d528aff975e3786c9f475f9df2dd\"},\"headline\":\"Na Moita Munic\u00edpio apoia realiza\u00e7\u00e3o das tradicionais festas populares\",\"datePublished\":\"2012-06-09T21:19:34+00:00\",\"mainEntityOfPage\":{\"@id\":\"https:\/\/arquivo.barreiroweb.net\/?p=7220\"},\"wordCount\":413,\"commentCount\":0,\"publisher\":{\"@id\":\"https:\/\/arquivo.barreiroweb.net\/#organization\"},\"image\":{\"@id\":\"https:\/\/arquivo.barreiroweb.net\/?p=7220#primaryimage\"},\"thumbnailUrl\":\"https:\/\/arquivo.barreiroweb.net\/wp-content\/uploads\/2012\/06\/bras\u00e3o-edif\u00edcio-pa\u00e7os-do-concelho.jpg\",\"articleSection\":[\"Destaque\",\"Eventos\"],\"inLanguage\":\"pt-PT\",\"potentialAction\":[{\"@type\":\"CommentAction\",\"name\":\"Comment\",\"target\":[\"https:\/\/arquivo.barreiroweb.net\/?p=7220#respond\"]}]},{\"@type\":\"WebPage\",\"@id\":\"https:\/\/arquivo.barreiroweb.net\/?p=7220\",\"url\":\"https:\/\/arquivo.barreiroweb.net\/?p=7220\",\"name\":\"Na Moita Munic\u00edpio apoia realiza\u00e7\u00e3o das tradicionais festas populares - barreiroweb\",\"isPartOf\":{\"@id\":\"https:\/\/arquivo.barreiroweb.net\/#website\"},\"primaryImageOfPage\":{\"@id\":\"https:\/\/arquivo.barreiroweb.net\/?p=7220#primaryimage\"},\"image\":{\"@id\":\"https:\/\/arquivo.barreiroweb.net\/?p=7220#primaryimage\"},\"thumbnailUrl\":\"https:\/\/arquivo.barreiroweb.net\/wp-content\/uploads\/2012\/06\/bras\u00e3o-edif\u00edcio-pa\u00e7os-do-concelho.jpg\",\"datePublished\":\"2012-06-09T21:19:34+00:00\",\"breadcrumb\":{\"@id\":\"https:\/\/arquivo.barreiroweb.net\/?p=7220#breadcrumb\"},\"inLanguage\":\"pt-PT\",\"potentialAction\":[{\"@type\":\"ReadAction\",\"target\":[\"https:\/\/arquivo.barreiroweb.net\/?p=7220\"]}]},{\"@type\":\"ImageObject\",\"inLanguage\":\"pt-PT\",\"@id\":\"https:\/\/arquivo.barreiroweb.net\/?p=7220#primaryimage\",\"url\":\"https:\/\/arquivo.barreiroweb.net\/wp-content\/uploads\/2012\/06\/bras\u00e3o-edif\u00edcio-pa\u00e7os-do-concelho.jpg\",\"contentUrl\":\"https:\/\/arquivo.barreiroweb.net\/wp-content\/uploads\/2012\/06\/bras\u00e3o-edif\u00edcio-pa\u00e7os-do-concelho.jpg\",\"width\":\"314\",\"height\":\"209\"},{\"@type\":\"BreadcrumbList\",\"@id\":\"https:\/\/arquivo.barreiroweb.net\/?p=7220#breadcrumb\",\"itemListElement\":[{\"@type\":\"ListItem\",\"position\":1,\"name\":\"In\u00edcio\",\"item\":\"https:\/\/arquivo.barreiroweb.net\/\"},{\"@type\":\"ListItem\",\"position\":2,\"name\":\"Na Moita Munic\u00edpio apoia realiza\u00e7\u00e3o das tradicionais festas populares\"}]},{\"@type\":\"WebSite\",\"@id\":\"https:\/\/arquivo.barreiroweb.net\/#website\",\"url\":\"https:\/\/arquivo.barreiroweb.net\/\",\"name\":\"barreiroweb\",\"description\":\"Barreiroweb o barreiro na web\",\"publisher\":{\"@id\":\"https:\/\/arquivo.barreiroweb.net\/#organization\"},\"potentialAction\":[{\"@type\":\"SearchAction\",\"target\":{\"@type\":\"EntryPoint\",\"urlTemplate\":\"https:\/\/arquivo.barreiroweb.net\/?s={search_term_string}\"},\"query-input\":{\"@type\":\"PropertyValueSpecification\",\"valueRequired\":true,\"valueName\":\"search_term_string\"}}],\"inLanguage\":\"pt-PT\"},{\"@type\":\"Organization\",\"@id\":\"https:\/\/arquivo.barreiroweb.net\/#organization\",\"name\":\"barreiroweb\",\"url\":\"https:\/\/arquivo.barreiroweb.net\/\",\"logo\":{\"@type\":\"ImageObject\",\"inLanguage\":\"pt-PT\",\"@id\":\"https:\/\/arquivo.barreiroweb.net\/#\/schema\/logo\/image\/\",\"url\":\"https:\/\/barreiroweb.net\/wp-content\/uploads\/2022\/05\/BarreiroWeb555.jpg\",\"contentUrl\":\"https:\/\/barreiroweb.net\/wp-content\/uploads\/2022\/05\/BarreiroWeb555.jpg\",\"width\":421,\"height\":415,\"caption\":\"barreiroweb\"},\"image\":{\"@id\":\"https:\/\/arquivo.barreiroweb.net\/#\/schema\/logo\/image\/\"},\"sameAs\":[\"https:\/\/www.facebook.com\/barreiroweb\",\"https:\/\/x.com\/barreiroweb\"]},{\"@type\":\"Person\",\"@id\":\"https:\/\/arquivo.barreiroweb.net\/#\/schema\/person\/44b6d528aff975e3786c9f475f9df2dd\",\"name\":\"barreiroweb\",\"image\":{\"@type\":\"ImageObject\",\"inLanguage\":\"pt-PT\",\"@id\":\"https:\/\/arquivo.barreiroweb.net\/#\/schema\/person\/image\/\",\"url\":\"https:\/\/secure.gravatar.com\/avatar\/1f764b917967430404ff0b452044eb63a25d64a5363b25be2aa42273930f477d?s=96&d=mm&r=g\",\"contentUrl\":\"https:\/\/secure.gravatar.com\/avatar\/1f764b917967430404ff0b452044eb63a25d64a5363b25be2aa42273930f477d?s=96&d=mm&r=g\",\"caption\":\"barreiroweb\"},\"url\":\"https:\/\/arquivo.barreiroweb.net\/?author=1\"}]}<\/script>\n<!-- \/ Yoast SEO plugin. -->","yoast_head_json":{"title":"Na Moita Munic\u00edpio apoia realiza\u00e7\u00e3o das tradicionais festas populares  - barreiroweb","robots":{"index":"index","follow":"follow","max-snippet":"max-snippet:-1","max-image-preview":"max-image-preview:large","max-video-preview":"max-video-preview:-1"},"canonical":"https:\/\/arquivo.barreiroweb.net\/?p=7220","og_locale":"pt_PT","og_type":"article","og_title":"Na Moita Munic\u00edpio apoia realiza\u00e7\u00e3o das tradicionais festas populares  - barreiroweb","og_description":"Na reuni\u00e3o que decorreu no dia 6 de junho, a C\u00e2mara Municipal da Moita aprovou, entre v\u00e1rias propostas, uma declara\u00e7\u00e3o que reconhece a Tauromaquia como patrim\u00f3nio cultural imaterial do munic\u00edpio, a atribui\u00e7\u00e3o de apoios financeiros \u00e0s festas populares, que se realizam em todas as freguesias do concelho, uma proposta de realiza\u00e7\u00e3o e enquadramento da organiza\u00e7\u00e3o [&hellip;]","og_url":"https:\/\/arquivo.barreiroweb.net\/?p=7220","og_site_name":"barreiroweb","article_publisher":"https:\/\/www.facebook.com\/barreiroweb","article_published_time":"2012-06-09T21:19:34+00:00","og_image":[{"width":314,"height":209,"url":"https:\/\/arquivo.barreiroweb.net\/wp-content\/uploads\/2012\/06\/bras\u00e3o-edif\u00edcio-pa\u00e7os-do-concelho.jpg","type":"image\/jpeg"}],"author":"barreiroweb","twitter_card":"summary_large_image","twitter_creator":"@barreiroweb","twitter_site":"@barreiroweb","twitter_misc":{"Escrito por":"barreiroweb","Tempo estimado de leitura":"2 minutos"},"schema":{"@context":"https:\/\/schema.org","@graph":[{"@type":"Article","@id":"https:\/\/arquivo.barreiroweb.net\/?p=7220#article","isPartOf":{"@id":"https:\/\/arquivo.barreiroweb.net\/?p=7220"},"author":{"name":"barreiroweb","@id":"https:\/\/arquivo.barreiroweb.net\/#\/schema\/person\/44b6d528aff975e3786c9f475f9df2dd"},"headline":"Na Moita Munic\u00edpio apoia realiza\u00e7\u00e3o das tradicionais festas populares","datePublished":"2012-06-09T21:19:34+00:00","mainEntityOfPage":{"@id":"https:\/\/arquivo.barreiroweb.net\/?p=7220"},"wordCount":413,"commentCount":0,"publisher":{"@id":"https:\/\/arquivo.barreiroweb.net\/#organization"},"image":{"@id":"https:\/\/arquivo.barreiroweb.net\/?p=7220#primaryimage"},"thumbnailUrl":"https:\/\/arquivo.barreiroweb.net\/wp-content\/uploads\/2012\/06\/bras\u00e3o-edif\u00edcio-pa\u00e7os-do-concelho.jpg","articleSection":["Destaque","Eventos"],"inLanguage":"pt-PT","potentialAction":[{"@type":"CommentAction","name":"Comment","target":["https:\/\/arquivo.barreiroweb.net\/?p=7220#respond"]}]},{"@type":"WebPage","@id":"https:\/\/arquivo.barreiroweb.net\/?p=7220","url":"https:\/\/arquivo.barreiroweb.net\/?p=7220","name":"Na Moita Munic\u00edpio apoia realiza\u00e7\u00e3o das tradicionais festas populares - barreiroweb","isPartOf":{"@id":"https:\/\/arquivo.barreiroweb.net\/#website"},"primaryImageOfPage":{"@id":"https:\/\/arquivo.barreiroweb.net\/?p=7220#primaryimage"},"image":{"@id":"https:\/\/arquivo.barreiroweb.net\/?p=7220#primaryimage"},"thumbnailUrl":"https:\/\/arquivo.barreiroweb.net\/wp-content\/uploads\/2012\/06\/bras\u00e3o-edif\u00edcio-pa\u00e7os-do-concelho.jpg","datePublished":"2012-06-09T21:19:34+00:00","breadcrumb":{"@id":"https:\/\/arquivo.barreiroweb.net\/?p=7220#breadcrumb"},"inLanguage":"pt-PT","potentialAction":[{"@type":"ReadAction","target":["https:\/\/arquivo.barreiroweb.net\/?p=7220"]}]},{"@type":"ImageObject","inLanguage":"pt-PT","@id":"https:\/\/arquivo.barreiroweb.net\/?p=7220#primaryimage","url":"https:\/\/arquivo.barreiroweb.net\/wp-content\/uploads\/2012\/06\/bras\u00e3o-edif\u00edcio-pa\u00e7os-do-concelho.jpg","contentUrl":"https:\/\/arquivo.barreiroweb.net\/wp-content\/uploads\/2012\/06\/bras\u00e3o-edif\u00edcio-pa\u00e7os-do-concelho.jpg","width":"314","height":"209"},{"@type":"BreadcrumbList","@id":"https:\/\/arquivo.barreiroweb.net\/?p=7220#breadcrumb","itemListElement":[{"@type":"ListItem","position":1,"name":"In\u00edcio","item":"https:\/\/arquivo.barreiroweb.net\/"},{"@type":"ListItem","position":2,"name":"Na Moita Munic\u00edpio apoia realiza\u00e7\u00e3o das tradicionais festas populares"}]},{"@type":"WebSite","@id":"https:\/\/arquivo.barreiroweb.net\/#website","url":"https:\/\/arquivo.barreiroweb.net\/","name":"barreiroweb","description":"Barreiroweb o barreiro na web","publisher":{"@id":"https:\/\/arquivo.barreiroweb.net\/#organization"},"potentialAction":[{"@type":"SearchAction","target":{"@type":"EntryPoint","urlTemplate":"https:\/\/arquivo.barreiroweb.net\/?s={search_term_string}"},"query-input":{"@type":"PropertyValueSpecification","valueRequired":true,"valueName":"search_term_string"}}],"inLanguage":"pt-PT"},{"@type":"Organization","@id":"https:\/\/arquivo.barreiroweb.net\/#organization","name":"barreiroweb","url":"https:\/\/arquivo.barreiroweb.net\/","logo":{"@type":"ImageObject","inLanguage":"pt-PT","@id":"https:\/\/arquivo.barreiroweb.net\/#\/schema\/logo\/image\/","url":"https:\/\/barreiroweb.net\/wp-content\/uploads\/2022\/05\/BarreiroWeb555.jpg","contentUrl":"https:\/\/barreiroweb.net\/wp-content\/uploads\/2022\/05\/BarreiroWeb555.jpg","width":421,"height":415,"caption":"barreiroweb"},"image":{"@id":"https:\/\/arquivo.barreiroweb.net\/#\/schema\/logo\/image\/"},"sameAs":["https:\/\/www.facebook.com\/barreiroweb","https:\/\/x.com\/barreiroweb"]},{"@type":"Person","@id":"https:\/\/arquivo.barreiroweb.net\/#\/schema\/person\/44b6d528aff975e3786c9f475f9df2dd","name":"barreiroweb","image":{"@type":"ImageObject","inLanguage":"pt-PT","@id":"https:\/\/arquivo.barreiroweb.net\/#\/schema\/person\/image\/","url":"https:\/\/secure.gravatar.com\/avatar\/1f764b917967430404ff0b452044eb63a25d64a5363b25be2aa42273930f477d?s=96&d=mm&r=g","contentUrl":"https:\/\/secure.gravatar.com\/avatar\/1f764b917967430404ff0b452044eb63a25d64a5363b25be2aa42273930f477d?s=96&d=mm&r=g","caption":"barreiroweb"},"url":"https:\/\/arquivo.barreiroweb.net\/?author=1"}]}},"_links":{"self":[{"href":"https:\/\/arquivo.barreiroweb.net\/index.php?rest_route=\/wp\/v2\/posts\/7220","targetHints":{"allow":["GET"]}}],"collection":[{"href":"https:\/\/arquivo.barreiroweb.net\/index.php?rest_route=\/wp\/v2\/posts"}],"about":[{"href":"https:\/\/arquivo.barreiroweb.net\/index.php?rest_route=\/wp\/v2\/types\/post"}],"author":[{"embeddable":true,"href":"https:\/\/arquivo.barreiroweb.net\/index.php?rest_route=\/wp\/v2\/users\/1"}],"replies":[{"embeddable":true,"href":"https:\/\/arquivo.barreiroweb.net\/index.php?rest_route=%2Fwp%2Fv2%2Fcomments&post=7220"}],"version-history":[{"count":2,"href":"https:\/\/arquivo.barreiroweb.net\/index.php?rest_route=\/wp\/v2\/posts\/7220\/revisions"}],"predecessor-version":[{"id":7223,"href":"https:\/\/arquivo.barreiroweb.net\/index.php?rest_route=\/wp\/v2\/posts\/7220\/revisions\/7223"}],"wp:featuredmedia":[{"embeddable":true,"href":"https:\/\/arquivo.barreiroweb.net\/index.php?rest_route=\/wp\/v2\/media\/7221"}],"wp:attachment":[{"href":"https:\/\/arquivo.barreiroweb.net\/index.php?rest_route=%2Fwp%2Fv2%2Fmedia&parent=7220"}],"wp:term":[{"taxonomy":"category","embeddable":true,"href":"https:\/\/arquivo.barreiroweb.net\/index.php?rest_route=%2Fwp%2Fv2%2Fcategories&post=7220"},{"taxonomy":"post_tag","embeddable":true,"href":"https:\/\/arquivo.barreiroweb.net\/index.php?rest_route=%2Fwp%2Fv2%2Ftags&post=7220"}],"curies":[{"name":"wp","href":"https:\/\/api.w.org\/{rel}","templated":true}]}}