{"id":7159,"date":"2012-05-29T23:38:10","date_gmt":"2012-05-29T22:38:10","guid":{"rendered":"http:\/\/barreiroweb.eu\/?p=7159"},"modified":"2012-05-29T23:38:10","modified_gmt":"2012-05-29T22:38:10","slug":"biblioteca-do-vale-da-amoreira-em-festa","status":"publish","type":"post","link":"https:\/\/arquivo.barreiroweb.net\/?p=7159","title":{"rendered":"Biblioteca do Vale da Amoreira em festa"},"content":{"rendered":"<p style=\"text-align: justify;\"><a href=\"http:\/\/barreiroweb.eu\/?attachment_id=7160\" rel=\"attachment wp-att-7160\"><img loading=\"lazy\" decoding=\"async\" class=\"alignleft size-thumbnail wp-image-7160\" title=\"Aniv da Biblioteca do Vale da Amoreira\" src=\"http:\/\/barreiroweb.eu\/wp-content\/uploads\/2012\/05\/Aniv-da-Biblioteca-do-Vale-da-Amoreira-150x150.jpg\" alt=\"\" width=\"150\" height=\"150\" srcset=\"https:\/\/arquivo.barreiroweb.net\/wp-content\/uploads\/2012\/05\/Aniv-da-Biblioteca-do-Vale-da-Amoreira-150x150.jpg 150w, https:\/\/arquivo.barreiroweb.net\/wp-content\/uploads\/2012\/05\/Aniv-da-Biblioteca-do-Vale-da-Amoreira-50x50.jpg 50w, https:\/\/arquivo.barreiroweb.net\/wp-content\/uploads\/2012\/05\/Aniv-da-Biblioteca-do-Vale-da-Amoreira-70x70.jpg 70w, https:\/\/arquivo.barreiroweb.net\/wp-content\/uploads\/2012\/05\/Aniv-da-Biblioteca-do-Vale-da-Amoreira-55x55.jpg 55w\" sizes=\"auto, (max-width: 150px) 100vw, 150px\" \/><\/a>A <strong>Biblioteca Municipal \u2013 P\u00f3lo do Vale da Amoreira<\/strong> vai estar em festa entre <strong>1 e 10 de junho<\/strong>. Para comemorar os 22 anos deste equipamento ao servi\u00e7o da comunidade, a C\u00e2mara Municipal da Moita preparou um conjunto de atividades, para todas as idades, que incluem a realiza\u00e7\u00e3o do debate \u201cO Associativismo e a Luta Contra a Sida\u201d, por Dynka Amorim, a apresenta\u00e7\u00e3o do livro \u201cCh\u00e3o de Kan\u00e2mbua\u201d, de Tom\u00e1s Daniel Gavino Lima Coelho, uma exposi\u00e7\u00e3o colectiva de artistas do Vale da Amoreira, os encontros com o escritores Ivanir Corr\u00eaa de Faria e Gabriel Raimundo, a iniciativa Biblioteca Fora de Horas, teatro de fantoches e anima\u00e7\u00e3o musical. Consulte o programa completo:<\/p>\n<p style=\"text-align: justify;\"><strong>Programa do Anivers\u00e1rio da Biblioteca Municipal do Vale da Amoreira<\/strong><\/p>\n<p style=\"text-align: justify;\"><strong>1 de junho \u2013 15:00h \u2013 <\/strong>Dynka Amorim vem partilhar a sua experi\u00eancia sobre o associativismo juvenil. Aos 18 anos, Dynka Amorim criou em S\u00e3o Tom\u00e9 uma associa\u00e7\u00e3o de jovens para sensibiliza\u00e7\u00e3o da luta contra a Sida. Ao mudar-se para Portugal para continuar os estudos, n\u00e3o quis deixar o projecto morrer e transportou-o para os bairros mais desfavorecidos de Lisboa. Ganhou em 2010 o pr\u00e9mio \u201cAids &amp; Mobility Young Social Entrepreneur \u201d, e segundo o jovem s\u00e3o-tomense \u00e9 o reconhecimento das institui\u00e7\u00f5es europeias pelo trabalho volunt\u00e1rio que tem desenvolvido para evitar a propaga\u00e7\u00e3o do v\u00edrus HIV, no seio dos jovens africanos e europeus, que habitam os bairros desfavorecidos de Portugal.<strong><\/strong><\/p>\n<p style=\"text-align: justify;\">Destinat\u00e1rios: Alunos do Secund\u00e1rio<\/p>\n<p style=\"text-align: justify;\"><strong>2 de junho \u2013 21:00h \u2013<\/strong> Tom\u00e1s Daniel Gavino Lima Coelho apresenta \u00e0 comunidade o seu livro \u201cCh\u00e3o de Kan\u00e2mbua\u201d editado pela Chiado Editora em 2010. \u00c9 uma fic\u00e7\u00e3o hist\u00f3rica, um romance, onde se misturam factos e personagens reais, historicamente comprovados, com outros imagin\u00e1rios. A hist\u00f3ria decorre entre os anos de 1860 e 1910, na regi\u00e3o malanjina, narrando a vida de um degredado portugu\u00eas que ali foi parar, descrevendo as suas dificuldades, as rela\u00e7\u00f5es entre os nativos e os europeus a que assistiu, as guerras, mas tamb\u00e9m os amores e as amizades em que se viu envolvido. Como pano de fundo, como uma sinfonia sem m\u00fasica, Angola e a sua grandeza de horizontes, terra de feiti\u00e7os onde se cruzam personagens como o Z\u00e9 do Telhado e Henrique de Carvalho, em territ\u00f3rios long\u00ednquos como a Lunda, ou na beleza e enormidade da Baixa de Cassanje. O t\u00edtulo, \u201cCh\u00e3o de Kan\u00e2mbua\u201d, deriva do nome de um bairro suburbano da cidade de Malanje.<\/p>\n<p style=\"text-align: justify;\">O Autor: Tom\u00e1s Daniel Gavino Lima Coelho nasceu em Mo\u00e7\u00e2medes (Namibe), em 5 de Outubro de 1952. \u00c9 o mais velho de cinco irm\u00e3os, todos naturais de Angola e cada um de sua localidade. O pai nasceu no Lobito, filho de um portugu\u00eas natural de Braga, que arribou Angola em 1898, e de uma senhora, angolana, natural do Ambriz. A m\u00e3e chegou a Angola com apenas seis meses de idade. Sendo o pai funcion\u00e1rio da Fazenda Nacional e, por isso, sujeito a transfer\u00eancias sucessivas, percorreu desse modo grande parte do territ\u00f3rio angolano: L\u00e2ndana, no enclave de Cabinda, Caconda, Camacupa, Kuito, Ca\u00e1la, Lubango e, finalmente, Malanje. Em 1975, atrav\u00e9s da ponte a\u00e9rea, viajou com os pais e irm\u00e3os para Portugal. Aqui reside desde ent\u00e3o. \u00c9 casado com a malanjina Ilda Coelho, pintora nas horas vagas, t\u00eam dois filhos e uma neta. Sobre as suas origens, naturais e afectivas, gosta de se definir com um pensamento \u201croubado\u201d a um poeta mo\u00e7ambicano: \u201cNo Namibe vi a primeira luz do dia, mas foi em Malanje que nasci.\u201d<\/p>\n<p style=\"text-align: justify;\">\n<p style=\"text-align: justify;\"><strong>2 de junho \u2013 22:30h \u2013<\/strong> Inaugura\u00e7\u00e3o Exposi\u00e7\u00e3o colectiva de artistas do Vale da Amoreira<\/p>\n<p style=\"text-align: justify;\">Destinat\u00e1rios: P\u00fablico em geral<\/p>\n<p style=\"text-align: justify;\">\n<p style=\"text-align: justify;\"><strong>5 de junho \u2013 10:00h \u2013<\/strong> Encontro com o escritor Ivanir Corr\u00eaa de Faria<\/p>\n<p style=\"text-align: justify;\">Sabe porque \u00e9 que os galos cantam de madrugada? Venha descobrir este segredo ao ler &#8220;Os Galos G\u00e9meos de Barcelos&#8221;. Ivanir Corr\u00eaa de Faria, brasileiro, a viver atualmente no Vale da Amoreira, aventurou-se a recriar o nascimento e as aventuras do Galo, s\u00edmbolo de Portugal e dedica a sua hist\u00f3ria a todos os nossos pequenos leitores.<br \/>\nDestinat\u00e1rios: Alunos do 1\u00ba Ciclo<\/p>\n<p style=\"text-align: justify;\">\n<p style=\"text-align: justify;\"><strong>6 de junho \u2013 10:00h e 14:00h<\/strong><\/p>\n<p style=\"text-align: justify;\">O escritor Gabriel Raimundo apresenta a sua \u00faltima obra infanto-juvenil \u201c O comboio da brincadeira \u201c. Gabriel Raimundo nasceu em Tortosendo, na Covilh\u00e3, em 1945, \u00e9 um jornalista e escritor portugu\u00eas. Esteve exilado em Fran\u00e7a, regressando a Portugal ap\u00f3s a Revolu\u00e7\u00e3o dos Cravos. Integrou a redac\u00e7\u00e3o de O Di\u00e1rio e trabalhou em v\u00e1rios pa\u00edses africanos. Estreou-se como escritor com o livro de contos \u201cNa Estranja\u201d, publicado em 1980. \u00c9 autor de v\u00e1rios romances, livros de cr\u00f3nicas e livros infanto-juvenis.<\/p>\n<p style=\"text-align: justify;\">Destinat\u00e1rios: Alunos do 1\u00ba Ciclo<\/p>\n<p style=\"text-align: justify;\">\n<p style=\"text-align: justify;\"><strong>6 de junho \u2013 20:00h \u2013 <\/strong>Biblioteca Fora de Horas<strong><\/strong><\/p>\n<p style=\"text-align: justify;\">Traz a almofada e o saco-cama e vem passar a noite com os livros, na Biblioteca.<\/p>\n<p style=\"text-align: justify;\">Atividades: ca\u00e7a ao tesouro, leituras encenadas, project\u00e3o de filmes, jogos, entre outras<\/p>\n<p style=\"text-align: justify;\">Destinat\u00e1rios: Crian\u00e7as do 8 aos 12 anos<\/p>\n<p style=\"text-align: justify;\">\n<p style=\"text-align: justify;\"><strong>8 de junho \u2013 10:00h \u2013<\/strong> Teatro de fantoches \u2013 O sapo apaixonado<\/p>\n<p style=\"text-align: justify;\">Baseado no livro \u201c O sapo Apaixonado \u201c de Max Velthuiss<\/p>\n<p style=\"text-align: justify;\">O Sapo anda preocupado com a sa\u00fade: tem o cora\u00e7\u00e3o a bater depressa demais. A Lebre diz que ele deve estar apaixonado \u2014 mas por quem? O autor desta encantadora hist\u00f3ria de amor \u00e9 Max Velthuijs, artista holand\u00eas de reputa\u00e7\u00e3o internacional, cujos livros t\u00eam sido publicados no mundo inteiro. Entre os seus numerosos pr\u00e9mios contam-se o L\u00e1pis de Ouro da Holanda (duas vezes) e o American Graphic Award da Society of Ilustrators.<\/p>\n<p style=\"text-align: justify;\">Destinat\u00e1rios: Alunos do Pr\u00e9-escolar<\/p>\n<p style=\"text-align: justify;\"><strong>10 de junho &#8211; A Biblioteca faz 22 anos<\/strong><\/p>\n<p style=\"text-align: justify;\"><strong>16:00h \u2013<\/strong> Escola moderna de express\u00e3o musical \u201cAudArt\u201d<\/p>\n<p style=\"text-align: justify;\">A escola \u2013 est\u00fadio AudArt, existe desde 2008, e funciona nas instala\u00e7\u00f5es da EST Barreiro, (Escola Superior do Barreiro), na zona dos Fidalguinhos. A escola (est\u00fadio) desenvolve \u00a0projectos na \u00e1rea instrumental: piano, sintetizador, viola, acorde\u00e3o. Os alunos nesta escola t\u00eam a possibilidade de escolher uma disciplina a seu gosto. Nestas aulas, os alunos desenvolvem tamb\u00e9m formas de comportamento, tais como: aten\u00e7\u00e3o, concentra\u00e7\u00e3o, paci\u00eancia, autonomia e a comunica\u00e7\u00e3o em grupo.<\/p>\n<p style=\"text-align: justify;\"><strong>17:00h \u2013<\/strong> Vamos cantar os Parab\u00e9ns<\/p>\n<p style=\"text-align: justify;\">C\u00e2mara Municipal da Moita<\/p>\n","protected":false},"excerpt":{"rendered":"<p>A Biblioteca Municipal \u2013 P\u00f3lo do Vale da Amoreira vai estar em festa entre 1 e 10 de junho. Para comemorar os 22 anos deste equipamento ao servi\u00e7o da comunidade, a C\u00e2mara Municipal da Moita preparou um conjunto de atividades, para todas as idades, que incluem a realiza\u00e7\u00e3o do debate \u201cO Associativismo e a Luta [&hellip;]<\/p>\n","protected":false},"author":1,"featured_media":7160,"comment_status":"open","ping_status":"open","sticky":false,"template":"","format":"standard","meta":{"footnotes":""},"categories":[32,3],"tags":[37],"class_list":["post-7159","post","type-post","status-publish","format-standard","has-post-thumbnail","hentry","category-destaque","category-eventos","tag-moita","last_archivepost"],"yoast_head":"<!-- This site is optimized with the Yoast SEO plugin v27.1.1 - https:\/\/yoast.com\/product\/yoast-seo-wordpress\/ -->\n<title>Biblioteca do Vale da Amoreira em festa  - barreiroweb<\/title>\n<meta name=\"robots\" content=\"index, follow, max-snippet:-1, max-image-preview:large, max-video-preview:-1\" \/>\n<link rel=\"canonical\" href=\"https:\/\/arquivo.barreiroweb.net\/?p=7159\" \/>\n<meta property=\"og:locale\" content=\"pt_PT\" \/>\n<meta property=\"og:type\" content=\"article\" \/>\n<meta property=\"og:title\" content=\"Biblioteca do Vale da Amoreira em festa  - barreiroweb\" \/>\n<meta property=\"og:description\" content=\"A Biblioteca Municipal \u2013 P\u00f3lo do Vale da Amoreira vai estar em festa entre 1 e 10 de junho. Para comemorar os 22 anos deste equipamento ao servi\u00e7o da comunidade, a C\u00e2mara Municipal da Moita preparou um conjunto de atividades, para todas as idades, que incluem a realiza\u00e7\u00e3o do debate \u201cO Associativismo e a Luta [&hellip;]\" \/>\n<meta property=\"og:url\" content=\"https:\/\/arquivo.barreiroweb.net\/?p=7159\" \/>\n<meta property=\"og:site_name\" content=\"barreiroweb\" \/>\n<meta property=\"article:publisher\" content=\"https:\/\/www.facebook.com\/barreiroweb\" \/>\n<meta property=\"article:published_time\" content=\"2012-05-29T22:38:10+00:00\" \/>\n<meta property=\"og:image\" content=\"https:\/\/arquivo.barreiroweb.net\/wp-content\/uploads\/2012\/05\/Aniv-da-Biblioteca-do-Vale-da-Amoreira.jpg\" \/>\n\t<meta property=\"og:image:width\" content=\"314\" \/>\n\t<meta property=\"og:image:height\" content=\"209\" \/>\n\t<meta property=\"og:image:type\" content=\"image\/jpeg\" \/>\n<meta name=\"author\" content=\"barreiroweb\" \/>\n<meta name=\"twitter:card\" content=\"summary_large_image\" \/>\n<meta name=\"twitter:creator\" content=\"@barreiroweb\" \/>\n<meta name=\"twitter:site\" content=\"@barreiroweb\" \/>\n<meta name=\"twitter:label1\" content=\"Escrito por\" \/>\n\t<meta name=\"twitter:data1\" content=\"barreiroweb\" \/>\n\t<meta name=\"twitter:label2\" content=\"Tempo estimado de leitura\" \/>\n\t<meta name=\"twitter:data2\" content=\"5 minutos\" \/>\n<script type=\"application\/ld+json\" class=\"yoast-schema-graph\">{\"@context\":\"https:\/\/schema.org\",\"@graph\":[{\"@type\":\"Article\",\"@id\":\"https:\/\/arquivo.barreiroweb.net\/?p=7159#article\",\"isPartOf\":{\"@id\":\"https:\/\/arquivo.barreiroweb.net\/?p=7159\"},\"author\":{\"name\":\"barreiroweb\",\"@id\":\"https:\/\/arquivo.barreiroweb.net\/#\/schema\/person\/44b6d528aff975e3786c9f475f9df2dd\"},\"headline\":\"Biblioteca do Vale da Amoreira em festa\",\"datePublished\":\"2012-05-29T22:38:10+00:00\",\"mainEntityOfPage\":{\"@id\":\"https:\/\/arquivo.barreiroweb.net\/?p=7159\"},\"wordCount\":1047,\"commentCount\":1,\"publisher\":{\"@id\":\"https:\/\/arquivo.barreiroweb.net\/#organization\"},\"image\":{\"@id\":\"https:\/\/arquivo.barreiroweb.net\/?p=7159#primaryimage\"},\"thumbnailUrl\":\"https:\/\/arquivo.barreiroweb.net\/wp-content\/uploads\/2012\/05\/Aniv-da-Biblioteca-do-Vale-da-Amoreira.jpg\",\"keywords\":[\"moita\"],\"articleSection\":[\"Destaque\",\"Eventos\"],\"inLanguage\":\"pt-PT\",\"potentialAction\":[{\"@type\":\"CommentAction\",\"name\":\"Comment\",\"target\":[\"https:\/\/arquivo.barreiroweb.net\/?p=7159#respond\"]}]},{\"@type\":\"WebPage\",\"@id\":\"https:\/\/arquivo.barreiroweb.net\/?p=7159\",\"url\":\"https:\/\/arquivo.barreiroweb.net\/?p=7159\",\"name\":\"Biblioteca do Vale da Amoreira em festa - barreiroweb\",\"isPartOf\":{\"@id\":\"https:\/\/arquivo.barreiroweb.net\/#website\"},\"primaryImageOfPage\":{\"@id\":\"https:\/\/arquivo.barreiroweb.net\/?p=7159#primaryimage\"},\"image\":{\"@id\":\"https:\/\/arquivo.barreiroweb.net\/?p=7159#primaryimage\"},\"thumbnailUrl\":\"https:\/\/arquivo.barreiroweb.net\/wp-content\/uploads\/2012\/05\/Aniv-da-Biblioteca-do-Vale-da-Amoreira.jpg\",\"datePublished\":\"2012-05-29T22:38:10+00:00\",\"breadcrumb\":{\"@id\":\"https:\/\/arquivo.barreiroweb.net\/?p=7159#breadcrumb\"},\"inLanguage\":\"pt-PT\",\"potentialAction\":[{\"@type\":\"ReadAction\",\"target\":[\"https:\/\/arquivo.barreiroweb.net\/?p=7159\"]}]},{\"@type\":\"ImageObject\",\"inLanguage\":\"pt-PT\",\"@id\":\"https:\/\/arquivo.barreiroweb.net\/?p=7159#primaryimage\",\"url\":\"https:\/\/arquivo.barreiroweb.net\/wp-content\/uploads\/2012\/05\/Aniv-da-Biblioteca-do-Vale-da-Amoreira.jpg\",\"contentUrl\":\"https:\/\/arquivo.barreiroweb.net\/wp-content\/uploads\/2012\/05\/Aniv-da-Biblioteca-do-Vale-da-Amoreira.jpg\",\"width\":\"314\",\"height\":\"209\"},{\"@type\":\"BreadcrumbList\",\"@id\":\"https:\/\/arquivo.barreiroweb.net\/?p=7159#breadcrumb\",\"itemListElement\":[{\"@type\":\"ListItem\",\"position\":1,\"name\":\"In\u00edcio\",\"item\":\"https:\/\/arquivo.barreiroweb.net\/\"},{\"@type\":\"ListItem\",\"position\":2,\"name\":\"Biblioteca do Vale da Amoreira em festa\"}]},{\"@type\":\"WebSite\",\"@id\":\"https:\/\/arquivo.barreiroweb.net\/#website\",\"url\":\"https:\/\/arquivo.barreiroweb.net\/\",\"name\":\"barreiroweb\",\"description\":\"Barreiroweb o barreiro na web\",\"publisher\":{\"@id\":\"https:\/\/arquivo.barreiroweb.net\/#organization\"},\"potentialAction\":[{\"@type\":\"SearchAction\",\"target\":{\"@type\":\"EntryPoint\",\"urlTemplate\":\"https:\/\/arquivo.barreiroweb.net\/?s={search_term_string}\"},\"query-input\":{\"@type\":\"PropertyValueSpecification\",\"valueRequired\":true,\"valueName\":\"search_term_string\"}}],\"inLanguage\":\"pt-PT\"},{\"@type\":\"Organization\",\"@id\":\"https:\/\/arquivo.barreiroweb.net\/#organization\",\"name\":\"barreiroweb\",\"url\":\"https:\/\/arquivo.barreiroweb.net\/\",\"logo\":{\"@type\":\"ImageObject\",\"inLanguage\":\"pt-PT\",\"@id\":\"https:\/\/arquivo.barreiroweb.net\/#\/schema\/logo\/image\/\",\"url\":\"https:\/\/barreiroweb.net\/wp-content\/uploads\/2022\/05\/BarreiroWeb555.jpg\",\"contentUrl\":\"https:\/\/barreiroweb.net\/wp-content\/uploads\/2022\/05\/BarreiroWeb555.jpg\",\"width\":421,\"height\":415,\"caption\":\"barreiroweb\"},\"image\":{\"@id\":\"https:\/\/arquivo.barreiroweb.net\/#\/schema\/logo\/image\/\"},\"sameAs\":[\"https:\/\/www.facebook.com\/barreiroweb\",\"https:\/\/x.com\/barreiroweb\"]},{\"@type\":\"Person\",\"@id\":\"https:\/\/arquivo.barreiroweb.net\/#\/schema\/person\/44b6d528aff975e3786c9f475f9df2dd\",\"name\":\"barreiroweb\",\"image\":{\"@type\":\"ImageObject\",\"inLanguage\":\"pt-PT\",\"@id\":\"https:\/\/arquivo.barreiroweb.net\/#\/schema\/person\/image\/\",\"url\":\"https:\/\/secure.gravatar.com\/avatar\/1f764b917967430404ff0b452044eb63a25d64a5363b25be2aa42273930f477d?s=96&d=mm&r=g\",\"contentUrl\":\"https:\/\/secure.gravatar.com\/avatar\/1f764b917967430404ff0b452044eb63a25d64a5363b25be2aa42273930f477d?s=96&d=mm&r=g\",\"caption\":\"barreiroweb\"},\"url\":\"https:\/\/arquivo.barreiroweb.net\/?author=1\"}]}<\/script>\n<!-- \/ Yoast SEO plugin. -->","yoast_head_json":{"title":"Biblioteca do Vale da Amoreira em festa  - barreiroweb","robots":{"index":"index","follow":"follow","max-snippet":"max-snippet:-1","max-image-preview":"max-image-preview:large","max-video-preview":"max-video-preview:-1"},"canonical":"https:\/\/arquivo.barreiroweb.net\/?p=7159","og_locale":"pt_PT","og_type":"article","og_title":"Biblioteca do Vale da Amoreira em festa  - barreiroweb","og_description":"A Biblioteca Municipal \u2013 P\u00f3lo do Vale da Amoreira vai estar em festa entre 1 e 10 de junho. Para comemorar os 22 anos deste equipamento ao servi\u00e7o da comunidade, a C\u00e2mara Municipal da Moita preparou um conjunto de atividades, para todas as idades, que incluem a realiza\u00e7\u00e3o do debate \u201cO Associativismo e a Luta [&hellip;]","og_url":"https:\/\/arquivo.barreiroweb.net\/?p=7159","og_site_name":"barreiroweb","article_publisher":"https:\/\/www.facebook.com\/barreiroweb","article_published_time":"2012-05-29T22:38:10+00:00","og_image":[{"width":314,"height":209,"url":"https:\/\/arquivo.barreiroweb.net\/wp-content\/uploads\/2012\/05\/Aniv-da-Biblioteca-do-Vale-da-Amoreira.jpg","type":"image\/jpeg"}],"author":"barreiroweb","twitter_card":"summary_large_image","twitter_creator":"@barreiroweb","twitter_site":"@barreiroweb","twitter_misc":{"Escrito por":"barreiroweb","Tempo estimado de leitura":"5 minutos"},"schema":{"@context":"https:\/\/schema.org","@graph":[{"@type":"Article","@id":"https:\/\/arquivo.barreiroweb.net\/?p=7159#article","isPartOf":{"@id":"https:\/\/arquivo.barreiroweb.net\/?p=7159"},"author":{"name":"barreiroweb","@id":"https:\/\/arquivo.barreiroweb.net\/#\/schema\/person\/44b6d528aff975e3786c9f475f9df2dd"},"headline":"Biblioteca do Vale da Amoreira em festa","datePublished":"2012-05-29T22:38:10+00:00","mainEntityOfPage":{"@id":"https:\/\/arquivo.barreiroweb.net\/?p=7159"},"wordCount":1047,"commentCount":1,"publisher":{"@id":"https:\/\/arquivo.barreiroweb.net\/#organization"},"image":{"@id":"https:\/\/arquivo.barreiroweb.net\/?p=7159#primaryimage"},"thumbnailUrl":"https:\/\/arquivo.barreiroweb.net\/wp-content\/uploads\/2012\/05\/Aniv-da-Biblioteca-do-Vale-da-Amoreira.jpg","keywords":["moita"],"articleSection":["Destaque","Eventos"],"inLanguage":"pt-PT","potentialAction":[{"@type":"CommentAction","name":"Comment","target":["https:\/\/arquivo.barreiroweb.net\/?p=7159#respond"]}]},{"@type":"WebPage","@id":"https:\/\/arquivo.barreiroweb.net\/?p=7159","url":"https:\/\/arquivo.barreiroweb.net\/?p=7159","name":"Biblioteca do Vale da Amoreira em festa - barreiroweb","isPartOf":{"@id":"https:\/\/arquivo.barreiroweb.net\/#website"},"primaryImageOfPage":{"@id":"https:\/\/arquivo.barreiroweb.net\/?p=7159#primaryimage"},"image":{"@id":"https:\/\/arquivo.barreiroweb.net\/?p=7159#primaryimage"},"thumbnailUrl":"https:\/\/arquivo.barreiroweb.net\/wp-content\/uploads\/2012\/05\/Aniv-da-Biblioteca-do-Vale-da-Amoreira.jpg","datePublished":"2012-05-29T22:38:10+00:00","breadcrumb":{"@id":"https:\/\/arquivo.barreiroweb.net\/?p=7159#breadcrumb"},"inLanguage":"pt-PT","potentialAction":[{"@type":"ReadAction","target":["https:\/\/arquivo.barreiroweb.net\/?p=7159"]}]},{"@type":"ImageObject","inLanguage":"pt-PT","@id":"https:\/\/arquivo.barreiroweb.net\/?p=7159#primaryimage","url":"https:\/\/arquivo.barreiroweb.net\/wp-content\/uploads\/2012\/05\/Aniv-da-Biblioteca-do-Vale-da-Amoreira.jpg","contentUrl":"https:\/\/arquivo.barreiroweb.net\/wp-content\/uploads\/2012\/05\/Aniv-da-Biblioteca-do-Vale-da-Amoreira.jpg","width":"314","height":"209"},{"@type":"BreadcrumbList","@id":"https:\/\/arquivo.barreiroweb.net\/?p=7159#breadcrumb","itemListElement":[{"@type":"ListItem","position":1,"name":"In\u00edcio","item":"https:\/\/arquivo.barreiroweb.net\/"},{"@type":"ListItem","position":2,"name":"Biblioteca do Vale da Amoreira em festa"}]},{"@type":"WebSite","@id":"https:\/\/arquivo.barreiroweb.net\/#website","url":"https:\/\/arquivo.barreiroweb.net\/","name":"barreiroweb","description":"Barreiroweb o barreiro na web","publisher":{"@id":"https:\/\/arquivo.barreiroweb.net\/#organization"},"potentialAction":[{"@type":"SearchAction","target":{"@type":"EntryPoint","urlTemplate":"https:\/\/arquivo.barreiroweb.net\/?s={search_term_string}"},"query-input":{"@type":"PropertyValueSpecification","valueRequired":true,"valueName":"search_term_string"}}],"inLanguage":"pt-PT"},{"@type":"Organization","@id":"https:\/\/arquivo.barreiroweb.net\/#organization","name":"barreiroweb","url":"https:\/\/arquivo.barreiroweb.net\/","logo":{"@type":"ImageObject","inLanguage":"pt-PT","@id":"https:\/\/arquivo.barreiroweb.net\/#\/schema\/logo\/image\/","url":"https:\/\/barreiroweb.net\/wp-content\/uploads\/2022\/05\/BarreiroWeb555.jpg","contentUrl":"https:\/\/barreiroweb.net\/wp-content\/uploads\/2022\/05\/BarreiroWeb555.jpg","width":421,"height":415,"caption":"barreiroweb"},"image":{"@id":"https:\/\/arquivo.barreiroweb.net\/#\/schema\/logo\/image\/"},"sameAs":["https:\/\/www.facebook.com\/barreiroweb","https:\/\/x.com\/barreiroweb"]},{"@type":"Person","@id":"https:\/\/arquivo.barreiroweb.net\/#\/schema\/person\/44b6d528aff975e3786c9f475f9df2dd","name":"barreiroweb","image":{"@type":"ImageObject","inLanguage":"pt-PT","@id":"https:\/\/arquivo.barreiroweb.net\/#\/schema\/person\/image\/","url":"https:\/\/secure.gravatar.com\/avatar\/1f764b917967430404ff0b452044eb63a25d64a5363b25be2aa42273930f477d?s=96&d=mm&r=g","contentUrl":"https:\/\/secure.gravatar.com\/avatar\/1f764b917967430404ff0b452044eb63a25d64a5363b25be2aa42273930f477d?s=96&d=mm&r=g","caption":"barreiroweb"},"url":"https:\/\/arquivo.barreiroweb.net\/?author=1"}]}},"_links":{"self":[{"href":"https:\/\/arquivo.barreiroweb.net\/index.php?rest_route=\/wp\/v2\/posts\/7159","targetHints":{"allow":["GET"]}}],"collection":[{"href":"https:\/\/arquivo.barreiroweb.net\/index.php?rest_route=\/wp\/v2\/posts"}],"about":[{"href":"https:\/\/arquivo.barreiroweb.net\/index.php?rest_route=\/wp\/v2\/types\/post"}],"author":[{"embeddable":true,"href":"https:\/\/arquivo.barreiroweb.net\/index.php?rest_route=\/wp\/v2\/users\/1"}],"replies":[{"embeddable":true,"href":"https:\/\/arquivo.barreiroweb.net\/index.php?rest_route=%2Fwp%2Fv2%2Fcomments&post=7159"}],"version-history":[{"count":3,"href":"https:\/\/arquivo.barreiroweb.net\/index.php?rest_route=\/wp\/v2\/posts\/7159\/revisions"}],"predecessor-version":[{"id":7163,"href":"https:\/\/arquivo.barreiroweb.net\/index.php?rest_route=\/wp\/v2\/posts\/7159\/revisions\/7163"}],"wp:featuredmedia":[{"embeddable":true,"href":"https:\/\/arquivo.barreiroweb.net\/index.php?rest_route=\/wp\/v2\/media\/7160"}],"wp:attachment":[{"href":"https:\/\/arquivo.barreiroweb.net\/index.php?rest_route=%2Fwp%2Fv2%2Fmedia&parent=7159"}],"wp:term":[{"taxonomy":"category","embeddable":true,"href":"https:\/\/arquivo.barreiroweb.net\/index.php?rest_route=%2Fwp%2Fv2%2Fcategories&post=7159"},{"taxonomy":"post_tag","embeddable":true,"href":"https:\/\/arquivo.barreiroweb.net\/index.php?rest_route=%2Fwp%2Fv2%2Ftags&post=7159"}],"curies":[{"name":"wp","href":"https:\/\/api.w.org\/{rel}","templated":true}]}}