{"id":7102,"date":"2012-05-24T18:05:58","date_gmt":"2012-05-24T17:05:58","guid":{"rendered":"http:\/\/barreiroweb.eu\/?p=7102"},"modified":"2012-05-24T18:06:10","modified_gmt":"2012-05-24T17:06:10","slug":"projeto-oficina-saramago-barreiromoita-os-intelectuais-e-o-espetaculo-do-mundo","status":"publish","type":"post","link":"https:\/\/arquivo.barreiroweb.net\/?p=7102","title":{"rendered":"Projeto \u201c Oficina Saramago\u201d Barreiro\/Moita \u201cOs intelectuais e o espet\u00e1culo do mundo\u201d"},"content":{"rendered":"<p style=\"text-align: justify;\">28 maio | 14h30 min | audit\u00f3rio da Biblioteca Municipal do Barreiro<\/p>\n<p style=\"text-align: justify;\">A comiss\u00e3o coordenadora do Projeto Oficina Saramago, constitu\u00edda pela C\u00e2mara Municipal do Barreiro, C\u00e2mara Municipal da Moita, Cooperativa Cultural Popular Barreirense e Escola Secund\u00e1ria de Santo Andr\u00e9, tem a honra de anunciar a realiza\u00e7\u00e3o do debate \u201cOs intelectuais e o espet\u00e1culo do mundo\u201d, agendado para a pr\u00f3xima segunda-feira, 28 de maio, a partir das 14h30 min, no audit\u00f3rio da Biblioteca Municipal do Barreiro.<\/p>\n<p style=\"text-align: justify;\">Do painel de confirmados para este debate fazem parte Elvira Fortunato, Nuno Nabais, Ricardo Ara\u00fajo Pereira e Jo\u00e3o Ricardo Pedro.<\/p>\n<p style=\"text-align: justify;\">A modera\u00e7\u00e3o de \u201cOs intelectuais e o espet\u00e1culo do mundo\u201d, ficar\u00e1 a cargo dos alunos de Qu\u00edmica das turmas A e B do 12\u00ba ano da Escola Secund\u00e1ria de Casquilhos.<\/p>\n<p style=\"text-align: justify;\">Inserido nas in\u00fameras iniciativas que decorrem no Concelho, no \u00e2mbito do Projeto Oficina Saramago, este debate destina-se ao p\u00fablico em geral.<\/p>\n<p style=\"text-align: justify;\">CMB 2012-05-24<\/p>\n","protected":false},"excerpt":{"rendered":"<p>28 maio | 14h30 min | audit\u00f3rio da Biblioteca Municipal do Barreiro A comiss\u00e3o coordenadora do Projeto Oficina Saramago, constitu\u00edda pela C\u00e2mara Municipal do Barreiro, C\u00e2mara Municipal da Moita, Cooperativa Cultural Popular Barreirense e Escola Secund\u00e1ria de Santo Andr\u00e9, tem a honra de anunciar a realiza\u00e7\u00e3o do debate \u201cOs intelectuais e o espet\u00e1culo do mundo\u201d, [&hellip;]<\/p>\n","protected":false},"author":1,"featured_media":7103,"comment_status":"open","ping_status":"open","sticky":false,"template":"","format":"standard","meta":{"footnotes":""},"categories":[32,3],"tags":[41],"class_list":["post-7102","post","type-post","status-publish","format-standard","has-post-thumbnail","hentry","category-destaque","category-eventos","tag-barreiro","last_archivepost"],"yoast_head":"<!-- This site is optimized with the Yoast SEO plugin v27.1.1 - https:\/\/yoast.com\/product\/yoast-seo-wordpress\/ -->\n<title>Projeto \u201c Oficina Saramago\u201d Barreiro\/Moita \u201cOs intelectuais e o espet\u00e1culo do mundo\u201d - barreiroweb<\/title>\n<meta name=\"robots\" content=\"index, follow, max-snippet:-1, max-image-preview:large, max-video-preview:-1\" \/>\n<link rel=\"canonical\" href=\"https:\/\/arquivo.barreiroweb.net\/?p=7102\" \/>\n<meta property=\"og:locale\" content=\"pt_PT\" \/>\n<meta property=\"og:type\" content=\"article\" \/>\n<meta property=\"og:title\" content=\"Projeto \u201c Oficina Saramago\u201d Barreiro\/Moita \u201cOs intelectuais e o espet\u00e1culo do mundo\u201d - barreiroweb\" \/>\n<meta property=\"og:description\" content=\"28 maio | 14h30 min | audit\u00f3rio da Biblioteca Municipal do Barreiro A comiss\u00e3o coordenadora do Projeto Oficina Saramago, constitu\u00edda pela C\u00e2mara Municipal do Barreiro, C\u00e2mara Municipal da Moita, Cooperativa Cultural Popular Barreirense e Escola Secund\u00e1ria de Santo Andr\u00e9, tem a honra de anunciar a realiza\u00e7\u00e3o do debate \u201cOs intelectuais e o espet\u00e1culo do mundo\u201d, [&hellip;]\" \/>\n<meta property=\"og:url\" content=\"https:\/\/arquivo.barreiroweb.net\/?p=7102\" \/>\n<meta property=\"og:site_name\" content=\"barreiroweb\" \/>\n<meta property=\"article:publisher\" content=\"https:\/\/www.facebook.com\/barreiroweb\" \/>\n<meta property=\"article:published_time\" content=\"2012-05-24T17:05:58+00:00\" \/>\n<meta property=\"article:modified_time\" content=\"2012-05-24T17:06:10+00:00\" \/>\n<meta property=\"og:image\" content=\"https:\/\/arquivo.barreiroweb.net\/wp-content\/uploads\/2012\/05\/saramago.jpg\" \/>\n\t<meta property=\"og:image:width\" content=\"800\" \/>\n\t<meta property=\"og:image:height\" content=\"600\" \/>\n\t<meta property=\"og:image:type\" content=\"image\/jpeg\" \/>\n<meta name=\"author\" content=\"barreiroweb\" \/>\n<meta name=\"twitter:card\" content=\"summary_large_image\" \/>\n<meta name=\"twitter:creator\" content=\"@barreiroweb\" \/>\n<meta name=\"twitter:site\" content=\"@barreiroweb\" \/>\n<meta name=\"twitter:label1\" content=\"Escrito por\" \/>\n\t<meta name=\"twitter:data1\" content=\"barreiroweb\" \/>\n\t<meta name=\"twitter:label2\" content=\"Tempo estimado de leitura\" \/>\n\t<meta name=\"twitter:data2\" content=\"1 minuto\" \/>\n<script type=\"application\/ld+json\" class=\"yoast-schema-graph\">{\"@context\":\"https:\/\/schema.org\",\"@graph\":[{\"@type\":\"Article\",\"@id\":\"https:\/\/arquivo.barreiroweb.net\/?p=7102#article\",\"isPartOf\":{\"@id\":\"https:\/\/arquivo.barreiroweb.net\/?p=7102\"},\"author\":{\"name\":\"barreiroweb\",\"@id\":\"https:\/\/arquivo.barreiroweb.net\/#\/schema\/person\/44b6d528aff975e3786c9f475f9df2dd\"},\"headline\":\"Projeto \u201c Oficina Saramago\u201d Barreiro\/Moita \u201cOs intelectuais e o espet\u00e1culo do mundo\u201d\",\"datePublished\":\"2012-05-24T17:05:58+00:00\",\"dateModified\":\"2012-05-24T17:06:10+00:00\",\"mainEntityOfPage\":{\"@id\":\"https:\/\/arquivo.barreiroweb.net\/?p=7102\"},\"wordCount\":175,\"commentCount\":0,\"publisher\":{\"@id\":\"https:\/\/arquivo.barreiroweb.net\/#organization\"},\"image\":{\"@id\":\"https:\/\/arquivo.barreiroweb.net\/?p=7102#primaryimage\"},\"thumbnailUrl\":\"https:\/\/arquivo.barreiroweb.net\/wp-content\/uploads\/2012\/05\/saramago.jpg\",\"keywords\":[\"barreiro\"],\"articleSection\":[\"Destaque\",\"Eventos\"],\"inLanguage\":\"pt-PT\",\"potentialAction\":[{\"@type\":\"CommentAction\",\"name\":\"Comment\",\"target\":[\"https:\/\/arquivo.barreiroweb.net\/?p=7102#respond\"]}]},{\"@type\":\"WebPage\",\"@id\":\"https:\/\/arquivo.barreiroweb.net\/?p=7102\",\"url\":\"https:\/\/arquivo.barreiroweb.net\/?p=7102\",\"name\":\"Projeto \u201c Oficina Saramago\u201d Barreiro\/Moita \u201cOs intelectuais e o espet\u00e1culo do mundo\u201d - barreiroweb\",\"isPartOf\":{\"@id\":\"https:\/\/arquivo.barreiroweb.net\/#website\"},\"primaryImageOfPage\":{\"@id\":\"https:\/\/arquivo.barreiroweb.net\/?p=7102#primaryimage\"},\"image\":{\"@id\":\"https:\/\/arquivo.barreiroweb.net\/?p=7102#primaryimage\"},\"thumbnailUrl\":\"https:\/\/arquivo.barreiroweb.net\/wp-content\/uploads\/2012\/05\/saramago.jpg\",\"datePublished\":\"2012-05-24T17:05:58+00:00\",\"dateModified\":\"2012-05-24T17:06:10+00:00\",\"breadcrumb\":{\"@id\":\"https:\/\/arquivo.barreiroweb.net\/?p=7102#breadcrumb\"},\"inLanguage\":\"pt-PT\",\"potentialAction\":[{\"@type\":\"ReadAction\",\"target\":[\"https:\/\/arquivo.barreiroweb.net\/?p=7102\"]}]},{\"@type\":\"ImageObject\",\"inLanguage\":\"pt-PT\",\"@id\":\"https:\/\/arquivo.barreiroweb.net\/?p=7102#primaryimage\",\"url\":\"https:\/\/arquivo.barreiroweb.net\/wp-content\/uploads\/2012\/05\/saramago.jpg\",\"contentUrl\":\"https:\/\/arquivo.barreiroweb.net\/wp-content\/uploads\/2012\/05\/saramago.jpg\",\"width\":\"800\",\"height\":\"600\"},{\"@type\":\"BreadcrumbList\",\"@id\":\"https:\/\/arquivo.barreiroweb.net\/?p=7102#breadcrumb\",\"itemListElement\":[{\"@type\":\"ListItem\",\"position\":1,\"name\":\"In\u00edcio\",\"item\":\"https:\/\/arquivo.barreiroweb.net\/\"},{\"@type\":\"ListItem\",\"position\":2,\"name\":\"Projeto \u201c Oficina Saramago\u201d Barreiro\/Moita \u201cOs intelectuais e o espet\u00e1culo do mundo\u201d\"}]},{\"@type\":\"WebSite\",\"@id\":\"https:\/\/arquivo.barreiroweb.net\/#website\",\"url\":\"https:\/\/arquivo.barreiroweb.net\/\",\"name\":\"barreiroweb\",\"description\":\"Barreiroweb o barreiro na web\",\"publisher\":{\"@id\":\"https:\/\/arquivo.barreiroweb.net\/#organization\"},\"potentialAction\":[{\"@type\":\"SearchAction\",\"target\":{\"@type\":\"EntryPoint\",\"urlTemplate\":\"https:\/\/arquivo.barreiroweb.net\/?s={search_term_string}\"},\"query-input\":{\"@type\":\"PropertyValueSpecification\",\"valueRequired\":true,\"valueName\":\"search_term_string\"}}],\"inLanguage\":\"pt-PT\"},{\"@type\":\"Organization\",\"@id\":\"https:\/\/arquivo.barreiroweb.net\/#organization\",\"name\":\"barreiroweb\",\"url\":\"https:\/\/arquivo.barreiroweb.net\/\",\"logo\":{\"@type\":\"ImageObject\",\"inLanguage\":\"pt-PT\",\"@id\":\"https:\/\/arquivo.barreiroweb.net\/#\/schema\/logo\/image\/\",\"url\":\"https:\/\/barreiroweb.net\/wp-content\/uploads\/2022\/05\/BarreiroWeb555.jpg\",\"contentUrl\":\"https:\/\/barreiroweb.net\/wp-content\/uploads\/2022\/05\/BarreiroWeb555.jpg\",\"width\":421,\"height\":415,\"caption\":\"barreiroweb\"},\"image\":{\"@id\":\"https:\/\/arquivo.barreiroweb.net\/#\/schema\/logo\/image\/\"},\"sameAs\":[\"https:\/\/www.facebook.com\/barreiroweb\",\"https:\/\/x.com\/barreiroweb\"]},{\"@type\":\"Person\",\"@id\":\"https:\/\/arquivo.barreiroweb.net\/#\/schema\/person\/44b6d528aff975e3786c9f475f9df2dd\",\"name\":\"barreiroweb\",\"image\":{\"@type\":\"ImageObject\",\"inLanguage\":\"pt-PT\",\"@id\":\"https:\/\/arquivo.barreiroweb.net\/#\/schema\/person\/image\/\",\"url\":\"https:\/\/secure.gravatar.com\/avatar\/1f764b917967430404ff0b452044eb63a25d64a5363b25be2aa42273930f477d?s=96&d=mm&r=g\",\"contentUrl\":\"https:\/\/secure.gravatar.com\/avatar\/1f764b917967430404ff0b452044eb63a25d64a5363b25be2aa42273930f477d?s=96&d=mm&r=g\",\"caption\":\"barreiroweb\"},\"url\":\"https:\/\/arquivo.barreiroweb.net\/?author=1\"}]}<\/script>\n<!-- \/ Yoast SEO plugin. -->","yoast_head_json":{"title":"Projeto \u201c Oficina Saramago\u201d Barreiro\/Moita \u201cOs intelectuais e o espet\u00e1culo do mundo\u201d - barreiroweb","robots":{"index":"index","follow":"follow","max-snippet":"max-snippet:-1","max-image-preview":"max-image-preview:large","max-video-preview":"max-video-preview:-1"},"canonical":"https:\/\/arquivo.barreiroweb.net\/?p=7102","og_locale":"pt_PT","og_type":"article","og_title":"Projeto \u201c Oficina Saramago\u201d Barreiro\/Moita \u201cOs intelectuais e o espet\u00e1culo do mundo\u201d - barreiroweb","og_description":"28 maio | 14h30 min | audit\u00f3rio da Biblioteca Municipal do Barreiro A comiss\u00e3o coordenadora do Projeto Oficina Saramago, constitu\u00edda pela C\u00e2mara Municipal do Barreiro, C\u00e2mara Municipal da Moita, Cooperativa Cultural Popular Barreirense e Escola Secund\u00e1ria de Santo Andr\u00e9, tem a honra de anunciar a realiza\u00e7\u00e3o do debate \u201cOs intelectuais e o espet\u00e1culo do mundo\u201d, [&hellip;]","og_url":"https:\/\/arquivo.barreiroweb.net\/?p=7102","og_site_name":"barreiroweb","article_publisher":"https:\/\/www.facebook.com\/barreiroweb","article_published_time":"2012-05-24T17:05:58+00:00","article_modified_time":"2012-05-24T17:06:10+00:00","og_image":[{"width":800,"height":600,"url":"https:\/\/arquivo.barreiroweb.net\/wp-content\/uploads\/2012\/05\/saramago.jpg","type":"image\/jpeg"}],"author":"barreiroweb","twitter_card":"summary_large_image","twitter_creator":"@barreiroweb","twitter_site":"@barreiroweb","twitter_misc":{"Escrito por":"barreiroweb","Tempo estimado de leitura":"1 minuto"},"schema":{"@context":"https:\/\/schema.org","@graph":[{"@type":"Article","@id":"https:\/\/arquivo.barreiroweb.net\/?p=7102#article","isPartOf":{"@id":"https:\/\/arquivo.barreiroweb.net\/?p=7102"},"author":{"name":"barreiroweb","@id":"https:\/\/arquivo.barreiroweb.net\/#\/schema\/person\/44b6d528aff975e3786c9f475f9df2dd"},"headline":"Projeto \u201c Oficina Saramago\u201d Barreiro\/Moita \u201cOs intelectuais e o espet\u00e1culo do mundo\u201d","datePublished":"2012-05-24T17:05:58+00:00","dateModified":"2012-05-24T17:06:10+00:00","mainEntityOfPage":{"@id":"https:\/\/arquivo.barreiroweb.net\/?p=7102"},"wordCount":175,"commentCount":0,"publisher":{"@id":"https:\/\/arquivo.barreiroweb.net\/#organization"},"image":{"@id":"https:\/\/arquivo.barreiroweb.net\/?p=7102#primaryimage"},"thumbnailUrl":"https:\/\/arquivo.barreiroweb.net\/wp-content\/uploads\/2012\/05\/saramago.jpg","keywords":["barreiro"],"articleSection":["Destaque","Eventos"],"inLanguage":"pt-PT","potentialAction":[{"@type":"CommentAction","name":"Comment","target":["https:\/\/arquivo.barreiroweb.net\/?p=7102#respond"]}]},{"@type":"WebPage","@id":"https:\/\/arquivo.barreiroweb.net\/?p=7102","url":"https:\/\/arquivo.barreiroweb.net\/?p=7102","name":"Projeto \u201c Oficina Saramago\u201d Barreiro\/Moita \u201cOs intelectuais e o espet\u00e1culo do mundo\u201d - barreiroweb","isPartOf":{"@id":"https:\/\/arquivo.barreiroweb.net\/#website"},"primaryImageOfPage":{"@id":"https:\/\/arquivo.barreiroweb.net\/?p=7102#primaryimage"},"image":{"@id":"https:\/\/arquivo.barreiroweb.net\/?p=7102#primaryimage"},"thumbnailUrl":"https:\/\/arquivo.barreiroweb.net\/wp-content\/uploads\/2012\/05\/saramago.jpg","datePublished":"2012-05-24T17:05:58+00:00","dateModified":"2012-05-24T17:06:10+00:00","breadcrumb":{"@id":"https:\/\/arquivo.barreiroweb.net\/?p=7102#breadcrumb"},"inLanguage":"pt-PT","potentialAction":[{"@type":"ReadAction","target":["https:\/\/arquivo.barreiroweb.net\/?p=7102"]}]},{"@type":"ImageObject","inLanguage":"pt-PT","@id":"https:\/\/arquivo.barreiroweb.net\/?p=7102#primaryimage","url":"https:\/\/arquivo.barreiroweb.net\/wp-content\/uploads\/2012\/05\/saramago.jpg","contentUrl":"https:\/\/arquivo.barreiroweb.net\/wp-content\/uploads\/2012\/05\/saramago.jpg","width":"800","height":"600"},{"@type":"BreadcrumbList","@id":"https:\/\/arquivo.barreiroweb.net\/?p=7102#breadcrumb","itemListElement":[{"@type":"ListItem","position":1,"name":"In\u00edcio","item":"https:\/\/arquivo.barreiroweb.net\/"},{"@type":"ListItem","position":2,"name":"Projeto \u201c Oficina Saramago\u201d Barreiro\/Moita \u201cOs intelectuais e o espet\u00e1culo do mundo\u201d"}]},{"@type":"WebSite","@id":"https:\/\/arquivo.barreiroweb.net\/#website","url":"https:\/\/arquivo.barreiroweb.net\/","name":"barreiroweb","description":"Barreiroweb o barreiro na web","publisher":{"@id":"https:\/\/arquivo.barreiroweb.net\/#organization"},"potentialAction":[{"@type":"SearchAction","target":{"@type":"EntryPoint","urlTemplate":"https:\/\/arquivo.barreiroweb.net\/?s={search_term_string}"},"query-input":{"@type":"PropertyValueSpecification","valueRequired":true,"valueName":"search_term_string"}}],"inLanguage":"pt-PT"},{"@type":"Organization","@id":"https:\/\/arquivo.barreiroweb.net\/#organization","name":"barreiroweb","url":"https:\/\/arquivo.barreiroweb.net\/","logo":{"@type":"ImageObject","inLanguage":"pt-PT","@id":"https:\/\/arquivo.barreiroweb.net\/#\/schema\/logo\/image\/","url":"https:\/\/barreiroweb.net\/wp-content\/uploads\/2022\/05\/BarreiroWeb555.jpg","contentUrl":"https:\/\/barreiroweb.net\/wp-content\/uploads\/2022\/05\/BarreiroWeb555.jpg","width":421,"height":415,"caption":"barreiroweb"},"image":{"@id":"https:\/\/arquivo.barreiroweb.net\/#\/schema\/logo\/image\/"},"sameAs":["https:\/\/www.facebook.com\/barreiroweb","https:\/\/x.com\/barreiroweb"]},{"@type":"Person","@id":"https:\/\/arquivo.barreiroweb.net\/#\/schema\/person\/44b6d528aff975e3786c9f475f9df2dd","name":"barreiroweb","image":{"@type":"ImageObject","inLanguage":"pt-PT","@id":"https:\/\/arquivo.barreiroweb.net\/#\/schema\/person\/image\/","url":"https:\/\/secure.gravatar.com\/avatar\/1f764b917967430404ff0b452044eb63a25d64a5363b25be2aa42273930f477d?s=96&d=mm&r=g","contentUrl":"https:\/\/secure.gravatar.com\/avatar\/1f764b917967430404ff0b452044eb63a25d64a5363b25be2aa42273930f477d?s=96&d=mm&r=g","caption":"barreiroweb"},"url":"https:\/\/arquivo.barreiroweb.net\/?author=1"}]}},"_links":{"self":[{"href":"https:\/\/arquivo.barreiroweb.net\/index.php?rest_route=\/wp\/v2\/posts\/7102","targetHints":{"allow":["GET"]}}],"collection":[{"href":"https:\/\/arquivo.barreiroweb.net\/index.php?rest_route=\/wp\/v2\/posts"}],"about":[{"href":"https:\/\/arquivo.barreiroweb.net\/index.php?rest_route=\/wp\/v2\/types\/post"}],"author":[{"embeddable":true,"href":"https:\/\/arquivo.barreiroweb.net\/index.php?rest_route=\/wp\/v2\/users\/1"}],"replies":[{"embeddable":true,"href":"https:\/\/arquivo.barreiroweb.net\/index.php?rest_route=%2Fwp%2Fv2%2Fcomments&post=7102"}],"version-history":[{"count":3,"href":"https:\/\/arquivo.barreiroweb.net\/index.php?rest_route=\/wp\/v2\/posts\/7102\/revisions"}],"predecessor-version":[{"id":7108,"href":"https:\/\/arquivo.barreiroweb.net\/index.php?rest_route=\/wp\/v2\/posts\/7102\/revisions\/7108"}],"wp:featuredmedia":[{"embeddable":true,"href":"https:\/\/arquivo.barreiroweb.net\/index.php?rest_route=\/wp\/v2\/media\/7103"}],"wp:attachment":[{"href":"https:\/\/arquivo.barreiroweb.net\/index.php?rest_route=%2Fwp%2Fv2%2Fmedia&parent=7102"}],"wp:term":[{"taxonomy":"category","embeddable":true,"href":"https:\/\/arquivo.barreiroweb.net\/index.php?rest_route=%2Fwp%2Fv2%2Fcategories&post=7102"},{"taxonomy":"post_tag","embeddable":true,"href":"https:\/\/arquivo.barreiroweb.net\/index.php?rest_route=%2Fwp%2Fv2%2Ftags&post=7102"}],"curies":[{"name":"wp","href":"https:\/\/api.w.org\/{rel}","templated":true}]}}