{"id":7081,"date":"2012-05-23T18:24:39","date_gmt":"2012-05-23T17:24:39","guid":{"rendered":"http:\/\/barreiroweb.eu\/?p=7081"},"modified":"2012-05-23T18:24:39","modified_gmt":"2012-05-23T17:24:39","slug":"conferencia-na-biblioteca-da-moita-os-toiros-na-literatura-pela-escritora-maria-alzira-seixo","status":"publish","type":"post","link":"https:\/\/arquivo.barreiroweb.net\/?p=7081","title":{"rendered":"Confer\u00eancia na biblioteca da Moita \u201cOs Toiros na Literatura\u201d pela escritora Maria Alzira Seixo"},"content":{"rendered":"<p style=\"text-align: justify;\"><a href=\"http:\/\/barreiroweb.eu\/?attachment_id=7082\" rel=\"attachment wp-att-7082\"><img loading=\"lazy\" decoding=\"async\" class=\"alignleft size-thumbnail wp-image-7082\" title=\"Maria Alzira Seixo\" src=\"http:\/\/barreiroweb.eu\/wp-content\/uploads\/2012\/05\/Maria-Alzira-Seixo-150x150.jpg\" alt=\"\" width=\"150\" height=\"150\" srcset=\"https:\/\/arquivo.barreiroweb.net\/wp-content\/uploads\/2012\/05\/Maria-Alzira-Seixo-150x150.jpg 150w, https:\/\/arquivo.barreiroweb.net\/wp-content\/uploads\/2012\/05\/Maria-Alzira-Seixo-50x50.jpg 50w, https:\/\/arquivo.barreiroweb.net\/wp-content\/uploads\/2012\/05\/Maria-Alzira-Seixo-70x70.jpg 70w, https:\/\/arquivo.barreiroweb.net\/wp-content\/uploads\/2012\/05\/Maria-Alzira-Seixo-55x55.jpg 55w\" sizes=\"auto, (max-width: 150px) 100vw, 150px\" \/><\/a>\u201cOs Toiros na Literatura\u201d \u00e9 o tema da confer\u00eancia que a C\u00e2mara Municipal da Moita vai realizar, no dia 26 de maio, pelas 15:00h, na Biblioteca Municipal Bento de Jesus Cara\u00e7a, na Moita, com a escritora Maria Alzira Seixo.<\/p>\n<p style=\"text-align: justify;\">Nesta confer\u00eancia, que se insere tamb\u00e9m no programa da tradicional Feira de Maio, Maria Alzira Seixo ir\u00e1 falar sobre romancistas e poetas que se ocupam, nas suas obras, do touro bravo e da \u201caficion\u201d em geral, centrando-se no romance de Vitorino Nem\u00e9sio, \u201cMau Tempo no Canal\u201d, no conto \u201cMiura\u201d, de Miguel Torga, no romance \u201cBarranco de Cegos\u201d, de Alves Redol, e no romance de Ant\u00f3nio Lobo Antunes \u201cConhecimento do Inferno\u201d. A escritora ir\u00e1 referir tamb\u00e9m escritores do s\u00e9c. XIX, como E\u00e7a de Queir\u00f3s e Abel Botelho, e poetas de l\u00edngua portuguesa, como o portugu\u00eas Manuel Alegre e o brasileiro Jo\u00e3o Cabral de Melo Neto. O americano Hemingway, o franc\u00eas Michel Leiris e o sul-africano John Coetzee s\u00e3o tr\u00eas dos escritores estrangeiros a abordar neste encontro<\/p>\n<p style=\"text-align: justify;\">Maria Alzira Seixo explica: \u201cFarei leituras e aceitarei o di\u00e1logo com a assist\u00eancia, sobre quest\u00f5es liter\u00e1rias e\u00a0quest\u00f5es de tauromaquia. Embora n\u00e3o pretenda &#8216;converter&#8217; ningu\u00e9m\u00a0ao\u00a0gosto pelo toureio, pois respeito a sensibilidade de cada um, empenhar-me-ei, se for caso disso, em debater o pr\u00f3prio espet\u00e1culo da arte de tourear\u201d.<\/p>\n<p style=\"text-align: justify;\">C\u00e2mara Municipal da Moita<\/p>\n","protected":false},"excerpt":{"rendered":"<p>\u201cOs Toiros na Literatura\u201d \u00e9 o tema da confer\u00eancia que a C\u00e2mara Municipal da Moita vai realizar, no dia 26 de maio, pelas 15:00h, na Biblioteca Municipal Bento de Jesus Cara\u00e7a, na Moita, com a escritora Maria Alzira Seixo. Nesta confer\u00eancia, que se insere tamb\u00e9m no programa da tradicional Feira de Maio, Maria Alzira Seixo [&hellip;]<\/p>\n","protected":false},"author":1,"featured_media":7082,"comment_status":"open","ping_status":"open","sticky":false,"template":"","format":"standard","meta":{"footnotes":""},"categories":[32,159],"tags":[37],"class_list":["post-7081","post","type-post","status-publish","format-standard","has-post-thumbnail","hentry","category-destaque","category-livros","tag-moita","last_archivepost"],"yoast_head":"<!-- This site is optimized with the Yoast SEO plugin v27.1.1 - https:\/\/yoast.com\/product\/yoast-seo-wordpress\/ -->\n<title>Confer\u00eancia na biblioteca da Moita \u201cOs Toiros na Literatura\u201d pela escritora Maria Alzira Seixo - barreiroweb<\/title>\n<meta name=\"robots\" content=\"index, follow, max-snippet:-1, max-image-preview:large, max-video-preview:-1\" \/>\n<link rel=\"canonical\" href=\"https:\/\/arquivo.barreiroweb.net\/?p=7081\" \/>\n<meta property=\"og:locale\" content=\"pt_PT\" \/>\n<meta property=\"og:type\" content=\"article\" \/>\n<meta property=\"og:title\" content=\"Confer\u00eancia na biblioteca da Moita \u201cOs Toiros na Literatura\u201d pela escritora Maria Alzira Seixo - barreiroweb\" \/>\n<meta property=\"og:description\" content=\"\u201cOs Toiros na Literatura\u201d \u00e9 o tema da confer\u00eancia que a C\u00e2mara Municipal da Moita vai realizar, no dia 26 de maio, pelas 15:00h, na Biblioteca Municipal Bento de Jesus Cara\u00e7a, na Moita, com a escritora Maria Alzira Seixo. Nesta confer\u00eancia, que se insere tamb\u00e9m no programa da tradicional Feira de Maio, Maria Alzira Seixo [&hellip;]\" \/>\n<meta property=\"og:url\" content=\"https:\/\/arquivo.barreiroweb.net\/?p=7081\" \/>\n<meta property=\"og:site_name\" content=\"barreiroweb\" \/>\n<meta property=\"article:publisher\" content=\"https:\/\/www.facebook.com\/barreiroweb\" \/>\n<meta property=\"article:published_time\" content=\"2012-05-23T17:24:39+00:00\" \/>\n<meta property=\"og:image\" content=\"https:\/\/arquivo.barreiroweb.net\/wp-content\/uploads\/2012\/05\/Maria-Alzira-Seixo.jpg\" \/>\n\t<meta property=\"og:image:width\" content=\"235\" \/>\n\t<meta property=\"og:image:height\" content=\"293\" \/>\n\t<meta property=\"og:image:type\" content=\"image\/jpeg\" \/>\n<meta name=\"author\" content=\"barreiroweb\" \/>\n<meta name=\"twitter:card\" content=\"summary_large_image\" \/>\n<meta name=\"twitter:creator\" content=\"@barreiroweb\" \/>\n<meta name=\"twitter:site\" content=\"@barreiroweb\" \/>\n<meta name=\"twitter:label1\" content=\"Escrito por\" \/>\n\t<meta name=\"twitter:data1\" content=\"barreiroweb\" \/>\n\t<meta name=\"twitter:label2\" content=\"Tempo estimado de leitura\" \/>\n\t<meta name=\"twitter:data2\" content=\"1 minuto\" \/>\n<script type=\"application\/ld+json\" class=\"yoast-schema-graph\">{\"@context\":\"https:\/\/schema.org\",\"@graph\":[{\"@type\":\"Article\",\"@id\":\"https:\/\/arquivo.barreiroweb.net\/?p=7081#article\",\"isPartOf\":{\"@id\":\"https:\/\/arquivo.barreiroweb.net\/?p=7081\"},\"author\":{\"name\":\"barreiroweb\",\"@id\":\"https:\/\/arquivo.barreiroweb.net\/#\/schema\/person\/44b6d528aff975e3786c9f475f9df2dd\"},\"headline\":\"Confer\u00eancia na biblioteca da Moita \u201cOs Toiros na Literatura\u201d pela escritora Maria Alzira Seixo\",\"datePublished\":\"2012-05-23T17:24:39+00:00\",\"mainEntityOfPage\":{\"@id\":\"https:\/\/arquivo.barreiroweb.net\/?p=7081\"},\"wordCount\":258,\"commentCount\":0,\"publisher\":{\"@id\":\"https:\/\/arquivo.barreiroweb.net\/#organization\"},\"image\":{\"@id\":\"https:\/\/arquivo.barreiroweb.net\/?p=7081#primaryimage\"},\"thumbnailUrl\":\"https:\/\/arquivo.barreiroweb.net\/wp-content\/uploads\/2012\/05\/Maria-Alzira-Seixo.jpg\",\"keywords\":[\"moita\"],\"articleSection\":[\"Destaque\",\"Livros\"],\"inLanguage\":\"pt-PT\",\"potentialAction\":[{\"@type\":\"CommentAction\",\"name\":\"Comment\",\"target\":[\"https:\/\/arquivo.barreiroweb.net\/?p=7081#respond\"]}]},{\"@type\":\"WebPage\",\"@id\":\"https:\/\/arquivo.barreiroweb.net\/?p=7081\",\"url\":\"https:\/\/arquivo.barreiroweb.net\/?p=7081\",\"name\":\"Confer\u00eancia na biblioteca da Moita \u201cOs Toiros na Literatura\u201d pela escritora Maria Alzira Seixo - barreiroweb\",\"isPartOf\":{\"@id\":\"https:\/\/arquivo.barreiroweb.net\/#website\"},\"primaryImageOfPage\":{\"@id\":\"https:\/\/arquivo.barreiroweb.net\/?p=7081#primaryimage\"},\"image\":{\"@id\":\"https:\/\/arquivo.barreiroweb.net\/?p=7081#primaryimage\"},\"thumbnailUrl\":\"https:\/\/arquivo.barreiroweb.net\/wp-content\/uploads\/2012\/05\/Maria-Alzira-Seixo.jpg\",\"datePublished\":\"2012-05-23T17:24:39+00:00\",\"breadcrumb\":{\"@id\":\"https:\/\/arquivo.barreiroweb.net\/?p=7081#breadcrumb\"},\"inLanguage\":\"pt-PT\",\"potentialAction\":[{\"@type\":\"ReadAction\",\"target\":[\"https:\/\/arquivo.barreiroweb.net\/?p=7081\"]}]},{\"@type\":\"ImageObject\",\"inLanguage\":\"pt-PT\",\"@id\":\"https:\/\/arquivo.barreiroweb.net\/?p=7081#primaryimage\",\"url\":\"https:\/\/arquivo.barreiroweb.net\/wp-content\/uploads\/2012\/05\/Maria-Alzira-Seixo.jpg\",\"contentUrl\":\"https:\/\/arquivo.barreiroweb.net\/wp-content\/uploads\/2012\/05\/Maria-Alzira-Seixo.jpg\",\"width\":\"235\",\"height\":\"293\"},{\"@type\":\"BreadcrumbList\",\"@id\":\"https:\/\/arquivo.barreiroweb.net\/?p=7081#breadcrumb\",\"itemListElement\":[{\"@type\":\"ListItem\",\"position\":1,\"name\":\"In\u00edcio\",\"item\":\"https:\/\/arquivo.barreiroweb.net\/\"},{\"@type\":\"ListItem\",\"position\":2,\"name\":\"Confer\u00eancia na biblioteca da Moita \u201cOs Toiros na Literatura\u201d pela escritora Maria Alzira Seixo\"}]},{\"@type\":\"WebSite\",\"@id\":\"https:\/\/arquivo.barreiroweb.net\/#website\",\"url\":\"https:\/\/arquivo.barreiroweb.net\/\",\"name\":\"barreiroweb\",\"description\":\"Barreiroweb o barreiro na web\",\"publisher\":{\"@id\":\"https:\/\/arquivo.barreiroweb.net\/#organization\"},\"potentialAction\":[{\"@type\":\"SearchAction\",\"target\":{\"@type\":\"EntryPoint\",\"urlTemplate\":\"https:\/\/arquivo.barreiroweb.net\/?s={search_term_string}\"},\"query-input\":{\"@type\":\"PropertyValueSpecification\",\"valueRequired\":true,\"valueName\":\"search_term_string\"}}],\"inLanguage\":\"pt-PT\"},{\"@type\":\"Organization\",\"@id\":\"https:\/\/arquivo.barreiroweb.net\/#organization\",\"name\":\"barreiroweb\",\"url\":\"https:\/\/arquivo.barreiroweb.net\/\",\"logo\":{\"@type\":\"ImageObject\",\"inLanguage\":\"pt-PT\",\"@id\":\"https:\/\/arquivo.barreiroweb.net\/#\/schema\/logo\/image\/\",\"url\":\"https:\/\/barreiroweb.net\/wp-content\/uploads\/2022\/05\/BarreiroWeb555.jpg\",\"contentUrl\":\"https:\/\/barreiroweb.net\/wp-content\/uploads\/2022\/05\/BarreiroWeb555.jpg\",\"width\":421,\"height\":415,\"caption\":\"barreiroweb\"},\"image\":{\"@id\":\"https:\/\/arquivo.barreiroweb.net\/#\/schema\/logo\/image\/\"},\"sameAs\":[\"https:\/\/www.facebook.com\/barreiroweb\",\"https:\/\/x.com\/barreiroweb\"]},{\"@type\":\"Person\",\"@id\":\"https:\/\/arquivo.barreiroweb.net\/#\/schema\/person\/44b6d528aff975e3786c9f475f9df2dd\",\"name\":\"barreiroweb\",\"image\":{\"@type\":\"ImageObject\",\"inLanguage\":\"pt-PT\",\"@id\":\"https:\/\/arquivo.barreiroweb.net\/#\/schema\/person\/image\/\",\"url\":\"https:\/\/secure.gravatar.com\/avatar\/1f764b917967430404ff0b452044eb63a25d64a5363b25be2aa42273930f477d?s=96&d=mm&r=g\",\"contentUrl\":\"https:\/\/secure.gravatar.com\/avatar\/1f764b917967430404ff0b452044eb63a25d64a5363b25be2aa42273930f477d?s=96&d=mm&r=g\",\"caption\":\"barreiroweb\"},\"url\":\"https:\/\/arquivo.barreiroweb.net\/?author=1\"}]}<\/script>\n<!-- \/ Yoast SEO plugin. -->","yoast_head_json":{"title":"Confer\u00eancia na biblioteca da Moita \u201cOs Toiros na Literatura\u201d pela escritora Maria Alzira Seixo - barreiroweb","robots":{"index":"index","follow":"follow","max-snippet":"max-snippet:-1","max-image-preview":"max-image-preview:large","max-video-preview":"max-video-preview:-1"},"canonical":"https:\/\/arquivo.barreiroweb.net\/?p=7081","og_locale":"pt_PT","og_type":"article","og_title":"Confer\u00eancia na biblioteca da Moita \u201cOs Toiros na Literatura\u201d pela escritora Maria Alzira Seixo - barreiroweb","og_description":"\u201cOs Toiros na Literatura\u201d \u00e9 o tema da confer\u00eancia que a C\u00e2mara Municipal da Moita vai realizar, no dia 26 de maio, pelas 15:00h, na Biblioteca Municipal Bento de Jesus Cara\u00e7a, na Moita, com a escritora Maria Alzira Seixo. Nesta confer\u00eancia, que se insere tamb\u00e9m no programa da tradicional Feira de Maio, Maria Alzira Seixo [&hellip;]","og_url":"https:\/\/arquivo.barreiroweb.net\/?p=7081","og_site_name":"barreiroweb","article_publisher":"https:\/\/www.facebook.com\/barreiroweb","article_published_time":"2012-05-23T17:24:39+00:00","og_image":[{"width":235,"height":293,"url":"https:\/\/arquivo.barreiroweb.net\/wp-content\/uploads\/2012\/05\/Maria-Alzira-Seixo.jpg","type":"image\/jpeg"}],"author":"barreiroweb","twitter_card":"summary_large_image","twitter_creator":"@barreiroweb","twitter_site":"@barreiroweb","twitter_misc":{"Escrito por":"barreiroweb","Tempo estimado de leitura":"1 minuto"},"schema":{"@context":"https:\/\/schema.org","@graph":[{"@type":"Article","@id":"https:\/\/arquivo.barreiroweb.net\/?p=7081#article","isPartOf":{"@id":"https:\/\/arquivo.barreiroweb.net\/?p=7081"},"author":{"name":"barreiroweb","@id":"https:\/\/arquivo.barreiroweb.net\/#\/schema\/person\/44b6d528aff975e3786c9f475f9df2dd"},"headline":"Confer\u00eancia na biblioteca da Moita \u201cOs Toiros na Literatura\u201d pela escritora Maria Alzira Seixo","datePublished":"2012-05-23T17:24:39+00:00","mainEntityOfPage":{"@id":"https:\/\/arquivo.barreiroweb.net\/?p=7081"},"wordCount":258,"commentCount":0,"publisher":{"@id":"https:\/\/arquivo.barreiroweb.net\/#organization"},"image":{"@id":"https:\/\/arquivo.barreiroweb.net\/?p=7081#primaryimage"},"thumbnailUrl":"https:\/\/arquivo.barreiroweb.net\/wp-content\/uploads\/2012\/05\/Maria-Alzira-Seixo.jpg","keywords":["moita"],"articleSection":["Destaque","Livros"],"inLanguage":"pt-PT","potentialAction":[{"@type":"CommentAction","name":"Comment","target":["https:\/\/arquivo.barreiroweb.net\/?p=7081#respond"]}]},{"@type":"WebPage","@id":"https:\/\/arquivo.barreiroweb.net\/?p=7081","url":"https:\/\/arquivo.barreiroweb.net\/?p=7081","name":"Confer\u00eancia na biblioteca da Moita \u201cOs Toiros na Literatura\u201d pela escritora Maria Alzira Seixo - barreiroweb","isPartOf":{"@id":"https:\/\/arquivo.barreiroweb.net\/#website"},"primaryImageOfPage":{"@id":"https:\/\/arquivo.barreiroweb.net\/?p=7081#primaryimage"},"image":{"@id":"https:\/\/arquivo.barreiroweb.net\/?p=7081#primaryimage"},"thumbnailUrl":"https:\/\/arquivo.barreiroweb.net\/wp-content\/uploads\/2012\/05\/Maria-Alzira-Seixo.jpg","datePublished":"2012-05-23T17:24:39+00:00","breadcrumb":{"@id":"https:\/\/arquivo.barreiroweb.net\/?p=7081#breadcrumb"},"inLanguage":"pt-PT","potentialAction":[{"@type":"ReadAction","target":["https:\/\/arquivo.barreiroweb.net\/?p=7081"]}]},{"@type":"ImageObject","inLanguage":"pt-PT","@id":"https:\/\/arquivo.barreiroweb.net\/?p=7081#primaryimage","url":"https:\/\/arquivo.barreiroweb.net\/wp-content\/uploads\/2012\/05\/Maria-Alzira-Seixo.jpg","contentUrl":"https:\/\/arquivo.barreiroweb.net\/wp-content\/uploads\/2012\/05\/Maria-Alzira-Seixo.jpg","width":"235","height":"293"},{"@type":"BreadcrumbList","@id":"https:\/\/arquivo.barreiroweb.net\/?p=7081#breadcrumb","itemListElement":[{"@type":"ListItem","position":1,"name":"In\u00edcio","item":"https:\/\/arquivo.barreiroweb.net\/"},{"@type":"ListItem","position":2,"name":"Confer\u00eancia na biblioteca da Moita \u201cOs Toiros na Literatura\u201d pela escritora Maria Alzira Seixo"}]},{"@type":"WebSite","@id":"https:\/\/arquivo.barreiroweb.net\/#website","url":"https:\/\/arquivo.barreiroweb.net\/","name":"barreiroweb","description":"Barreiroweb o barreiro na web","publisher":{"@id":"https:\/\/arquivo.barreiroweb.net\/#organization"},"potentialAction":[{"@type":"SearchAction","target":{"@type":"EntryPoint","urlTemplate":"https:\/\/arquivo.barreiroweb.net\/?s={search_term_string}"},"query-input":{"@type":"PropertyValueSpecification","valueRequired":true,"valueName":"search_term_string"}}],"inLanguage":"pt-PT"},{"@type":"Organization","@id":"https:\/\/arquivo.barreiroweb.net\/#organization","name":"barreiroweb","url":"https:\/\/arquivo.barreiroweb.net\/","logo":{"@type":"ImageObject","inLanguage":"pt-PT","@id":"https:\/\/arquivo.barreiroweb.net\/#\/schema\/logo\/image\/","url":"https:\/\/barreiroweb.net\/wp-content\/uploads\/2022\/05\/BarreiroWeb555.jpg","contentUrl":"https:\/\/barreiroweb.net\/wp-content\/uploads\/2022\/05\/BarreiroWeb555.jpg","width":421,"height":415,"caption":"barreiroweb"},"image":{"@id":"https:\/\/arquivo.barreiroweb.net\/#\/schema\/logo\/image\/"},"sameAs":["https:\/\/www.facebook.com\/barreiroweb","https:\/\/x.com\/barreiroweb"]},{"@type":"Person","@id":"https:\/\/arquivo.barreiroweb.net\/#\/schema\/person\/44b6d528aff975e3786c9f475f9df2dd","name":"barreiroweb","image":{"@type":"ImageObject","inLanguage":"pt-PT","@id":"https:\/\/arquivo.barreiroweb.net\/#\/schema\/person\/image\/","url":"https:\/\/secure.gravatar.com\/avatar\/1f764b917967430404ff0b452044eb63a25d64a5363b25be2aa42273930f477d?s=96&d=mm&r=g","contentUrl":"https:\/\/secure.gravatar.com\/avatar\/1f764b917967430404ff0b452044eb63a25d64a5363b25be2aa42273930f477d?s=96&d=mm&r=g","caption":"barreiroweb"},"url":"https:\/\/arquivo.barreiroweb.net\/?author=1"}]}},"_links":{"self":[{"href":"https:\/\/arquivo.barreiroweb.net\/index.php?rest_route=\/wp\/v2\/posts\/7081","targetHints":{"allow":["GET"]}}],"collection":[{"href":"https:\/\/arquivo.barreiroweb.net\/index.php?rest_route=\/wp\/v2\/posts"}],"about":[{"href":"https:\/\/arquivo.barreiroweb.net\/index.php?rest_route=\/wp\/v2\/types\/post"}],"author":[{"embeddable":true,"href":"https:\/\/arquivo.barreiroweb.net\/index.php?rest_route=\/wp\/v2\/users\/1"}],"replies":[{"embeddable":true,"href":"https:\/\/arquivo.barreiroweb.net\/index.php?rest_route=%2Fwp%2Fv2%2Fcomments&post=7081"}],"version-history":[{"count":2,"href":"https:\/\/arquivo.barreiroweb.net\/index.php?rest_route=\/wp\/v2\/posts\/7081\/revisions"}],"predecessor-version":[{"id":7084,"href":"https:\/\/arquivo.barreiroweb.net\/index.php?rest_route=\/wp\/v2\/posts\/7081\/revisions\/7084"}],"wp:featuredmedia":[{"embeddable":true,"href":"https:\/\/arquivo.barreiroweb.net\/index.php?rest_route=\/wp\/v2\/media\/7082"}],"wp:attachment":[{"href":"https:\/\/arquivo.barreiroweb.net\/index.php?rest_route=%2Fwp%2Fv2%2Fmedia&parent=7081"}],"wp:term":[{"taxonomy":"category","embeddable":true,"href":"https:\/\/arquivo.barreiroweb.net\/index.php?rest_route=%2Fwp%2Fv2%2Fcategories&post=7081"},{"taxonomy":"post_tag","embeddable":true,"href":"https:\/\/arquivo.barreiroweb.net\/index.php?rest_route=%2Fwp%2Fv2%2Ftags&post=7081"}],"curies":[{"name":"wp","href":"https:\/\/api.w.org\/{rel}","templated":true}]}}