{"id":688,"date":"2011-01-25T20:56:23","date_gmt":"2011-01-25T20:56:23","guid":{"rendered":"http:\/\/barreiroweb.eu\/?p=688"},"modified":"2011-01-25T20:56:23","modified_gmt":"2011-01-25T20:56:23","slug":"projecto-educacao-para-a-saude","status":"publish","type":"post","link":"https:\/\/arquivo.barreiroweb.net\/?p=688","title":{"rendered":"Projecto Educa\u00e7\u00e3o para a Sa\u00fade"},"content":{"rendered":"<p style=\"text-align: justify;\"><strong>\u00a0<\/strong>\u00a0<\/p>\n<p><strong><a href=\"http:\/\/barreiroweb.eu\/wp-content\/uploads\/2011\/01\/morangos.png\" rel=\"lightbox[688]\"><img loading=\"lazy\" decoding=\"async\" class=\"alignleft size-thumbnail wp-image-689\" title=\"morangos\" src=\"http:\/\/barreiroweb.eu\/wp-content\/uploads\/2011\/01\/morangos-150x150.png\" alt=\"\" width=\"150\" height=\"150\" srcset=\"https:\/\/arquivo.barreiroweb.net\/wp-content\/uploads\/2011\/01\/morangos-150x150.png 150w, https:\/\/arquivo.barreiroweb.net\/wp-content\/uploads\/2011\/01\/morangos-50x50.png 50w, https:\/\/arquivo.barreiroweb.net\/wp-content\/uploads\/2011\/01\/morangos-70x70.png 70w, https:\/\/arquivo.barreiroweb.net\/wp-content\/uploads\/2011\/01\/morangos-55x55.png 55w\" sizes=\"auto, (max-width: 150px) 100vw, 150px\" \/><\/a>Iniciativas sobre \u201cObesidade em Idade Escolar\u201d e \u201cViol\u00eancia no Namoro\u201d<\/strong>\u00a0<\/p>\n<p>O Projecto de Educa\u00e7\u00e3o para a Sa\u00fade (PES) promove, em Fevereiro, a Confer\u00eancia sobre \u201cObesidade em Idade escolar\u201d, no dia 8, das 10h00 \u00e0s 13h00, no Audit\u00f3rio da Biblioteca Municipal do Barreiro, e a Palestra subordinada ao tema \u201cViol\u00eancia no Namoro\u201d, no dia 11, a partir das 19h30, no Audit\u00f3rio do Convento Madre Deus da Verderena. Estas iniciativas s\u00e3o abertas a toda a comunidade.\u00a0<\/p>\n<p>Recorde-se que participam no PES a Delega\u00e7\u00e3o de Sa\u00fade, escolas do Concelho e a C\u00e2mara Municipal do Barreiro.\u00a0<\/p>\n<p>Sendo a obesidade a principal doen\u00e7a do S\u00e9culo XXI, um grupo de alunos do 12\u00baB da Escola Secund\u00e1ria Alfredo da Silva resolveu realizar, no \u00e2mbito do projecto \u201cMorangos Sem A\u00e7\u00facar\u201d (inserido no PES), esta confer\u00eancia que conta com a participa\u00e7\u00e3o de entidades como a Adexo &#8211; Associa\u00e7\u00e3o de Doentes Obesos e Ex-obesos de Portugal e o Delegado de Sa\u00fade do Barreiro, M\u00e1rio Durval. O principal objectivo da confer\u00eancia, a 8 de Fevereiro, \u00e9 promover h\u00e1bitos saud\u00e1veis e evidenciar os principais riscos da obesidade.\u00a0<\/p>\n<p>A 11 de Fevereiro, no \u00e2mbito do \u201cDia dos Afectos das Escolas do Barreiro\u201d, a Palestra \u201cViol\u00eancia no Namoro\u201d, ter\u00e1 como participantes Elisabete Brasil, da UMAR &#8211; Uni\u00e3o de Mulheres Alternativa e Resposta, e Telmo Torrinha, da Rumo &#8211; Cooperativa de Solidariedade Social, que t\u00eam desenvolvido a sua actividade no \u00e2mbito da viol\u00eancia de g\u00e9nero, em particular a viol\u00eancia dom\u00e9stica.\u00a0<\/p>\n<p>O \u201cDia dos Afectos das Escolas do Barreiro\u201d foi decretado, este ano, por acordo entre os Directores dos Agrupamentos\/Escolas. Esta primeira comemora\u00e7\u00e3o ocorre no ano em que os afectos s\u00e3o o lema da educa\u00e7\u00e3o para a sa\u00fade na escola \u2013 Escola de Afectos, Escola de Sucesso. A abrang\u00eancia do tema leva o PES a desenvolver v\u00e1rios eventos com diversos pontos de reflex\u00e3o, tentando antecipar problemas e solu\u00e7\u00f5es.\u00a0<\/p>\n<p>Assim, no \u201cDia dos Afectos\u201d \u00e9 abordada uma quest\u00e3o que, ainda n\u00e3o sendo grave, deve ser preocupante pelo que significa em termos da defesa da cidadania, da igualdade de g\u00e9nero e do respeito entre jovens: A Viol\u00eancia no Namoro.\u00a0<\/p>\n<p>\u00a0No decorrer da palestra s\u00e3o entregues os pr\u00e9mios aos alunos vencedores do concurso do Log\u00f3tipo para o \u201cDia dos Afectos\u201d. Neste concurso participam estudantes dos diferentes agrupamentos\/escolas n\u00e3o agrupadas do Concelho do Barreiro, sendo esta mais uma iniciativa da Equipa do PES Concelhio.\u00a0<\/p>\n<p>Os log\u00f3tipos a concurso estar\u00e3o expostos no Espa\u00e7o Comercial Continente, na Verderena, de 7 a 14 de Fevereiro.\u00a0<\/p>\n<p style=\"text-align: right;\">CMB 2011-01-25<\/p>\n","protected":false},"excerpt":{"rendered":"<p>\u00a0\u00a0 Iniciativas sobre \u201cObesidade em Idade Escolar\u201d e \u201cViol\u00eancia no Namoro\u201d\u00a0 O Projecto de Educa\u00e7\u00e3o para a Sa\u00fade (PES) promove, em Fevereiro, a Confer\u00eancia sobre \u201cObesidade em Idade escolar\u201d, no dia 8, das 10h00 \u00e0s 13h00, no Audit\u00f3rio da Biblioteca Municipal do Barreiro, e a Palestra subordinada ao tema \u201cViol\u00eancia no Namoro\u201d, no dia 11, [&hellip;]<\/p>\n","protected":false},"author":1,"featured_media":689,"comment_status":"open","ping_status":"open","sticky":false,"template":"","format":"standard","meta":{"footnotes":""},"categories":[3],"tags":[],"class_list":["post-688","post","type-post","status-publish","format-standard","has-post-thumbnail","hentry","category-eventos","last_archivepost"],"yoast_head":"<!-- This site is optimized with the Yoast SEO plugin v27.1.1 - https:\/\/yoast.com\/product\/yoast-seo-wordpress\/ -->\n<title>Projecto Educa\u00e7\u00e3o para a Sa\u00fade - barreiroweb<\/title>\n<meta name=\"robots\" content=\"index, follow, max-snippet:-1, max-image-preview:large, max-video-preview:-1\" \/>\n<link rel=\"canonical\" href=\"https:\/\/arquivo.barreiroweb.net\/?p=688\" \/>\n<meta property=\"og:locale\" content=\"pt_PT\" \/>\n<meta property=\"og:type\" content=\"article\" \/>\n<meta property=\"og:title\" content=\"Projecto Educa\u00e7\u00e3o para a Sa\u00fade - barreiroweb\" \/>\n<meta property=\"og:description\" content=\"\u00a0\u00a0 Iniciativas sobre \u201cObesidade em Idade Escolar\u201d e \u201cViol\u00eancia no Namoro\u201d\u00a0 O Projecto de Educa\u00e7\u00e3o para a Sa\u00fade (PES) promove, em Fevereiro, a Confer\u00eancia sobre \u201cObesidade em Idade escolar\u201d, no dia 8, das 10h00 \u00e0s 13h00, no Audit\u00f3rio da Biblioteca Municipal do Barreiro, e a Palestra subordinada ao tema \u201cViol\u00eancia no Namoro\u201d, no dia 11, [&hellip;]\" \/>\n<meta property=\"og:url\" content=\"https:\/\/arquivo.barreiroweb.net\/?p=688\" \/>\n<meta property=\"og:site_name\" content=\"barreiroweb\" \/>\n<meta property=\"article:publisher\" content=\"https:\/\/www.facebook.com\/barreiroweb\" \/>\n<meta property=\"article:published_time\" content=\"2011-01-25T20:56:23+00:00\" \/>\n<meta property=\"og:image\" content=\"https:\/\/arquivo.barreiroweb.net\/wp-content\/uploads\/2011\/01\/morangos.png\" \/>\n\t<meta property=\"og:image:width\" content=\"314\" \/>\n\t<meta property=\"og:image:height\" content=\"235\" \/>\n\t<meta property=\"og:image:type\" content=\"image\/png\" \/>\n<meta name=\"author\" content=\"barreiroweb\" \/>\n<meta name=\"twitter:card\" content=\"summary_large_image\" \/>\n<meta name=\"twitter:creator\" content=\"@barreiroweb\" \/>\n<meta name=\"twitter:site\" content=\"@barreiroweb\" \/>\n<meta name=\"twitter:label1\" content=\"Escrito por\" \/>\n\t<meta name=\"twitter:data1\" content=\"barreiroweb\" \/>\n\t<meta name=\"twitter:label2\" content=\"Tempo estimado de leitura\" \/>\n\t<meta name=\"twitter:data2\" content=\"2 minutos\" \/>\n<script type=\"application\/ld+json\" class=\"yoast-schema-graph\">{\"@context\":\"https:\/\/schema.org\",\"@graph\":[{\"@type\":\"Article\",\"@id\":\"https:\/\/arquivo.barreiroweb.net\/?p=688#article\",\"isPartOf\":{\"@id\":\"https:\/\/arquivo.barreiroweb.net\/?p=688\"},\"author\":{\"name\":\"barreiroweb\",\"@id\":\"https:\/\/arquivo.barreiroweb.net\/#\/schema\/person\/44b6d528aff975e3786c9f475f9df2dd\"},\"headline\":\"Projecto Educa\u00e7\u00e3o para a Sa\u00fade\",\"datePublished\":\"2011-01-25T20:56:23+00:00\",\"mainEntityOfPage\":{\"@id\":\"https:\/\/arquivo.barreiroweb.net\/?p=688\"},\"wordCount\":454,\"commentCount\":0,\"publisher\":{\"@id\":\"https:\/\/arquivo.barreiroweb.net\/#organization\"},\"image\":{\"@id\":\"https:\/\/arquivo.barreiroweb.net\/?p=688#primaryimage\"},\"thumbnailUrl\":\"https:\/\/arquivo.barreiroweb.net\/wp-content\/uploads\/2011\/01\/morangos.png\",\"articleSection\":[\"Eventos\"],\"inLanguage\":\"pt-PT\",\"potentialAction\":[{\"@type\":\"CommentAction\",\"name\":\"Comment\",\"target\":[\"https:\/\/arquivo.barreiroweb.net\/?p=688#respond\"]}]},{\"@type\":\"WebPage\",\"@id\":\"https:\/\/arquivo.barreiroweb.net\/?p=688\",\"url\":\"https:\/\/arquivo.barreiroweb.net\/?p=688\",\"name\":\"Projecto Educa\u00e7\u00e3o para a Sa\u00fade - barreiroweb\",\"isPartOf\":{\"@id\":\"https:\/\/arquivo.barreiroweb.net\/#website\"},\"primaryImageOfPage\":{\"@id\":\"https:\/\/arquivo.barreiroweb.net\/?p=688#primaryimage\"},\"image\":{\"@id\":\"https:\/\/arquivo.barreiroweb.net\/?p=688#primaryimage\"},\"thumbnailUrl\":\"https:\/\/arquivo.barreiroweb.net\/wp-content\/uploads\/2011\/01\/morangos.png\",\"datePublished\":\"2011-01-25T20:56:23+00:00\",\"breadcrumb\":{\"@id\":\"https:\/\/arquivo.barreiroweb.net\/?p=688#breadcrumb\"},\"inLanguage\":\"pt-PT\",\"potentialAction\":[{\"@type\":\"ReadAction\",\"target\":[\"https:\/\/arquivo.barreiroweb.net\/?p=688\"]}]},{\"@type\":\"ImageObject\",\"inLanguage\":\"pt-PT\",\"@id\":\"https:\/\/arquivo.barreiroweb.net\/?p=688#primaryimage\",\"url\":\"https:\/\/arquivo.barreiroweb.net\/wp-content\/uploads\/2011\/01\/morangos.png\",\"contentUrl\":\"https:\/\/arquivo.barreiroweb.net\/wp-content\/uploads\/2011\/01\/morangos.png\",\"width\":\"314\",\"height\":\"235\"},{\"@type\":\"BreadcrumbList\",\"@id\":\"https:\/\/arquivo.barreiroweb.net\/?p=688#breadcrumb\",\"itemListElement\":[{\"@type\":\"ListItem\",\"position\":1,\"name\":\"In\u00edcio\",\"item\":\"https:\/\/arquivo.barreiroweb.net\/\"},{\"@type\":\"ListItem\",\"position\":2,\"name\":\"Projecto Educa\u00e7\u00e3o para a Sa\u00fade\"}]},{\"@type\":\"WebSite\",\"@id\":\"https:\/\/arquivo.barreiroweb.net\/#website\",\"url\":\"https:\/\/arquivo.barreiroweb.net\/\",\"name\":\"barreiroweb\",\"description\":\"Barreiroweb o barreiro na web\",\"publisher\":{\"@id\":\"https:\/\/arquivo.barreiroweb.net\/#organization\"},\"potentialAction\":[{\"@type\":\"SearchAction\",\"target\":{\"@type\":\"EntryPoint\",\"urlTemplate\":\"https:\/\/arquivo.barreiroweb.net\/?s={search_term_string}\"},\"query-input\":{\"@type\":\"PropertyValueSpecification\",\"valueRequired\":true,\"valueName\":\"search_term_string\"}}],\"inLanguage\":\"pt-PT\"},{\"@type\":\"Organization\",\"@id\":\"https:\/\/arquivo.barreiroweb.net\/#organization\",\"name\":\"barreiroweb\",\"url\":\"https:\/\/arquivo.barreiroweb.net\/\",\"logo\":{\"@type\":\"ImageObject\",\"inLanguage\":\"pt-PT\",\"@id\":\"https:\/\/arquivo.barreiroweb.net\/#\/schema\/logo\/image\/\",\"url\":\"https:\/\/barreiroweb.net\/wp-content\/uploads\/2022\/05\/BarreiroWeb555.jpg\",\"contentUrl\":\"https:\/\/barreiroweb.net\/wp-content\/uploads\/2022\/05\/BarreiroWeb555.jpg\",\"width\":421,\"height\":415,\"caption\":\"barreiroweb\"},\"image\":{\"@id\":\"https:\/\/arquivo.barreiroweb.net\/#\/schema\/logo\/image\/\"},\"sameAs\":[\"https:\/\/www.facebook.com\/barreiroweb\",\"https:\/\/x.com\/barreiroweb\"]},{\"@type\":\"Person\",\"@id\":\"https:\/\/arquivo.barreiroweb.net\/#\/schema\/person\/44b6d528aff975e3786c9f475f9df2dd\",\"name\":\"barreiroweb\",\"image\":{\"@type\":\"ImageObject\",\"inLanguage\":\"pt-PT\",\"@id\":\"https:\/\/arquivo.barreiroweb.net\/#\/schema\/person\/image\/\",\"url\":\"https:\/\/secure.gravatar.com\/avatar\/1f764b917967430404ff0b452044eb63a25d64a5363b25be2aa42273930f477d?s=96&d=mm&r=g\",\"contentUrl\":\"https:\/\/secure.gravatar.com\/avatar\/1f764b917967430404ff0b452044eb63a25d64a5363b25be2aa42273930f477d?s=96&d=mm&r=g\",\"caption\":\"barreiroweb\"},\"url\":\"https:\/\/arquivo.barreiroweb.net\/?author=1\"}]}<\/script>\n<!-- \/ Yoast SEO plugin. -->","yoast_head_json":{"title":"Projecto Educa\u00e7\u00e3o para a Sa\u00fade - barreiroweb","robots":{"index":"index","follow":"follow","max-snippet":"max-snippet:-1","max-image-preview":"max-image-preview:large","max-video-preview":"max-video-preview:-1"},"canonical":"https:\/\/arquivo.barreiroweb.net\/?p=688","og_locale":"pt_PT","og_type":"article","og_title":"Projecto Educa\u00e7\u00e3o para a Sa\u00fade - barreiroweb","og_description":"\u00a0\u00a0 Iniciativas sobre \u201cObesidade em Idade Escolar\u201d e \u201cViol\u00eancia no Namoro\u201d\u00a0 O Projecto de Educa\u00e7\u00e3o para a Sa\u00fade (PES) promove, em Fevereiro, a Confer\u00eancia sobre \u201cObesidade em Idade escolar\u201d, no dia 8, das 10h00 \u00e0s 13h00, no Audit\u00f3rio da Biblioteca Municipal do Barreiro, e a Palestra subordinada ao tema \u201cViol\u00eancia no Namoro\u201d, no dia 11, [&hellip;]","og_url":"https:\/\/arquivo.barreiroweb.net\/?p=688","og_site_name":"barreiroweb","article_publisher":"https:\/\/www.facebook.com\/barreiroweb","article_published_time":"2011-01-25T20:56:23+00:00","og_image":[{"width":314,"height":235,"url":"https:\/\/arquivo.barreiroweb.net\/wp-content\/uploads\/2011\/01\/morangos.png","type":"image\/png"}],"author":"barreiroweb","twitter_card":"summary_large_image","twitter_creator":"@barreiroweb","twitter_site":"@barreiroweb","twitter_misc":{"Escrito por":"barreiroweb","Tempo estimado de leitura":"2 minutos"},"schema":{"@context":"https:\/\/schema.org","@graph":[{"@type":"Article","@id":"https:\/\/arquivo.barreiroweb.net\/?p=688#article","isPartOf":{"@id":"https:\/\/arquivo.barreiroweb.net\/?p=688"},"author":{"name":"barreiroweb","@id":"https:\/\/arquivo.barreiroweb.net\/#\/schema\/person\/44b6d528aff975e3786c9f475f9df2dd"},"headline":"Projecto Educa\u00e7\u00e3o para a Sa\u00fade","datePublished":"2011-01-25T20:56:23+00:00","mainEntityOfPage":{"@id":"https:\/\/arquivo.barreiroweb.net\/?p=688"},"wordCount":454,"commentCount":0,"publisher":{"@id":"https:\/\/arquivo.barreiroweb.net\/#organization"},"image":{"@id":"https:\/\/arquivo.barreiroweb.net\/?p=688#primaryimage"},"thumbnailUrl":"https:\/\/arquivo.barreiroweb.net\/wp-content\/uploads\/2011\/01\/morangos.png","articleSection":["Eventos"],"inLanguage":"pt-PT","potentialAction":[{"@type":"CommentAction","name":"Comment","target":["https:\/\/arquivo.barreiroweb.net\/?p=688#respond"]}]},{"@type":"WebPage","@id":"https:\/\/arquivo.barreiroweb.net\/?p=688","url":"https:\/\/arquivo.barreiroweb.net\/?p=688","name":"Projecto Educa\u00e7\u00e3o para a Sa\u00fade - barreiroweb","isPartOf":{"@id":"https:\/\/arquivo.barreiroweb.net\/#website"},"primaryImageOfPage":{"@id":"https:\/\/arquivo.barreiroweb.net\/?p=688#primaryimage"},"image":{"@id":"https:\/\/arquivo.barreiroweb.net\/?p=688#primaryimage"},"thumbnailUrl":"https:\/\/arquivo.barreiroweb.net\/wp-content\/uploads\/2011\/01\/morangos.png","datePublished":"2011-01-25T20:56:23+00:00","breadcrumb":{"@id":"https:\/\/arquivo.barreiroweb.net\/?p=688#breadcrumb"},"inLanguage":"pt-PT","potentialAction":[{"@type":"ReadAction","target":["https:\/\/arquivo.barreiroweb.net\/?p=688"]}]},{"@type":"ImageObject","inLanguage":"pt-PT","@id":"https:\/\/arquivo.barreiroweb.net\/?p=688#primaryimage","url":"https:\/\/arquivo.barreiroweb.net\/wp-content\/uploads\/2011\/01\/morangos.png","contentUrl":"https:\/\/arquivo.barreiroweb.net\/wp-content\/uploads\/2011\/01\/morangos.png","width":"314","height":"235"},{"@type":"BreadcrumbList","@id":"https:\/\/arquivo.barreiroweb.net\/?p=688#breadcrumb","itemListElement":[{"@type":"ListItem","position":1,"name":"In\u00edcio","item":"https:\/\/arquivo.barreiroweb.net\/"},{"@type":"ListItem","position":2,"name":"Projecto Educa\u00e7\u00e3o para a Sa\u00fade"}]},{"@type":"WebSite","@id":"https:\/\/arquivo.barreiroweb.net\/#website","url":"https:\/\/arquivo.barreiroweb.net\/","name":"barreiroweb","description":"Barreiroweb o barreiro na web","publisher":{"@id":"https:\/\/arquivo.barreiroweb.net\/#organization"},"potentialAction":[{"@type":"SearchAction","target":{"@type":"EntryPoint","urlTemplate":"https:\/\/arquivo.barreiroweb.net\/?s={search_term_string}"},"query-input":{"@type":"PropertyValueSpecification","valueRequired":true,"valueName":"search_term_string"}}],"inLanguage":"pt-PT"},{"@type":"Organization","@id":"https:\/\/arquivo.barreiroweb.net\/#organization","name":"barreiroweb","url":"https:\/\/arquivo.barreiroweb.net\/","logo":{"@type":"ImageObject","inLanguage":"pt-PT","@id":"https:\/\/arquivo.barreiroweb.net\/#\/schema\/logo\/image\/","url":"https:\/\/barreiroweb.net\/wp-content\/uploads\/2022\/05\/BarreiroWeb555.jpg","contentUrl":"https:\/\/barreiroweb.net\/wp-content\/uploads\/2022\/05\/BarreiroWeb555.jpg","width":421,"height":415,"caption":"barreiroweb"},"image":{"@id":"https:\/\/arquivo.barreiroweb.net\/#\/schema\/logo\/image\/"},"sameAs":["https:\/\/www.facebook.com\/barreiroweb","https:\/\/x.com\/barreiroweb"]},{"@type":"Person","@id":"https:\/\/arquivo.barreiroweb.net\/#\/schema\/person\/44b6d528aff975e3786c9f475f9df2dd","name":"barreiroweb","image":{"@type":"ImageObject","inLanguage":"pt-PT","@id":"https:\/\/arquivo.barreiroweb.net\/#\/schema\/person\/image\/","url":"https:\/\/secure.gravatar.com\/avatar\/1f764b917967430404ff0b452044eb63a25d64a5363b25be2aa42273930f477d?s=96&d=mm&r=g","contentUrl":"https:\/\/secure.gravatar.com\/avatar\/1f764b917967430404ff0b452044eb63a25d64a5363b25be2aa42273930f477d?s=96&d=mm&r=g","caption":"barreiroweb"},"url":"https:\/\/arquivo.barreiroweb.net\/?author=1"}]}},"_links":{"self":[{"href":"https:\/\/arquivo.barreiroweb.net\/index.php?rest_route=\/wp\/v2\/posts\/688","targetHints":{"allow":["GET"]}}],"collection":[{"href":"https:\/\/arquivo.barreiroweb.net\/index.php?rest_route=\/wp\/v2\/posts"}],"about":[{"href":"https:\/\/arquivo.barreiroweb.net\/index.php?rest_route=\/wp\/v2\/types\/post"}],"author":[{"embeddable":true,"href":"https:\/\/arquivo.barreiroweb.net\/index.php?rest_route=\/wp\/v2\/users\/1"}],"replies":[{"embeddable":true,"href":"https:\/\/arquivo.barreiroweb.net\/index.php?rest_route=%2Fwp%2Fv2%2Fcomments&post=688"}],"version-history":[{"count":2,"href":"https:\/\/arquivo.barreiroweb.net\/index.php?rest_route=\/wp\/v2\/posts\/688\/revisions"}],"predecessor-version":[{"id":691,"href":"https:\/\/arquivo.barreiroweb.net\/index.php?rest_route=\/wp\/v2\/posts\/688\/revisions\/691"}],"wp:featuredmedia":[{"embeddable":true,"href":"https:\/\/arquivo.barreiroweb.net\/index.php?rest_route=\/wp\/v2\/media\/689"}],"wp:attachment":[{"href":"https:\/\/arquivo.barreiroweb.net\/index.php?rest_route=%2Fwp%2Fv2%2Fmedia&parent=688"}],"wp:term":[{"taxonomy":"category","embeddable":true,"href":"https:\/\/arquivo.barreiroweb.net\/index.php?rest_route=%2Fwp%2Fv2%2Fcategories&post=688"},{"taxonomy":"post_tag","embeddable":true,"href":"https:\/\/arquivo.barreiroweb.net\/index.php?rest_route=%2Fwp%2Fv2%2Ftags&post=688"}],"curies":[{"name":"wp","href":"https:\/\/api.w.org\/{rel}","templated":true}]}}