{"id":6666,"date":"2012-04-18T01:58:58","date_gmt":"2012-04-18T00:58:58","guid":{"rendered":"http:\/\/barreiroweb.eu\/?p=6666"},"modified":"2012-04-18T01:59:09","modified_gmt":"2012-04-18T00:59:09","slug":"comemoracoes-do-38o-aniversario-do-25-de-abril-em-palmela-cristina-branco-recorda-zeca-afonso-em-espetaculo-central","status":"publish","type":"post","link":"https:\/\/arquivo.barreiroweb.net\/?p=6666","title":{"rendered":"Comemora\u00e7\u00f5es do 38\u00ba Anivers\u00e1rio do 25 de abril em Palmela: Cristina Branco recorda Zeca Afonso em espet\u00e1culo central"},"content":{"rendered":"<p style=\"text-align: justify;\"><a href=\"http:\/\/barreiroweb.eu\/?attachment_id=6667\" rel=\"attachment wp-att-6667\"><img loading=\"lazy\" decoding=\"async\" class=\"alignleft size-medium wp-image-6667\" title=\"25deabril400px\" src=\"http:\/\/barreiroweb.eu\/wp-content\/uploads\/2012\/04\/25deabril400px-212x300.jpg\" alt=\"\" width=\"212\" height=\"300\" srcset=\"https:\/\/arquivo.barreiroweb.net\/wp-content\/uploads\/2012\/04\/25deabril400px-212x300.jpg 212w, https:\/\/arquivo.barreiroweb.net\/wp-content\/uploads\/2012\/04\/25deabril400px.jpg 222w\" sizes=\"auto, (max-width: 212px) 100vw, 212px\" \/><\/a>Para assinalar o 38\u00ba anivers\u00e1rio do 25 de abril, a C\u00e2mara Municipal de Palmela e as institui\u00e7\u00f5es locais promovem um programa comemorativo diversificado, que abrange as cinco freguesias. Al\u00e9m de v\u00e1rias dezenas de atividades promovidas pelo movimento associativo, o destaque vai para o programa central, que integra a Sess\u00e3o Solene da Assembleia Municipal de Palmela, a decorrer no dia 25 de abril, \u00e0s 11 horas, no Cineteatro S\u00e3o Jo\u00e3o, em Palmela, bem como um conjunto de espet\u00e1culos, exposi\u00e7\u00f5es e document\u00e1rios.<\/p>\n<p style=\"text-align: justify;\">\u201cAbril\u201d \u00e9 o t\u00edtulo do espet\u00e1culo que Cristina Branco apresenta no Sal\u00e3o dos Bombeiros Volunt\u00e1rios de Pinhal Novo, no dia 24 de abril, \u00e0s 22 horas. Dedicado a Jos\u00e9 Afonso, figura maior da m\u00fasica portuguesa, o espet\u00e1culo tem entrada livre e conta, tamb\u00e9m, com a participa\u00e7\u00e3o dos m\u00fasicos Ricardo Dias (piano), Bernardo Moreira (contrabaixo), M\u00e1rio Delgado (guitarras) e Alexandre Fraz\u00e3o (bateria).<\/p>\n<p style=\"text-align: justify;\">Para dar a conhecer a produ\u00e7\u00e3o cinematogr\u00e1fica sobre o tema, a C\u00e2mara Municipal prop\u00f5e, no \u00e2mbito do Ciclo de Cinema \u00e0 Quinta, a proje\u00e7\u00e3o dos document\u00e1rios \u201c48\u201d de Susana Sousa Dias, no dia 19, e \u201cLonge de Abril\u201d de Margarida Moura Guedes e Paulo Galv\u00e3o, no dia 26, sempre \u00e0s 21h30, no Audit\u00f3rio Municipal de Pinhal Novo. A popula\u00e7\u00e3o idosa tamb\u00e9m \u00e9 convidada a assistir a um document\u00e1rio alusivo \u00e0 data, nos dias 18, 19 e 20 de abril, em v\u00e1rios equipamentos culturais do concelho.<\/p>\n<p style=\"text-align: justify;\">No campo das exposi\u00e7\u00f5es, inaugura no dia 10, \u00e0s 16 horas, na Biblioteca Municipal de Pinhal Novo, a recolha fotogr\u00e1fica \u201cRecordar Abril\u201d, em exibi\u00e7\u00e3o at\u00e9 28 de abril. A mostra &#8211; que d\u00e1 a conhecer a forma como o 25 de abril tem sido retratado em cartazes editados pela autarquia e por outras institui\u00e7\u00f5es, bem como foi vivido em locais como o Pinhal Novo ou a col\u00f3nia penal do Tarrafal \u2013 abre com uma palestra pela Dr.\u00aa Iva Delgado, numa organiza\u00e7\u00e3o da Funda\u00e7\u00e3o COI com o Munic\u00edpio. Em \u00c1guas de Moura, a Avenida da Liberdade ser\u00e1 palco da exposi\u00e7\u00e3o \u201c25 de Abril \u2013 um Cravo Vivo de Sonho\u201d, promovida pela C\u00e2mara Municipal com o apoio da Uni\u00e3o de Resistentes Antifascistas Portugueses.<\/p>\n<p style=\"text-align: justify;\">P\u00fablico escolar sensibilizado para import\u00e2ncia da participa\u00e7\u00e3o cidad\u00e3<\/p>\n<p style=\"text-align: justify;\">No dia 24 de abril, entre as 9h30 e as 12h30, os Pa\u00e7os do Concelho de Palmela ser\u00e3o visitados pelos alunos dos quatro anos do 1\u00ba ciclo do ensino b\u00e1sico da Escola de Batudes, numa iniciativa inserida no \u00e2mbito do projeto \u201cEu Participo\u201d. Al\u00e9m da visita ao edif\u00edcio, o programa inclui um plen\u00e1rio no Sal\u00e3o Nobre com a Presidente e os Vereadores da C\u00e2mara Municipal e o Presidente da Junta de Freguesia de Palmela, sobre os direitos de participa\u00e7\u00e3o inscritos na Conven\u00e7\u00e3o dos Direitos da Crian\u00e7a.<\/p>\n<p style=\"text-align: justify;\">Para o p\u00fablico com idades compreendidas entre os 6 e os 15 anos, a C\u00e2mara Municipal e a Artemrede prop\u00f5em a oficina \u201cTelefonia de Abril\u201d, no dia 24, \u00e0s 10 horas, no Audit\u00f3rio Municipal de Pinhal Novo, e \u00e0s 14h30, no Centro Cultural de Poceir\u00e3o.<\/p>\n<p style=\"text-align: justify;\">Destaque, ainda, para a exposi\u00e7\u00e3o \u201cPorqu\u00ea Abril?\u201d, patente no Centro Cultural de Poceir\u00e3o entre 18 de abril e 2 de maio, numa organiza\u00e7\u00e3o do Agrupamento de Escolas Jos\u00e9 Saramago, com o apoio da C\u00e2mara Municipal. A exposi\u00e7\u00e3o apresenta trabalhos das turmas de 9\u00ba ano da Escola Jos\u00e9 Saramago, realizados no \u00e2mbito da disciplina de hist\u00f3ria.<\/p>\n","protected":false},"excerpt":{"rendered":"<p>Para assinalar o 38\u00ba anivers\u00e1rio do 25 de abril, a C\u00e2mara Municipal de Palmela e as institui\u00e7\u00f5es locais promovem um programa comemorativo diversificado, que abrange as cinco freguesias. Al\u00e9m de v\u00e1rias dezenas de atividades promovidas pelo movimento associativo, o destaque vai para o programa central, que integra a Sess\u00e3o Solene da Assembleia Municipal de Palmela, [&hellip;]<\/p>\n","protected":false},"author":1,"featured_media":6667,"comment_status":"open","ping_status":"open","sticky":false,"template":"","format":"standard","meta":{"footnotes":""},"categories":[32,3,13],"tags":[158],"class_list":["post-6666","post","type-post","status-publish","format-standard","has-post-thumbnail","hentry","category-destaque","category-eventos","category-musica","tag-palmela","last_archivepost"],"yoast_head":"<!-- This site is optimized with the Yoast SEO plugin v27.1.1 - https:\/\/yoast.com\/product\/yoast-seo-wordpress\/ -->\n<title>Comemora\u00e7\u00f5es do 38\u00ba Anivers\u00e1rio do 25 de abril em Palmela: Cristina Branco recorda Zeca Afonso em espet\u00e1culo central   - barreiroweb<\/title>\n<meta name=\"robots\" content=\"index, follow, max-snippet:-1, max-image-preview:large, max-video-preview:-1\" \/>\n<link rel=\"canonical\" href=\"https:\/\/arquivo.barreiroweb.net\/?p=6666\" \/>\n<meta property=\"og:locale\" content=\"pt_PT\" \/>\n<meta property=\"og:type\" content=\"article\" \/>\n<meta property=\"og:title\" content=\"Comemora\u00e7\u00f5es do 38\u00ba Anivers\u00e1rio do 25 de abril em Palmela: Cristina Branco recorda Zeca Afonso em espet\u00e1culo central   - barreiroweb\" \/>\n<meta property=\"og:description\" content=\"Para assinalar o 38\u00ba anivers\u00e1rio do 25 de abril, a C\u00e2mara Municipal de Palmela e as institui\u00e7\u00f5es locais promovem um programa comemorativo diversificado, que abrange as cinco freguesias. Al\u00e9m de v\u00e1rias dezenas de atividades promovidas pelo movimento associativo, o destaque vai para o programa central, que integra a Sess\u00e3o Solene da Assembleia Municipal de Palmela, [&hellip;]\" \/>\n<meta property=\"og:url\" content=\"https:\/\/arquivo.barreiroweb.net\/?p=6666\" \/>\n<meta property=\"og:site_name\" content=\"barreiroweb\" \/>\n<meta property=\"article:publisher\" content=\"https:\/\/www.facebook.com\/barreiroweb\" \/>\n<meta property=\"article:published_time\" content=\"2012-04-18T00:58:58+00:00\" \/>\n<meta property=\"article:modified_time\" content=\"2012-04-18T00:59:09+00:00\" \/>\n<meta property=\"og:image\" content=\"https:\/\/arquivo.barreiroweb.net\/wp-content\/uploads\/2012\/04\/25deabril400px.jpg\" \/>\n\t<meta property=\"og:image:width\" content=\"222\" \/>\n\t<meta property=\"og:image:height\" content=\"314\" \/>\n\t<meta property=\"og:image:type\" content=\"image\/jpeg\" \/>\n<meta name=\"author\" content=\"barreiroweb\" \/>\n<meta name=\"twitter:card\" content=\"summary_large_image\" \/>\n<meta name=\"twitter:creator\" content=\"@barreiroweb\" \/>\n<meta name=\"twitter:site\" content=\"@barreiroweb\" \/>\n<meta name=\"twitter:label1\" content=\"Escrito por\" \/>\n\t<meta name=\"twitter:data1\" content=\"barreiroweb\" \/>\n\t<meta name=\"twitter:label2\" content=\"Tempo estimado de leitura\" \/>\n\t<meta name=\"twitter:data2\" content=\"3 minutos\" \/>\n<script type=\"application\/ld+json\" class=\"yoast-schema-graph\">{\"@context\":\"https:\/\/schema.org\",\"@graph\":[{\"@type\":\"Article\",\"@id\":\"https:\/\/arquivo.barreiroweb.net\/?p=6666#article\",\"isPartOf\":{\"@id\":\"https:\/\/arquivo.barreiroweb.net\/?p=6666\"},\"author\":{\"name\":\"barreiroweb\",\"@id\":\"https:\/\/arquivo.barreiroweb.net\/#\/schema\/person\/44b6d528aff975e3786c9f475f9df2dd\"},\"headline\":\"Comemora\u00e7\u00f5es do 38\u00ba Anivers\u00e1rio do 25 de abril em Palmela: Cristina Branco recorda Zeca Afonso em espet\u00e1culo central\",\"datePublished\":\"2012-04-18T00:58:58+00:00\",\"dateModified\":\"2012-04-18T00:59:09+00:00\",\"mainEntityOfPage\":{\"@id\":\"https:\/\/arquivo.barreiroweb.net\/?p=6666\"},\"wordCount\":598,\"commentCount\":0,\"publisher\":{\"@id\":\"https:\/\/arquivo.barreiroweb.net\/#organization\"},\"image\":{\"@id\":\"https:\/\/arquivo.barreiroweb.net\/?p=6666#primaryimage\"},\"thumbnailUrl\":\"https:\/\/arquivo.barreiroweb.net\/wp-content\/uploads\/2012\/04\/25deabril400px.jpg\",\"keywords\":[\"palmela\"],\"articleSection\":[\"Destaque\",\"Eventos\",\"Musica\"],\"inLanguage\":\"pt-PT\",\"potentialAction\":[{\"@type\":\"CommentAction\",\"name\":\"Comment\",\"target\":[\"https:\/\/arquivo.barreiroweb.net\/?p=6666#respond\"]}]},{\"@type\":\"WebPage\",\"@id\":\"https:\/\/arquivo.barreiroweb.net\/?p=6666\",\"url\":\"https:\/\/arquivo.barreiroweb.net\/?p=6666\",\"name\":\"Comemora\u00e7\u00f5es do 38\u00ba Anivers\u00e1rio do 25 de abril em Palmela: Cristina Branco recorda Zeca Afonso em espet\u00e1culo central - barreiroweb\",\"isPartOf\":{\"@id\":\"https:\/\/arquivo.barreiroweb.net\/#website\"},\"primaryImageOfPage\":{\"@id\":\"https:\/\/arquivo.barreiroweb.net\/?p=6666#primaryimage\"},\"image\":{\"@id\":\"https:\/\/arquivo.barreiroweb.net\/?p=6666#primaryimage\"},\"thumbnailUrl\":\"https:\/\/arquivo.barreiroweb.net\/wp-content\/uploads\/2012\/04\/25deabril400px.jpg\",\"datePublished\":\"2012-04-18T00:58:58+00:00\",\"dateModified\":\"2012-04-18T00:59:09+00:00\",\"breadcrumb\":{\"@id\":\"https:\/\/arquivo.barreiroweb.net\/?p=6666#breadcrumb\"},\"inLanguage\":\"pt-PT\",\"potentialAction\":[{\"@type\":\"ReadAction\",\"target\":[\"https:\/\/arquivo.barreiroweb.net\/?p=6666\"]}]},{\"@type\":\"ImageObject\",\"inLanguage\":\"pt-PT\",\"@id\":\"https:\/\/arquivo.barreiroweb.net\/?p=6666#primaryimage\",\"url\":\"https:\/\/arquivo.barreiroweb.net\/wp-content\/uploads\/2012\/04\/25deabril400px.jpg\",\"contentUrl\":\"https:\/\/arquivo.barreiroweb.net\/wp-content\/uploads\/2012\/04\/25deabril400px.jpg\",\"width\":\"222\",\"height\":\"314\"},{\"@type\":\"BreadcrumbList\",\"@id\":\"https:\/\/arquivo.barreiroweb.net\/?p=6666#breadcrumb\",\"itemListElement\":[{\"@type\":\"ListItem\",\"position\":1,\"name\":\"In\u00edcio\",\"item\":\"https:\/\/arquivo.barreiroweb.net\/\"},{\"@type\":\"ListItem\",\"position\":2,\"name\":\"Comemora\u00e7\u00f5es do 38\u00ba Anivers\u00e1rio do 25 de abril em Palmela: Cristina Branco recorda Zeca Afonso em espet\u00e1culo central\"}]},{\"@type\":\"WebSite\",\"@id\":\"https:\/\/arquivo.barreiroweb.net\/#website\",\"url\":\"https:\/\/arquivo.barreiroweb.net\/\",\"name\":\"barreiroweb\",\"description\":\"Barreiroweb o barreiro na web\",\"publisher\":{\"@id\":\"https:\/\/arquivo.barreiroweb.net\/#organization\"},\"potentialAction\":[{\"@type\":\"SearchAction\",\"target\":{\"@type\":\"EntryPoint\",\"urlTemplate\":\"https:\/\/arquivo.barreiroweb.net\/?s={search_term_string}\"},\"query-input\":{\"@type\":\"PropertyValueSpecification\",\"valueRequired\":true,\"valueName\":\"search_term_string\"}}],\"inLanguage\":\"pt-PT\"},{\"@type\":\"Organization\",\"@id\":\"https:\/\/arquivo.barreiroweb.net\/#organization\",\"name\":\"barreiroweb\",\"url\":\"https:\/\/arquivo.barreiroweb.net\/\",\"logo\":{\"@type\":\"ImageObject\",\"inLanguage\":\"pt-PT\",\"@id\":\"https:\/\/arquivo.barreiroweb.net\/#\/schema\/logo\/image\/\",\"url\":\"https:\/\/barreiroweb.net\/wp-content\/uploads\/2022\/05\/BarreiroWeb555.jpg\",\"contentUrl\":\"https:\/\/barreiroweb.net\/wp-content\/uploads\/2022\/05\/BarreiroWeb555.jpg\",\"width\":421,\"height\":415,\"caption\":\"barreiroweb\"},\"image\":{\"@id\":\"https:\/\/arquivo.barreiroweb.net\/#\/schema\/logo\/image\/\"},\"sameAs\":[\"https:\/\/www.facebook.com\/barreiroweb\",\"https:\/\/x.com\/barreiroweb\"]},{\"@type\":\"Person\",\"@id\":\"https:\/\/arquivo.barreiroweb.net\/#\/schema\/person\/44b6d528aff975e3786c9f475f9df2dd\",\"name\":\"barreiroweb\",\"image\":{\"@type\":\"ImageObject\",\"inLanguage\":\"pt-PT\",\"@id\":\"https:\/\/arquivo.barreiroweb.net\/#\/schema\/person\/image\/\",\"url\":\"https:\/\/secure.gravatar.com\/avatar\/1f764b917967430404ff0b452044eb63a25d64a5363b25be2aa42273930f477d?s=96&d=mm&r=g\",\"contentUrl\":\"https:\/\/secure.gravatar.com\/avatar\/1f764b917967430404ff0b452044eb63a25d64a5363b25be2aa42273930f477d?s=96&d=mm&r=g\",\"caption\":\"barreiroweb\"},\"url\":\"https:\/\/arquivo.barreiroweb.net\/?author=1\"}]}<\/script>\n<!-- \/ Yoast SEO plugin. -->","yoast_head_json":{"title":"Comemora\u00e7\u00f5es do 38\u00ba Anivers\u00e1rio do 25 de abril em Palmela: Cristina Branco recorda Zeca Afonso em espet\u00e1culo central   - barreiroweb","robots":{"index":"index","follow":"follow","max-snippet":"max-snippet:-1","max-image-preview":"max-image-preview:large","max-video-preview":"max-video-preview:-1"},"canonical":"https:\/\/arquivo.barreiroweb.net\/?p=6666","og_locale":"pt_PT","og_type":"article","og_title":"Comemora\u00e7\u00f5es do 38\u00ba Anivers\u00e1rio do 25 de abril em Palmela: Cristina Branco recorda Zeca Afonso em espet\u00e1culo central   - barreiroweb","og_description":"Para assinalar o 38\u00ba anivers\u00e1rio do 25 de abril, a C\u00e2mara Municipal de Palmela e as institui\u00e7\u00f5es locais promovem um programa comemorativo diversificado, que abrange as cinco freguesias. Al\u00e9m de v\u00e1rias dezenas de atividades promovidas pelo movimento associativo, o destaque vai para o programa central, que integra a Sess\u00e3o Solene da Assembleia Municipal de Palmela, [&hellip;]","og_url":"https:\/\/arquivo.barreiroweb.net\/?p=6666","og_site_name":"barreiroweb","article_publisher":"https:\/\/www.facebook.com\/barreiroweb","article_published_time":"2012-04-18T00:58:58+00:00","article_modified_time":"2012-04-18T00:59:09+00:00","og_image":[{"width":222,"height":314,"url":"https:\/\/arquivo.barreiroweb.net\/wp-content\/uploads\/2012\/04\/25deabril400px.jpg","type":"image\/jpeg"}],"author":"barreiroweb","twitter_card":"summary_large_image","twitter_creator":"@barreiroweb","twitter_site":"@barreiroweb","twitter_misc":{"Escrito por":"barreiroweb","Tempo estimado de leitura":"3 minutos"},"schema":{"@context":"https:\/\/schema.org","@graph":[{"@type":"Article","@id":"https:\/\/arquivo.barreiroweb.net\/?p=6666#article","isPartOf":{"@id":"https:\/\/arquivo.barreiroweb.net\/?p=6666"},"author":{"name":"barreiroweb","@id":"https:\/\/arquivo.barreiroweb.net\/#\/schema\/person\/44b6d528aff975e3786c9f475f9df2dd"},"headline":"Comemora\u00e7\u00f5es do 38\u00ba Anivers\u00e1rio do 25 de abril em Palmela: Cristina Branco recorda Zeca Afonso em espet\u00e1culo central","datePublished":"2012-04-18T00:58:58+00:00","dateModified":"2012-04-18T00:59:09+00:00","mainEntityOfPage":{"@id":"https:\/\/arquivo.barreiroweb.net\/?p=6666"},"wordCount":598,"commentCount":0,"publisher":{"@id":"https:\/\/arquivo.barreiroweb.net\/#organization"},"image":{"@id":"https:\/\/arquivo.barreiroweb.net\/?p=6666#primaryimage"},"thumbnailUrl":"https:\/\/arquivo.barreiroweb.net\/wp-content\/uploads\/2012\/04\/25deabril400px.jpg","keywords":["palmela"],"articleSection":["Destaque","Eventos","Musica"],"inLanguage":"pt-PT","potentialAction":[{"@type":"CommentAction","name":"Comment","target":["https:\/\/arquivo.barreiroweb.net\/?p=6666#respond"]}]},{"@type":"WebPage","@id":"https:\/\/arquivo.barreiroweb.net\/?p=6666","url":"https:\/\/arquivo.barreiroweb.net\/?p=6666","name":"Comemora\u00e7\u00f5es do 38\u00ba Anivers\u00e1rio do 25 de abril em Palmela: Cristina Branco recorda Zeca Afonso em espet\u00e1culo central - barreiroweb","isPartOf":{"@id":"https:\/\/arquivo.barreiroweb.net\/#website"},"primaryImageOfPage":{"@id":"https:\/\/arquivo.barreiroweb.net\/?p=6666#primaryimage"},"image":{"@id":"https:\/\/arquivo.barreiroweb.net\/?p=6666#primaryimage"},"thumbnailUrl":"https:\/\/arquivo.barreiroweb.net\/wp-content\/uploads\/2012\/04\/25deabril400px.jpg","datePublished":"2012-04-18T00:58:58+00:00","dateModified":"2012-04-18T00:59:09+00:00","breadcrumb":{"@id":"https:\/\/arquivo.barreiroweb.net\/?p=6666#breadcrumb"},"inLanguage":"pt-PT","potentialAction":[{"@type":"ReadAction","target":["https:\/\/arquivo.barreiroweb.net\/?p=6666"]}]},{"@type":"ImageObject","inLanguage":"pt-PT","@id":"https:\/\/arquivo.barreiroweb.net\/?p=6666#primaryimage","url":"https:\/\/arquivo.barreiroweb.net\/wp-content\/uploads\/2012\/04\/25deabril400px.jpg","contentUrl":"https:\/\/arquivo.barreiroweb.net\/wp-content\/uploads\/2012\/04\/25deabril400px.jpg","width":"222","height":"314"},{"@type":"BreadcrumbList","@id":"https:\/\/arquivo.barreiroweb.net\/?p=6666#breadcrumb","itemListElement":[{"@type":"ListItem","position":1,"name":"In\u00edcio","item":"https:\/\/arquivo.barreiroweb.net\/"},{"@type":"ListItem","position":2,"name":"Comemora\u00e7\u00f5es do 38\u00ba Anivers\u00e1rio do 25 de abril em Palmela: Cristina Branco recorda Zeca Afonso em espet\u00e1culo central"}]},{"@type":"WebSite","@id":"https:\/\/arquivo.barreiroweb.net\/#website","url":"https:\/\/arquivo.barreiroweb.net\/","name":"barreiroweb","description":"Barreiroweb o barreiro na web","publisher":{"@id":"https:\/\/arquivo.barreiroweb.net\/#organization"},"potentialAction":[{"@type":"SearchAction","target":{"@type":"EntryPoint","urlTemplate":"https:\/\/arquivo.barreiroweb.net\/?s={search_term_string}"},"query-input":{"@type":"PropertyValueSpecification","valueRequired":true,"valueName":"search_term_string"}}],"inLanguage":"pt-PT"},{"@type":"Organization","@id":"https:\/\/arquivo.barreiroweb.net\/#organization","name":"barreiroweb","url":"https:\/\/arquivo.barreiroweb.net\/","logo":{"@type":"ImageObject","inLanguage":"pt-PT","@id":"https:\/\/arquivo.barreiroweb.net\/#\/schema\/logo\/image\/","url":"https:\/\/barreiroweb.net\/wp-content\/uploads\/2022\/05\/BarreiroWeb555.jpg","contentUrl":"https:\/\/barreiroweb.net\/wp-content\/uploads\/2022\/05\/BarreiroWeb555.jpg","width":421,"height":415,"caption":"barreiroweb"},"image":{"@id":"https:\/\/arquivo.barreiroweb.net\/#\/schema\/logo\/image\/"},"sameAs":["https:\/\/www.facebook.com\/barreiroweb","https:\/\/x.com\/barreiroweb"]},{"@type":"Person","@id":"https:\/\/arquivo.barreiroweb.net\/#\/schema\/person\/44b6d528aff975e3786c9f475f9df2dd","name":"barreiroweb","image":{"@type":"ImageObject","inLanguage":"pt-PT","@id":"https:\/\/arquivo.barreiroweb.net\/#\/schema\/person\/image\/","url":"https:\/\/secure.gravatar.com\/avatar\/1f764b917967430404ff0b452044eb63a25d64a5363b25be2aa42273930f477d?s=96&d=mm&r=g","contentUrl":"https:\/\/secure.gravatar.com\/avatar\/1f764b917967430404ff0b452044eb63a25d64a5363b25be2aa42273930f477d?s=96&d=mm&r=g","caption":"barreiroweb"},"url":"https:\/\/arquivo.barreiroweb.net\/?author=1"}]}},"_links":{"self":[{"href":"https:\/\/arquivo.barreiroweb.net\/index.php?rest_route=\/wp\/v2\/posts\/6666","targetHints":{"allow":["GET"]}}],"collection":[{"href":"https:\/\/arquivo.barreiroweb.net\/index.php?rest_route=\/wp\/v2\/posts"}],"about":[{"href":"https:\/\/arquivo.barreiroweb.net\/index.php?rest_route=\/wp\/v2\/types\/post"}],"author":[{"embeddable":true,"href":"https:\/\/arquivo.barreiroweb.net\/index.php?rest_route=\/wp\/v2\/users\/1"}],"replies":[{"embeddable":true,"href":"https:\/\/arquivo.barreiroweb.net\/index.php?rest_route=%2Fwp%2Fv2%2Fcomments&post=6666"}],"version-history":[{"count":5,"href":"https:\/\/arquivo.barreiroweb.net\/index.php?rest_route=\/wp\/v2\/posts\/6666\/revisions"}],"predecessor-version":[{"id":6672,"href":"https:\/\/arquivo.barreiroweb.net\/index.php?rest_route=\/wp\/v2\/posts\/6666\/revisions\/6672"}],"wp:featuredmedia":[{"embeddable":true,"href":"https:\/\/arquivo.barreiroweb.net\/index.php?rest_route=\/wp\/v2\/media\/6667"}],"wp:attachment":[{"href":"https:\/\/arquivo.barreiroweb.net\/index.php?rest_route=%2Fwp%2Fv2%2Fmedia&parent=6666"}],"wp:term":[{"taxonomy":"category","embeddable":true,"href":"https:\/\/arquivo.barreiroweb.net\/index.php?rest_route=%2Fwp%2Fv2%2Fcategories&post=6666"},{"taxonomy":"post_tag","embeddable":true,"href":"https:\/\/arquivo.barreiroweb.net\/index.php?rest_route=%2Fwp%2Fv2%2Ftags&post=6666"}],"curies":[{"name":"wp","href":"https:\/\/api.w.org\/{rel}","templated":true}]}}