{"id":6579,"date":"2012-04-12T00:40:11","date_gmt":"2012-04-11T23:40:11","guid":{"rendered":"http:\/\/barreiroweb.eu\/?p=6579"},"modified":"2012-04-12T00:40:11","modified_gmt":"2012-04-11T23:40:11","slug":"sarau-de-ginastica-do-luso-fc-sabado-14-de-abril-no-pavilhao-municipal-luis-de-carvalho","status":"publish","type":"post","link":"https:\/\/arquivo.barreiroweb.net\/?p=6579","title":{"rendered":"Sarau de Gin\u00e1stica do Luso FC, s\u00e1bado, 14 de abril no Pavilh\u00e3o Municipal Lu\u00eds de Carvalho"},"content":{"rendered":"<p style=\"text-align: justify;\" align=\"center\"><a href=\"http:\/\/barreiroweb.eu\/?attachment_id=6580\" rel=\"attachment wp-att-6580\"><img loading=\"lazy\" decoding=\"async\" class=\"alignleft size-thumbnail wp-image-6580\" title=\"Pavilhao Municipal Luis de Carvalho-Barreiro\" src=\"http:\/\/barreiroweb.eu\/wp-content\/uploads\/2012\/04\/Pavilhao-Municipal-Luis-de-Carvalho-Barreiro-150x150.jpg\" alt=\"\" width=\"150\" height=\"150\" srcset=\"https:\/\/arquivo.barreiroweb.net\/wp-content\/uploads\/2012\/04\/Pavilhao-Municipal-Luis-de-Carvalho-Barreiro-150x150.jpg 150w, https:\/\/arquivo.barreiroweb.net\/wp-content\/uploads\/2012\/04\/Pavilhao-Municipal-Luis-de-Carvalho-Barreiro-50x50.jpg 50w, https:\/\/arquivo.barreiroweb.net\/wp-content\/uploads\/2012\/04\/Pavilhao-Municipal-Luis-de-Carvalho-Barreiro-70x70.jpg 70w, https:\/\/arquivo.barreiroweb.net\/wp-content\/uploads\/2012\/04\/Pavilhao-Municipal-Luis-de-Carvalho-Barreiro-55x55.jpg 55w\" sizes=\"auto, (max-width: 150px) 100vw, 150px\" \/><\/a>O Pavilh\u00e3o Municipal Lu\u00eds de Carvalho, na Cidade Sol, Barreiro, vai receber s\u00e1bado, 14 de abril, pelas 19h30, o Sarau de Gin\u00e1stica do Luso Futebol Clube. Esta iniciativa, com entrada livre, conta com o apoio da C\u00e2mara Municipal do Barreiro.<\/p>\n<p style=\"text-align: justify;\">O Pavilh\u00e3o Municipal Lu\u00eds de Carvalho est\u00e1 situado no Empreendimento Cidade Sol, Rua 9, lote 9003. 2835-514 Santo Ant\u00f3nio da Charneca.<\/p>\n<p style=\"text-align: justify;\">\n<p style=\"text-align: justify;\" align=\"right\">CMB 2012-04-11<\/p>\n","protected":false},"excerpt":{"rendered":"<p>O Pavilh\u00e3o Municipal Lu\u00eds de Carvalho, na Cidade Sol, Barreiro, vai receber s\u00e1bado, 14 de abril, pelas 19h30, o Sarau de Gin\u00e1stica do Luso Futebol Clube. Esta iniciativa, com entrada livre, conta com o apoio da C\u00e2mara Municipal do Barreiro. O Pavilh\u00e3o Municipal Lu\u00eds de Carvalho est\u00e1 situado no Empreendimento Cidade Sol, Rua 9, lote [&hellip;]<\/p>\n","protected":false},"author":1,"featured_media":6580,"comment_status":"open","ping_status":"open","sticky":false,"template":"","format":"standard","meta":{"footnotes":""},"categories":[12,32],"tags":[41,110],"class_list":["post-6579","post","type-post","status-publish","format-standard","has-post-thumbnail","hentry","category-desporto","category-destaque","tag-barreiro","tag-desporto-2","last_archivepost"],"yoast_head":"<!-- This site is optimized with the Yoast SEO plugin v27.1.1 - https:\/\/yoast.com\/product\/yoast-seo-wordpress\/ -->\n<title>Sarau de Gin\u00e1stica do Luso FC, s\u00e1bado, 14 de abril no Pavilh\u00e3o Municipal Lu\u00eds de Carvalho - barreiroweb<\/title>\n<meta name=\"robots\" content=\"index, follow, max-snippet:-1, max-image-preview:large, max-video-preview:-1\" \/>\n<link rel=\"canonical\" href=\"https:\/\/arquivo.barreiroweb.net\/?p=6579\" \/>\n<meta property=\"og:locale\" content=\"pt_PT\" \/>\n<meta property=\"og:type\" content=\"article\" \/>\n<meta property=\"og:title\" content=\"Sarau de Gin\u00e1stica do Luso FC, s\u00e1bado, 14 de abril no Pavilh\u00e3o Municipal Lu\u00eds de Carvalho - barreiroweb\" \/>\n<meta property=\"og:description\" content=\"O Pavilh\u00e3o Municipal Lu\u00eds de Carvalho, na Cidade Sol, Barreiro, vai receber s\u00e1bado, 14 de abril, pelas 19h30, o Sarau de Gin\u00e1stica do Luso Futebol Clube. Esta iniciativa, com entrada livre, conta com o apoio da C\u00e2mara Municipal do Barreiro. O Pavilh\u00e3o Municipal Lu\u00eds de Carvalho est\u00e1 situado no Empreendimento Cidade Sol, Rua 9, lote [&hellip;]\" \/>\n<meta property=\"og:url\" content=\"https:\/\/arquivo.barreiroweb.net\/?p=6579\" \/>\n<meta property=\"og:site_name\" content=\"barreiroweb\" \/>\n<meta property=\"article:publisher\" content=\"https:\/\/www.facebook.com\/barreiroweb\" \/>\n<meta property=\"article:published_time\" content=\"2012-04-11T23:40:11+00:00\" \/>\n<meta property=\"og:image\" content=\"https:\/\/arquivo.barreiroweb.net\/wp-content\/uploads\/2012\/04\/Pavilhao-Municipal-Luis-de-Carvalho-Barreiro.jpg\" \/>\n\t<meta property=\"og:image:width\" content=\"314\" \/>\n\t<meta property=\"og:image:height\" content=\"210\" \/>\n\t<meta property=\"og:image:type\" content=\"image\/jpeg\" \/>\n<meta name=\"author\" content=\"barreiroweb\" \/>\n<meta name=\"twitter:card\" content=\"summary_large_image\" \/>\n<meta name=\"twitter:creator\" content=\"@barreiroweb\" \/>\n<meta name=\"twitter:site\" content=\"@barreiroweb\" \/>\n<meta name=\"twitter:label1\" content=\"Escrito por\" \/>\n\t<meta name=\"twitter:data1\" content=\"barreiroweb\" \/>\n<script type=\"application\/ld+json\" class=\"yoast-schema-graph\">{\"@context\":\"https:\/\/schema.org\",\"@graph\":[{\"@type\":\"Article\",\"@id\":\"https:\/\/arquivo.barreiroweb.net\/?p=6579#article\",\"isPartOf\":{\"@id\":\"https:\/\/arquivo.barreiroweb.net\/?p=6579\"},\"author\":{\"name\":\"barreiroweb\",\"@id\":\"https:\/\/arquivo.barreiroweb.net\/#\/schema\/person\/44b6d528aff975e3786c9f475f9df2dd\"},\"headline\":\"Sarau de Gin\u00e1stica do Luso FC, s\u00e1bado, 14 de abril no Pavilh\u00e3o Municipal Lu\u00eds de Carvalho\",\"datePublished\":\"2012-04-11T23:40:11+00:00\",\"mainEntityOfPage\":{\"@id\":\"https:\/\/arquivo.barreiroweb.net\/?p=6579\"},\"wordCount\":88,\"commentCount\":0,\"publisher\":{\"@id\":\"https:\/\/arquivo.barreiroweb.net\/#organization\"},\"image\":{\"@id\":\"https:\/\/arquivo.barreiroweb.net\/?p=6579#primaryimage\"},\"thumbnailUrl\":\"https:\/\/arquivo.barreiroweb.net\/wp-content\/uploads\/2012\/04\/Pavilhao-Municipal-Luis-de-Carvalho-Barreiro.jpg\",\"keywords\":[\"barreiro\",\"desporto\"],\"articleSection\":[\"Desporto\",\"Destaque\"],\"inLanguage\":\"pt-PT\",\"potentialAction\":[{\"@type\":\"CommentAction\",\"name\":\"Comment\",\"target\":[\"https:\/\/arquivo.barreiroweb.net\/?p=6579#respond\"]}]},{\"@type\":\"WebPage\",\"@id\":\"https:\/\/arquivo.barreiroweb.net\/?p=6579\",\"url\":\"https:\/\/arquivo.barreiroweb.net\/?p=6579\",\"name\":\"Sarau de Gin\u00e1stica do Luso FC, s\u00e1bado, 14 de abril no Pavilh\u00e3o Municipal Lu\u00eds de Carvalho - barreiroweb\",\"isPartOf\":{\"@id\":\"https:\/\/arquivo.barreiroweb.net\/#website\"},\"primaryImageOfPage\":{\"@id\":\"https:\/\/arquivo.barreiroweb.net\/?p=6579#primaryimage\"},\"image\":{\"@id\":\"https:\/\/arquivo.barreiroweb.net\/?p=6579#primaryimage\"},\"thumbnailUrl\":\"https:\/\/arquivo.barreiroweb.net\/wp-content\/uploads\/2012\/04\/Pavilhao-Municipal-Luis-de-Carvalho-Barreiro.jpg\",\"datePublished\":\"2012-04-11T23:40:11+00:00\",\"breadcrumb\":{\"@id\":\"https:\/\/arquivo.barreiroweb.net\/?p=6579#breadcrumb\"},\"inLanguage\":\"pt-PT\",\"potentialAction\":[{\"@type\":\"ReadAction\",\"target\":[\"https:\/\/arquivo.barreiroweb.net\/?p=6579\"]}]},{\"@type\":\"ImageObject\",\"inLanguage\":\"pt-PT\",\"@id\":\"https:\/\/arquivo.barreiroweb.net\/?p=6579#primaryimage\",\"url\":\"https:\/\/arquivo.barreiroweb.net\/wp-content\/uploads\/2012\/04\/Pavilhao-Municipal-Luis-de-Carvalho-Barreiro.jpg\",\"contentUrl\":\"https:\/\/arquivo.barreiroweb.net\/wp-content\/uploads\/2012\/04\/Pavilhao-Municipal-Luis-de-Carvalho-Barreiro.jpg\",\"width\":\"314\",\"height\":\"210\"},{\"@type\":\"BreadcrumbList\",\"@id\":\"https:\/\/arquivo.barreiroweb.net\/?p=6579#breadcrumb\",\"itemListElement\":[{\"@type\":\"ListItem\",\"position\":1,\"name\":\"In\u00edcio\",\"item\":\"https:\/\/arquivo.barreiroweb.net\/\"},{\"@type\":\"ListItem\",\"position\":2,\"name\":\"Sarau de Gin\u00e1stica do Luso FC, s\u00e1bado, 14 de abril no Pavilh\u00e3o Municipal Lu\u00eds de Carvalho\"}]},{\"@type\":\"WebSite\",\"@id\":\"https:\/\/arquivo.barreiroweb.net\/#website\",\"url\":\"https:\/\/arquivo.barreiroweb.net\/\",\"name\":\"barreiroweb\",\"description\":\"Barreiroweb o barreiro na web\",\"publisher\":{\"@id\":\"https:\/\/arquivo.barreiroweb.net\/#organization\"},\"potentialAction\":[{\"@type\":\"SearchAction\",\"target\":{\"@type\":\"EntryPoint\",\"urlTemplate\":\"https:\/\/arquivo.barreiroweb.net\/?s={search_term_string}\"},\"query-input\":{\"@type\":\"PropertyValueSpecification\",\"valueRequired\":true,\"valueName\":\"search_term_string\"}}],\"inLanguage\":\"pt-PT\"},{\"@type\":\"Organization\",\"@id\":\"https:\/\/arquivo.barreiroweb.net\/#organization\",\"name\":\"barreiroweb\",\"url\":\"https:\/\/arquivo.barreiroweb.net\/\",\"logo\":{\"@type\":\"ImageObject\",\"inLanguage\":\"pt-PT\",\"@id\":\"https:\/\/arquivo.barreiroweb.net\/#\/schema\/logo\/image\/\",\"url\":\"https:\/\/barreiroweb.net\/wp-content\/uploads\/2022\/05\/BarreiroWeb555.jpg\",\"contentUrl\":\"https:\/\/barreiroweb.net\/wp-content\/uploads\/2022\/05\/BarreiroWeb555.jpg\",\"width\":421,\"height\":415,\"caption\":\"barreiroweb\"},\"image\":{\"@id\":\"https:\/\/arquivo.barreiroweb.net\/#\/schema\/logo\/image\/\"},\"sameAs\":[\"https:\/\/www.facebook.com\/barreiroweb\",\"https:\/\/x.com\/barreiroweb\"]},{\"@type\":\"Person\",\"@id\":\"https:\/\/arquivo.barreiroweb.net\/#\/schema\/person\/44b6d528aff975e3786c9f475f9df2dd\",\"name\":\"barreiroweb\",\"image\":{\"@type\":\"ImageObject\",\"inLanguage\":\"pt-PT\",\"@id\":\"https:\/\/arquivo.barreiroweb.net\/#\/schema\/person\/image\/\",\"url\":\"https:\/\/secure.gravatar.com\/avatar\/1f764b917967430404ff0b452044eb63a25d64a5363b25be2aa42273930f477d?s=96&d=mm&r=g\",\"contentUrl\":\"https:\/\/secure.gravatar.com\/avatar\/1f764b917967430404ff0b452044eb63a25d64a5363b25be2aa42273930f477d?s=96&d=mm&r=g\",\"caption\":\"barreiroweb\"},\"url\":\"https:\/\/arquivo.barreiroweb.net\/?author=1\"}]}<\/script>\n<!-- \/ Yoast SEO plugin. -->","yoast_head_json":{"title":"Sarau de Gin\u00e1stica do Luso FC, s\u00e1bado, 14 de abril no Pavilh\u00e3o Municipal Lu\u00eds de Carvalho - barreiroweb","robots":{"index":"index","follow":"follow","max-snippet":"max-snippet:-1","max-image-preview":"max-image-preview:large","max-video-preview":"max-video-preview:-1"},"canonical":"https:\/\/arquivo.barreiroweb.net\/?p=6579","og_locale":"pt_PT","og_type":"article","og_title":"Sarau de Gin\u00e1stica do Luso FC, s\u00e1bado, 14 de abril no Pavilh\u00e3o Municipal Lu\u00eds de Carvalho - barreiroweb","og_description":"O Pavilh\u00e3o Municipal Lu\u00eds de Carvalho, na Cidade Sol, Barreiro, vai receber s\u00e1bado, 14 de abril, pelas 19h30, o Sarau de Gin\u00e1stica do Luso Futebol Clube. Esta iniciativa, com entrada livre, conta com o apoio da C\u00e2mara Municipal do Barreiro. O Pavilh\u00e3o Municipal Lu\u00eds de Carvalho est\u00e1 situado no Empreendimento Cidade Sol, Rua 9, lote [&hellip;]","og_url":"https:\/\/arquivo.barreiroweb.net\/?p=6579","og_site_name":"barreiroweb","article_publisher":"https:\/\/www.facebook.com\/barreiroweb","article_published_time":"2012-04-11T23:40:11+00:00","og_image":[{"width":314,"height":210,"url":"https:\/\/arquivo.barreiroweb.net\/wp-content\/uploads\/2012\/04\/Pavilhao-Municipal-Luis-de-Carvalho-Barreiro.jpg","type":"image\/jpeg"}],"author":"barreiroweb","twitter_card":"summary_large_image","twitter_creator":"@barreiroweb","twitter_site":"@barreiroweb","twitter_misc":{"Escrito por":"barreiroweb"},"schema":{"@context":"https:\/\/schema.org","@graph":[{"@type":"Article","@id":"https:\/\/arquivo.barreiroweb.net\/?p=6579#article","isPartOf":{"@id":"https:\/\/arquivo.barreiroweb.net\/?p=6579"},"author":{"name":"barreiroweb","@id":"https:\/\/arquivo.barreiroweb.net\/#\/schema\/person\/44b6d528aff975e3786c9f475f9df2dd"},"headline":"Sarau de Gin\u00e1stica do Luso FC, s\u00e1bado, 14 de abril no Pavilh\u00e3o Municipal Lu\u00eds de Carvalho","datePublished":"2012-04-11T23:40:11+00:00","mainEntityOfPage":{"@id":"https:\/\/arquivo.barreiroweb.net\/?p=6579"},"wordCount":88,"commentCount":0,"publisher":{"@id":"https:\/\/arquivo.barreiroweb.net\/#organization"},"image":{"@id":"https:\/\/arquivo.barreiroweb.net\/?p=6579#primaryimage"},"thumbnailUrl":"https:\/\/arquivo.barreiroweb.net\/wp-content\/uploads\/2012\/04\/Pavilhao-Municipal-Luis-de-Carvalho-Barreiro.jpg","keywords":["barreiro","desporto"],"articleSection":["Desporto","Destaque"],"inLanguage":"pt-PT","potentialAction":[{"@type":"CommentAction","name":"Comment","target":["https:\/\/arquivo.barreiroweb.net\/?p=6579#respond"]}]},{"@type":"WebPage","@id":"https:\/\/arquivo.barreiroweb.net\/?p=6579","url":"https:\/\/arquivo.barreiroweb.net\/?p=6579","name":"Sarau de Gin\u00e1stica do Luso FC, s\u00e1bado, 14 de abril no Pavilh\u00e3o Municipal Lu\u00eds de Carvalho - barreiroweb","isPartOf":{"@id":"https:\/\/arquivo.barreiroweb.net\/#website"},"primaryImageOfPage":{"@id":"https:\/\/arquivo.barreiroweb.net\/?p=6579#primaryimage"},"image":{"@id":"https:\/\/arquivo.barreiroweb.net\/?p=6579#primaryimage"},"thumbnailUrl":"https:\/\/arquivo.barreiroweb.net\/wp-content\/uploads\/2012\/04\/Pavilhao-Municipal-Luis-de-Carvalho-Barreiro.jpg","datePublished":"2012-04-11T23:40:11+00:00","breadcrumb":{"@id":"https:\/\/arquivo.barreiroweb.net\/?p=6579#breadcrumb"},"inLanguage":"pt-PT","potentialAction":[{"@type":"ReadAction","target":["https:\/\/arquivo.barreiroweb.net\/?p=6579"]}]},{"@type":"ImageObject","inLanguage":"pt-PT","@id":"https:\/\/arquivo.barreiroweb.net\/?p=6579#primaryimage","url":"https:\/\/arquivo.barreiroweb.net\/wp-content\/uploads\/2012\/04\/Pavilhao-Municipal-Luis-de-Carvalho-Barreiro.jpg","contentUrl":"https:\/\/arquivo.barreiroweb.net\/wp-content\/uploads\/2012\/04\/Pavilhao-Municipal-Luis-de-Carvalho-Barreiro.jpg","width":"314","height":"210"},{"@type":"BreadcrumbList","@id":"https:\/\/arquivo.barreiroweb.net\/?p=6579#breadcrumb","itemListElement":[{"@type":"ListItem","position":1,"name":"In\u00edcio","item":"https:\/\/arquivo.barreiroweb.net\/"},{"@type":"ListItem","position":2,"name":"Sarau de Gin\u00e1stica do Luso FC, s\u00e1bado, 14 de abril no Pavilh\u00e3o Municipal Lu\u00eds de Carvalho"}]},{"@type":"WebSite","@id":"https:\/\/arquivo.barreiroweb.net\/#website","url":"https:\/\/arquivo.barreiroweb.net\/","name":"barreiroweb","description":"Barreiroweb o barreiro na web","publisher":{"@id":"https:\/\/arquivo.barreiroweb.net\/#organization"},"potentialAction":[{"@type":"SearchAction","target":{"@type":"EntryPoint","urlTemplate":"https:\/\/arquivo.barreiroweb.net\/?s={search_term_string}"},"query-input":{"@type":"PropertyValueSpecification","valueRequired":true,"valueName":"search_term_string"}}],"inLanguage":"pt-PT"},{"@type":"Organization","@id":"https:\/\/arquivo.barreiroweb.net\/#organization","name":"barreiroweb","url":"https:\/\/arquivo.barreiroweb.net\/","logo":{"@type":"ImageObject","inLanguage":"pt-PT","@id":"https:\/\/arquivo.barreiroweb.net\/#\/schema\/logo\/image\/","url":"https:\/\/barreiroweb.net\/wp-content\/uploads\/2022\/05\/BarreiroWeb555.jpg","contentUrl":"https:\/\/barreiroweb.net\/wp-content\/uploads\/2022\/05\/BarreiroWeb555.jpg","width":421,"height":415,"caption":"barreiroweb"},"image":{"@id":"https:\/\/arquivo.barreiroweb.net\/#\/schema\/logo\/image\/"},"sameAs":["https:\/\/www.facebook.com\/barreiroweb","https:\/\/x.com\/barreiroweb"]},{"@type":"Person","@id":"https:\/\/arquivo.barreiroweb.net\/#\/schema\/person\/44b6d528aff975e3786c9f475f9df2dd","name":"barreiroweb","image":{"@type":"ImageObject","inLanguage":"pt-PT","@id":"https:\/\/arquivo.barreiroweb.net\/#\/schema\/person\/image\/","url":"https:\/\/secure.gravatar.com\/avatar\/1f764b917967430404ff0b452044eb63a25d64a5363b25be2aa42273930f477d?s=96&d=mm&r=g","contentUrl":"https:\/\/secure.gravatar.com\/avatar\/1f764b917967430404ff0b452044eb63a25d64a5363b25be2aa42273930f477d?s=96&d=mm&r=g","caption":"barreiroweb"},"url":"https:\/\/arquivo.barreiroweb.net\/?author=1"}]}},"_links":{"self":[{"href":"https:\/\/arquivo.barreiroweb.net\/index.php?rest_route=\/wp\/v2\/posts\/6579","targetHints":{"allow":["GET"]}}],"collection":[{"href":"https:\/\/arquivo.barreiroweb.net\/index.php?rest_route=\/wp\/v2\/posts"}],"about":[{"href":"https:\/\/arquivo.barreiroweb.net\/index.php?rest_route=\/wp\/v2\/types\/post"}],"author":[{"embeddable":true,"href":"https:\/\/arquivo.barreiroweb.net\/index.php?rest_route=\/wp\/v2\/users\/1"}],"replies":[{"embeddable":true,"href":"https:\/\/arquivo.barreiroweb.net\/index.php?rest_route=%2Fwp%2Fv2%2Fcomments&post=6579"}],"version-history":[{"count":2,"href":"https:\/\/arquivo.barreiroweb.net\/index.php?rest_route=\/wp\/v2\/posts\/6579\/revisions"}],"predecessor-version":[{"id":6582,"href":"https:\/\/arquivo.barreiroweb.net\/index.php?rest_route=\/wp\/v2\/posts\/6579\/revisions\/6582"}],"wp:featuredmedia":[{"embeddable":true,"href":"https:\/\/arquivo.barreiroweb.net\/index.php?rest_route=\/wp\/v2\/media\/6580"}],"wp:attachment":[{"href":"https:\/\/arquivo.barreiroweb.net\/index.php?rest_route=%2Fwp%2Fv2%2Fmedia&parent=6579"}],"wp:term":[{"taxonomy":"category","embeddable":true,"href":"https:\/\/arquivo.barreiroweb.net\/index.php?rest_route=%2Fwp%2Fv2%2Fcategories&post=6579"},{"taxonomy":"post_tag","embeddable":true,"href":"https:\/\/arquivo.barreiroweb.net\/index.php?rest_route=%2Fwp%2Fv2%2Ftags&post=6579"}],"curies":[{"name":"wp","href":"https:\/\/api.w.org\/{rel}","templated":true}]}}