{"id":6407,"date":"2012-04-02T22:15:29","date_gmt":"2012-04-02T21:15:29","guid":{"rendered":"http:\/\/barreiroweb.eu\/?p=6407"},"modified":"2012-04-02T22:15:57","modified_gmt":"2012-04-02T21:15:57","slug":"no-ambito-do-dia-internacional-de-monumentos-e-sitios","status":"publish","type":"post","link":"https:\/\/arquivo.barreiroweb.net\/?p=6407","title":{"rendered":"No \u00e2mbito do Dia Internacional de Monumentos e S\u00edtios"},"content":{"rendered":"<p style=\"text-align: justify;\" align=\"center\"><strong><a href=\"http:\/\/barreiroweb.eu\/?attachment_id=6408\" rel=\"attachment wp-att-6408\"><img loading=\"lazy\" decoding=\"async\" class=\"alignleft size-medium wp-image-6408\" title=\"Dia Internacional Monumentos e Sitios 2012_Visita Museu Industrial\" src=\"http:\/\/barreiroweb.eu\/wp-content\/uploads\/2012\/04\/Dia-Internacional-Monumentos-e-Sitios-2012_Visita-Museu-Industrial-213x300.jpg\" alt=\"\" width=\"213\" height=\"300\" srcset=\"https:\/\/arquivo.barreiroweb.net\/wp-content\/uploads\/2012\/04\/Dia-Internacional-Monumentos-e-Sitios-2012_Visita-Museu-Industrial-213x300.jpg 213w, https:\/\/arquivo.barreiroweb.net\/wp-content\/uploads\/2012\/04\/Dia-Internacional-Monumentos-e-Sitios-2012_Visita-Museu-Industrial.jpg 223w\" sizes=\"auto, (max-width: 213px) 100vw, 213px\" \/><\/a>Barreiro, <\/strong><strong>a 18 de Abril; com inscri\u00e7\u00f5es gratuitas<\/strong><\/p>\n<p style=\"text-align: justify;\">No \u00e2mbito das comemora\u00e7\u00f5es do Dia Internacional de Monumentos e S\u00edtios, que se assinala a 18 de Abril \u2013 este ano inspirado no tema \u201cDo Patrim\u00f3nio Mundial ao Patrim\u00f3nio Local: proteger e gerir a mudan\u00e7a\u201d \u2013, a C\u00e2mara Municipal do Barreiro (CMB) vai organizar, nessa quarta-feira, uma visita ao Museu Industrial da Ba\u00eda do Tejo, no Concelho do Barreiro. As inscri\u00e7\u00f5es (limitadas a 20 pessoas por visita) s\u00e3o gratuitas mas obrigat\u00f3rias. Poder\u00e3o ser efetuadas at\u00e9 \u00e0 v\u00e9spera, no Posto de Turismo da CMB, no Mercado Municipal 1\u00ba de Maio, Avenida Alfredo da Silva. Telefone: 21 099 0837.<\/p>\n<p style=\"text-align: justify;\">A visita ter\u00e1 in\u00edcio \u00e0s 14h30 e dura\u00e7\u00e3o aproximada de 1h15, terminando perto das 16h00. O ponto de encontro ser\u00e1 junto ao Museu Industrial, Parque Empresarial Ba\u00eda do Tejo, Rua 44, 2830-904 Barreiro, pelas 14h30.<\/p>\n<p style=\"text-align: justify;\">Coordenadas GPS: 38\u00ba39\u201954,65\u2019\u2019 N; 09\u00ba03\u201955,65 W.<\/p>\n<p style=\"text-align: justify;\">Mais informa\u00e7\u00f5es no S\u00edtio Oficial da CMB na Internet, em <a href=\"http:\/\/www.cm-barreiro.pt\">www.cm-barreiro.pt<\/a>.<\/p>\n<p style=\"text-align: right;\">CMB 2012-04-02<\/p>\n","protected":false},"excerpt":{"rendered":"<p>Barreiro, a 18 de Abril; com inscri\u00e7\u00f5es gratuitas No \u00e2mbito das comemora\u00e7\u00f5es do Dia Internacional de Monumentos e S\u00edtios, que se assinala a 18 de Abril \u2013 este ano inspirado no tema \u201cDo Patrim\u00f3nio Mundial ao Patrim\u00f3nio Local: proteger e gerir a mudan\u00e7a\u201d \u2013, a C\u00e2mara Municipal do Barreiro (CMB) vai organizar, nessa quarta-feira, uma [&hellip;]<\/p>\n","protected":false},"author":1,"featured_media":6408,"comment_status":"open","ping_status":"open","sticky":false,"template":"","format":"standard","meta":{"footnotes":""},"categories":[32,3,11],"tags":[41,151],"class_list":["post-6407","post","type-post","status-publish","format-standard","has-post-thumbnail","hentry","category-destaque","category-eventos","category-patrimonio","tag-barreiro","tag-visitas","last_archivepost"],"yoast_head":"<!-- This site is optimized with the Yoast SEO plugin v27.1.1 - https:\/\/yoast.com\/product\/yoast-seo-wordpress\/ -->\n<title>No \u00e2mbito do Dia Internacional de Monumentos e S\u00edtios - barreiroweb<\/title>\n<meta name=\"robots\" content=\"index, follow, max-snippet:-1, max-image-preview:large, max-video-preview:-1\" \/>\n<link rel=\"canonical\" href=\"https:\/\/arquivo.barreiroweb.net\/?p=6407\" \/>\n<meta property=\"og:locale\" content=\"pt_PT\" \/>\n<meta property=\"og:type\" content=\"article\" \/>\n<meta property=\"og:title\" content=\"No \u00e2mbito do Dia Internacional de Monumentos e S\u00edtios - barreiroweb\" \/>\n<meta property=\"og:description\" content=\"Barreiro, a 18 de Abril; com inscri\u00e7\u00f5es gratuitas No \u00e2mbito das comemora\u00e7\u00f5es do Dia Internacional de Monumentos e S\u00edtios, que se assinala a 18 de Abril \u2013 este ano inspirado no tema \u201cDo Patrim\u00f3nio Mundial ao Patrim\u00f3nio Local: proteger e gerir a mudan\u00e7a\u201d \u2013, a C\u00e2mara Municipal do Barreiro (CMB) vai organizar, nessa quarta-feira, uma [&hellip;]\" \/>\n<meta property=\"og:url\" content=\"https:\/\/arquivo.barreiroweb.net\/?p=6407\" \/>\n<meta property=\"og:site_name\" content=\"barreiroweb\" \/>\n<meta property=\"article:publisher\" content=\"https:\/\/www.facebook.com\/barreiroweb\" \/>\n<meta property=\"article:published_time\" content=\"2012-04-02T21:15:29+00:00\" \/>\n<meta property=\"article:modified_time\" content=\"2012-04-02T21:15:57+00:00\" \/>\n<meta property=\"og:image\" content=\"https:\/\/arquivo.barreiroweb.net\/wp-content\/uploads\/2012\/04\/Dia-Internacional-Monumentos-e-Sitios-2012_Visita-Museu-Industrial.jpg\" \/>\n\t<meta property=\"og:image:width\" content=\"223\" \/>\n\t<meta property=\"og:image:height\" content=\"314\" \/>\n\t<meta property=\"og:image:type\" content=\"image\/jpeg\" \/>\n<meta name=\"author\" content=\"barreiroweb\" \/>\n<meta name=\"twitter:card\" content=\"summary_large_image\" \/>\n<meta name=\"twitter:creator\" content=\"@barreiroweb\" \/>\n<meta name=\"twitter:site\" content=\"@barreiroweb\" \/>\n<meta name=\"twitter:label1\" content=\"Escrito por\" \/>\n\t<meta name=\"twitter:data1\" content=\"barreiroweb\" \/>\n\t<meta name=\"twitter:label2\" content=\"Tempo estimado de leitura\" \/>\n\t<meta name=\"twitter:data2\" content=\"1 minuto\" \/>\n<script type=\"application\/ld+json\" class=\"yoast-schema-graph\">{\"@context\":\"https:\/\/schema.org\",\"@graph\":[{\"@type\":\"Article\",\"@id\":\"https:\/\/arquivo.barreiroweb.net\/?p=6407#article\",\"isPartOf\":{\"@id\":\"https:\/\/arquivo.barreiroweb.net\/?p=6407\"},\"author\":{\"name\":\"barreiroweb\",\"@id\":\"https:\/\/arquivo.barreiroweb.net\/#\/schema\/person\/44b6d528aff975e3786c9f475f9df2dd\"},\"headline\":\"No \u00e2mbito do Dia Internacional de Monumentos e S\u00edtios\",\"datePublished\":\"2012-04-02T21:15:29+00:00\",\"dateModified\":\"2012-04-02T21:15:57+00:00\",\"mainEntityOfPage\":{\"@id\":\"https:\/\/arquivo.barreiroweb.net\/?p=6407\"},\"wordCount\":177,\"commentCount\":0,\"publisher\":{\"@id\":\"https:\/\/arquivo.barreiroweb.net\/#organization\"},\"image\":{\"@id\":\"https:\/\/arquivo.barreiroweb.net\/?p=6407#primaryimage\"},\"thumbnailUrl\":\"https:\/\/arquivo.barreiroweb.net\/wp-content\/uploads\/2012\/04\/Dia-Internacional-Monumentos-e-Sitios-2012_Visita-Museu-Industrial.jpg\",\"keywords\":[\"barreiro\",\"visitas\"],\"articleSection\":[\"Destaque\",\"Eventos\",\"Patrim\u00f3nio\"],\"inLanguage\":\"pt-PT\",\"potentialAction\":[{\"@type\":\"CommentAction\",\"name\":\"Comment\",\"target\":[\"https:\/\/arquivo.barreiroweb.net\/?p=6407#respond\"]}]},{\"@type\":\"WebPage\",\"@id\":\"https:\/\/arquivo.barreiroweb.net\/?p=6407\",\"url\":\"https:\/\/arquivo.barreiroweb.net\/?p=6407\",\"name\":\"No \u00e2mbito do Dia Internacional de Monumentos e S\u00edtios - barreiroweb\",\"isPartOf\":{\"@id\":\"https:\/\/arquivo.barreiroweb.net\/#website\"},\"primaryImageOfPage\":{\"@id\":\"https:\/\/arquivo.barreiroweb.net\/?p=6407#primaryimage\"},\"image\":{\"@id\":\"https:\/\/arquivo.barreiroweb.net\/?p=6407#primaryimage\"},\"thumbnailUrl\":\"https:\/\/arquivo.barreiroweb.net\/wp-content\/uploads\/2012\/04\/Dia-Internacional-Monumentos-e-Sitios-2012_Visita-Museu-Industrial.jpg\",\"datePublished\":\"2012-04-02T21:15:29+00:00\",\"dateModified\":\"2012-04-02T21:15:57+00:00\",\"breadcrumb\":{\"@id\":\"https:\/\/arquivo.barreiroweb.net\/?p=6407#breadcrumb\"},\"inLanguage\":\"pt-PT\",\"potentialAction\":[{\"@type\":\"ReadAction\",\"target\":[\"https:\/\/arquivo.barreiroweb.net\/?p=6407\"]}]},{\"@type\":\"ImageObject\",\"inLanguage\":\"pt-PT\",\"@id\":\"https:\/\/arquivo.barreiroweb.net\/?p=6407#primaryimage\",\"url\":\"https:\/\/arquivo.barreiroweb.net\/wp-content\/uploads\/2012\/04\/Dia-Internacional-Monumentos-e-Sitios-2012_Visita-Museu-Industrial.jpg\",\"contentUrl\":\"https:\/\/arquivo.barreiroweb.net\/wp-content\/uploads\/2012\/04\/Dia-Internacional-Monumentos-e-Sitios-2012_Visita-Museu-Industrial.jpg\",\"width\":\"223\",\"height\":\"314\"},{\"@type\":\"BreadcrumbList\",\"@id\":\"https:\/\/arquivo.barreiroweb.net\/?p=6407#breadcrumb\",\"itemListElement\":[{\"@type\":\"ListItem\",\"position\":1,\"name\":\"In\u00edcio\",\"item\":\"https:\/\/arquivo.barreiroweb.net\/\"},{\"@type\":\"ListItem\",\"position\":2,\"name\":\"No \u00e2mbito do Dia Internacional de Monumentos e S\u00edtios\"}]},{\"@type\":\"WebSite\",\"@id\":\"https:\/\/arquivo.barreiroweb.net\/#website\",\"url\":\"https:\/\/arquivo.barreiroweb.net\/\",\"name\":\"barreiroweb\",\"description\":\"Barreiroweb o barreiro na web\",\"publisher\":{\"@id\":\"https:\/\/arquivo.barreiroweb.net\/#organization\"},\"potentialAction\":[{\"@type\":\"SearchAction\",\"target\":{\"@type\":\"EntryPoint\",\"urlTemplate\":\"https:\/\/arquivo.barreiroweb.net\/?s={search_term_string}\"},\"query-input\":{\"@type\":\"PropertyValueSpecification\",\"valueRequired\":true,\"valueName\":\"search_term_string\"}}],\"inLanguage\":\"pt-PT\"},{\"@type\":\"Organization\",\"@id\":\"https:\/\/arquivo.barreiroweb.net\/#organization\",\"name\":\"barreiroweb\",\"url\":\"https:\/\/arquivo.barreiroweb.net\/\",\"logo\":{\"@type\":\"ImageObject\",\"inLanguage\":\"pt-PT\",\"@id\":\"https:\/\/arquivo.barreiroweb.net\/#\/schema\/logo\/image\/\",\"url\":\"https:\/\/barreiroweb.net\/wp-content\/uploads\/2022\/05\/BarreiroWeb555.jpg\",\"contentUrl\":\"https:\/\/barreiroweb.net\/wp-content\/uploads\/2022\/05\/BarreiroWeb555.jpg\",\"width\":421,\"height\":415,\"caption\":\"barreiroweb\"},\"image\":{\"@id\":\"https:\/\/arquivo.barreiroweb.net\/#\/schema\/logo\/image\/\"},\"sameAs\":[\"https:\/\/www.facebook.com\/barreiroweb\",\"https:\/\/x.com\/barreiroweb\"]},{\"@type\":\"Person\",\"@id\":\"https:\/\/arquivo.barreiroweb.net\/#\/schema\/person\/44b6d528aff975e3786c9f475f9df2dd\",\"name\":\"barreiroweb\",\"image\":{\"@type\":\"ImageObject\",\"inLanguage\":\"pt-PT\",\"@id\":\"https:\/\/arquivo.barreiroweb.net\/#\/schema\/person\/image\/\",\"url\":\"https:\/\/secure.gravatar.com\/avatar\/1f764b917967430404ff0b452044eb63a25d64a5363b25be2aa42273930f477d?s=96&d=mm&r=g\",\"contentUrl\":\"https:\/\/secure.gravatar.com\/avatar\/1f764b917967430404ff0b452044eb63a25d64a5363b25be2aa42273930f477d?s=96&d=mm&r=g\",\"caption\":\"barreiroweb\"},\"url\":\"https:\/\/arquivo.barreiroweb.net\/?author=1\"}]}<\/script>\n<!-- \/ Yoast SEO plugin. -->","yoast_head_json":{"title":"No \u00e2mbito do Dia Internacional de Monumentos e S\u00edtios - barreiroweb","robots":{"index":"index","follow":"follow","max-snippet":"max-snippet:-1","max-image-preview":"max-image-preview:large","max-video-preview":"max-video-preview:-1"},"canonical":"https:\/\/arquivo.barreiroweb.net\/?p=6407","og_locale":"pt_PT","og_type":"article","og_title":"No \u00e2mbito do Dia Internacional de Monumentos e S\u00edtios - barreiroweb","og_description":"Barreiro, a 18 de Abril; com inscri\u00e7\u00f5es gratuitas No \u00e2mbito das comemora\u00e7\u00f5es do Dia Internacional de Monumentos e S\u00edtios, que se assinala a 18 de Abril \u2013 este ano inspirado no tema \u201cDo Patrim\u00f3nio Mundial ao Patrim\u00f3nio Local: proteger e gerir a mudan\u00e7a\u201d \u2013, a C\u00e2mara Municipal do Barreiro (CMB) vai organizar, nessa quarta-feira, uma [&hellip;]","og_url":"https:\/\/arquivo.barreiroweb.net\/?p=6407","og_site_name":"barreiroweb","article_publisher":"https:\/\/www.facebook.com\/barreiroweb","article_published_time":"2012-04-02T21:15:29+00:00","article_modified_time":"2012-04-02T21:15:57+00:00","og_image":[{"width":223,"height":314,"url":"https:\/\/arquivo.barreiroweb.net\/wp-content\/uploads\/2012\/04\/Dia-Internacional-Monumentos-e-Sitios-2012_Visita-Museu-Industrial.jpg","type":"image\/jpeg"}],"author":"barreiroweb","twitter_card":"summary_large_image","twitter_creator":"@barreiroweb","twitter_site":"@barreiroweb","twitter_misc":{"Escrito por":"barreiroweb","Tempo estimado de leitura":"1 minuto"},"schema":{"@context":"https:\/\/schema.org","@graph":[{"@type":"Article","@id":"https:\/\/arquivo.barreiroweb.net\/?p=6407#article","isPartOf":{"@id":"https:\/\/arquivo.barreiroweb.net\/?p=6407"},"author":{"name":"barreiroweb","@id":"https:\/\/arquivo.barreiroweb.net\/#\/schema\/person\/44b6d528aff975e3786c9f475f9df2dd"},"headline":"No \u00e2mbito do Dia Internacional de Monumentos e S\u00edtios","datePublished":"2012-04-02T21:15:29+00:00","dateModified":"2012-04-02T21:15:57+00:00","mainEntityOfPage":{"@id":"https:\/\/arquivo.barreiroweb.net\/?p=6407"},"wordCount":177,"commentCount":0,"publisher":{"@id":"https:\/\/arquivo.barreiroweb.net\/#organization"},"image":{"@id":"https:\/\/arquivo.barreiroweb.net\/?p=6407#primaryimage"},"thumbnailUrl":"https:\/\/arquivo.barreiroweb.net\/wp-content\/uploads\/2012\/04\/Dia-Internacional-Monumentos-e-Sitios-2012_Visita-Museu-Industrial.jpg","keywords":["barreiro","visitas"],"articleSection":["Destaque","Eventos","Patrim\u00f3nio"],"inLanguage":"pt-PT","potentialAction":[{"@type":"CommentAction","name":"Comment","target":["https:\/\/arquivo.barreiroweb.net\/?p=6407#respond"]}]},{"@type":"WebPage","@id":"https:\/\/arquivo.barreiroweb.net\/?p=6407","url":"https:\/\/arquivo.barreiroweb.net\/?p=6407","name":"No \u00e2mbito do Dia Internacional de Monumentos e S\u00edtios - barreiroweb","isPartOf":{"@id":"https:\/\/arquivo.barreiroweb.net\/#website"},"primaryImageOfPage":{"@id":"https:\/\/arquivo.barreiroweb.net\/?p=6407#primaryimage"},"image":{"@id":"https:\/\/arquivo.barreiroweb.net\/?p=6407#primaryimage"},"thumbnailUrl":"https:\/\/arquivo.barreiroweb.net\/wp-content\/uploads\/2012\/04\/Dia-Internacional-Monumentos-e-Sitios-2012_Visita-Museu-Industrial.jpg","datePublished":"2012-04-02T21:15:29+00:00","dateModified":"2012-04-02T21:15:57+00:00","breadcrumb":{"@id":"https:\/\/arquivo.barreiroweb.net\/?p=6407#breadcrumb"},"inLanguage":"pt-PT","potentialAction":[{"@type":"ReadAction","target":["https:\/\/arquivo.barreiroweb.net\/?p=6407"]}]},{"@type":"ImageObject","inLanguage":"pt-PT","@id":"https:\/\/arquivo.barreiroweb.net\/?p=6407#primaryimage","url":"https:\/\/arquivo.barreiroweb.net\/wp-content\/uploads\/2012\/04\/Dia-Internacional-Monumentos-e-Sitios-2012_Visita-Museu-Industrial.jpg","contentUrl":"https:\/\/arquivo.barreiroweb.net\/wp-content\/uploads\/2012\/04\/Dia-Internacional-Monumentos-e-Sitios-2012_Visita-Museu-Industrial.jpg","width":"223","height":"314"},{"@type":"BreadcrumbList","@id":"https:\/\/arquivo.barreiroweb.net\/?p=6407#breadcrumb","itemListElement":[{"@type":"ListItem","position":1,"name":"In\u00edcio","item":"https:\/\/arquivo.barreiroweb.net\/"},{"@type":"ListItem","position":2,"name":"No \u00e2mbito do Dia Internacional de Monumentos e S\u00edtios"}]},{"@type":"WebSite","@id":"https:\/\/arquivo.barreiroweb.net\/#website","url":"https:\/\/arquivo.barreiroweb.net\/","name":"barreiroweb","description":"Barreiroweb o barreiro na web","publisher":{"@id":"https:\/\/arquivo.barreiroweb.net\/#organization"},"potentialAction":[{"@type":"SearchAction","target":{"@type":"EntryPoint","urlTemplate":"https:\/\/arquivo.barreiroweb.net\/?s={search_term_string}"},"query-input":{"@type":"PropertyValueSpecification","valueRequired":true,"valueName":"search_term_string"}}],"inLanguage":"pt-PT"},{"@type":"Organization","@id":"https:\/\/arquivo.barreiroweb.net\/#organization","name":"barreiroweb","url":"https:\/\/arquivo.barreiroweb.net\/","logo":{"@type":"ImageObject","inLanguage":"pt-PT","@id":"https:\/\/arquivo.barreiroweb.net\/#\/schema\/logo\/image\/","url":"https:\/\/barreiroweb.net\/wp-content\/uploads\/2022\/05\/BarreiroWeb555.jpg","contentUrl":"https:\/\/barreiroweb.net\/wp-content\/uploads\/2022\/05\/BarreiroWeb555.jpg","width":421,"height":415,"caption":"barreiroweb"},"image":{"@id":"https:\/\/arquivo.barreiroweb.net\/#\/schema\/logo\/image\/"},"sameAs":["https:\/\/www.facebook.com\/barreiroweb","https:\/\/x.com\/barreiroweb"]},{"@type":"Person","@id":"https:\/\/arquivo.barreiroweb.net\/#\/schema\/person\/44b6d528aff975e3786c9f475f9df2dd","name":"barreiroweb","image":{"@type":"ImageObject","inLanguage":"pt-PT","@id":"https:\/\/arquivo.barreiroweb.net\/#\/schema\/person\/image\/","url":"https:\/\/secure.gravatar.com\/avatar\/1f764b917967430404ff0b452044eb63a25d64a5363b25be2aa42273930f477d?s=96&d=mm&r=g","contentUrl":"https:\/\/secure.gravatar.com\/avatar\/1f764b917967430404ff0b452044eb63a25d64a5363b25be2aa42273930f477d?s=96&d=mm&r=g","caption":"barreiroweb"},"url":"https:\/\/arquivo.barreiroweb.net\/?author=1"}]}},"_links":{"self":[{"href":"https:\/\/arquivo.barreiroweb.net\/index.php?rest_route=\/wp\/v2\/posts\/6407","targetHints":{"allow":["GET"]}}],"collection":[{"href":"https:\/\/arquivo.barreiroweb.net\/index.php?rest_route=\/wp\/v2\/posts"}],"about":[{"href":"https:\/\/arquivo.barreiroweb.net\/index.php?rest_route=\/wp\/v2\/types\/post"}],"author":[{"embeddable":true,"href":"https:\/\/arquivo.barreiroweb.net\/index.php?rest_route=\/wp\/v2\/users\/1"}],"replies":[{"embeddable":true,"href":"https:\/\/arquivo.barreiroweb.net\/index.php?rest_route=%2Fwp%2Fv2%2Fcomments&post=6407"}],"version-history":[{"count":5,"href":"https:\/\/arquivo.barreiroweb.net\/index.php?rest_route=\/wp\/v2\/posts\/6407\/revisions"}],"predecessor-version":[{"id":6413,"href":"https:\/\/arquivo.barreiroweb.net\/index.php?rest_route=\/wp\/v2\/posts\/6407\/revisions\/6413"}],"wp:featuredmedia":[{"embeddable":true,"href":"https:\/\/arquivo.barreiroweb.net\/index.php?rest_route=\/wp\/v2\/media\/6408"}],"wp:attachment":[{"href":"https:\/\/arquivo.barreiroweb.net\/index.php?rest_route=%2Fwp%2Fv2%2Fmedia&parent=6407"}],"wp:term":[{"taxonomy":"category","embeddable":true,"href":"https:\/\/arquivo.barreiroweb.net\/index.php?rest_route=%2Fwp%2Fv2%2Fcategories&post=6407"},{"taxonomy":"post_tag","embeddable":true,"href":"https:\/\/arquivo.barreiroweb.net\/index.php?rest_route=%2Fwp%2Fv2%2Ftags&post=6407"}],"curies":[{"name":"wp","href":"https:\/\/api.w.org\/{rel}","templated":true}]}}