{"id":6287,"date":"2012-03-29T00:59:44","date_gmt":"2012-03-28T23:59:44","guid":{"rendered":"http:\/\/barreiroweb.eu\/?p=6287"},"modified":"2012-03-29T01:00:11","modified_gmt":"2012-03-29T00:00:11","slug":"municipio-da-moita-adere-a-hora-do-planeta2012","status":"publish","type":"post","link":"https:\/\/arquivo.barreiroweb.net\/?p=6287","title":{"rendered":"Munic\u00edpio da Moita adere \u00e0 \u201cHora do Planeta\/2012\u201d"},"content":{"rendered":"<p style=\"text-align: justify;\"><a href=\"http:\/\/barreiroweb.eu\/?attachment_id=6284\" rel=\"attachment wp-att-6284\"><img loading=\"lazy\" decoding=\"async\" class=\"alignleft size-thumbnail wp-image-6284\" title=\"Moita Metal Fest\" src=\"http:\/\/barreiroweb.eu\/wp-content\/uploads\/2012\/03\/Moita-Metal-Fest-150x150.jpg\" alt=\"\" width=\"150\" height=\"150\" srcset=\"https:\/\/arquivo.barreiroweb.net\/wp-content\/uploads\/2012\/03\/Moita-Metal-Fest-150x150.jpg 150w, https:\/\/arquivo.barreiroweb.net\/wp-content\/uploads\/2012\/03\/Moita-Metal-Fest-50x50.jpg 50w, https:\/\/arquivo.barreiroweb.net\/wp-content\/uploads\/2012\/03\/Moita-Metal-Fest-70x70.jpg 70w, https:\/\/arquivo.barreiroweb.net\/wp-content\/uploads\/2012\/03\/Moita-Metal-Fest-55x55.jpg 55w\" sizes=\"auto, (max-width: 150px) 100vw, 150px\" \/><\/a>A convite da ANMP \u2013 Associa\u00e7\u00e3o Nacional de Munic\u00edpios Portugueses, o munic\u00edpio da Moita vai aderir \u00e0 iniciativa da Organiza\u00e7\u00e3o Global de Conserva\u00e7\u00e3o de Natureza WWF (World Wildlife Found) \u2013 \u201cHora do Planeta\u201d, desligando todas as luzes do F\u00f3rum Cultural Jos\u00e9 Manuel Figueiredo, na Baixa da Banheira, das quatro bibliotecas municipais \u2013 Bento de Jesus Cara\u00e7a, na Moita, Alhos Vedros, Baixa da Banheira e Vale da Amoreira, dos Reservat\u00f3rios Elevados de Alhos Vedros e Baixa da Banheira e do edif\u00edcio dos Pa\u00e7os do Concelho, na Moita, no dia 31 de mar\u00e7o, entre as 20:30h e as 21:30h.<\/p>\n<p style=\"text-align: justify;\">J\u00e1 na sexta edi\u00e7\u00e3o, esta iniciativa, apesar de simb\u00f3lica, \u00e9 uma a\u00e7\u00e3o global de combate \u00e0s altera\u00e7\u00f5es clim\u00e1ticas e de est\u00edmulo \u00e0 consci\u00eancia de todos para esta problem\u00e1tica.<\/p>\n<p style=\"text-align: justify;\">Em 135 pa\u00edses e territ\u00f3rios de todos os continentes, no dia 31 de mar\u00e7o, entre as 20:30h e as 21:30h, v\u00e3o ser desligadas as luzes, interiores e exteriores, dos edif\u00edcios e monumentos emblem\u00e1ticos das cidades, bem como das resid\u00eancias particulares. A C\u00e2mara Municipal da Moita convida tamb\u00e9m a comunidade a participar, desligando, naquele per\u00edodo, as luzes das suas resid\u00eancias ou de outros edif\u00edcios.<\/p>\n","protected":false},"excerpt":{"rendered":"<p>A convite da ANMP \u2013 Associa\u00e7\u00e3o Nacional de Munic\u00edpios Portugueses, o munic\u00edpio da Moita vai aderir \u00e0 iniciativa da Organiza\u00e7\u00e3o Global de Conserva\u00e7\u00e3o de Natureza WWF (World Wildlife Found) \u2013 \u201cHora do Planeta\u201d, desligando todas as luzes do F\u00f3rum Cultural Jos\u00e9 Manuel Figueiredo, na Baixa da Banheira, das quatro bibliotecas municipais \u2013 Bento de Jesus [&hellip;]<\/p>\n","protected":false},"author":1,"featured_media":6288,"comment_status":"open","ping_status":"open","sticky":false,"template":"","format":"standard","meta":{"footnotes":""},"categories":[32,3],"tags":[],"class_list":["post-6287","post","type-post","status-publish","format-standard","has-post-thumbnail","hentry","category-destaque","category-eventos","last_archivepost"],"yoast_head":"<!-- This site is optimized with the Yoast SEO plugin v27.1.1 - https:\/\/yoast.com\/product\/yoast-seo-wordpress\/ -->\n<title>Munic\u00edpio da Moita adere \u00e0 \u201cHora do Planeta\/2012\u201d - barreiroweb<\/title>\n<meta name=\"robots\" content=\"index, follow, max-snippet:-1, max-image-preview:large, max-video-preview:-1\" \/>\n<link rel=\"canonical\" href=\"https:\/\/arquivo.barreiroweb.net\/?p=6287\" \/>\n<meta property=\"og:locale\" content=\"pt_PT\" \/>\n<meta property=\"og:type\" content=\"article\" \/>\n<meta property=\"og:title\" content=\"Munic\u00edpio da Moita adere \u00e0 \u201cHora do Planeta\/2012\u201d - barreiroweb\" \/>\n<meta property=\"og:description\" content=\"A convite da ANMP \u2013 Associa\u00e7\u00e3o Nacional de Munic\u00edpios Portugueses, o munic\u00edpio da Moita vai aderir \u00e0 iniciativa da Organiza\u00e7\u00e3o Global de Conserva\u00e7\u00e3o de Natureza WWF (World Wildlife Found) \u2013 \u201cHora do Planeta\u201d, desligando todas as luzes do F\u00f3rum Cultural Jos\u00e9 Manuel Figueiredo, na Baixa da Banheira, das quatro bibliotecas municipais \u2013 Bento de Jesus [&hellip;]\" \/>\n<meta property=\"og:url\" content=\"https:\/\/arquivo.barreiroweb.net\/?p=6287\" \/>\n<meta property=\"og:site_name\" content=\"barreiroweb\" \/>\n<meta property=\"article:publisher\" content=\"https:\/\/www.facebook.com\/barreiroweb\" \/>\n<meta property=\"article:published_time\" content=\"2012-03-28T23:59:44+00:00\" \/>\n<meta property=\"article:modified_time\" content=\"2012-03-29T00:00:11+00:00\" \/>\n<meta property=\"og:image\" content=\"https:\/\/arquivo.barreiroweb.net\/wp-content\/uploads\/2012\/03\/HoraPlaneta_Logo1-2.jpg\" \/>\n\t<meta property=\"og:image:width\" content=\"239\" \/>\n\t<meta property=\"og:image:height\" content=\"235\" \/>\n\t<meta property=\"og:image:type\" content=\"image\/jpeg\" \/>\n<meta name=\"author\" content=\"barreiroweb\" \/>\n<meta name=\"twitter:card\" content=\"summary_large_image\" \/>\n<meta name=\"twitter:creator\" content=\"@barreiroweb\" \/>\n<meta name=\"twitter:site\" content=\"@barreiroweb\" \/>\n<meta name=\"twitter:label1\" content=\"Escrito por\" \/>\n\t<meta name=\"twitter:data1\" content=\"barreiroweb\" \/>\n\t<meta name=\"twitter:label2\" content=\"Tempo estimado de leitura\" \/>\n\t<meta name=\"twitter:data2\" content=\"1 minuto\" \/>\n<script type=\"application\/ld+json\" class=\"yoast-schema-graph\">{\"@context\":\"https:\/\/schema.org\",\"@graph\":[{\"@type\":\"Article\",\"@id\":\"https:\/\/arquivo.barreiroweb.net\/?p=6287#article\",\"isPartOf\":{\"@id\":\"https:\/\/arquivo.barreiroweb.net\/?p=6287\"},\"author\":{\"name\":\"barreiroweb\",\"@id\":\"https:\/\/arquivo.barreiroweb.net\/#\/schema\/person\/44b6d528aff975e3786c9f475f9df2dd\"},\"headline\":\"Munic\u00edpio da Moita adere \u00e0 \u201cHora do Planeta\/2012\u201d\",\"datePublished\":\"2012-03-28T23:59:44+00:00\",\"dateModified\":\"2012-03-29T00:00:11+00:00\",\"mainEntityOfPage\":{\"@id\":\"https:\/\/arquivo.barreiroweb.net\/?p=6287\"},\"wordCount\":218,\"commentCount\":0,\"publisher\":{\"@id\":\"https:\/\/arquivo.barreiroweb.net\/#organization\"},\"image\":{\"@id\":\"https:\/\/arquivo.barreiroweb.net\/?p=6287#primaryimage\"},\"thumbnailUrl\":\"https:\/\/arquivo.barreiroweb.net\/wp-content\/uploads\/2012\/03\/HoraPlaneta_Logo1-2.jpg\",\"articleSection\":[\"Destaque\",\"Eventos\"],\"inLanguage\":\"pt-PT\",\"potentialAction\":[{\"@type\":\"CommentAction\",\"name\":\"Comment\",\"target\":[\"https:\/\/arquivo.barreiroweb.net\/?p=6287#respond\"]}]},{\"@type\":\"WebPage\",\"@id\":\"https:\/\/arquivo.barreiroweb.net\/?p=6287\",\"url\":\"https:\/\/arquivo.barreiroweb.net\/?p=6287\",\"name\":\"Munic\u00edpio da Moita adere \u00e0 \u201cHora do Planeta\/2012\u201d - barreiroweb\",\"isPartOf\":{\"@id\":\"https:\/\/arquivo.barreiroweb.net\/#website\"},\"primaryImageOfPage\":{\"@id\":\"https:\/\/arquivo.barreiroweb.net\/?p=6287#primaryimage\"},\"image\":{\"@id\":\"https:\/\/arquivo.barreiroweb.net\/?p=6287#primaryimage\"},\"thumbnailUrl\":\"https:\/\/arquivo.barreiroweb.net\/wp-content\/uploads\/2012\/03\/HoraPlaneta_Logo1-2.jpg\",\"datePublished\":\"2012-03-28T23:59:44+00:00\",\"dateModified\":\"2012-03-29T00:00:11+00:00\",\"breadcrumb\":{\"@id\":\"https:\/\/arquivo.barreiroweb.net\/?p=6287#breadcrumb\"},\"inLanguage\":\"pt-PT\",\"potentialAction\":[{\"@type\":\"ReadAction\",\"target\":[\"https:\/\/arquivo.barreiroweb.net\/?p=6287\"]}]},{\"@type\":\"ImageObject\",\"inLanguage\":\"pt-PT\",\"@id\":\"https:\/\/arquivo.barreiroweb.net\/?p=6287#primaryimage\",\"url\":\"https:\/\/arquivo.barreiroweb.net\/wp-content\/uploads\/2012\/03\/HoraPlaneta_Logo1-2.jpg\",\"contentUrl\":\"https:\/\/arquivo.barreiroweb.net\/wp-content\/uploads\/2012\/03\/HoraPlaneta_Logo1-2.jpg\",\"width\":\"239\",\"height\":\"235\"},{\"@type\":\"BreadcrumbList\",\"@id\":\"https:\/\/arquivo.barreiroweb.net\/?p=6287#breadcrumb\",\"itemListElement\":[{\"@type\":\"ListItem\",\"position\":1,\"name\":\"In\u00edcio\",\"item\":\"https:\/\/arquivo.barreiroweb.net\/\"},{\"@type\":\"ListItem\",\"position\":2,\"name\":\"Munic\u00edpio da Moita adere \u00e0 \u201cHora do Planeta\/2012\u201d\"}]},{\"@type\":\"WebSite\",\"@id\":\"https:\/\/arquivo.barreiroweb.net\/#website\",\"url\":\"https:\/\/arquivo.barreiroweb.net\/\",\"name\":\"barreiroweb\",\"description\":\"Barreiroweb o barreiro na web\",\"publisher\":{\"@id\":\"https:\/\/arquivo.barreiroweb.net\/#organization\"},\"potentialAction\":[{\"@type\":\"SearchAction\",\"target\":{\"@type\":\"EntryPoint\",\"urlTemplate\":\"https:\/\/arquivo.barreiroweb.net\/?s={search_term_string}\"},\"query-input\":{\"@type\":\"PropertyValueSpecification\",\"valueRequired\":true,\"valueName\":\"search_term_string\"}}],\"inLanguage\":\"pt-PT\"},{\"@type\":\"Organization\",\"@id\":\"https:\/\/arquivo.barreiroweb.net\/#organization\",\"name\":\"barreiroweb\",\"url\":\"https:\/\/arquivo.barreiroweb.net\/\",\"logo\":{\"@type\":\"ImageObject\",\"inLanguage\":\"pt-PT\",\"@id\":\"https:\/\/arquivo.barreiroweb.net\/#\/schema\/logo\/image\/\",\"url\":\"https:\/\/barreiroweb.net\/wp-content\/uploads\/2022\/05\/BarreiroWeb555.jpg\",\"contentUrl\":\"https:\/\/barreiroweb.net\/wp-content\/uploads\/2022\/05\/BarreiroWeb555.jpg\",\"width\":421,\"height\":415,\"caption\":\"barreiroweb\"},\"image\":{\"@id\":\"https:\/\/arquivo.barreiroweb.net\/#\/schema\/logo\/image\/\"},\"sameAs\":[\"https:\/\/www.facebook.com\/barreiroweb\",\"https:\/\/x.com\/barreiroweb\"]},{\"@type\":\"Person\",\"@id\":\"https:\/\/arquivo.barreiroweb.net\/#\/schema\/person\/44b6d528aff975e3786c9f475f9df2dd\",\"name\":\"barreiroweb\",\"image\":{\"@type\":\"ImageObject\",\"inLanguage\":\"pt-PT\",\"@id\":\"https:\/\/arquivo.barreiroweb.net\/#\/schema\/person\/image\/\",\"url\":\"https:\/\/secure.gravatar.com\/avatar\/1f764b917967430404ff0b452044eb63a25d64a5363b25be2aa42273930f477d?s=96&d=mm&r=g\",\"contentUrl\":\"https:\/\/secure.gravatar.com\/avatar\/1f764b917967430404ff0b452044eb63a25d64a5363b25be2aa42273930f477d?s=96&d=mm&r=g\",\"caption\":\"barreiroweb\"},\"url\":\"https:\/\/arquivo.barreiroweb.net\/?author=1\"}]}<\/script>\n<!-- \/ Yoast SEO plugin. -->","yoast_head_json":{"title":"Munic\u00edpio da Moita adere \u00e0 \u201cHora do Planeta\/2012\u201d - barreiroweb","robots":{"index":"index","follow":"follow","max-snippet":"max-snippet:-1","max-image-preview":"max-image-preview:large","max-video-preview":"max-video-preview:-1"},"canonical":"https:\/\/arquivo.barreiroweb.net\/?p=6287","og_locale":"pt_PT","og_type":"article","og_title":"Munic\u00edpio da Moita adere \u00e0 \u201cHora do Planeta\/2012\u201d - barreiroweb","og_description":"A convite da ANMP \u2013 Associa\u00e7\u00e3o Nacional de Munic\u00edpios Portugueses, o munic\u00edpio da Moita vai aderir \u00e0 iniciativa da Organiza\u00e7\u00e3o Global de Conserva\u00e7\u00e3o de Natureza WWF (World Wildlife Found) \u2013 \u201cHora do Planeta\u201d, desligando todas as luzes do F\u00f3rum Cultural Jos\u00e9 Manuel Figueiredo, na Baixa da Banheira, das quatro bibliotecas municipais \u2013 Bento de Jesus [&hellip;]","og_url":"https:\/\/arquivo.barreiroweb.net\/?p=6287","og_site_name":"barreiroweb","article_publisher":"https:\/\/www.facebook.com\/barreiroweb","article_published_time":"2012-03-28T23:59:44+00:00","article_modified_time":"2012-03-29T00:00:11+00:00","og_image":[{"width":239,"height":235,"url":"https:\/\/arquivo.barreiroweb.net\/wp-content\/uploads\/2012\/03\/HoraPlaneta_Logo1-2.jpg","type":"image\/jpeg"}],"author":"barreiroweb","twitter_card":"summary_large_image","twitter_creator":"@barreiroweb","twitter_site":"@barreiroweb","twitter_misc":{"Escrito por":"barreiroweb","Tempo estimado de leitura":"1 minuto"},"schema":{"@context":"https:\/\/schema.org","@graph":[{"@type":"Article","@id":"https:\/\/arquivo.barreiroweb.net\/?p=6287#article","isPartOf":{"@id":"https:\/\/arquivo.barreiroweb.net\/?p=6287"},"author":{"name":"barreiroweb","@id":"https:\/\/arquivo.barreiroweb.net\/#\/schema\/person\/44b6d528aff975e3786c9f475f9df2dd"},"headline":"Munic\u00edpio da Moita adere \u00e0 \u201cHora do Planeta\/2012\u201d","datePublished":"2012-03-28T23:59:44+00:00","dateModified":"2012-03-29T00:00:11+00:00","mainEntityOfPage":{"@id":"https:\/\/arquivo.barreiroweb.net\/?p=6287"},"wordCount":218,"commentCount":0,"publisher":{"@id":"https:\/\/arquivo.barreiroweb.net\/#organization"},"image":{"@id":"https:\/\/arquivo.barreiroweb.net\/?p=6287#primaryimage"},"thumbnailUrl":"https:\/\/arquivo.barreiroweb.net\/wp-content\/uploads\/2012\/03\/HoraPlaneta_Logo1-2.jpg","articleSection":["Destaque","Eventos"],"inLanguage":"pt-PT","potentialAction":[{"@type":"CommentAction","name":"Comment","target":["https:\/\/arquivo.barreiroweb.net\/?p=6287#respond"]}]},{"@type":"WebPage","@id":"https:\/\/arquivo.barreiroweb.net\/?p=6287","url":"https:\/\/arquivo.barreiroweb.net\/?p=6287","name":"Munic\u00edpio da Moita adere \u00e0 \u201cHora do Planeta\/2012\u201d - barreiroweb","isPartOf":{"@id":"https:\/\/arquivo.barreiroweb.net\/#website"},"primaryImageOfPage":{"@id":"https:\/\/arquivo.barreiroweb.net\/?p=6287#primaryimage"},"image":{"@id":"https:\/\/arquivo.barreiroweb.net\/?p=6287#primaryimage"},"thumbnailUrl":"https:\/\/arquivo.barreiroweb.net\/wp-content\/uploads\/2012\/03\/HoraPlaneta_Logo1-2.jpg","datePublished":"2012-03-28T23:59:44+00:00","dateModified":"2012-03-29T00:00:11+00:00","breadcrumb":{"@id":"https:\/\/arquivo.barreiroweb.net\/?p=6287#breadcrumb"},"inLanguage":"pt-PT","potentialAction":[{"@type":"ReadAction","target":["https:\/\/arquivo.barreiroweb.net\/?p=6287"]}]},{"@type":"ImageObject","inLanguage":"pt-PT","@id":"https:\/\/arquivo.barreiroweb.net\/?p=6287#primaryimage","url":"https:\/\/arquivo.barreiroweb.net\/wp-content\/uploads\/2012\/03\/HoraPlaneta_Logo1-2.jpg","contentUrl":"https:\/\/arquivo.barreiroweb.net\/wp-content\/uploads\/2012\/03\/HoraPlaneta_Logo1-2.jpg","width":"239","height":"235"},{"@type":"BreadcrumbList","@id":"https:\/\/arquivo.barreiroweb.net\/?p=6287#breadcrumb","itemListElement":[{"@type":"ListItem","position":1,"name":"In\u00edcio","item":"https:\/\/arquivo.barreiroweb.net\/"},{"@type":"ListItem","position":2,"name":"Munic\u00edpio da Moita adere \u00e0 \u201cHora do Planeta\/2012\u201d"}]},{"@type":"WebSite","@id":"https:\/\/arquivo.barreiroweb.net\/#website","url":"https:\/\/arquivo.barreiroweb.net\/","name":"barreiroweb","description":"Barreiroweb o barreiro na web","publisher":{"@id":"https:\/\/arquivo.barreiroweb.net\/#organization"},"potentialAction":[{"@type":"SearchAction","target":{"@type":"EntryPoint","urlTemplate":"https:\/\/arquivo.barreiroweb.net\/?s={search_term_string}"},"query-input":{"@type":"PropertyValueSpecification","valueRequired":true,"valueName":"search_term_string"}}],"inLanguage":"pt-PT"},{"@type":"Organization","@id":"https:\/\/arquivo.barreiroweb.net\/#organization","name":"barreiroweb","url":"https:\/\/arquivo.barreiroweb.net\/","logo":{"@type":"ImageObject","inLanguage":"pt-PT","@id":"https:\/\/arquivo.barreiroweb.net\/#\/schema\/logo\/image\/","url":"https:\/\/barreiroweb.net\/wp-content\/uploads\/2022\/05\/BarreiroWeb555.jpg","contentUrl":"https:\/\/barreiroweb.net\/wp-content\/uploads\/2022\/05\/BarreiroWeb555.jpg","width":421,"height":415,"caption":"barreiroweb"},"image":{"@id":"https:\/\/arquivo.barreiroweb.net\/#\/schema\/logo\/image\/"},"sameAs":["https:\/\/www.facebook.com\/barreiroweb","https:\/\/x.com\/barreiroweb"]},{"@type":"Person","@id":"https:\/\/arquivo.barreiroweb.net\/#\/schema\/person\/44b6d528aff975e3786c9f475f9df2dd","name":"barreiroweb","image":{"@type":"ImageObject","inLanguage":"pt-PT","@id":"https:\/\/arquivo.barreiroweb.net\/#\/schema\/person\/image\/","url":"https:\/\/secure.gravatar.com\/avatar\/1f764b917967430404ff0b452044eb63a25d64a5363b25be2aa42273930f477d?s=96&d=mm&r=g","contentUrl":"https:\/\/secure.gravatar.com\/avatar\/1f764b917967430404ff0b452044eb63a25d64a5363b25be2aa42273930f477d?s=96&d=mm&r=g","caption":"barreiroweb"},"url":"https:\/\/arquivo.barreiroweb.net\/?author=1"}]}},"_links":{"self":[{"href":"https:\/\/arquivo.barreiroweb.net\/index.php?rest_route=\/wp\/v2\/posts\/6287","targetHints":{"allow":["GET"]}}],"collection":[{"href":"https:\/\/arquivo.barreiroweb.net\/index.php?rest_route=\/wp\/v2\/posts"}],"about":[{"href":"https:\/\/arquivo.barreiroweb.net\/index.php?rest_route=\/wp\/v2\/types\/post"}],"author":[{"embeddable":true,"href":"https:\/\/arquivo.barreiroweb.net\/index.php?rest_route=\/wp\/v2\/users\/1"}],"replies":[{"embeddable":true,"href":"https:\/\/arquivo.barreiroweb.net\/index.php?rest_route=%2Fwp%2Fv2%2Fcomments&post=6287"}],"version-history":[{"count":4,"href":"https:\/\/arquivo.barreiroweb.net\/index.php?rest_route=\/wp\/v2\/posts\/6287\/revisions"}],"predecessor-version":[{"id":6292,"href":"https:\/\/arquivo.barreiroweb.net\/index.php?rest_route=\/wp\/v2\/posts\/6287\/revisions\/6292"}],"wp:featuredmedia":[{"embeddable":true,"href":"https:\/\/arquivo.barreiroweb.net\/index.php?rest_route=\/wp\/v2\/media\/6288"}],"wp:attachment":[{"href":"https:\/\/arquivo.barreiroweb.net\/index.php?rest_route=%2Fwp%2Fv2%2Fmedia&parent=6287"}],"wp:term":[{"taxonomy":"category","embeddable":true,"href":"https:\/\/arquivo.barreiroweb.net\/index.php?rest_route=%2Fwp%2Fv2%2Fcategories&post=6287"},{"taxonomy":"post_tag","embeddable":true,"href":"https:\/\/arquivo.barreiroweb.net\/index.php?rest_route=%2Fwp%2Fv2%2Ftags&post=6287"}],"curies":[{"name":"wp","href":"https:\/\/api.w.org\/{rel}","templated":true}]}}