{"id":6110,"date":"2012-02-29T21:35:56","date_gmt":"2012-02-29T21:35:56","guid":{"rendered":"http:\/\/barreiroweb.eu\/?p=6110"},"modified":"2012-02-29T21:35:56","modified_gmt":"2012-02-29T21:35:56","slug":"ciclo-infantil-palmo-e-meio-lanca-sugestoes-de-50-coisas-para-fazer-com-as-criancas-no-barreiro","status":"publish","type":"post","link":"https:\/\/arquivo.barreiroweb.net\/?p=6110","title":{"rendered":"Ciclo Infantil \u201cPalmo e Meio\u201d lan\u00e7a sugest\u00f5es de \u201c50 coisas para fazer com as crian\u00e7as no Barreiro\u201d"},"content":{"rendered":"<p style=\"text-align: left;\" align=\"center\"><strong><a href=\"http:\/\/barreiroweb.eu\/?attachment_id=6111\" rel=\"attachment wp-att-6111\"><img loading=\"lazy\" decoding=\"async\" class=\"alignleft size-thumbnail wp-image-6111\" title=\"Palmo e Meio3\" src=\"http:\/\/barreiroweb.eu\/wp-content\/uploads\/2012\/02\/Palmo-e-Meio3-150x150.jpg\" alt=\"\" width=\"150\" height=\"150\" srcset=\"https:\/\/arquivo.barreiroweb.net\/wp-content\/uploads\/2012\/02\/Palmo-e-Meio3-150x150.jpg 150w, https:\/\/arquivo.barreiroweb.net\/wp-content\/uploads\/2012\/02\/Palmo-e-Meio3-50x50.jpg 50w, https:\/\/arquivo.barreiroweb.net\/wp-content\/uploads\/2012\/02\/Palmo-e-Meio3-70x70.jpg 70w, https:\/\/arquivo.barreiroweb.net\/wp-content\/uploads\/2012\/02\/Palmo-e-Meio3-55x55.jpg 55w\" sizes=\"auto, (max-width: 150px) 100vw, 150px\" \/><\/a>Programa\u00e7\u00e3o 2012 terminou este fim-de-semana<\/strong><\/p>\n<p style=\"text-align: justify;\">Terminou este fim-de-semana a edi\u00e7\u00e3o n\u00ba 0 do Ciclo de Programa\u00e7\u00e3o Infantil promovido pela C\u00e2mara Municipal do Barreiro (CMB), \u201cPalmo e Meio\u201d. Ateli\u00eas de artes visuais, cinema, concertos pedag\u00f3gicos e teatro foram as propostas desta extensa programa\u00e7\u00e3o dirigida, essencialmente, ao p\u00fablico familiar e que ocupou todos os fins-de-semana de fevereiro.<\/p>\n<p style=\"text-align: justify;\">Ao longo do m\u00eas foram v\u00e1rios os momentos de arte. Muitos sorrisos, anima\u00e7\u00e3o e boa disposi\u00e7\u00e3o. Belos momentos e m\u00faltiplos est\u00edmulos. Crian\u00e7as felizes.<\/p>\n<p style=\"text-align: justify;\">Do programa e do projeto ficam, para o futuro \u2013 para a eternidade \u2013, sugest\u00f5es de \u201c50 coisas para fazer com as crian\u00e7as no Barreiro\u201d.<\/p>\n<p style=\"text-align: justify;\">Meia centena de sugest\u00f5es que d\u00e3o o mote a uma vida cheia de interesse.<\/p>\n<p style=\"text-align: justify;\" align=\"center\">\u201c50 coisas para fazer com as crian\u00e7as no Barreiro\u201d<\/p>\n<p style=\"text-align: justify;\">1 &#8211; Passear no Parque da Cidade, na zona do Polis, na zona de Alburrica para apreciar os tr\u00eas moinhos de vento e moinhos de mar\u00e9 com as caldeiras;<\/p>\n<p style=\"text-align: justify;\">2 &#8211; Fazer um passeio na embarca\u00e7\u00e3o Varino Pestarola;<\/p>\n<p style=\"text-align: justify;\">3 &#8211; Brincar no Parque dos Pardalitos;<\/p>\n<p style=\"text-align: justify;\">4 &#8211; Passear e brincar no Parque Catarina Euf\u00e9mia;<\/p>\n<p style=\"text-align: justify;\">5 &#8211; Explorar a Mata Nacional da Machada;<\/p>\n<p style=\"text-align: justify;\">6 &#8211; Fazer um piquenique na Mata da Machada e visitar o seu Campo Arqueol\u00f3gico;<\/p>\n<p style=\"text-align: justify;\">7 &#8211; Andar de bicicleta, patins, skate na Avenida da Praia;<\/p>\n<p style=\"text-align: justify;\">8 &#8211; Caminhar pelas ruas e ruelas do Barreiro Antigo;<\/p>\n<p style=\"text-align: justify;\">9 &#8211; Visitar o Museu da Ind\u00fastria;<\/p>\n<p style=\"text-align: justify;\">10 &#8211; Conhecer a maior sala de espet\u00e1culos do Distrito: a Casa da Cultura da Quimiparque;<\/p>\n<p style=\"text-align: justify;\">11 &#8211; Acompanhar as atividades da Casa da Cultura da Quimiparque;<\/p>\n<p style=\"text-align: justify;\">12 &#8211; Ir a umas das v\u00e1rias bibliotecas municipais existentes pelo Concelho;<\/p>\n<p style=\"text-align: justify;\">13 &#8211; Ir ao cinema;<\/p>\n<p style=\"text-align: justify;\">14 &#8211; Espreitar a Horta Pedag\u00f3gica do Parque da Cidade;<\/p>\n<p style=\"text-align: justify;\">15 &#8211; Assistir a um espet\u00e1culo de teatro;<\/p>\n<p style=\"text-align: justify;\">16 &#8211; Experimentar a escola de teatro na Arteviva;<\/p>\n<p style=\"text-align: justify;\">17 &#8211; Experimentar, tamb\u00e9m, a Escola de Jazz;<\/p>\n<p style=\"text-align: justify;\">18 &#8211; Ir a uma livraria; sentir o cheiro dos livros e folhe\u00e1-los;<\/p>\n<p style=\"text-align: justify;\">19 &#8211; Viajar nos autocarros dos TCB \u2013 Transportes Coletivos do Barreiro;<\/p>\n<p style=\"text-align: justify;\">20 &#8211; Viajar de barco;<\/p>\n<p style=\"text-align: justify;\">21 &#8211; Viajar de comboio;<\/p>\n<p style=\"text-align: justify;\">22 &#8211; Apreciar o elemento escult\u00f3rico do Mestre Malagatana, na Pra\u00e7a Norte da Rua Stara Zagora;<\/p>\n<p style=\"text-align: justify;\">23 &#8211; Assistir a um concerto das bandas das muitas que existem no Concelho;<\/p>\n<p style=\"text-align: justify;\">24 &#8211; Visitar as Reservas Museol\u00f3gicas;<\/p>\n<p style=\"text-align: justify;\">25 &#8211; Visitar a Sala-Museu do Fuzileiro;<\/p>\n<p style=\"text-align: justify;\">26 &#8211; Visitar o Convento da Madre de Deus da Verderena, no Alto do Seixalinho;<\/p>\n<p style=\"text-align: justify;\">27 &#8211; Assistir a um jogo no Pavilh\u00e3o Municipal Lu\u00eds de Carvalho;<\/p>\n<p style=\"text-align: justify;\">28 &#8211; Nadar nas piscinas municipais;<\/p>\n<p style=\"text-align: justify;\">29 &#8211; Participar em ateli\u00eas organizados no N\u00facleo de Artes Pl\u00e1sticas;<\/p>\n<p style=\"text-align: justify;\">30 &#8211; Aproveitar os Passeios pelo Patrim\u00f3nio;<\/p>\n<p style=\"text-align: justify;\">31 &#8211; Andar de bicicleta, patins, skate na Avenida da Liberdade;<\/p>\n<p style=\"text-align: justify;\">32 &#8211; Conhecer o Patrim\u00f3nio Im\u00f3vel classificado;<\/p>\n<p style=\"text-align: justify;\">33 &#8211; Ver o p\u00f4r-do-sol e as estrelas nas v\u00e1rias praias fluviais do Concelho;<\/p>\n<p style=\"text-align: justify;\">34 &#8211; Fazer constru\u00e7\u00f5es na areia na Praia Mexilhoeiro e Alburrica;<\/p>\n<p style=\"text-align: justify;\">35 &#8211; Ir a uma pastelaria comer um Matateu ou uma Bola de Manteiga;<\/p>\n<p style=\"text-align: justify;\">36 &#8211; Tirar fotografias no Parque Industrial da Quimiparque \/ Ba\u00eda do Tejo;<\/p>\n<p style=\"text-align: justify;\">37 &#8211; Pintar ao ar livre. Sugest\u00e3o: pode ser na Avenida da Praia ou Parque da Cidade;<\/p>\n<p style=\"text-align: justify;\">38 &#8211; Assistir \u00e0 atua\u00e7\u00e3o do Rancho Folcl\u00f3rico de Dan\u00e7as e Cantares da Regi\u00e3o do Barreiro;<\/p>\n<p style=\"text-align: justify;\">39 &#8211; Dan\u00e7ar com o Rancho Folcl\u00f3rico de Dan\u00e7as e Cantares da Regi\u00e3o do Barreiro;<\/p>\n<p style=\"text-align: justify;\">40 &#8211; Assistir uma dan\u00e7a na S.C.R. 1\u00ba Agosto Paivense com o projeto \u201cDan\u00e7a para todos\u201d;<\/p>\n<p style=\"text-align: justify;\">41 &#8211; Conhecer o Ateli\u00ea do Artes\u00e3o Lenine Rodrigues \u2013 Embarca\u00e7\u00f5es Tradicionais;<\/p>\n<p style=\"text-align: justify;\">42 &#8211; Conhecer o Arquivo Municipal do Barreiro;<\/p>\n<p style=\"text-align: justify;\">43 &#8211; Conhecer o Ateli\u00ea do artista Kira;<\/p>\n<p style=\"text-align: justify;\">44 &#8211; Conhecer o Quartel de Bombeiros Sul e Sueste;<\/p>\n<p style=\"text-align: justify;\">45 &#8211; Fazer uma (ou muitas) aula(s) de Aer\u00f3bica no Parque da Cidade;<\/p>\n<p style=\"text-align: justify;\">46 &#8211; Praticar desportos n\u00e1uticos como remo e vela;<\/p>\n<p style=\"text-align: justify;\">47 &#8211; Visitar a Feira Pedag\u00f3gica;<\/p>\n<p style=\"text-align: justify;\">48 &#8211; Andar num carrocel das Festas do Barreiro;<\/p>\n<p style=\"text-align: justify;\">49 &#8211; Plantar uma \u00e1rvore;<\/p>\n<p style=\"text-align: justify;\">50 &#8211; SER FELIZ.<\/p>\n<p style=\"text-align: right;\" align=\"right\">CMB 2012-02-27<\/p>\n","protected":false},"excerpt":{"rendered":"<p>Programa\u00e7\u00e3o 2012 terminou este fim-de-semana Terminou este fim-de-semana a edi\u00e7\u00e3o n\u00ba 0 do Ciclo de Programa\u00e7\u00e3o Infantil promovido pela C\u00e2mara Municipal do Barreiro (CMB), \u201cPalmo e Meio\u201d. Ateli\u00eas de artes visuais, cinema, concertos pedag\u00f3gicos e teatro foram as propostas desta extensa programa\u00e7\u00e3o dirigida, essencialmente, ao p\u00fablico familiar e que ocupou todos os fins-de-semana de fevereiro. [&hellip;]<\/p>\n","protected":false},"author":1,"featured_media":6111,"comment_status":"open","ping_status":"open","sticky":false,"template":"","format":"standard","meta":{"footnotes":""},"categories":[3],"tags":[41],"class_list":["post-6110","post","type-post","status-publish","format-standard","has-post-thumbnail","hentry","category-eventos","tag-barreiro","last_archivepost"],"yoast_head":"<!-- This site is optimized with the Yoast SEO plugin v27.1.1 - https:\/\/yoast.com\/product\/yoast-seo-wordpress\/ -->\n<title>Ciclo Infantil \u201cPalmo e Meio\u201d lan\u00e7a sugest\u00f5es de \u201c50 coisas para fazer com as crian\u00e7as no Barreiro\u201d - barreiroweb<\/title>\n<meta name=\"robots\" content=\"index, follow, max-snippet:-1, max-image-preview:large, max-video-preview:-1\" \/>\n<link rel=\"canonical\" href=\"https:\/\/arquivo.barreiroweb.net\/?p=6110\" \/>\n<meta property=\"og:locale\" content=\"pt_PT\" \/>\n<meta property=\"og:type\" content=\"article\" \/>\n<meta property=\"og:title\" content=\"Ciclo Infantil \u201cPalmo e Meio\u201d lan\u00e7a sugest\u00f5es de \u201c50 coisas para fazer com as crian\u00e7as no Barreiro\u201d - barreiroweb\" \/>\n<meta property=\"og:description\" content=\"Programa\u00e7\u00e3o 2012 terminou este fim-de-semana Terminou este fim-de-semana a edi\u00e7\u00e3o n\u00ba 0 do Ciclo de Programa\u00e7\u00e3o Infantil promovido pela C\u00e2mara Municipal do Barreiro (CMB), \u201cPalmo e Meio\u201d. Ateli\u00eas de artes visuais, cinema, concertos pedag\u00f3gicos e teatro foram as propostas desta extensa programa\u00e7\u00e3o dirigida, essencialmente, ao p\u00fablico familiar e que ocupou todos os fins-de-semana de fevereiro. [&hellip;]\" \/>\n<meta property=\"og:url\" content=\"https:\/\/arquivo.barreiroweb.net\/?p=6110\" \/>\n<meta property=\"og:site_name\" content=\"barreiroweb\" \/>\n<meta property=\"article:publisher\" content=\"https:\/\/www.facebook.com\/barreiroweb\" \/>\n<meta property=\"article:published_time\" content=\"2012-02-29T21:35:56+00:00\" \/>\n<meta property=\"og:image\" content=\"https:\/\/arquivo.barreiroweb.net\/wp-content\/uploads\/2012\/02\/Palmo-e-Meio3.jpg\" \/>\n\t<meta property=\"og:image:width\" content=\"314\" \/>\n\t<meta property=\"og:image:height\" content=\"209\" \/>\n\t<meta property=\"og:image:type\" content=\"image\/jpeg\" \/>\n<meta name=\"author\" content=\"barreiroweb\" \/>\n<meta name=\"twitter:card\" content=\"summary_large_image\" \/>\n<meta name=\"twitter:creator\" content=\"@barreiroweb\" \/>\n<meta name=\"twitter:site\" content=\"@barreiroweb\" \/>\n<meta name=\"twitter:label1\" content=\"Escrito por\" \/>\n\t<meta name=\"twitter:data1\" content=\"barreiroweb\" \/>\n\t<meta name=\"twitter:label2\" content=\"Tempo estimado de leitura\" \/>\n\t<meta name=\"twitter:data2\" content=\"3 minutos\" \/>\n<script type=\"application\/ld+json\" class=\"yoast-schema-graph\">{\"@context\":\"https:\/\/schema.org\",\"@graph\":[{\"@type\":\"Article\",\"@id\":\"https:\/\/arquivo.barreiroweb.net\/?p=6110#article\",\"isPartOf\":{\"@id\":\"https:\/\/arquivo.barreiroweb.net\/?p=6110\"},\"author\":{\"name\":\"barreiroweb\",\"@id\":\"https:\/\/arquivo.barreiroweb.net\/#\/schema\/person\/44b6d528aff975e3786c9f475f9df2dd\"},\"headline\":\"Ciclo Infantil \u201cPalmo e Meio\u201d lan\u00e7a sugest\u00f5es de \u201c50 coisas para fazer com as crian\u00e7as no Barreiro\u201d\",\"datePublished\":\"2012-02-29T21:35:56+00:00\",\"mainEntityOfPage\":{\"@id\":\"https:\/\/arquivo.barreiroweb.net\/?p=6110\"},\"wordCount\":683,\"commentCount\":0,\"publisher\":{\"@id\":\"https:\/\/arquivo.barreiroweb.net\/#organization\"},\"image\":{\"@id\":\"https:\/\/arquivo.barreiroweb.net\/?p=6110#primaryimage\"},\"thumbnailUrl\":\"https:\/\/arquivo.barreiroweb.net\/wp-content\/uploads\/2012\/02\/Palmo-e-Meio3.jpg\",\"keywords\":[\"barreiro\"],\"articleSection\":[\"Eventos\"],\"inLanguage\":\"pt-PT\",\"potentialAction\":[{\"@type\":\"CommentAction\",\"name\":\"Comment\",\"target\":[\"https:\/\/arquivo.barreiroweb.net\/?p=6110#respond\"]}]},{\"@type\":\"WebPage\",\"@id\":\"https:\/\/arquivo.barreiroweb.net\/?p=6110\",\"url\":\"https:\/\/arquivo.barreiroweb.net\/?p=6110\",\"name\":\"Ciclo Infantil \u201cPalmo e Meio\u201d lan\u00e7a sugest\u00f5es de \u201c50 coisas para fazer com as crian\u00e7as no Barreiro\u201d - barreiroweb\",\"isPartOf\":{\"@id\":\"https:\/\/arquivo.barreiroweb.net\/#website\"},\"primaryImageOfPage\":{\"@id\":\"https:\/\/arquivo.barreiroweb.net\/?p=6110#primaryimage\"},\"image\":{\"@id\":\"https:\/\/arquivo.barreiroweb.net\/?p=6110#primaryimage\"},\"thumbnailUrl\":\"https:\/\/arquivo.barreiroweb.net\/wp-content\/uploads\/2012\/02\/Palmo-e-Meio3.jpg\",\"datePublished\":\"2012-02-29T21:35:56+00:00\",\"breadcrumb\":{\"@id\":\"https:\/\/arquivo.barreiroweb.net\/?p=6110#breadcrumb\"},\"inLanguage\":\"pt-PT\",\"potentialAction\":[{\"@type\":\"ReadAction\",\"target\":[\"https:\/\/arquivo.barreiroweb.net\/?p=6110\"]}]},{\"@type\":\"ImageObject\",\"inLanguage\":\"pt-PT\",\"@id\":\"https:\/\/arquivo.barreiroweb.net\/?p=6110#primaryimage\",\"url\":\"https:\/\/arquivo.barreiroweb.net\/wp-content\/uploads\/2012\/02\/Palmo-e-Meio3.jpg\",\"contentUrl\":\"https:\/\/arquivo.barreiroweb.net\/wp-content\/uploads\/2012\/02\/Palmo-e-Meio3.jpg\",\"width\":\"314\",\"height\":\"209\"},{\"@type\":\"BreadcrumbList\",\"@id\":\"https:\/\/arquivo.barreiroweb.net\/?p=6110#breadcrumb\",\"itemListElement\":[{\"@type\":\"ListItem\",\"position\":1,\"name\":\"In\u00edcio\",\"item\":\"https:\/\/arquivo.barreiroweb.net\/\"},{\"@type\":\"ListItem\",\"position\":2,\"name\":\"Ciclo Infantil \u201cPalmo e Meio\u201d lan\u00e7a sugest\u00f5es de \u201c50 coisas para fazer com as crian\u00e7as no Barreiro\u201d\"}]},{\"@type\":\"WebSite\",\"@id\":\"https:\/\/arquivo.barreiroweb.net\/#website\",\"url\":\"https:\/\/arquivo.barreiroweb.net\/\",\"name\":\"barreiroweb\",\"description\":\"Barreiroweb o barreiro na web\",\"publisher\":{\"@id\":\"https:\/\/arquivo.barreiroweb.net\/#organization\"},\"potentialAction\":[{\"@type\":\"SearchAction\",\"target\":{\"@type\":\"EntryPoint\",\"urlTemplate\":\"https:\/\/arquivo.barreiroweb.net\/?s={search_term_string}\"},\"query-input\":{\"@type\":\"PropertyValueSpecification\",\"valueRequired\":true,\"valueName\":\"search_term_string\"}}],\"inLanguage\":\"pt-PT\"},{\"@type\":\"Organization\",\"@id\":\"https:\/\/arquivo.barreiroweb.net\/#organization\",\"name\":\"barreiroweb\",\"url\":\"https:\/\/arquivo.barreiroweb.net\/\",\"logo\":{\"@type\":\"ImageObject\",\"inLanguage\":\"pt-PT\",\"@id\":\"https:\/\/arquivo.barreiroweb.net\/#\/schema\/logo\/image\/\",\"url\":\"https:\/\/barreiroweb.net\/wp-content\/uploads\/2022\/05\/BarreiroWeb555.jpg\",\"contentUrl\":\"https:\/\/barreiroweb.net\/wp-content\/uploads\/2022\/05\/BarreiroWeb555.jpg\",\"width\":421,\"height\":415,\"caption\":\"barreiroweb\"},\"image\":{\"@id\":\"https:\/\/arquivo.barreiroweb.net\/#\/schema\/logo\/image\/\"},\"sameAs\":[\"https:\/\/www.facebook.com\/barreiroweb\",\"https:\/\/x.com\/barreiroweb\"]},{\"@type\":\"Person\",\"@id\":\"https:\/\/arquivo.barreiroweb.net\/#\/schema\/person\/44b6d528aff975e3786c9f475f9df2dd\",\"name\":\"barreiroweb\",\"image\":{\"@type\":\"ImageObject\",\"inLanguage\":\"pt-PT\",\"@id\":\"https:\/\/arquivo.barreiroweb.net\/#\/schema\/person\/image\/\",\"url\":\"https:\/\/secure.gravatar.com\/avatar\/1f764b917967430404ff0b452044eb63a25d64a5363b25be2aa42273930f477d?s=96&d=mm&r=g\",\"contentUrl\":\"https:\/\/secure.gravatar.com\/avatar\/1f764b917967430404ff0b452044eb63a25d64a5363b25be2aa42273930f477d?s=96&d=mm&r=g\",\"caption\":\"barreiroweb\"},\"url\":\"https:\/\/arquivo.barreiroweb.net\/?author=1\"}]}<\/script>\n<!-- \/ Yoast SEO plugin. -->","yoast_head_json":{"title":"Ciclo Infantil \u201cPalmo e Meio\u201d lan\u00e7a sugest\u00f5es de \u201c50 coisas para fazer com as crian\u00e7as no Barreiro\u201d - barreiroweb","robots":{"index":"index","follow":"follow","max-snippet":"max-snippet:-1","max-image-preview":"max-image-preview:large","max-video-preview":"max-video-preview:-1"},"canonical":"https:\/\/arquivo.barreiroweb.net\/?p=6110","og_locale":"pt_PT","og_type":"article","og_title":"Ciclo Infantil \u201cPalmo e Meio\u201d lan\u00e7a sugest\u00f5es de \u201c50 coisas para fazer com as crian\u00e7as no Barreiro\u201d - barreiroweb","og_description":"Programa\u00e7\u00e3o 2012 terminou este fim-de-semana Terminou este fim-de-semana a edi\u00e7\u00e3o n\u00ba 0 do Ciclo de Programa\u00e7\u00e3o Infantil promovido pela C\u00e2mara Municipal do Barreiro (CMB), \u201cPalmo e Meio\u201d. Ateli\u00eas de artes visuais, cinema, concertos pedag\u00f3gicos e teatro foram as propostas desta extensa programa\u00e7\u00e3o dirigida, essencialmente, ao p\u00fablico familiar e que ocupou todos os fins-de-semana de fevereiro. [&hellip;]","og_url":"https:\/\/arquivo.barreiroweb.net\/?p=6110","og_site_name":"barreiroweb","article_publisher":"https:\/\/www.facebook.com\/barreiroweb","article_published_time":"2012-02-29T21:35:56+00:00","og_image":[{"width":314,"height":209,"url":"https:\/\/arquivo.barreiroweb.net\/wp-content\/uploads\/2012\/02\/Palmo-e-Meio3.jpg","type":"image\/jpeg"}],"author":"barreiroweb","twitter_card":"summary_large_image","twitter_creator":"@barreiroweb","twitter_site":"@barreiroweb","twitter_misc":{"Escrito por":"barreiroweb","Tempo estimado de leitura":"3 minutos"},"schema":{"@context":"https:\/\/schema.org","@graph":[{"@type":"Article","@id":"https:\/\/arquivo.barreiroweb.net\/?p=6110#article","isPartOf":{"@id":"https:\/\/arquivo.barreiroweb.net\/?p=6110"},"author":{"name":"barreiroweb","@id":"https:\/\/arquivo.barreiroweb.net\/#\/schema\/person\/44b6d528aff975e3786c9f475f9df2dd"},"headline":"Ciclo Infantil \u201cPalmo e Meio\u201d lan\u00e7a sugest\u00f5es de \u201c50 coisas para fazer com as crian\u00e7as no Barreiro\u201d","datePublished":"2012-02-29T21:35:56+00:00","mainEntityOfPage":{"@id":"https:\/\/arquivo.barreiroweb.net\/?p=6110"},"wordCount":683,"commentCount":0,"publisher":{"@id":"https:\/\/arquivo.barreiroweb.net\/#organization"},"image":{"@id":"https:\/\/arquivo.barreiroweb.net\/?p=6110#primaryimage"},"thumbnailUrl":"https:\/\/arquivo.barreiroweb.net\/wp-content\/uploads\/2012\/02\/Palmo-e-Meio3.jpg","keywords":["barreiro"],"articleSection":["Eventos"],"inLanguage":"pt-PT","potentialAction":[{"@type":"CommentAction","name":"Comment","target":["https:\/\/arquivo.barreiroweb.net\/?p=6110#respond"]}]},{"@type":"WebPage","@id":"https:\/\/arquivo.barreiroweb.net\/?p=6110","url":"https:\/\/arquivo.barreiroweb.net\/?p=6110","name":"Ciclo Infantil \u201cPalmo e Meio\u201d lan\u00e7a sugest\u00f5es de \u201c50 coisas para fazer com as crian\u00e7as no Barreiro\u201d - barreiroweb","isPartOf":{"@id":"https:\/\/arquivo.barreiroweb.net\/#website"},"primaryImageOfPage":{"@id":"https:\/\/arquivo.barreiroweb.net\/?p=6110#primaryimage"},"image":{"@id":"https:\/\/arquivo.barreiroweb.net\/?p=6110#primaryimage"},"thumbnailUrl":"https:\/\/arquivo.barreiroweb.net\/wp-content\/uploads\/2012\/02\/Palmo-e-Meio3.jpg","datePublished":"2012-02-29T21:35:56+00:00","breadcrumb":{"@id":"https:\/\/arquivo.barreiroweb.net\/?p=6110#breadcrumb"},"inLanguage":"pt-PT","potentialAction":[{"@type":"ReadAction","target":["https:\/\/arquivo.barreiroweb.net\/?p=6110"]}]},{"@type":"ImageObject","inLanguage":"pt-PT","@id":"https:\/\/arquivo.barreiroweb.net\/?p=6110#primaryimage","url":"https:\/\/arquivo.barreiroweb.net\/wp-content\/uploads\/2012\/02\/Palmo-e-Meio3.jpg","contentUrl":"https:\/\/arquivo.barreiroweb.net\/wp-content\/uploads\/2012\/02\/Palmo-e-Meio3.jpg","width":"314","height":"209"},{"@type":"BreadcrumbList","@id":"https:\/\/arquivo.barreiroweb.net\/?p=6110#breadcrumb","itemListElement":[{"@type":"ListItem","position":1,"name":"In\u00edcio","item":"https:\/\/arquivo.barreiroweb.net\/"},{"@type":"ListItem","position":2,"name":"Ciclo Infantil \u201cPalmo e Meio\u201d lan\u00e7a sugest\u00f5es de \u201c50 coisas para fazer com as crian\u00e7as no Barreiro\u201d"}]},{"@type":"WebSite","@id":"https:\/\/arquivo.barreiroweb.net\/#website","url":"https:\/\/arquivo.barreiroweb.net\/","name":"barreiroweb","description":"Barreiroweb o barreiro na web","publisher":{"@id":"https:\/\/arquivo.barreiroweb.net\/#organization"},"potentialAction":[{"@type":"SearchAction","target":{"@type":"EntryPoint","urlTemplate":"https:\/\/arquivo.barreiroweb.net\/?s={search_term_string}"},"query-input":{"@type":"PropertyValueSpecification","valueRequired":true,"valueName":"search_term_string"}}],"inLanguage":"pt-PT"},{"@type":"Organization","@id":"https:\/\/arquivo.barreiroweb.net\/#organization","name":"barreiroweb","url":"https:\/\/arquivo.barreiroweb.net\/","logo":{"@type":"ImageObject","inLanguage":"pt-PT","@id":"https:\/\/arquivo.barreiroweb.net\/#\/schema\/logo\/image\/","url":"https:\/\/barreiroweb.net\/wp-content\/uploads\/2022\/05\/BarreiroWeb555.jpg","contentUrl":"https:\/\/barreiroweb.net\/wp-content\/uploads\/2022\/05\/BarreiroWeb555.jpg","width":421,"height":415,"caption":"barreiroweb"},"image":{"@id":"https:\/\/arquivo.barreiroweb.net\/#\/schema\/logo\/image\/"},"sameAs":["https:\/\/www.facebook.com\/barreiroweb","https:\/\/x.com\/barreiroweb"]},{"@type":"Person","@id":"https:\/\/arquivo.barreiroweb.net\/#\/schema\/person\/44b6d528aff975e3786c9f475f9df2dd","name":"barreiroweb","image":{"@type":"ImageObject","inLanguage":"pt-PT","@id":"https:\/\/arquivo.barreiroweb.net\/#\/schema\/person\/image\/","url":"https:\/\/secure.gravatar.com\/avatar\/1f764b917967430404ff0b452044eb63a25d64a5363b25be2aa42273930f477d?s=96&d=mm&r=g","contentUrl":"https:\/\/secure.gravatar.com\/avatar\/1f764b917967430404ff0b452044eb63a25d64a5363b25be2aa42273930f477d?s=96&d=mm&r=g","caption":"barreiroweb"},"url":"https:\/\/arquivo.barreiroweb.net\/?author=1"}]}},"_links":{"self":[{"href":"https:\/\/arquivo.barreiroweb.net\/index.php?rest_route=\/wp\/v2\/posts\/6110","targetHints":{"allow":["GET"]}}],"collection":[{"href":"https:\/\/arquivo.barreiroweb.net\/index.php?rest_route=\/wp\/v2\/posts"}],"about":[{"href":"https:\/\/arquivo.barreiroweb.net\/index.php?rest_route=\/wp\/v2\/types\/post"}],"author":[{"embeddable":true,"href":"https:\/\/arquivo.barreiroweb.net\/index.php?rest_route=\/wp\/v2\/users\/1"}],"replies":[{"embeddable":true,"href":"https:\/\/arquivo.barreiroweb.net\/index.php?rest_route=%2Fwp%2Fv2%2Fcomments&post=6110"}],"version-history":[{"count":2,"href":"https:\/\/arquivo.barreiroweb.net\/index.php?rest_route=\/wp\/v2\/posts\/6110\/revisions"}],"predecessor-version":[{"id":6113,"href":"https:\/\/arquivo.barreiroweb.net\/index.php?rest_route=\/wp\/v2\/posts\/6110\/revisions\/6113"}],"wp:featuredmedia":[{"embeddable":true,"href":"https:\/\/arquivo.barreiroweb.net\/index.php?rest_route=\/wp\/v2\/media\/6111"}],"wp:attachment":[{"href":"https:\/\/arquivo.barreiroweb.net\/index.php?rest_route=%2Fwp%2Fv2%2Fmedia&parent=6110"}],"wp:term":[{"taxonomy":"category","embeddable":true,"href":"https:\/\/arquivo.barreiroweb.net\/index.php?rest_route=%2Fwp%2Fv2%2Fcategories&post=6110"},{"taxonomy":"post_tag","embeddable":true,"href":"https:\/\/arquivo.barreiroweb.net\/index.php?rest_route=%2Fwp%2Fv2%2Ftags&post=6110"}],"curies":[{"name":"wp","href":"https:\/\/api.w.org\/{rel}","templated":true}]}}