{"id":6101,"date":"2012-02-28T23:51:24","date_gmt":"2012-02-28T23:51:24","guid":{"rendered":"http:\/\/barreiroweb.eu\/?p=6101"},"modified":"2012-02-28T23:51:24","modified_gmt":"2012-02-28T23:51:24","slug":"pcp-denuncia-e-apela-a-luta-contra-o-corte-nas-carreiras-fluviais-no-tejo","status":"publish","type":"post","link":"https:\/\/arquivo.barreiroweb.net\/?p=6101","title":{"rendered":"PCP denuncia e apela \u00e0 luta: Contra o corte nas carreiras fluviais no Tejo"},"content":{"rendered":"<p style=\"text-align: justify;\"><a href=\"http:\/\/barreiroweb.eu\/?attachment_id=302\" rel=\"attachment wp-att-302\"><img loading=\"lazy\" decoding=\"async\" class=\"alignleft size-thumbnail wp-image-302\" title=\"pcp\" src=\"http:\/\/barreiroweb.eu\/wp-content\/uploads\/2011\/01\/pcp-150x150.jpg\" alt=\"\" width=\"150\" height=\"150\" srcset=\"https:\/\/arquivo.barreiroweb.net\/wp-content\/uploads\/2011\/01\/pcp-150x150.jpg 150w, https:\/\/arquivo.barreiroweb.net\/wp-content\/uploads\/2011\/01\/pcp-50x50.jpg 50w, https:\/\/arquivo.barreiroweb.net\/wp-content\/uploads\/2011\/01\/pcp-70x70.jpg 70w, https:\/\/arquivo.barreiroweb.net\/wp-content\/uploads\/2011\/01\/pcp-55x55.jpg 55w\" sizes=\"auto, (max-width: 150px) 100vw, 150px\" \/><\/a>Os cortes nas carreiras e circula\u00e7\u00f5es na Transtejo e Soflusa aplicados a partir de 27 de Fevereiro merecem a mais firme condena\u00e7\u00e3o por parte do PCP. O Governo eliminou 79 liga\u00e7\u00f5es fluviais por semana entre o Seixal e o Cais do Sodr\u00e9, 68 entre o Barreiro e o Terreiro do Pa\u00e7o, 78 entre Cacilhas e o Cais do Sodr\u00e9, 32 entre a Trafaria e Bel\u00e9m, 39 entre Porto Brand\u00e3o e Bel\u00e9m e 29 entre o Montijo e o Cais do Sodr\u00e9. Ao faz\u00ea-lo, ataca direitos das popula\u00e7\u00f5es e dos trabalhadores e degrada ainda mais as suas condi\u00e7\u00f5es de vida.<\/p>\n<p style=\"text-align: justify;\">A redu\u00e7\u00e3o das carreiras fluviais na Transtejo e na Soflusa e a consequente altera\u00e7\u00e3o dos hor\u00e1rios na CP, na linha do Sado p\u00f5e em causa o direito \u00e0 mobilidade, \u00e0 qualidade de vida das popula\u00e7\u00f5es, ataca estas empresas p\u00fablicas que prestam servi\u00e7os essenciais e os postos de trabalho a pretexto do falso combate \u00e0s despesas operacionais com estas empresas.<\/p>\n<p style=\"text-align: justify;\">N\u00e3o \u00e9 com estas medidas que se resolvem os preju\u00edzos das empresas do Sector Empresarial do Estado, como o Governo pretende fazer crer.<\/p>\n<p style=\"text-align: justify;\">O que est\u00e1 em causa com estas medidas negativas \u00e9 o favorecimento de grupos econ\u00f3micos, preparando estas empresas para a privatiza\u00e7\u00e3o e passar para a l\u00f3gica do lucro o transporte p\u00fablico.<\/p>\n<p style=\"text-align: justify;\">Os recentes aumentos nos valores dos bilhetes e passes, a ofensiva contra os direitos dos trabalhadores, a elimina\u00e7\u00e3o de servi\u00e7os chamados \u201cn\u00e3o lucrativos\u201d e a consequente redu\u00e7\u00e3o do n\u00famero de postos de trabalho, repetindo as mentiras em torno das raz\u00f5es dos preju\u00edzos destas empresas, \u201cTranstejo e Soflusa\u201d, bem como outras empresas do Sector Empresarial do Estado ser\u00e3o certamente para os grupos econ\u00f3micos mais apetec\u00edveis.<\/p>\n<p style=\"text-align: justify;\">O PCP considera inaceit\u00e1vel esta situa\u00e7\u00e3o, defende a manuten\u00e7\u00e3o destes servi\u00e7os e apela \u00e0 mobiliza\u00e7\u00e3o e luta dos utentes e trabalhadores contra estas medidas, exigindo a reposi\u00e7\u00e3o das carreiras suprimidas.<\/p>\n<p align=\"right\">O Executivo da DORS do PCP<\/p>\n","protected":false},"excerpt":{"rendered":"<p>Os cortes nas carreiras e circula\u00e7\u00f5es na Transtejo e Soflusa aplicados a partir de 27 de Fevereiro merecem a mais firme condena\u00e7\u00e3o por parte do PCP. O Governo eliminou 79 liga\u00e7\u00f5es fluviais por semana entre o Seixal e o Cais do Sodr\u00e9, 68 entre o Barreiro e o Terreiro do Pa\u00e7o, 78 entre Cacilhas e [&hellip;]<\/p>\n","protected":false},"author":1,"featured_media":302,"comment_status":"open","ping_status":"open","sticky":false,"template":"","format":"standard","meta":{"footnotes":""},"categories":[32,1],"tags":[136,50,137],"class_list":["post-6101","post","type-post","status-publish","format-standard","has-post-thumbnail","hentry","category-destaque","category-expo","tag-barcos","tag-pcp","tag-soflusa","last_archivepost"],"yoast_head":"<!-- This site is optimized with the Yoast SEO plugin v27.1.1 - https:\/\/yoast.com\/product\/yoast-seo-wordpress\/ -->\n<title>PCP denuncia e apela \u00e0 luta: Contra o corte nas carreiras fluviais no Tejo - barreiroweb<\/title>\n<meta name=\"robots\" content=\"index, follow, max-snippet:-1, max-image-preview:large, max-video-preview:-1\" \/>\n<link rel=\"canonical\" href=\"https:\/\/arquivo.barreiroweb.net\/?p=6101\" \/>\n<meta property=\"og:locale\" content=\"pt_PT\" \/>\n<meta property=\"og:type\" content=\"article\" \/>\n<meta property=\"og:title\" content=\"PCP denuncia e apela \u00e0 luta: Contra o corte nas carreiras fluviais no Tejo - barreiroweb\" \/>\n<meta property=\"og:description\" content=\"Os cortes nas carreiras e circula\u00e7\u00f5es na Transtejo e Soflusa aplicados a partir de 27 de Fevereiro merecem a mais firme condena\u00e7\u00e3o por parte do PCP. O Governo eliminou 79 liga\u00e7\u00f5es fluviais por semana entre o Seixal e o Cais do Sodr\u00e9, 68 entre o Barreiro e o Terreiro do Pa\u00e7o, 78 entre Cacilhas e [&hellip;]\" \/>\n<meta property=\"og:url\" content=\"https:\/\/arquivo.barreiroweb.net\/?p=6101\" \/>\n<meta property=\"og:site_name\" content=\"barreiroweb\" \/>\n<meta property=\"article:publisher\" content=\"https:\/\/www.facebook.com\/barreiroweb\" \/>\n<meta property=\"article:published_time\" content=\"2012-02-28T23:51:24+00:00\" \/>\n<meta property=\"og:image\" content=\"https:\/\/arquivo.barreiroweb.net\/wp-content\/uploads\/2011\/01\/pcp.jpg\" \/>\n\t<meta property=\"og:image:width\" content=\"352\" \/>\n\t<meta property=\"og:image:height\" content=\"303\" \/>\n\t<meta property=\"og:image:type\" content=\"image\/jpeg\" \/>\n<meta name=\"author\" content=\"barreiroweb\" \/>\n<meta name=\"twitter:card\" content=\"summary_large_image\" \/>\n<meta name=\"twitter:creator\" content=\"@barreiroweb\" \/>\n<meta name=\"twitter:site\" content=\"@barreiroweb\" \/>\n<meta name=\"twitter:label1\" content=\"Escrito por\" \/>\n\t<meta name=\"twitter:data1\" content=\"barreiroweb\" \/>\n\t<meta name=\"twitter:label2\" content=\"Tempo estimado de leitura\" \/>\n\t<meta name=\"twitter:data2\" content=\"2 minutos\" \/>\n<script type=\"application\/ld+json\" class=\"yoast-schema-graph\">{\"@context\":\"https:\/\/schema.org\",\"@graph\":[{\"@type\":\"Article\",\"@id\":\"https:\/\/arquivo.barreiroweb.net\/?p=6101#article\",\"isPartOf\":{\"@id\":\"https:\/\/arquivo.barreiroweb.net\/?p=6101\"},\"author\":{\"name\":\"barreiroweb\",\"@id\":\"https:\/\/arquivo.barreiroweb.net\/#\/schema\/person\/44b6d528aff975e3786c9f475f9df2dd\"},\"headline\":\"PCP denuncia e apela \u00e0 luta: Contra o corte nas carreiras fluviais no Tejo\",\"datePublished\":\"2012-02-28T23:51:24+00:00\",\"mainEntityOfPage\":{\"@id\":\"https:\/\/arquivo.barreiroweb.net\/?p=6101\"},\"wordCount\":352,\"commentCount\":0,\"publisher\":{\"@id\":\"https:\/\/arquivo.barreiroweb.net\/#organization\"},\"image\":{\"@id\":\"https:\/\/arquivo.barreiroweb.net\/?p=6101#primaryimage\"},\"thumbnailUrl\":\"https:\/\/arquivo.barreiroweb.net\/wp-content\/uploads\/2011\/01\/pcp.jpg\",\"keywords\":[\"barcos\",\"pcp\",\"soflusa\"],\"articleSection\":[\"Destaque\",\"Festas e Feiras\"],\"inLanguage\":\"pt-PT\",\"potentialAction\":[{\"@type\":\"CommentAction\",\"name\":\"Comment\",\"target\":[\"https:\/\/arquivo.barreiroweb.net\/?p=6101#respond\"]}]},{\"@type\":\"WebPage\",\"@id\":\"https:\/\/arquivo.barreiroweb.net\/?p=6101\",\"url\":\"https:\/\/arquivo.barreiroweb.net\/?p=6101\",\"name\":\"PCP denuncia e apela \u00e0 luta: Contra o corte nas carreiras fluviais no Tejo - barreiroweb\",\"isPartOf\":{\"@id\":\"https:\/\/arquivo.barreiroweb.net\/#website\"},\"primaryImageOfPage\":{\"@id\":\"https:\/\/arquivo.barreiroweb.net\/?p=6101#primaryimage\"},\"image\":{\"@id\":\"https:\/\/arquivo.barreiroweb.net\/?p=6101#primaryimage\"},\"thumbnailUrl\":\"https:\/\/arquivo.barreiroweb.net\/wp-content\/uploads\/2011\/01\/pcp.jpg\",\"datePublished\":\"2012-02-28T23:51:24+00:00\",\"breadcrumb\":{\"@id\":\"https:\/\/arquivo.barreiroweb.net\/?p=6101#breadcrumb\"},\"inLanguage\":\"pt-PT\",\"potentialAction\":[{\"@type\":\"ReadAction\",\"target\":[\"https:\/\/arquivo.barreiroweb.net\/?p=6101\"]}]},{\"@type\":\"ImageObject\",\"inLanguage\":\"pt-PT\",\"@id\":\"https:\/\/arquivo.barreiroweb.net\/?p=6101#primaryimage\",\"url\":\"https:\/\/arquivo.barreiroweb.net\/wp-content\/uploads\/2011\/01\/pcp.jpg\",\"contentUrl\":\"https:\/\/arquivo.barreiroweb.net\/wp-content\/uploads\/2011\/01\/pcp.jpg\",\"width\":\"352\",\"height\":\"303\"},{\"@type\":\"BreadcrumbList\",\"@id\":\"https:\/\/arquivo.barreiroweb.net\/?p=6101#breadcrumb\",\"itemListElement\":[{\"@type\":\"ListItem\",\"position\":1,\"name\":\"In\u00edcio\",\"item\":\"https:\/\/arquivo.barreiroweb.net\/\"},{\"@type\":\"ListItem\",\"position\":2,\"name\":\"PCP denuncia e apela \u00e0 luta: Contra o corte nas carreiras fluviais no Tejo\"}]},{\"@type\":\"WebSite\",\"@id\":\"https:\/\/arquivo.barreiroweb.net\/#website\",\"url\":\"https:\/\/arquivo.barreiroweb.net\/\",\"name\":\"barreiroweb\",\"description\":\"Barreiroweb o barreiro na web\",\"publisher\":{\"@id\":\"https:\/\/arquivo.barreiroweb.net\/#organization\"},\"potentialAction\":[{\"@type\":\"SearchAction\",\"target\":{\"@type\":\"EntryPoint\",\"urlTemplate\":\"https:\/\/arquivo.barreiroweb.net\/?s={search_term_string}\"},\"query-input\":{\"@type\":\"PropertyValueSpecification\",\"valueRequired\":true,\"valueName\":\"search_term_string\"}}],\"inLanguage\":\"pt-PT\"},{\"@type\":\"Organization\",\"@id\":\"https:\/\/arquivo.barreiroweb.net\/#organization\",\"name\":\"barreiroweb\",\"url\":\"https:\/\/arquivo.barreiroweb.net\/\",\"logo\":{\"@type\":\"ImageObject\",\"inLanguage\":\"pt-PT\",\"@id\":\"https:\/\/arquivo.barreiroweb.net\/#\/schema\/logo\/image\/\",\"url\":\"https:\/\/barreiroweb.net\/wp-content\/uploads\/2022\/05\/BarreiroWeb555.jpg\",\"contentUrl\":\"https:\/\/barreiroweb.net\/wp-content\/uploads\/2022\/05\/BarreiroWeb555.jpg\",\"width\":421,\"height\":415,\"caption\":\"barreiroweb\"},\"image\":{\"@id\":\"https:\/\/arquivo.barreiroweb.net\/#\/schema\/logo\/image\/\"},\"sameAs\":[\"https:\/\/www.facebook.com\/barreiroweb\",\"https:\/\/x.com\/barreiroweb\"]},{\"@type\":\"Person\",\"@id\":\"https:\/\/arquivo.barreiroweb.net\/#\/schema\/person\/44b6d528aff975e3786c9f475f9df2dd\",\"name\":\"barreiroweb\",\"image\":{\"@type\":\"ImageObject\",\"inLanguage\":\"pt-PT\",\"@id\":\"https:\/\/arquivo.barreiroweb.net\/#\/schema\/person\/image\/\",\"url\":\"https:\/\/secure.gravatar.com\/avatar\/1f764b917967430404ff0b452044eb63a25d64a5363b25be2aa42273930f477d?s=96&d=mm&r=g\",\"contentUrl\":\"https:\/\/secure.gravatar.com\/avatar\/1f764b917967430404ff0b452044eb63a25d64a5363b25be2aa42273930f477d?s=96&d=mm&r=g\",\"caption\":\"barreiroweb\"},\"url\":\"https:\/\/arquivo.barreiroweb.net\/?author=1\"}]}<\/script>\n<!-- \/ Yoast SEO plugin. -->","yoast_head_json":{"title":"PCP denuncia e apela \u00e0 luta: Contra o corte nas carreiras fluviais no Tejo - barreiroweb","robots":{"index":"index","follow":"follow","max-snippet":"max-snippet:-1","max-image-preview":"max-image-preview:large","max-video-preview":"max-video-preview:-1"},"canonical":"https:\/\/arquivo.barreiroweb.net\/?p=6101","og_locale":"pt_PT","og_type":"article","og_title":"PCP denuncia e apela \u00e0 luta: Contra o corte nas carreiras fluviais no Tejo - barreiroweb","og_description":"Os cortes nas carreiras e circula\u00e7\u00f5es na Transtejo e Soflusa aplicados a partir de 27 de Fevereiro merecem a mais firme condena\u00e7\u00e3o por parte do PCP. O Governo eliminou 79 liga\u00e7\u00f5es fluviais por semana entre o Seixal e o Cais do Sodr\u00e9, 68 entre o Barreiro e o Terreiro do Pa\u00e7o, 78 entre Cacilhas e [&hellip;]","og_url":"https:\/\/arquivo.barreiroweb.net\/?p=6101","og_site_name":"barreiroweb","article_publisher":"https:\/\/www.facebook.com\/barreiroweb","article_published_time":"2012-02-28T23:51:24+00:00","og_image":[{"width":352,"height":303,"url":"https:\/\/arquivo.barreiroweb.net\/wp-content\/uploads\/2011\/01\/pcp.jpg","type":"image\/jpeg"}],"author":"barreiroweb","twitter_card":"summary_large_image","twitter_creator":"@barreiroweb","twitter_site":"@barreiroweb","twitter_misc":{"Escrito por":"barreiroweb","Tempo estimado de leitura":"2 minutos"},"schema":{"@context":"https:\/\/schema.org","@graph":[{"@type":"Article","@id":"https:\/\/arquivo.barreiroweb.net\/?p=6101#article","isPartOf":{"@id":"https:\/\/arquivo.barreiroweb.net\/?p=6101"},"author":{"name":"barreiroweb","@id":"https:\/\/arquivo.barreiroweb.net\/#\/schema\/person\/44b6d528aff975e3786c9f475f9df2dd"},"headline":"PCP denuncia e apela \u00e0 luta: Contra o corte nas carreiras fluviais no Tejo","datePublished":"2012-02-28T23:51:24+00:00","mainEntityOfPage":{"@id":"https:\/\/arquivo.barreiroweb.net\/?p=6101"},"wordCount":352,"commentCount":0,"publisher":{"@id":"https:\/\/arquivo.barreiroweb.net\/#organization"},"image":{"@id":"https:\/\/arquivo.barreiroweb.net\/?p=6101#primaryimage"},"thumbnailUrl":"https:\/\/arquivo.barreiroweb.net\/wp-content\/uploads\/2011\/01\/pcp.jpg","keywords":["barcos","pcp","soflusa"],"articleSection":["Destaque","Festas e Feiras"],"inLanguage":"pt-PT","potentialAction":[{"@type":"CommentAction","name":"Comment","target":["https:\/\/arquivo.barreiroweb.net\/?p=6101#respond"]}]},{"@type":"WebPage","@id":"https:\/\/arquivo.barreiroweb.net\/?p=6101","url":"https:\/\/arquivo.barreiroweb.net\/?p=6101","name":"PCP denuncia e apela \u00e0 luta: Contra o corte nas carreiras fluviais no Tejo - barreiroweb","isPartOf":{"@id":"https:\/\/arquivo.barreiroweb.net\/#website"},"primaryImageOfPage":{"@id":"https:\/\/arquivo.barreiroweb.net\/?p=6101#primaryimage"},"image":{"@id":"https:\/\/arquivo.barreiroweb.net\/?p=6101#primaryimage"},"thumbnailUrl":"https:\/\/arquivo.barreiroweb.net\/wp-content\/uploads\/2011\/01\/pcp.jpg","datePublished":"2012-02-28T23:51:24+00:00","breadcrumb":{"@id":"https:\/\/arquivo.barreiroweb.net\/?p=6101#breadcrumb"},"inLanguage":"pt-PT","potentialAction":[{"@type":"ReadAction","target":["https:\/\/arquivo.barreiroweb.net\/?p=6101"]}]},{"@type":"ImageObject","inLanguage":"pt-PT","@id":"https:\/\/arquivo.barreiroweb.net\/?p=6101#primaryimage","url":"https:\/\/arquivo.barreiroweb.net\/wp-content\/uploads\/2011\/01\/pcp.jpg","contentUrl":"https:\/\/arquivo.barreiroweb.net\/wp-content\/uploads\/2011\/01\/pcp.jpg","width":"352","height":"303"},{"@type":"BreadcrumbList","@id":"https:\/\/arquivo.barreiroweb.net\/?p=6101#breadcrumb","itemListElement":[{"@type":"ListItem","position":1,"name":"In\u00edcio","item":"https:\/\/arquivo.barreiroweb.net\/"},{"@type":"ListItem","position":2,"name":"PCP denuncia e apela \u00e0 luta: Contra o corte nas carreiras fluviais no Tejo"}]},{"@type":"WebSite","@id":"https:\/\/arquivo.barreiroweb.net\/#website","url":"https:\/\/arquivo.barreiroweb.net\/","name":"barreiroweb","description":"Barreiroweb o barreiro na web","publisher":{"@id":"https:\/\/arquivo.barreiroweb.net\/#organization"},"potentialAction":[{"@type":"SearchAction","target":{"@type":"EntryPoint","urlTemplate":"https:\/\/arquivo.barreiroweb.net\/?s={search_term_string}"},"query-input":{"@type":"PropertyValueSpecification","valueRequired":true,"valueName":"search_term_string"}}],"inLanguage":"pt-PT"},{"@type":"Organization","@id":"https:\/\/arquivo.barreiroweb.net\/#organization","name":"barreiroweb","url":"https:\/\/arquivo.barreiroweb.net\/","logo":{"@type":"ImageObject","inLanguage":"pt-PT","@id":"https:\/\/arquivo.barreiroweb.net\/#\/schema\/logo\/image\/","url":"https:\/\/barreiroweb.net\/wp-content\/uploads\/2022\/05\/BarreiroWeb555.jpg","contentUrl":"https:\/\/barreiroweb.net\/wp-content\/uploads\/2022\/05\/BarreiroWeb555.jpg","width":421,"height":415,"caption":"barreiroweb"},"image":{"@id":"https:\/\/arquivo.barreiroweb.net\/#\/schema\/logo\/image\/"},"sameAs":["https:\/\/www.facebook.com\/barreiroweb","https:\/\/x.com\/barreiroweb"]},{"@type":"Person","@id":"https:\/\/arquivo.barreiroweb.net\/#\/schema\/person\/44b6d528aff975e3786c9f475f9df2dd","name":"barreiroweb","image":{"@type":"ImageObject","inLanguage":"pt-PT","@id":"https:\/\/arquivo.barreiroweb.net\/#\/schema\/person\/image\/","url":"https:\/\/secure.gravatar.com\/avatar\/1f764b917967430404ff0b452044eb63a25d64a5363b25be2aa42273930f477d?s=96&d=mm&r=g","contentUrl":"https:\/\/secure.gravatar.com\/avatar\/1f764b917967430404ff0b452044eb63a25d64a5363b25be2aa42273930f477d?s=96&d=mm&r=g","caption":"barreiroweb"},"url":"https:\/\/arquivo.barreiroweb.net\/?author=1"}]}},"_links":{"self":[{"href":"https:\/\/arquivo.barreiroweb.net\/index.php?rest_route=\/wp\/v2\/posts\/6101","targetHints":{"allow":["GET"]}}],"collection":[{"href":"https:\/\/arquivo.barreiroweb.net\/index.php?rest_route=\/wp\/v2\/posts"}],"about":[{"href":"https:\/\/arquivo.barreiroweb.net\/index.php?rest_route=\/wp\/v2\/types\/post"}],"author":[{"embeddable":true,"href":"https:\/\/arquivo.barreiroweb.net\/index.php?rest_route=\/wp\/v2\/users\/1"}],"replies":[{"embeddable":true,"href":"https:\/\/arquivo.barreiroweb.net\/index.php?rest_route=%2Fwp%2Fv2%2Fcomments&post=6101"}],"version-history":[{"count":3,"href":"https:\/\/arquivo.barreiroweb.net\/index.php?rest_route=\/wp\/v2\/posts\/6101\/revisions"}],"predecessor-version":[{"id":6104,"href":"https:\/\/arquivo.barreiroweb.net\/index.php?rest_route=\/wp\/v2\/posts\/6101\/revisions\/6104"}],"wp:featuredmedia":[{"embeddable":true,"href":"https:\/\/arquivo.barreiroweb.net\/index.php?rest_route=\/wp\/v2\/media\/302"}],"wp:attachment":[{"href":"https:\/\/arquivo.barreiroweb.net\/index.php?rest_route=%2Fwp%2Fv2%2Fmedia&parent=6101"}],"wp:term":[{"taxonomy":"category","embeddable":true,"href":"https:\/\/arquivo.barreiroweb.net\/index.php?rest_route=%2Fwp%2Fv2%2Fcategories&post=6101"},{"taxonomy":"post_tag","embeddable":true,"href":"https:\/\/arquivo.barreiroweb.net\/index.php?rest_route=%2Fwp%2Fv2%2Ftags&post=6101"}],"curies":[{"name":"wp","href":"https:\/\/api.w.org\/{rel}","templated":true}]}}