{"id":6085,"date":"2012-02-28T21:47:11","date_gmt":"2012-02-28T21:47:11","guid":{"rendered":"http:\/\/barreiroweb.eu\/?p=6085"},"modified":"2012-02-28T21:47:11","modified_gmt":"2012-02-28T21:47:11","slug":"contos-de-menino-as-escolas-do-laranjal-das-rosas-e-dos-cravos","status":"publish","type":"post","link":"https:\/\/arquivo.barreiroweb.net\/?p=6085","title":{"rendered":"CONTOS DE MENINO &#8211; AS  ESCOLAS  DO LARANJAL, DAS  ROSAS E DOS CRAVOS"},"content":{"rendered":"<p style=\"text-align: justify;\"><a href=\"http:\/\/barreiroweb.eu\/?attachment_id=1060\" rel=\"attachment wp-att-1060\"><img loading=\"lazy\" decoding=\"async\" class=\"alignleft size-thumbnail wp-image-1060\" title=\"armindo\" src=\"http:\/\/barreiroweb.eu\/wp-content\/uploads\/2011\/02\/armindo-150x150.jpg\" alt=\"\" width=\"150\" height=\"150\" srcset=\"https:\/\/arquivo.barreiroweb.net\/wp-content\/uploads\/2011\/02\/armindo-150x150.jpg 150w, https:\/\/arquivo.barreiroweb.net\/wp-content\/uploads\/2011\/02\/armindo-50x50.jpg 50w, https:\/\/arquivo.barreiroweb.net\/wp-content\/uploads\/2011\/02\/armindo-70x70.jpg 70w, https:\/\/arquivo.barreiroweb.net\/wp-content\/uploads\/2011\/02\/armindo-55x55.jpg 55w\" sizes=\"auto, (max-width: 150px) 100vw, 150px\" \/><\/a>Os meninos Z\u00e9zinho e Pedrinho eram alunos da Escola do LARANJAL. Era para esta escola\u00a0 que iam todos os meninos, filhos dos que tinham sido capatazes, guardas, encarregados e homens de confian\u00e7a da Quinta do Senhor Ant\u00f3nio que morreu (coitado) depois de ter ca\u00eddo de uma cadeira.<\/p>\n<p style=\"text-align: justify;\">Havia, tamb\u00e9m, ESCOLA DOS CRAVOS, onde estavam os filhos dos trabalhadores da quinta, de encarregados e de outras profiss\u00f5es que n\u00e3o concordavam\u00a0 com os mandos e desmandos do senhor Ant\u00f3nio\u00a0 e, mais tarde, dos seu herdeiros: O senhor Marcelo e o senhor Silva.<\/p>\n<p style=\"text-align: justify;\">Diziam \u201ccobras e lagartos\u201d dos meninos da Escola dos CRAVOS: &#8211; Que eram irreverentes, mal comportados, que protestavam por tudo e por nada, que s\u00f3 faziam malfeitorias e at\u00e9 falavam que os pais deles comiam criancinhas \u2026Vejam s\u00f3!<\/p>\n<p style=\"text-align: justify;\">Os anos passaram, o Z\u00e9zinho fez-se Jos\u00e9 e o Pedrinho fez-se Pedro. O padrinho do Jos\u00e9, o senhor M\u00e1rio, amigo do Frank (lembram-se?) levou-o para \u201ctrabalhar\u201d com ele. O mesmo fez o senhor Silva padrinho do Pedro, com o afilhado, que para al\u00e9m de lhe ensinar uns truques o levou para \u201ctrabalhar\u201d com ele, na esperan\u00e7a de, no futuro, quando governasse a quinta,\u00a0 os \u201cmeninos do LARANJAL\u201d, j\u00e1 crescidos , tomassem, com ele,\u00a0 conta da quinta \u00a0toda ( at\u00e9 j\u00e1 tinham criando um Banco e tudo).<\/p>\n<p style=\"text-align: justify;\">Numa outra escola, que era a das ROSAS, cujo diretor e gerente era o senhor M\u00e1rio, que castigava expulsava quem \u201cbrincasse\u201d ou \u201calinhasse\u201d com os meninos da escola dos CRAVOS, e lhes garantia que quando, j\u00e1 preparados (ou n\u00e3o),\u00a0 sa\u00edssem teriam bons empregos e eram\u00a0 industriados para, no futuro, conjuntamente com os ex-meninos da escola do LARANJAL tomariam conta dos neg\u00f3cios da ex-Quinta do senhor Ant\u00f3nio, alternando periodicamente a sua ger\u00eancia. Se o senhor M\u00e1rio n\u00e3o queria nada com os \u201cmeninos \u201c da escola dos CRAVOS\u00a0\u00a0\u00a0\u00a0\u00a0\u00a0 ( porque quando era menino andou l\u00e1 e n\u00e3o o deixaram ser chefe de turma), o senhor Silva tinha um sonho, ser chefe com um administrador seu disc\u00edpulo da escola do LARANJAL.<\/p>\n<p style=\"text-align: justify;\">Os meninos da escola dos CRAVOS, j\u00e1 crescidos, seguiram o caminho dos seus pais, protestando, exigindo liberdades, direitos e deveres iguais para todos. Por isso os pais deles, alunos no tempo em que a quinta era do senhor Ant\u00f3nio, foram presos, deportados e espancados, mas como agora pareceria mal aos donos das grandes quintas em redor, n\u00e3o\u00a0 podem fazer o mesmo que fizeram aos pais deles. Assim os ex-meninos das escolas do Laranjal e das Rosas que podendo mandar prender quem protesta, vingam-se (s\u00e3o vingativos pela surra) distribuem entre si os empregos mais bem pagos e como s\u00e3o donos dos Bancos os outros ex-meninos t\u00eam juros mais altos a pagar, aumentam-lhes os impostos, mandam-nos para o desemprego e at\u00e9 lhes tiram as casas e as empresas. Protesta-se, mas eles v\u00e3o sonhando com os tempos Antoniensis.<\/p>\n<p style=\"text-align: justify;\">A realiza\u00e7\u00e3o do sonho do senhor Silva, foi toda tramada pela \u201csurra\u201d ENTRE O Jos\u00e9 o Pedro e os padrinhos. Quando o Jos\u00e9 era o gerente da quinta (com o apoio do senhor M\u00e1rio) sabendo da vontade do administrador (o chefe) e lembrando-se dos tempos em que eram colegas no LARANJAL decidiu-se, chamou Pedro e disse-lhe: &#8211; \u2026 Vais continuar a fingir que est\u00e1s contra mim e Pedro, agora \u00e9 que vamos realizar o sonho do nosso chefe (senhor Silva), ser ele o patr\u00e3o e tu o gerente. E assim foi, o Jos\u00e9, com o apoio dos apoiantes do Pedro, fingiu quee a quinta ia \u00e0 fal\u00eancia, pediu dinheiro emprestado a uns usur\u00e1rios (tipo penhoristas), acordou com eles fazer tudo o que eles mandassem e disse ao Pedro: .\u201d\u2026Toma conta da quinta mais o senhor Silva, continua a fingir que n\u00e3o \u00e9s meu amigo e quando protestarem contra as malfeitorias que tiveres de fazer, dizes que a culpa foi e \u00e9 toda minha, que tem de cumprir o que eu prometi, para o bem e a honra do nome da nossa QUINTA.<\/p>\n<p style=\"text-align: justify;\">Assim foi, mas isto n\u00e3o fica por aqui, a saga dos\u00a0 contos de menino continua.<\/p>\n<p style=\"text-align: right;\">ARFER<\/p>\n","protected":false},"excerpt":{"rendered":"<p>Os meninos Z\u00e9zinho e Pedrinho eram alunos da Escola do LARANJAL. Era para esta escola\u00a0 que iam todos os meninos, filhos dos que tinham sido capatazes, guardas, encarregados e homens de confian\u00e7a da Quinta do Senhor Ant\u00f3nio que morreu (coitado) depois de ter ca\u00eddo de uma cadeira. Havia, tamb\u00e9m, ESCOLA DOS CRAVOS, onde estavam os [&hellip;]<\/p>\n","protected":false},"author":1,"featured_media":1060,"comment_status":"open","ping_status":"open","sticky":false,"template":"","format":"standard","meta":{"footnotes":""},"categories":[7,32],"tags":[132,41,133],"class_list":["post-6085","post","type-post","status-publish","format-standard","has-post-thumbnail","hentry","category-cinema","category-destaque","tag-armindo","tag-barreiro","tag-conto","last_archivepost"],"yoast_head":"<!-- This site is optimized with the Yoast SEO plugin v27.1.1 - https:\/\/yoast.com\/product\/yoast-seo-wordpress\/ -->\n<title>CONTOS DE MENINO - AS ESCOLAS DO LARANJAL, DAS ROSAS E DOS CRAVOS - barreiroweb<\/title>\n<meta name=\"robots\" content=\"index, follow, max-snippet:-1, max-image-preview:large, max-video-preview:-1\" \/>\n<link rel=\"canonical\" href=\"https:\/\/arquivo.barreiroweb.net\/?p=6085\" \/>\n<meta property=\"og:locale\" content=\"pt_PT\" \/>\n<meta property=\"og:type\" content=\"article\" \/>\n<meta property=\"og:title\" content=\"CONTOS DE MENINO - AS ESCOLAS DO LARANJAL, DAS ROSAS E DOS CRAVOS - barreiroweb\" \/>\n<meta property=\"og:description\" content=\"Os meninos Z\u00e9zinho e Pedrinho eram alunos da Escola do LARANJAL. Era para esta escola\u00a0 que iam todos os meninos, filhos dos que tinham sido capatazes, guardas, encarregados e homens de confian\u00e7a da Quinta do Senhor Ant\u00f3nio que morreu (coitado) depois de ter ca\u00eddo de uma cadeira. Havia, tamb\u00e9m, ESCOLA DOS CRAVOS, onde estavam os [&hellip;]\" \/>\n<meta property=\"og:url\" content=\"https:\/\/arquivo.barreiroweb.net\/?p=6085\" \/>\n<meta property=\"og:site_name\" content=\"barreiroweb\" \/>\n<meta property=\"article:publisher\" content=\"https:\/\/www.facebook.com\/barreiroweb\" \/>\n<meta property=\"article:published_time\" content=\"2012-02-28T21:47:11+00:00\" \/>\n<meta property=\"og:image\" content=\"https:\/\/arquivo.barreiroweb.net\/wp-content\/uploads\/2011\/02\/armindo.jpg\" \/>\n\t<meta property=\"og:image:width\" content=\"292\" \/>\n\t<meta property=\"og:image:height\" content=\"235\" \/>\n\t<meta property=\"og:image:type\" content=\"image\/jpeg\" \/>\n<meta name=\"author\" content=\"barreiroweb\" \/>\n<meta name=\"twitter:card\" content=\"summary_large_image\" \/>\n<meta name=\"twitter:creator\" content=\"@barreiroweb\" \/>\n<meta name=\"twitter:site\" content=\"@barreiroweb\" \/>\n<meta name=\"twitter:label1\" content=\"Escrito por\" \/>\n\t<meta name=\"twitter:data1\" content=\"barreiroweb\" \/>\n\t<meta name=\"twitter:label2\" content=\"Tempo estimado de leitura\" \/>\n\t<meta name=\"twitter:data2\" content=\"3 minutos\" \/>\n<script type=\"application\/ld+json\" class=\"yoast-schema-graph\">{\"@context\":\"https:\/\/schema.org\",\"@graph\":[{\"@type\":\"Article\",\"@id\":\"https:\/\/arquivo.barreiroweb.net\/?p=6085#article\",\"isPartOf\":{\"@id\":\"https:\/\/arquivo.barreiroweb.net\/?p=6085\"},\"author\":{\"name\":\"barreiroweb\",\"@id\":\"https:\/\/arquivo.barreiroweb.net\/#\/schema\/person\/44b6d528aff975e3786c9f475f9df2dd\"},\"headline\":\"CONTOS DE MENINO &#8211; AS ESCOLAS DO LARANJAL, DAS ROSAS E DOS CRAVOS\",\"datePublished\":\"2012-02-28T21:47:11+00:00\",\"mainEntityOfPage\":{\"@id\":\"https:\/\/arquivo.barreiroweb.net\/?p=6085\"},\"wordCount\":706,\"commentCount\":0,\"publisher\":{\"@id\":\"https:\/\/arquivo.barreiroweb.net\/#organization\"},\"image\":{\"@id\":\"https:\/\/arquivo.barreiroweb.net\/?p=6085#primaryimage\"},\"thumbnailUrl\":\"https:\/\/arquivo.barreiroweb.net\/wp-content\/uploads\/2011\/02\/armindo.jpg\",\"keywords\":[\"armindo\",\"barreiro\",\"conto\"],\"articleSection\":[\"Cinema\",\"Destaque\"],\"inLanguage\":\"pt-PT\",\"potentialAction\":[{\"@type\":\"CommentAction\",\"name\":\"Comment\",\"target\":[\"https:\/\/arquivo.barreiroweb.net\/?p=6085#respond\"]}]},{\"@type\":\"WebPage\",\"@id\":\"https:\/\/arquivo.barreiroweb.net\/?p=6085\",\"url\":\"https:\/\/arquivo.barreiroweb.net\/?p=6085\",\"name\":\"CONTOS DE MENINO - AS ESCOLAS DO LARANJAL, DAS ROSAS E DOS CRAVOS - barreiroweb\",\"isPartOf\":{\"@id\":\"https:\/\/arquivo.barreiroweb.net\/#website\"},\"primaryImageOfPage\":{\"@id\":\"https:\/\/arquivo.barreiroweb.net\/?p=6085#primaryimage\"},\"image\":{\"@id\":\"https:\/\/arquivo.barreiroweb.net\/?p=6085#primaryimage\"},\"thumbnailUrl\":\"https:\/\/arquivo.barreiroweb.net\/wp-content\/uploads\/2011\/02\/armindo.jpg\",\"datePublished\":\"2012-02-28T21:47:11+00:00\",\"breadcrumb\":{\"@id\":\"https:\/\/arquivo.barreiroweb.net\/?p=6085#breadcrumb\"},\"inLanguage\":\"pt-PT\",\"potentialAction\":[{\"@type\":\"ReadAction\",\"target\":[\"https:\/\/arquivo.barreiroweb.net\/?p=6085\"]}]},{\"@type\":\"ImageObject\",\"inLanguage\":\"pt-PT\",\"@id\":\"https:\/\/arquivo.barreiroweb.net\/?p=6085#primaryimage\",\"url\":\"https:\/\/arquivo.barreiroweb.net\/wp-content\/uploads\/2011\/02\/armindo.jpg\",\"contentUrl\":\"https:\/\/arquivo.barreiroweb.net\/wp-content\/uploads\/2011\/02\/armindo.jpg\",\"width\":\"292\",\"height\":\"235\"},{\"@type\":\"BreadcrumbList\",\"@id\":\"https:\/\/arquivo.barreiroweb.net\/?p=6085#breadcrumb\",\"itemListElement\":[{\"@type\":\"ListItem\",\"position\":1,\"name\":\"In\u00edcio\",\"item\":\"https:\/\/arquivo.barreiroweb.net\/\"},{\"@type\":\"ListItem\",\"position\":2,\"name\":\"CONTOS DE MENINO &#8211; AS ESCOLAS DO LARANJAL, DAS ROSAS E DOS CRAVOS\"}]},{\"@type\":\"WebSite\",\"@id\":\"https:\/\/arquivo.barreiroweb.net\/#website\",\"url\":\"https:\/\/arquivo.barreiroweb.net\/\",\"name\":\"barreiroweb\",\"description\":\"Barreiroweb o barreiro na web\",\"publisher\":{\"@id\":\"https:\/\/arquivo.barreiroweb.net\/#organization\"},\"potentialAction\":[{\"@type\":\"SearchAction\",\"target\":{\"@type\":\"EntryPoint\",\"urlTemplate\":\"https:\/\/arquivo.barreiroweb.net\/?s={search_term_string}\"},\"query-input\":{\"@type\":\"PropertyValueSpecification\",\"valueRequired\":true,\"valueName\":\"search_term_string\"}}],\"inLanguage\":\"pt-PT\"},{\"@type\":\"Organization\",\"@id\":\"https:\/\/arquivo.barreiroweb.net\/#organization\",\"name\":\"barreiroweb\",\"url\":\"https:\/\/arquivo.barreiroweb.net\/\",\"logo\":{\"@type\":\"ImageObject\",\"inLanguage\":\"pt-PT\",\"@id\":\"https:\/\/arquivo.barreiroweb.net\/#\/schema\/logo\/image\/\",\"url\":\"https:\/\/barreiroweb.net\/wp-content\/uploads\/2022\/05\/BarreiroWeb555.jpg\",\"contentUrl\":\"https:\/\/barreiroweb.net\/wp-content\/uploads\/2022\/05\/BarreiroWeb555.jpg\",\"width\":421,\"height\":415,\"caption\":\"barreiroweb\"},\"image\":{\"@id\":\"https:\/\/arquivo.barreiroweb.net\/#\/schema\/logo\/image\/\"},\"sameAs\":[\"https:\/\/www.facebook.com\/barreiroweb\",\"https:\/\/x.com\/barreiroweb\"]},{\"@type\":\"Person\",\"@id\":\"https:\/\/arquivo.barreiroweb.net\/#\/schema\/person\/44b6d528aff975e3786c9f475f9df2dd\",\"name\":\"barreiroweb\",\"image\":{\"@type\":\"ImageObject\",\"inLanguage\":\"pt-PT\",\"@id\":\"https:\/\/arquivo.barreiroweb.net\/#\/schema\/person\/image\/\",\"url\":\"https:\/\/secure.gravatar.com\/avatar\/1f764b917967430404ff0b452044eb63a25d64a5363b25be2aa42273930f477d?s=96&d=mm&r=g\",\"contentUrl\":\"https:\/\/secure.gravatar.com\/avatar\/1f764b917967430404ff0b452044eb63a25d64a5363b25be2aa42273930f477d?s=96&d=mm&r=g\",\"caption\":\"barreiroweb\"},\"url\":\"https:\/\/arquivo.barreiroweb.net\/?author=1\"}]}<\/script>\n<!-- \/ Yoast SEO plugin. -->","yoast_head_json":{"title":"CONTOS DE MENINO - AS ESCOLAS DO LARANJAL, DAS ROSAS E DOS CRAVOS - barreiroweb","robots":{"index":"index","follow":"follow","max-snippet":"max-snippet:-1","max-image-preview":"max-image-preview:large","max-video-preview":"max-video-preview:-1"},"canonical":"https:\/\/arquivo.barreiroweb.net\/?p=6085","og_locale":"pt_PT","og_type":"article","og_title":"CONTOS DE MENINO - AS ESCOLAS DO LARANJAL, DAS ROSAS E DOS CRAVOS - barreiroweb","og_description":"Os meninos Z\u00e9zinho e Pedrinho eram alunos da Escola do LARANJAL. Era para esta escola\u00a0 que iam todos os meninos, filhos dos que tinham sido capatazes, guardas, encarregados e homens de confian\u00e7a da Quinta do Senhor Ant\u00f3nio que morreu (coitado) depois de ter ca\u00eddo de uma cadeira. Havia, tamb\u00e9m, ESCOLA DOS CRAVOS, onde estavam os [&hellip;]","og_url":"https:\/\/arquivo.barreiroweb.net\/?p=6085","og_site_name":"barreiroweb","article_publisher":"https:\/\/www.facebook.com\/barreiroweb","article_published_time":"2012-02-28T21:47:11+00:00","og_image":[{"width":292,"height":235,"url":"https:\/\/arquivo.barreiroweb.net\/wp-content\/uploads\/2011\/02\/armindo.jpg","type":"image\/jpeg"}],"author":"barreiroweb","twitter_card":"summary_large_image","twitter_creator":"@barreiroweb","twitter_site":"@barreiroweb","twitter_misc":{"Escrito por":"barreiroweb","Tempo estimado de leitura":"3 minutos"},"schema":{"@context":"https:\/\/schema.org","@graph":[{"@type":"Article","@id":"https:\/\/arquivo.barreiroweb.net\/?p=6085#article","isPartOf":{"@id":"https:\/\/arquivo.barreiroweb.net\/?p=6085"},"author":{"name":"barreiroweb","@id":"https:\/\/arquivo.barreiroweb.net\/#\/schema\/person\/44b6d528aff975e3786c9f475f9df2dd"},"headline":"CONTOS DE MENINO &#8211; AS ESCOLAS DO LARANJAL, DAS ROSAS E DOS CRAVOS","datePublished":"2012-02-28T21:47:11+00:00","mainEntityOfPage":{"@id":"https:\/\/arquivo.barreiroweb.net\/?p=6085"},"wordCount":706,"commentCount":0,"publisher":{"@id":"https:\/\/arquivo.barreiroweb.net\/#organization"},"image":{"@id":"https:\/\/arquivo.barreiroweb.net\/?p=6085#primaryimage"},"thumbnailUrl":"https:\/\/arquivo.barreiroweb.net\/wp-content\/uploads\/2011\/02\/armindo.jpg","keywords":["armindo","barreiro","conto"],"articleSection":["Cinema","Destaque"],"inLanguage":"pt-PT","potentialAction":[{"@type":"CommentAction","name":"Comment","target":["https:\/\/arquivo.barreiroweb.net\/?p=6085#respond"]}]},{"@type":"WebPage","@id":"https:\/\/arquivo.barreiroweb.net\/?p=6085","url":"https:\/\/arquivo.barreiroweb.net\/?p=6085","name":"CONTOS DE MENINO - AS ESCOLAS DO LARANJAL, DAS ROSAS E DOS CRAVOS - barreiroweb","isPartOf":{"@id":"https:\/\/arquivo.barreiroweb.net\/#website"},"primaryImageOfPage":{"@id":"https:\/\/arquivo.barreiroweb.net\/?p=6085#primaryimage"},"image":{"@id":"https:\/\/arquivo.barreiroweb.net\/?p=6085#primaryimage"},"thumbnailUrl":"https:\/\/arquivo.barreiroweb.net\/wp-content\/uploads\/2011\/02\/armindo.jpg","datePublished":"2012-02-28T21:47:11+00:00","breadcrumb":{"@id":"https:\/\/arquivo.barreiroweb.net\/?p=6085#breadcrumb"},"inLanguage":"pt-PT","potentialAction":[{"@type":"ReadAction","target":["https:\/\/arquivo.barreiroweb.net\/?p=6085"]}]},{"@type":"ImageObject","inLanguage":"pt-PT","@id":"https:\/\/arquivo.barreiroweb.net\/?p=6085#primaryimage","url":"https:\/\/arquivo.barreiroweb.net\/wp-content\/uploads\/2011\/02\/armindo.jpg","contentUrl":"https:\/\/arquivo.barreiroweb.net\/wp-content\/uploads\/2011\/02\/armindo.jpg","width":"292","height":"235"},{"@type":"BreadcrumbList","@id":"https:\/\/arquivo.barreiroweb.net\/?p=6085#breadcrumb","itemListElement":[{"@type":"ListItem","position":1,"name":"In\u00edcio","item":"https:\/\/arquivo.barreiroweb.net\/"},{"@type":"ListItem","position":2,"name":"CONTOS DE MENINO &#8211; AS ESCOLAS DO LARANJAL, DAS ROSAS E DOS CRAVOS"}]},{"@type":"WebSite","@id":"https:\/\/arquivo.barreiroweb.net\/#website","url":"https:\/\/arquivo.barreiroweb.net\/","name":"barreiroweb","description":"Barreiroweb o barreiro na web","publisher":{"@id":"https:\/\/arquivo.barreiroweb.net\/#organization"},"potentialAction":[{"@type":"SearchAction","target":{"@type":"EntryPoint","urlTemplate":"https:\/\/arquivo.barreiroweb.net\/?s={search_term_string}"},"query-input":{"@type":"PropertyValueSpecification","valueRequired":true,"valueName":"search_term_string"}}],"inLanguage":"pt-PT"},{"@type":"Organization","@id":"https:\/\/arquivo.barreiroweb.net\/#organization","name":"barreiroweb","url":"https:\/\/arquivo.barreiroweb.net\/","logo":{"@type":"ImageObject","inLanguage":"pt-PT","@id":"https:\/\/arquivo.barreiroweb.net\/#\/schema\/logo\/image\/","url":"https:\/\/barreiroweb.net\/wp-content\/uploads\/2022\/05\/BarreiroWeb555.jpg","contentUrl":"https:\/\/barreiroweb.net\/wp-content\/uploads\/2022\/05\/BarreiroWeb555.jpg","width":421,"height":415,"caption":"barreiroweb"},"image":{"@id":"https:\/\/arquivo.barreiroweb.net\/#\/schema\/logo\/image\/"},"sameAs":["https:\/\/www.facebook.com\/barreiroweb","https:\/\/x.com\/barreiroweb"]},{"@type":"Person","@id":"https:\/\/arquivo.barreiroweb.net\/#\/schema\/person\/44b6d528aff975e3786c9f475f9df2dd","name":"barreiroweb","image":{"@type":"ImageObject","inLanguage":"pt-PT","@id":"https:\/\/arquivo.barreiroweb.net\/#\/schema\/person\/image\/","url":"https:\/\/secure.gravatar.com\/avatar\/1f764b917967430404ff0b452044eb63a25d64a5363b25be2aa42273930f477d?s=96&d=mm&r=g","contentUrl":"https:\/\/secure.gravatar.com\/avatar\/1f764b917967430404ff0b452044eb63a25d64a5363b25be2aa42273930f477d?s=96&d=mm&r=g","caption":"barreiroweb"},"url":"https:\/\/arquivo.barreiroweb.net\/?author=1"}]}},"_links":{"self":[{"href":"https:\/\/arquivo.barreiroweb.net\/index.php?rest_route=\/wp\/v2\/posts\/6085","targetHints":{"allow":["GET"]}}],"collection":[{"href":"https:\/\/arquivo.barreiroweb.net\/index.php?rest_route=\/wp\/v2\/posts"}],"about":[{"href":"https:\/\/arquivo.barreiroweb.net\/index.php?rest_route=\/wp\/v2\/types\/post"}],"author":[{"embeddable":true,"href":"https:\/\/arquivo.barreiroweb.net\/index.php?rest_route=\/wp\/v2\/users\/1"}],"replies":[{"embeddable":true,"href":"https:\/\/arquivo.barreiroweb.net\/index.php?rest_route=%2Fwp%2Fv2%2Fcomments&post=6085"}],"version-history":[{"count":3,"href":"https:\/\/arquivo.barreiroweb.net\/index.php?rest_route=\/wp\/v2\/posts\/6085\/revisions"}],"predecessor-version":[{"id":6088,"href":"https:\/\/arquivo.barreiroweb.net\/index.php?rest_route=\/wp\/v2\/posts\/6085\/revisions\/6088"}],"wp:featuredmedia":[{"embeddable":true,"href":"https:\/\/arquivo.barreiroweb.net\/index.php?rest_route=\/wp\/v2\/media\/1060"}],"wp:attachment":[{"href":"https:\/\/arquivo.barreiroweb.net\/index.php?rest_route=%2Fwp%2Fv2%2Fmedia&parent=6085"}],"wp:term":[{"taxonomy":"category","embeddable":true,"href":"https:\/\/arquivo.barreiroweb.net\/index.php?rest_route=%2Fwp%2Fv2%2Fcategories&post=6085"},{"taxonomy":"post_tag","embeddable":true,"href":"https:\/\/arquivo.barreiroweb.net\/index.php?rest_route=%2Fwp%2Fv2%2Ftags&post=6085"}],"curies":[{"name":"wp","href":"https:\/\/api.w.org\/{rel}","templated":true}]}}