{"id":5893,"date":"2012-02-19T00:19:07","date_gmt":"2012-02-19T00:19:07","guid":{"rendered":"http:\/\/barreiroweb.eu\/?p=5893"},"modified":"2012-02-21T00:22:35","modified_gmt":"2012-02-21T00:22:35","slug":"corta-mato-escolar-levou-varios-milhares-a-mata-nacional-da-machada-onde-o-desporto-juventude-e-convivio-dominaram","status":"publish","type":"post","link":"https:\/\/arquivo.barreiroweb.net\/?p=5893","title":{"rendered":"Corta Mato Escolar levou v\u00e1rios milhares \u00e0 Mata Nacional da Machada onde o desporto, juventude e conv\u00edvio dominaram"},"content":{"rendered":"<p style=\"text-align: justify;\"><a href=\"http:\/\/barreiroweb.eu\/?attachment_id=5894\" rel=\"attachment wp-att-5894\"><img loading=\"lazy\" decoding=\"async\" class=\"alignleft size-thumbnail wp-image-5894\" title=\"Mata da Machada corta mato escolar 2012 Peninsula Setubal3 (2)\" src=\"http:\/\/barreiroweb.eu\/wp-content\/uploads\/2012\/02\/Mata-da-Machada-corta-mato-escolar-2012-Peninsula-Setubal3-2-150x150.jpg\" alt=\"\" width=\"150\" height=\"150\" srcset=\"https:\/\/arquivo.barreiroweb.net\/wp-content\/uploads\/2012\/02\/Mata-da-Machada-corta-mato-escolar-2012-Peninsula-Setubal3-2-150x150.jpg 150w, https:\/\/arquivo.barreiroweb.net\/wp-content\/uploads\/2012\/02\/Mata-da-Machada-corta-mato-escolar-2012-Peninsula-Setubal3-2-50x50.jpg 50w, https:\/\/arquivo.barreiroweb.net\/wp-content\/uploads\/2012\/02\/Mata-da-Machada-corta-mato-escolar-2012-Peninsula-Setubal3-2-70x70.jpg 70w, https:\/\/arquivo.barreiroweb.net\/wp-content\/uploads\/2012\/02\/Mata-da-Machada-corta-mato-escolar-2012-Peninsula-Setubal3-2-55x55.jpg 55w\" sizes=\"auto, (max-width: 150px) 100vw, 150px\" \/><\/a>A Mata da Machada recebeu na manh\u00e3 de 15 de fevereiro, o Corta-Mato Escolar da Pen\u00ednsula de Set\u00fabal 2011\/12. Cerca de 3.200 jovens atletas, professores, dirigentes, membros da organiza\u00e7\u00e3o, acompanhantes, convidados e p\u00fablico lotaram aquele espa\u00e7o verde nobre do Concelho, um dos pulm\u00f5es do Barreiro. Foi uma manh\u00e3 com um colorido especial: alegria, conv\u00edvio, anima\u00e7\u00e3o e competi\u00e7\u00e3o. At\u00e9 o tempo ajudou.<\/p>\n<p style=\"text-align: justify;\">Passaram pelas v\u00e1rias cerim\u00f3nias de Entrega de Pr\u00e9mios &#8211; dos v\u00e1rios escal\u00f5es em prova correspondentes aos 1\u00ba, 2\u00ba, 3\u00ba ciclos, secund\u00e1rio e alunos com necessidades educativas especiais -, que se realizaram ao longo da manh\u00e3 desportiva, os vereadores respons\u00e1veis pelas \u00e1reas do Desporto, Cultura e\u00a0Associativismo, Interven\u00e7\u00e3o Social e\u00a0Educa\u00e7\u00e3o, e Juventude, Regina Janeiro, e com a Sustentabilidade Ambiental, Nuno Banza, o Director Regional Adjunto de Educa\u00e7\u00e3o de Lisboa e Vale do Tejo (DRELVT), Jo\u00e3o Passarinho, a Coordenadora Regional do Desporto Escolar (DE), Patr\u00edcia Can\u00e1rio, o Director de Servi\u00e7os da DRELVT, Rui Louren\u00e7o, as assessoras de Regina Janeiro e Nuno Banza, respetivamente, M\u00f3nica Duarte e Susana Ramos, os chefes de Divis\u00e3o da CMB, do Desporto (DD), Hugo Farto, e Sustentabilidade Ambiental (DSA), Andreia Pereira (DSA), o Director do Departamento de Desporto da C\u00e2mara Municipal de Almada, Jos\u00e9 Barreto, os t\u00e9cnicos da CMB, da DD, respons\u00e1vel pela modalidade de atletismo, Andr\u00e9 Antunes, e o coordenador do Centro de Educa\u00e7\u00e3o Ambiental, Nuno Cabrita, e o atleta Ol\u00edmpico, natural de Almada, Alberto Cha\u00ed\u00e7a.\u00a0<\/p>\n<p style=\"text-align: justify;\">Esta prova foi co-organizada pela DRELVT \u2013 Equipa do Desporto Escolar da Pen\u00ednsula de Set\u00fabal e pela C\u00e2mara Municipal do Barreiro. Contou com o apoio da Escola EBS Santo Ant\u00f3nio da Charneca, C\u00e2mara Municipal do Seixal e Cruz Vermelha Portuguesa \u2013 Delega\u00e7\u00e3o do Seixal.<\/p>\n<p style=\"text-align: justify;\" align=\"center\">Condi\u00e7\u00f5es excelentes para a pr\u00e1tica<\/p>\n<p style=\"text-align: justify;\">Na Mata da Machada estiveram alunos dos mais novos aos mais velhos, de 83 escolas da Pen\u00ednsula de Set\u00fabal. Ao speaker de servi\u00e7o, no local, a Coordenadora Regional do DE, Patr\u00edcia Can\u00e1rio, salientou as \u201ccondi\u00e7\u00f5es excelentes [do espa\u00e7o] para a pr\u00e1tica do corta-mato\u201d.<\/p>\n<p style=\"text-align: justify;\">Quem assistiu p\u00f4de testemunhar a alegria dos participantes.<\/p>\n<p style=\"text-align: justify;\">Presente esteve, igualmente, o Presidente da Dire\u00e7\u00e3o da Associa\u00e7\u00e3o de Atletismo de Set\u00fabal, Manuel Nunes de Aguiar, que, felicitando os participantes no sistema de som local, afirmou: \u201c\u00c9 gratificante ver esta moldura humana dos mi\u00fados\u201d.<\/p>\n<p style=\"text-align: justify;\">\u201cVoc\u00eas n\u00e3o batiam palmas, eles fazem a festa\u201d, disse a dada altura o animador, atestando da boa disposi\u00e7\u00e3o dos participantes.<\/p>\n<p style=\"text-align: justify;\" align=\"center\">Classifica\u00e7\u00f5es<\/p>\n<p style=\"text-align: justify;\">No que refere a p\u00f3dios o Agrupamento de Escolas da Quinta da Lomba alcan\u00e7ou o 1\u00ba lugar coletivo em infantis A masculinos, com os alunos\/atletas Ricardo Rosa, Diogo Vitorino, Miguel Antunes e Lu\u00eds Rosa.<\/p>\n<p style=\"text-align: justify;\">O AE Padre Ab\u00edlio Mendes, com Ivan Buha, Celson Lima, Florberto Pereira e Jo\u00e3o Rodrigues, obteve o 3\u00ba lugar coletivo em juvenis masculinos.<\/p>\n<p style=\"text-align: justify;\">Em juniores femininos, a Escola Secund\u00e1ria de Casquilhos, com Maria Rodrigues, Janine Delgado, Stefanie Lopes e Rosa Santos foi 3\u00aa.<\/p>\n<p style=\"text-align: justify;\">Individualmente, B\u00e1rbara Beijinha, do AE \u00c1lvaro Velho, foi 3\u00aa em infantis A femininos. David Fortes, da Escola Secund\u00e1ria de Casquilhos, foi 3\u00ba em iniciados masculinos.<\/p>\n<p style=\"text-align: justify;\">As classifica\u00e7\u00f5es encontram-se publicadas no S\u00edtio Oficial da CMB na Internet, na p\u00e1gina <a href=\"http:\/\/www.cm-barreiro.pt\/pt\/conteudos\/noticias+e+eventos\/noticias\/CORTA-MATO+ESCOLAR+PENINSULA+DE+SETUBAL+2011-12.htm\">http:\/\/www.cm-barreiro.pt\/pt\/conteudos\/noticias+e+eventos\/noticias\/CORTA-MATO+ESCOLAR+PENINSULA+DE+SETUBAL+2011-12.htm<\/a>.<\/p>\n<p>&nbsp;<\/p>\n<p align=\"right\">CMB 2012-02-17<\/p>\n<p>&nbsp;<\/p>\n<p>&nbsp;<\/p>\n<p>&nbsp;<\/p>\n<p>&nbsp;<\/p>\n<p>&nbsp;<\/p>\n<p>&nbsp;<\/p>\n<p>&nbsp;<\/p>\n","protected":false},"excerpt":{"rendered":"<p>A Mata da Machada recebeu na manh\u00e3 de 15 de fevereiro, o Corta-Mato Escolar da Pen\u00ednsula de Set\u00fabal 2011\/12. Cerca de 3.200 jovens atletas, professores, dirigentes, membros da organiza\u00e7\u00e3o, acompanhantes, convidados e p\u00fablico lotaram aquele espa\u00e7o verde nobre do Concelho, um dos pulm\u00f5es do Barreiro. Foi uma manh\u00e3 com um colorido especial: alegria, conv\u00edvio, anima\u00e7\u00e3o [&hellip;]<\/p>\n","protected":false},"author":1,"featured_media":5894,"comment_status":"open","ping_status":"open","sticky":false,"template":"","format":"standard","meta":{"footnotes":""},"categories":[12,32,3],"tags":[41,110],"class_list":["post-5893","post","type-post","status-publish","format-standard","has-post-thumbnail","hentry","category-desporto","category-destaque","category-eventos","tag-barreiro","tag-desporto-2","last_archivepost"],"yoast_head":"<!-- This site is optimized with the Yoast SEO plugin v27.1.1 - https:\/\/yoast.com\/product\/yoast-seo-wordpress\/ -->\n<title>Corta Mato Escolar levou v\u00e1rios milhares \u00e0 Mata Nacional da Machada onde o desporto, juventude e conv\u00edvio dominaram - barreiroweb<\/title>\n<meta name=\"robots\" content=\"index, follow, max-snippet:-1, max-image-preview:large, max-video-preview:-1\" \/>\n<link rel=\"canonical\" href=\"https:\/\/arquivo.barreiroweb.net\/?p=5893\" \/>\n<meta property=\"og:locale\" content=\"pt_PT\" \/>\n<meta property=\"og:type\" content=\"article\" \/>\n<meta property=\"og:title\" content=\"Corta Mato Escolar levou v\u00e1rios milhares \u00e0 Mata Nacional da Machada onde o desporto, juventude e conv\u00edvio dominaram - barreiroweb\" \/>\n<meta property=\"og:description\" content=\"A Mata da Machada recebeu na manh\u00e3 de 15 de fevereiro, o Corta-Mato Escolar da Pen\u00ednsula de Set\u00fabal 2011\/12. Cerca de 3.200 jovens atletas, professores, dirigentes, membros da organiza\u00e7\u00e3o, acompanhantes, convidados e p\u00fablico lotaram aquele espa\u00e7o verde nobre do Concelho, um dos pulm\u00f5es do Barreiro. Foi uma manh\u00e3 com um colorido especial: alegria, conv\u00edvio, anima\u00e7\u00e3o [&hellip;]\" \/>\n<meta property=\"og:url\" content=\"https:\/\/arquivo.barreiroweb.net\/?p=5893\" \/>\n<meta property=\"og:site_name\" content=\"barreiroweb\" \/>\n<meta property=\"article:publisher\" content=\"https:\/\/www.facebook.com\/barreiroweb\" \/>\n<meta property=\"article:published_time\" content=\"2012-02-19T00:19:07+00:00\" \/>\n<meta property=\"article:modified_time\" content=\"2012-02-21T00:22:35+00:00\" \/>\n<meta property=\"og:image\" content=\"https:\/\/arquivo.barreiroweb.net\/wp-content\/uploads\/2012\/02\/Mata-da-Machada-corta-mato-escolar-2012-Peninsula-Setubal3-2.jpg\" \/>\n\t<meta property=\"og:image:width\" content=\"314\" \/>\n\t<meta property=\"og:image:height\" content=\"209\" \/>\n\t<meta property=\"og:image:type\" content=\"image\/jpeg\" \/>\n<meta name=\"author\" content=\"barreiroweb\" \/>\n<meta name=\"twitter:card\" content=\"summary_large_image\" \/>\n<meta name=\"twitter:creator\" content=\"@barreiroweb\" \/>\n<meta name=\"twitter:site\" content=\"@barreiroweb\" \/>\n<meta name=\"twitter:label1\" content=\"Escrito por\" \/>\n\t<meta name=\"twitter:data1\" content=\"barreiroweb\" \/>\n\t<meta name=\"twitter:label2\" content=\"Tempo estimado de leitura\" \/>\n\t<meta name=\"twitter:data2\" content=\"3 minutos\" \/>\n<script type=\"application\/ld+json\" class=\"yoast-schema-graph\">{\"@context\":\"https:\/\/schema.org\",\"@graph\":[{\"@type\":\"Article\",\"@id\":\"https:\/\/arquivo.barreiroweb.net\/?p=5893#article\",\"isPartOf\":{\"@id\":\"https:\/\/arquivo.barreiroweb.net\/?p=5893\"},\"author\":{\"name\":\"barreiroweb\",\"@id\":\"https:\/\/arquivo.barreiroweb.net\/#\/schema\/person\/44b6d528aff975e3786c9f475f9df2dd\"},\"headline\":\"Corta Mato Escolar levou v\u00e1rios milhares \u00e0 Mata Nacional da Machada onde o desporto, juventude e conv\u00edvio dominaram\",\"datePublished\":\"2012-02-19T00:19:07+00:00\",\"dateModified\":\"2012-02-21T00:22:35+00:00\",\"mainEntityOfPage\":{\"@id\":\"https:\/\/arquivo.barreiroweb.net\/?p=5893\"},\"wordCount\":603,\"commentCount\":0,\"publisher\":{\"@id\":\"https:\/\/arquivo.barreiroweb.net\/#organization\"},\"image\":{\"@id\":\"https:\/\/arquivo.barreiroweb.net\/?p=5893#primaryimage\"},\"thumbnailUrl\":\"https:\/\/arquivo.barreiroweb.net\/wp-content\/uploads\/2012\/02\/Mata-da-Machada-corta-mato-escolar-2012-Peninsula-Setubal3-2.jpg\",\"keywords\":[\"barreiro\",\"desporto\"],\"articleSection\":[\"Desporto\",\"Destaque\",\"Eventos\"],\"inLanguage\":\"pt-PT\",\"potentialAction\":[{\"@type\":\"CommentAction\",\"name\":\"Comment\",\"target\":[\"https:\/\/arquivo.barreiroweb.net\/?p=5893#respond\"]}]},{\"@type\":\"WebPage\",\"@id\":\"https:\/\/arquivo.barreiroweb.net\/?p=5893\",\"url\":\"https:\/\/arquivo.barreiroweb.net\/?p=5893\",\"name\":\"Corta Mato Escolar levou v\u00e1rios milhares \u00e0 Mata Nacional da Machada onde o desporto, juventude e conv\u00edvio dominaram - barreiroweb\",\"isPartOf\":{\"@id\":\"https:\/\/arquivo.barreiroweb.net\/#website\"},\"primaryImageOfPage\":{\"@id\":\"https:\/\/arquivo.barreiroweb.net\/?p=5893#primaryimage\"},\"image\":{\"@id\":\"https:\/\/arquivo.barreiroweb.net\/?p=5893#primaryimage\"},\"thumbnailUrl\":\"https:\/\/arquivo.barreiroweb.net\/wp-content\/uploads\/2012\/02\/Mata-da-Machada-corta-mato-escolar-2012-Peninsula-Setubal3-2.jpg\",\"datePublished\":\"2012-02-19T00:19:07+00:00\",\"dateModified\":\"2012-02-21T00:22:35+00:00\",\"breadcrumb\":{\"@id\":\"https:\/\/arquivo.barreiroweb.net\/?p=5893#breadcrumb\"},\"inLanguage\":\"pt-PT\",\"potentialAction\":[{\"@type\":\"ReadAction\",\"target\":[\"https:\/\/arquivo.barreiroweb.net\/?p=5893\"]}]},{\"@type\":\"ImageObject\",\"inLanguage\":\"pt-PT\",\"@id\":\"https:\/\/arquivo.barreiroweb.net\/?p=5893#primaryimage\",\"url\":\"https:\/\/arquivo.barreiroweb.net\/wp-content\/uploads\/2012\/02\/Mata-da-Machada-corta-mato-escolar-2012-Peninsula-Setubal3-2.jpg\",\"contentUrl\":\"https:\/\/arquivo.barreiroweb.net\/wp-content\/uploads\/2012\/02\/Mata-da-Machada-corta-mato-escolar-2012-Peninsula-Setubal3-2.jpg\",\"width\":\"314\",\"height\":\"209\"},{\"@type\":\"BreadcrumbList\",\"@id\":\"https:\/\/arquivo.barreiroweb.net\/?p=5893#breadcrumb\",\"itemListElement\":[{\"@type\":\"ListItem\",\"position\":1,\"name\":\"In\u00edcio\",\"item\":\"https:\/\/arquivo.barreiroweb.net\/\"},{\"@type\":\"ListItem\",\"position\":2,\"name\":\"Corta Mato Escolar levou v\u00e1rios milhares \u00e0 Mata Nacional da Machada onde o desporto, juventude e conv\u00edvio dominaram\"}]},{\"@type\":\"WebSite\",\"@id\":\"https:\/\/arquivo.barreiroweb.net\/#website\",\"url\":\"https:\/\/arquivo.barreiroweb.net\/\",\"name\":\"barreiroweb\",\"description\":\"Barreiroweb o barreiro na web\",\"publisher\":{\"@id\":\"https:\/\/arquivo.barreiroweb.net\/#organization\"},\"potentialAction\":[{\"@type\":\"SearchAction\",\"target\":{\"@type\":\"EntryPoint\",\"urlTemplate\":\"https:\/\/arquivo.barreiroweb.net\/?s={search_term_string}\"},\"query-input\":{\"@type\":\"PropertyValueSpecification\",\"valueRequired\":true,\"valueName\":\"search_term_string\"}}],\"inLanguage\":\"pt-PT\"},{\"@type\":\"Organization\",\"@id\":\"https:\/\/arquivo.barreiroweb.net\/#organization\",\"name\":\"barreiroweb\",\"url\":\"https:\/\/arquivo.barreiroweb.net\/\",\"logo\":{\"@type\":\"ImageObject\",\"inLanguage\":\"pt-PT\",\"@id\":\"https:\/\/arquivo.barreiroweb.net\/#\/schema\/logo\/image\/\",\"url\":\"https:\/\/barreiroweb.net\/wp-content\/uploads\/2022\/05\/BarreiroWeb555.jpg\",\"contentUrl\":\"https:\/\/barreiroweb.net\/wp-content\/uploads\/2022\/05\/BarreiroWeb555.jpg\",\"width\":421,\"height\":415,\"caption\":\"barreiroweb\"},\"image\":{\"@id\":\"https:\/\/arquivo.barreiroweb.net\/#\/schema\/logo\/image\/\"},\"sameAs\":[\"https:\/\/www.facebook.com\/barreiroweb\",\"https:\/\/x.com\/barreiroweb\"]},{\"@type\":\"Person\",\"@id\":\"https:\/\/arquivo.barreiroweb.net\/#\/schema\/person\/44b6d528aff975e3786c9f475f9df2dd\",\"name\":\"barreiroweb\",\"image\":{\"@type\":\"ImageObject\",\"inLanguage\":\"pt-PT\",\"@id\":\"https:\/\/arquivo.barreiroweb.net\/#\/schema\/person\/image\/\",\"url\":\"https:\/\/secure.gravatar.com\/avatar\/1f764b917967430404ff0b452044eb63a25d64a5363b25be2aa42273930f477d?s=96&d=mm&r=g\",\"contentUrl\":\"https:\/\/secure.gravatar.com\/avatar\/1f764b917967430404ff0b452044eb63a25d64a5363b25be2aa42273930f477d?s=96&d=mm&r=g\",\"caption\":\"barreiroweb\"},\"url\":\"https:\/\/arquivo.barreiroweb.net\/?author=1\"}]}<\/script>\n<!-- \/ Yoast SEO plugin. -->","yoast_head_json":{"title":"Corta Mato Escolar levou v\u00e1rios milhares \u00e0 Mata Nacional da Machada onde o desporto, juventude e conv\u00edvio dominaram - barreiroweb","robots":{"index":"index","follow":"follow","max-snippet":"max-snippet:-1","max-image-preview":"max-image-preview:large","max-video-preview":"max-video-preview:-1"},"canonical":"https:\/\/arquivo.barreiroweb.net\/?p=5893","og_locale":"pt_PT","og_type":"article","og_title":"Corta Mato Escolar levou v\u00e1rios milhares \u00e0 Mata Nacional da Machada onde o desporto, juventude e conv\u00edvio dominaram - barreiroweb","og_description":"A Mata da Machada recebeu na manh\u00e3 de 15 de fevereiro, o Corta-Mato Escolar da Pen\u00ednsula de Set\u00fabal 2011\/12. Cerca de 3.200 jovens atletas, professores, dirigentes, membros da organiza\u00e7\u00e3o, acompanhantes, convidados e p\u00fablico lotaram aquele espa\u00e7o verde nobre do Concelho, um dos pulm\u00f5es do Barreiro. Foi uma manh\u00e3 com um colorido especial: alegria, conv\u00edvio, anima\u00e7\u00e3o [&hellip;]","og_url":"https:\/\/arquivo.barreiroweb.net\/?p=5893","og_site_name":"barreiroweb","article_publisher":"https:\/\/www.facebook.com\/barreiroweb","article_published_time":"2012-02-19T00:19:07+00:00","article_modified_time":"2012-02-21T00:22:35+00:00","og_image":[{"width":314,"height":209,"url":"https:\/\/arquivo.barreiroweb.net\/wp-content\/uploads\/2012\/02\/Mata-da-Machada-corta-mato-escolar-2012-Peninsula-Setubal3-2.jpg","type":"image\/jpeg"}],"author":"barreiroweb","twitter_card":"summary_large_image","twitter_creator":"@barreiroweb","twitter_site":"@barreiroweb","twitter_misc":{"Escrito por":"barreiroweb","Tempo estimado de leitura":"3 minutos"},"schema":{"@context":"https:\/\/schema.org","@graph":[{"@type":"Article","@id":"https:\/\/arquivo.barreiroweb.net\/?p=5893#article","isPartOf":{"@id":"https:\/\/arquivo.barreiroweb.net\/?p=5893"},"author":{"name":"barreiroweb","@id":"https:\/\/arquivo.barreiroweb.net\/#\/schema\/person\/44b6d528aff975e3786c9f475f9df2dd"},"headline":"Corta Mato Escolar levou v\u00e1rios milhares \u00e0 Mata Nacional da Machada onde o desporto, juventude e conv\u00edvio dominaram","datePublished":"2012-02-19T00:19:07+00:00","dateModified":"2012-02-21T00:22:35+00:00","mainEntityOfPage":{"@id":"https:\/\/arquivo.barreiroweb.net\/?p=5893"},"wordCount":603,"commentCount":0,"publisher":{"@id":"https:\/\/arquivo.barreiroweb.net\/#organization"},"image":{"@id":"https:\/\/arquivo.barreiroweb.net\/?p=5893#primaryimage"},"thumbnailUrl":"https:\/\/arquivo.barreiroweb.net\/wp-content\/uploads\/2012\/02\/Mata-da-Machada-corta-mato-escolar-2012-Peninsula-Setubal3-2.jpg","keywords":["barreiro","desporto"],"articleSection":["Desporto","Destaque","Eventos"],"inLanguage":"pt-PT","potentialAction":[{"@type":"CommentAction","name":"Comment","target":["https:\/\/arquivo.barreiroweb.net\/?p=5893#respond"]}]},{"@type":"WebPage","@id":"https:\/\/arquivo.barreiroweb.net\/?p=5893","url":"https:\/\/arquivo.barreiroweb.net\/?p=5893","name":"Corta Mato Escolar levou v\u00e1rios milhares \u00e0 Mata Nacional da Machada onde o desporto, juventude e conv\u00edvio dominaram - barreiroweb","isPartOf":{"@id":"https:\/\/arquivo.barreiroweb.net\/#website"},"primaryImageOfPage":{"@id":"https:\/\/arquivo.barreiroweb.net\/?p=5893#primaryimage"},"image":{"@id":"https:\/\/arquivo.barreiroweb.net\/?p=5893#primaryimage"},"thumbnailUrl":"https:\/\/arquivo.barreiroweb.net\/wp-content\/uploads\/2012\/02\/Mata-da-Machada-corta-mato-escolar-2012-Peninsula-Setubal3-2.jpg","datePublished":"2012-02-19T00:19:07+00:00","dateModified":"2012-02-21T00:22:35+00:00","breadcrumb":{"@id":"https:\/\/arquivo.barreiroweb.net\/?p=5893#breadcrumb"},"inLanguage":"pt-PT","potentialAction":[{"@type":"ReadAction","target":["https:\/\/arquivo.barreiroweb.net\/?p=5893"]}]},{"@type":"ImageObject","inLanguage":"pt-PT","@id":"https:\/\/arquivo.barreiroweb.net\/?p=5893#primaryimage","url":"https:\/\/arquivo.barreiroweb.net\/wp-content\/uploads\/2012\/02\/Mata-da-Machada-corta-mato-escolar-2012-Peninsula-Setubal3-2.jpg","contentUrl":"https:\/\/arquivo.barreiroweb.net\/wp-content\/uploads\/2012\/02\/Mata-da-Machada-corta-mato-escolar-2012-Peninsula-Setubal3-2.jpg","width":"314","height":"209"},{"@type":"BreadcrumbList","@id":"https:\/\/arquivo.barreiroweb.net\/?p=5893#breadcrumb","itemListElement":[{"@type":"ListItem","position":1,"name":"In\u00edcio","item":"https:\/\/arquivo.barreiroweb.net\/"},{"@type":"ListItem","position":2,"name":"Corta Mato Escolar levou v\u00e1rios milhares \u00e0 Mata Nacional da Machada onde o desporto, juventude e conv\u00edvio dominaram"}]},{"@type":"WebSite","@id":"https:\/\/arquivo.barreiroweb.net\/#website","url":"https:\/\/arquivo.barreiroweb.net\/","name":"barreiroweb","description":"Barreiroweb o barreiro na web","publisher":{"@id":"https:\/\/arquivo.barreiroweb.net\/#organization"},"potentialAction":[{"@type":"SearchAction","target":{"@type":"EntryPoint","urlTemplate":"https:\/\/arquivo.barreiroweb.net\/?s={search_term_string}"},"query-input":{"@type":"PropertyValueSpecification","valueRequired":true,"valueName":"search_term_string"}}],"inLanguage":"pt-PT"},{"@type":"Organization","@id":"https:\/\/arquivo.barreiroweb.net\/#organization","name":"barreiroweb","url":"https:\/\/arquivo.barreiroweb.net\/","logo":{"@type":"ImageObject","inLanguage":"pt-PT","@id":"https:\/\/arquivo.barreiroweb.net\/#\/schema\/logo\/image\/","url":"https:\/\/barreiroweb.net\/wp-content\/uploads\/2022\/05\/BarreiroWeb555.jpg","contentUrl":"https:\/\/barreiroweb.net\/wp-content\/uploads\/2022\/05\/BarreiroWeb555.jpg","width":421,"height":415,"caption":"barreiroweb"},"image":{"@id":"https:\/\/arquivo.barreiroweb.net\/#\/schema\/logo\/image\/"},"sameAs":["https:\/\/www.facebook.com\/barreiroweb","https:\/\/x.com\/barreiroweb"]},{"@type":"Person","@id":"https:\/\/arquivo.barreiroweb.net\/#\/schema\/person\/44b6d528aff975e3786c9f475f9df2dd","name":"barreiroweb","image":{"@type":"ImageObject","inLanguage":"pt-PT","@id":"https:\/\/arquivo.barreiroweb.net\/#\/schema\/person\/image\/","url":"https:\/\/secure.gravatar.com\/avatar\/1f764b917967430404ff0b452044eb63a25d64a5363b25be2aa42273930f477d?s=96&d=mm&r=g","contentUrl":"https:\/\/secure.gravatar.com\/avatar\/1f764b917967430404ff0b452044eb63a25d64a5363b25be2aa42273930f477d?s=96&d=mm&r=g","caption":"barreiroweb"},"url":"https:\/\/arquivo.barreiroweb.net\/?author=1"}]}},"_links":{"self":[{"href":"https:\/\/arquivo.barreiroweb.net\/index.php?rest_route=\/wp\/v2\/posts\/5893","targetHints":{"allow":["GET"]}}],"collection":[{"href":"https:\/\/arquivo.barreiroweb.net\/index.php?rest_route=\/wp\/v2\/posts"}],"about":[{"href":"https:\/\/arquivo.barreiroweb.net\/index.php?rest_route=\/wp\/v2\/types\/post"}],"author":[{"embeddable":true,"href":"https:\/\/arquivo.barreiroweb.net\/index.php?rest_route=\/wp\/v2\/users\/1"}],"replies":[{"embeddable":true,"href":"https:\/\/arquivo.barreiroweb.net\/index.php?rest_route=%2Fwp%2Fv2%2Fcomments&post=5893"}],"version-history":[{"count":2,"href":"https:\/\/arquivo.barreiroweb.net\/index.php?rest_route=\/wp\/v2\/posts\/5893\/revisions"}],"predecessor-version":[{"id":5896,"href":"https:\/\/arquivo.barreiroweb.net\/index.php?rest_route=\/wp\/v2\/posts\/5893\/revisions\/5896"}],"wp:featuredmedia":[{"embeddable":true,"href":"https:\/\/arquivo.barreiroweb.net\/index.php?rest_route=\/wp\/v2\/media\/5894"}],"wp:attachment":[{"href":"https:\/\/arquivo.barreiroweb.net\/index.php?rest_route=%2Fwp%2Fv2%2Fmedia&parent=5893"}],"wp:term":[{"taxonomy":"category","embeddable":true,"href":"https:\/\/arquivo.barreiroweb.net\/index.php?rest_route=%2Fwp%2Fv2%2Fcategories&post=5893"},{"taxonomy":"post_tag","embeddable":true,"href":"https:\/\/arquivo.barreiroweb.net\/index.php?rest_route=%2Fwp%2Fv2%2Ftags&post=5893"}],"curies":[{"name":"wp","href":"https:\/\/api.w.org\/{rel}","templated":true}]}}