{"id":5867,"date":"2012-02-20T23:46:45","date_gmt":"2012-02-20T23:46:45","guid":{"rendered":"http:\/\/barreiroweb.eu\/?p=5867"},"modified":"2012-02-20T23:46:45","modified_gmt":"2012-02-20T23:46:45","slug":"inseguranca-na-quinta-do-conde-sesimbra-motiva-pergunta-de-os-verdes-na-assembleia-da-republica","status":"publish","type":"post","link":"https:\/\/arquivo.barreiroweb.net\/?p=5867","title":{"rendered":"Inseguran\u00e7a na Quinta do Conde \u2013 Sesimbra &#8211; motiva pergunta de \u201cOs Verdes\u201d na Assembleia da Rep\u00fablica"},"content":{"rendered":"<p style=\"text-align: justify;\" align=\"center\"><a href=\"http:\/\/barreiroweb.eu\/?attachment_id=683\" rel=\"attachment wp-att-683\"><img loading=\"lazy\" decoding=\"async\" class=\"alignleft size-thumbnail wp-image-683\" title=\"verdes\" src=\"http:\/\/barreiroweb.eu\/wp-content\/uploads\/2011\/01\/verdes-150x150.png\" alt=\"\" width=\"150\" height=\"150\" srcset=\"https:\/\/arquivo.barreiroweb.net\/wp-content\/uploads\/2011\/01\/verdes-150x150.png 150w, https:\/\/arquivo.barreiroweb.net\/wp-content\/uploads\/2011\/01\/verdes-50x50.png 50w, https:\/\/arquivo.barreiroweb.net\/wp-content\/uploads\/2011\/01\/verdes-70x70.png 70w, https:\/\/arquivo.barreiroweb.net\/wp-content\/uploads\/2011\/01\/verdes-55x55.png 55w\" sizes=\"auto, (max-width: 150px) 100vw, 150px\" \/><\/a>O Deputado <strong>Jos\u00e9 Lu\u00eds Ferreira<\/strong>, do Grupo Parlamentar <strong>\u201cOs Verdes\u201d<\/strong>, entregou na Assembleia da Rep\u00fablica uma pergunta em que questiona o Governo, atrav\u00e9s do <strong>Minist\u00e9rio da Administra\u00e7\u00e3o Interna, <\/strong>sobre a <strong>inseguran\u00e7a sentida pelas popula\u00e7\u00f5es da Freguesia da Quinta do Conde<\/strong>, Concelho de Sesimbra.<\/p>\n<p style=\"text-align: justify;\"><strong>PERGUNTA:<\/strong><\/p>\n<p style=\"text-align: justify;\">O Grupo Parlamentar do Partido Ecologista \u201cOs Verdes\u201d recebeu em audi\u00eancia o Sr. Presidente da Junta de Freguesia da Quinta do Conde e um grupo de cidad\u00e3os que est\u00e1 a promover um abaixo-assinado sob o lema \u201cqueremos seguran\u00e7a na Quinta do Conde\u201d. A Quinta do Conde possui um posto da Guarda Nacional Republicana (GNR), instalado numa vivenda, inadequada e insuficiente para os recursos humanos necess\u00e1rios e a sua localiza\u00e7\u00e3o n\u00e3o \u00e9 a melhor.<\/p>\n<p style=\"text-align: justify;\">Neste momento est\u00e3o em servi\u00e7o neste posto 24 elementos que s\u00e3o apoiados por uma viatura todo-o-terreno, um autom\u00f3vel ligeiro e uma moto, estando todos estes meios de locomo\u00e7\u00e3o com muitos anos, o que lhes retira boa parte da sua operacionalidade.<\/p>\n<p style=\"text-align: justify;\">No respeitante aos recursos humanos e se entrarmos em linha de conta com o trabalho administrativo, folgas, f\u00e9rias, baixas, dilig\u00eancias, seguran\u00e7a do posto e outras, o efetivo existente \u00e9 insuficiente.<\/p>\n<p style=\"text-align: justify;\">O n\u00famero de assaltos a viaturas, habita\u00e7\u00f5es, a pessoas e a estabelecimentos de com\u00e9rcio e servi\u00e7os tem aumentado, alguns deles nem t\u00eam sido participados por descren\u00e7a na atua\u00e7\u00e3o das autoridades, em plena luz do dia e os atos de vandalismo contra o patrim\u00f3nio coletivo t\u00eam criado uma situa\u00e7\u00e3o de inseguran\u00e7a nas pessoas.<\/p>\n<p style=\"text-align: justify;\">Relembramos que a Quinta do Conde tem 26085 habitantes, segundo os censos de 2011, e que foi a freguesia com maior crescimento relativo entre 2001 a 2011 (107%). O abaixo-assinado conta j\u00e1 com cerca de 3000 assinaturas e a solicita\u00e7\u00e3o para uma audi\u00eancia no Minist\u00e9rio da Administra\u00e7\u00e3o Interna, feita em Agosto de 2001, n\u00e3o recebeu aceita\u00e7\u00e3o at\u00e9 ao momento e os in\u00fameros telefonemas t\u00eam tido a resposta \u201cque o assunto est\u00e1 em aprecia\u00e7\u00e3o e que oportunamente ser\u00e3o contatados.<\/p>\n<p style=\"text-align: justify;\"><strong>Assim, ao abrigo das disposi\u00e7\u00f5es constitucionais e regimentais aplic\u00e1veis, solicito a S. Ex\u00aa a Presidente da Assembleia da Rep\u00fablica que remeta ao Governo a seguinte Pergunta, para que o Minist\u00e9rio da Administra\u00e7\u00e3o Interna possa prestar os seguintes esclarecimentos:<\/strong><\/p>\n<p style=\"text-align: justify;\">1 \u2013 Sendo o Minist\u00e9rio da Administra\u00e7\u00e3o Interna conhecedor desta realidade ir\u00e1 tomar algumas medidas para melhorar o sentimento de seguran\u00e7a destas popula\u00e7\u00f5es? Se sim, quais?<\/p>\n<p style=\"text-align: justify;\">2 \u2013 Que motivos justificam o facto do Minist\u00e9rio da justi\u00e7a n\u00e3o ter respondido ainda aos of\u00edcios da Junta de Freguesia e dos peticionantes?<\/p>\n<p style=\"text-align: right;\">\u00a0\u201cOs Verdes\u201d<\/p>\n","protected":false},"excerpt":{"rendered":"<p>O Deputado Jos\u00e9 Lu\u00eds Ferreira, do Grupo Parlamentar \u201cOs Verdes\u201d, entregou na Assembleia da Rep\u00fablica uma pergunta em que questiona o Governo, atrav\u00e9s do Minist\u00e9rio da Administra\u00e7\u00e3o Interna, sobre a inseguran\u00e7a sentida pelas popula\u00e7\u00f5es da Freguesia da Quinta do Conde, Concelho de Sesimbra. PERGUNTA: O Grupo Parlamentar do Partido Ecologista \u201cOs Verdes\u201d recebeu em audi\u00eancia [&hellip;]<\/p>\n","protected":false},"author":1,"featured_media":683,"comment_status":"open","ping_status":"open","sticky":false,"template":"","format":"standard","meta":{"footnotes":""},"categories":[32,1],"tags":[45],"class_list":["post-5867","post","type-post","status-publish","format-standard","has-post-thumbnail","hentry","category-destaque","category-expo","tag-verdes","last_archivepost"],"yoast_head":"<!-- This site is optimized with the Yoast SEO plugin v27.1.1 - https:\/\/yoast.com\/product\/yoast-seo-wordpress\/ -->\n<title>Inseguran\u00e7a na Quinta do Conde \u2013 Sesimbra - motiva pergunta de \u201cOs Verdes\u201d na Assembleia da Rep\u00fablica - barreiroweb<\/title>\n<meta name=\"robots\" content=\"index, follow, max-snippet:-1, max-image-preview:large, max-video-preview:-1\" \/>\n<link rel=\"canonical\" href=\"https:\/\/arquivo.barreiroweb.net\/?p=5867\" \/>\n<meta property=\"og:locale\" content=\"pt_PT\" \/>\n<meta property=\"og:type\" content=\"article\" \/>\n<meta property=\"og:title\" content=\"Inseguran\u00e7a na Quinta do Conde \u2013 Sesimbra - motiva pergunta de \u201cOs Verdes\u201d na Assembleia da Rep\u00fablica - barreiroweb\" \/>\n<meta property=\"og:description\" content=\"O Deputado Jos\u00e9 Lu\u00eds Ferreira, do Grupo Parlamentar \u201cOs Verdes\u201d, entregou na Assembleia da Rep\u00fablica uma pergunta em que questiona o Governo, atrav\u00e9s do Minist\u00e9rio da Administra\u00e7\u00e3o Interna, sobre a inseguran\u00e7a sentida pelas popula\u00e7\u00f5es da Freguesia da Quinta do Conde, Concelho de Sesimbra. PERGUNTA: O Grupo Parlamentar do Partido Ecologista \u201cOs Verdes\u201d recebeu em audi\u00eancia [&hellip;]\" \/>\n<meta property=\"og:url\" content=\"https:\/\/arquivo.barreiroweb.net\/?p=5867\" \/>\n<meta property=\"og:site_name\" content=\"barreiroweb\" \/>\n<meta property=\"article:publisher\" content=\"https:\/\/www.facebook.com\/barreiroweb\" \/>\n<meta property=\"article:published_time\" content=\"2012-02-20T23:46:45+00:00\" \/>\n<meta property=\"og:image\" content=\"https:\/\/arquivo.barreiroweb.net\/wp-content\/uploads\/2011\/01\/verdes.png\" \/>\n\t<meta property=\"og:image:width\" content=\"160\" \/>\n\t<meta property=\"og:image:height\" content=\"166\" \/>\n\t<meta property=\"og:image:type\" content=\"image\/png\" \/>\n<meta name=\"author\" content=\"barreiroweb\" \/>\n<meta name=\"twitter:card\" content=\"summary_large_image\" \/>\n<meta name=\"twitter:creator\" content=\"@barreiroweb\" \/>\n<meta name=\"twitter:site\" content=\"@barreiroweb\" \/>\n<meta name=\"twitter:label1\" content=\"Escrito por\" \/>\n\t<meta name=\"twitter:data1\" content=\"barreiroweb\" \/>\n\t<meta name=\"twitter:label2\" content=\"Tempo estimado de leitura\" \/>\n\t<meta name=\"twitter:data2\" content=\"2 minutos\" \/>\n<script type=\"application\/ld+json\" class=\"yoast-schema-graph\">{\"@context\":\"https:\/\/schema.org\",\"@graph\":[{\"@type\":\"Article\",\"@id\":\"https:\/\/arquivo.barreiroweb.net\/?p=5867#article\",\"isPartOf\":{\"@id\":\"https:\/\/arquivo.barreiroweb.net\/?p=5867\"},\"author\":{\"name\":\"barreiroweb\",\"@id\":\"https:\/\/arquivo.barreiroweb.net\/#\/schema\/person\/44b6d528aff975e3786c9f475f9df2dd\"},\"headline\":\"Inseguran\u00e7a na Quinta do Conde \u2013 Sesimbra &#8211; motiva pergunta de \u201cOs Verdes\u201d na Assembleia da Rep\u00fablica\",\"datePublished\":\"2012-02-20T23:46:45+00:00\",\"mainEntityOfPage\":{\"@id\":\"https:\/\/arquivo.barreiroweb.net\/?p=5867\"},\"wordCount\":466,\"commentCount\":0,\"publisher\":{\"@id\":\"https:\/\/arquivo.barreiroweb.net\/#organization\"},\"image\":{\"@id\":\"https:\/\/arquivo.barreiroweb.net\/?p=5867#primaryimage\"},\"thumbnailUrl\":\"https:\/\/arquivo.barreiroweb.net\/wp-content\/uploads\/2011\/01\/verdes.png\",\"keywords\":[\"verdes\"],\"articleSection\":[\"Destaque\",\"Festas e Feiras\"],\"inLanguage\":\"pt-PT\",\"potentialAction\":[{\"@type\":\"CommentAction\",\"name\":\"Comment\",\"target\":[\"https:\/\/arquivo.barreiroweb.net\/?p=5867#respond\"]}]},{\"@type\":\"WebPage\",\"@id\":\"https:\/\/arquivo.barreiroweb.net\/?p=5867\",\"url\":\"https:\/\/arquivo.barreiroweb.net\/?p=5867\",\"name\":\"Inseguran\u00e7a na Quinta do Conde \u2013 Sesimbra - motiva pergunta de \u201cOs Verdes\u201d na Assembleia da Rep\u00fablica - barreiroweb\",\"isPartOf\":{\"@id\":\"https:\/\/arquivo.barreiroweb.net\/#website\"},\"primaryImageOfPage\":{\"@id\":\"https:\/\/arquivo.barreiroweb.net\/?p=5867#primaryimage\"},\"image\":{\"@id\":\"https:\/\/arquivo.barreiroweb.net\/?p=5867#primaryimage\"},\"thumbnailUrl\":\"https:\/\/arquivo.barreiroweb.net\/wp-content\/uploads\/2011\/01\/verdes.png\",\"datePublished\":\"2012-02-20T23:46:45+00:00\",\"breadcrumb\":{\"@id\":\"https:\/\/arquivo.barreiroweb.net\/?p=5867#breadcrumb\"},\"inLanguage\":\"pt-PT\",\"potentialAction\":[{\"@type\":\"ReadAction\",\"target\":[\"https:\/\/arquivo.barreiroweb.net\/?p=5867\"]}]},{\"@type\":\"ImageObject\",\"inLanguage\":\"pt-PT\",\"@id\":\"https:\/\/arquivo.barreiroweb.net\/?p=5867#primaryimage\",\"url\":\"https:\/\/arquivo.barreiroweb.net\/wp-content\/uploads\/2011\/01\/verdes.png\",\"contentUrl\":\"https:\/\/arquivo.barreiroweb.net\/wp-content\/uploads\/2011\/01\/verdes.png\",\"width\":\"160\",\"height\":\"166\"},{\"@type\":\"BreadcrumbList\",\"@id\":\"https:\/\/arquivo.barreiroweb.net\/?p=5867#breadcrumb\",\"itemListElement\":[{\"@type\":\"ListItem\",\"position\":1,\"name\":\"In\u00edcio\",\"item\":\"https:\/\/arquivo.barreiroweb.net\/\"},{\"@type\":\"ListItem\",\"position\":2,\"name\":\"Inseguran\u00e7a na Quinta do Conde \u2013 Sesimbra &#8211; motiva pergunta de \u201cOs Verdes\u201d na Assembleia da Rep\u00fablica\"}]},{\"@type\":\"WebSite\",\"@id\":\"https:\/\/arquivo.barreiroweb.net\/#website\",\"url\":\"https:\/\/arquivo.barreiroweb.net\/\",\"name\":\"barreiroweb\",\"description\":\"Barreiroweb o barreiro na web\",\"publisher\":{\"@id\":\"https:\/\/arquivo.barreiroweb.net\/#organization\"},\"potentialAction\":[{\"@type\":\"SearchAction\",\"target\":{\"@type\":\"EntryPoint\",\"urlTemplate\":\"https:\/\/arquivo.barreiroweb.net\/?s={search_term_string}\"},\"query-input\":{\"@type\":\"PropertyValueSpecification\",\"valueRequired\":true,\"valueName\":\"search_term_string\"}}],\"inLanguage\":\"pt-PT\"},{\"@type\":\"Organization\",\"@id\":\"https:\/\/arquivo.barreiroweb.net\/#organization\",\"name\":\"barreiroweb\",\"url\":\"https:\/\/arquivo.barreiroweb.net\/\",\"logo\":{\"@type\":\"ImageObject\",\"inLanguage\":\"pt-PT\",\"@id\":\"https:\/\/arquivo.barreiroweb.net\/#\/schema\/logo\/image\/\",\"url\":\"https:\/\/barreiroweb.net\/wp-content\/uploads\/2022\/05\/BarreiroWeb555.jpg\",\"contentUrl\":\"https:\/\/barreiroweb.net\/wp-content\/uploads\/2022\/05\/BarreiroWeb555.jpg\",\"width\":421,\"height\":415,\"caption\":\"barreiroweb\"},\"image\":{\"@id\":\"https:\/\/arquivo.barreiroweb.net\/#\/schema\/logo\/image\/\"},\"sameAs\":[\"https:\/\/www.facebook.com\/barreiroweb\",\"https:\/\/x.com\/barreiroweb\"]},{\"@type\":\"Person\",\"@id\":\"https:\/\/arquivo.barreiroweb.net\/#\/schema\/person\/44b6d528aff975e3786c9f475f9df2dd\",\"name\":\"barreiroweb\",\"image\":{\"@type\":\"ImageObject\",\"inLanguage\":\"pt-PT\",\"@id\":\"https:\/\/arquivo.barreiroweb.net\/#\/schema\/person\/image\/\",\"url\":\"https:\/\/secure.gravatar.com\/avatar\/1f764b917967430404ff0b452044eb63a25d64a5363b25be2aa42273930f477d?s=96&d=mm&r=g\",\"contentUrl\":\"https:\/\/secure.gravatar.com\/avatar\/1f764b917967430404ff0b452044eb63a25d64a5363b25be2aa42273930f477d?s=96&d=mm&r=g\",\"caption\":\"barreiroweb\"},\"url\":\"https:\/\/arquivo.barreiroweb.net\/?author=1\"}]}<\/script>\n<!-- \/ Yoast SEO plugin. -->","yoast_head_json":{"title":"Inseguran\u00e7a na Quinta do Conde \u2013 Sesimbra - motiva pergunta de \u201cOs Verdes\u201d na Assembleia da Rep\u00fablica - barreiroweb","robots":{"index":"index","follow":"follow","max-snippet":"max-snippet:-1","max-image-preview":"max-image-preview:large","max-video-preview":"max-video-preview:-1"},"canonical":"https:\/\/arquivo.barreiroweb.net\/?p=5867","og_locale":"pt_PT","og_type":"article","og_title":"Inseguran\u00e7a na Quinta do Conde \u2013 Sesimbra - motiva pergunta de \u201cOs Verdes\u201d na Assembleia da Rep\u00fablica - barreiroweb","og_description":"O Deputado Jos\u00e9 Lu\u00eds Ferreira, do Grupo Parlamentar \u201cOs Verdes\u201d, entregou na Assembleia da Rep\u00fablica uma pergunta em que questiona o Governo, atrav\u00e9s do Minist\u00e9rio da Administra\u00e7\u00e3o Interna, sobre a inseguran\u00e7a sentida pelas popula\u00e7\u00f5es da Freguesia da Quinta do Conde, Concelho de Sesimbra. PERGUNTA: O Grupo Parlamentar do Partido Ecologista \u201cOs Verdes\u201d recebeu em audi\u00eancia [&hellip;]","og_url":"https:\/\/arquivo.barreiroweb.net\/?p=5867","og_site_name":"barreiroweb","article_publisher":"https:\/\/www.facebook.com\/barreiroweb","article_published_time":"2012-02-20T23:46:45+00:00","og_image":[{"width":160,"height":166,"url":"https:\/\/arquivo.barreiroweb.net\/wp-content\/uploads\/2011\/01\/verdes.png","type":"image\/png"}],"author":"barreiroweb","twitter_card":"summary_large_image","twitter_creator":"@barreiroweb","twitter_site":"@barreiroweb","twitter_misc":{"Escrito por":"barreiroweb","Tempo estimado de leitura":"2 minutos"},"schema":{"@context":"https:\/\/schema.org","@graph":[{"@type":"Article","@id":"https:\/\/arquivo.barreiroweb.net\/?p=5867#article","isPartOf":{"@id":"https:\/\/arquivo.barreiroweb.net\/?p=5867"},"author":{"name":"barreiroweb","@id":"https:\/\/arquivo.barreiroweb.net\/#\/schema\/person\/44b6d528aff975e3786c9f475f9df2dd"},"headline":"Inseguran\u00e7a na Quinta do Conde \u2013 Sesimbra &#8211; motiva pergunta de \u201cOs Verdes\u201d na Assembleia da Rep\u00fablica","datePublished":"2012-02-20T23:46:45+00:00","mainEntityOfPage":{"@id":"https:\/\/arquivo.barreiroweb.net\/?p=5867"},"wordCount":466,"commentCount":0,"publisher":{"@id":"https:\/\/arquivo.barreiroweb.net\/#organization"},"image":{"@id":"https:\/\/arquivo.barreiroweb.net\/?p=5867#primaryimage"},"thumbnailUrl":"https:\/\/arquivo.barreiroweb.net\/wp-content\/uploads\/2011\/01\/verdes.png","keywords":["verdes"],"articleSection":["Destaque","Festas e Feiras"],"inLanguage":"pt-PT","potentialAction":[{"@type":"CommentAction","name":"Comment","target":["https:\/\/arquivo.barreiroweb.net\/?p=5867#respond"]}]},{"@type":"WebPage","@id":"https:\/\/arquivo.barreiroweb.net\/?p=5867","url":"https:\/\/arquivo.barreiroweb.net\/?p=5867","name":"Inseguran\u00e7a na Quinta do Conde \u2013 Sesimbra - motiva pergunta de \u201cOs Verdes\u201d na Assembleia da Rep\u00fablica - barreiroweb","isPartOf":{"@id":"https:\/\/arquivo.barreiroweb.net\/#website"},"primaryImageOfPage":{"@id":"https:\/\/arquivo.barreiroweb.net\/?p=5867#primaryimage"},"image":{"@id":"https:\/\/arquivo.barreiroweb.net\/?p=5867#primaryimage"},"thumbnailUrl":"https:\/\/arquivo.barreiroweb.net\/wp-content\/uploads\/2011\/01\/verdes.png","datePublished":"2012-02-20T23:46:45+00:00","breadcrumb":{"@id":"https:\/\/arquivo.barreiroweb.net\/?p=5867#breadcrumb"},"inLanguage":"pt-PT","potentialAction":[{"@type":"ReadAction","target":["https:\/\/arquivo.barreiroweb.net\/?p=5867"]}]},{"@type":"ImageObject","inLanguage":"pt-PT","@id":"https:\/\/arquivo.barreiroweb.net\/?p=5867#primaryimage","url":"https:\/\/arquivo.barreiroweb.net\/wp-content\/uploads\/2011\/01\/verdes.png","contentUrl":"https:\/\/arquivo.barreiroweb.net\/wp-content\/uploads\/2011\/01\/verdes.png","width":"160","height":"166"},{"@type":"BreadcrumbList","@id":"https:\/\/arquivo.barreiroweb.net\/?p=5867#breadcrumb","itemListElement":[{"@type":"ListItem","position":1,"name":"In\u00edcio","item":"https:\/\/arquivo.barreiroweb.net\/"},{"@type":"ListItem","position":2,"name":"Inseguran\u00e7a na Quinta do Conde \u2013 Sesimbra &#8211; motiva pergunta de \u201cOs Verdes\u201d na Assembleia da Rep\u00fablica"}]},{"@type":"WebSite","@id":"https:\/\/arquivo.barreiroweb.net\/#website","url":"https:\/\/arquivo.barreiroweb.net\/","name":"barreiroweb","description":"Barreiroweb o barreiro na web","publisher":{"@id":"https:\/\/arquivo.barreiroweb.net\/#organization"},"potentialAction":[{"@type":"SearchAction","target":{"@type":"EntryPoint","urlTemplate":"https:\/\/arquivo.barreiroweb.net\/?s={search_term_string}"},"query-input":{"@type":"PropertyValueSpecification","valueRequired":true,"valueName":"search_term_string"}}],"inLanguage":"pt-PT"},{"@type":"Organization","@id":"https:\/\/arquivo.barreiroweb.net\/#organization","name":"barreiroweb","url":"https:\/\/arquivo.barreiroweb.net\/","logo":{"@type":"ImageObject","inLanguage":"pt-PT","@id":"https:\/\/arquivo.barreiroweb.net\/#\/schema\/logo\/image\/","url":"https:\/\/barreiroweb.net\/wp-content\/uploads\/2022\/05\/BarreiroWeb555.jpg","contentUrl":"https:\/\/barreiroweb.net\/wp-content\/uploads\/2022\/05\/BarreiroWeb555.jpg","width":421,"height":415,"caption":"barreiroweb"},"image":{"@id":"https:\/\/arquivo.barreiroweb.net\/#\/schema\/logo\/image\/"},"sameAs":["https:\/\/www.facebook.com\/barreiroweb","https:\/\/x.com\/barreiroweb"]},{"@type":"Person","@id":"https:\/\/arquivo.barreiroweb.net\/#\/schema\/person\/44b6d528aff975e3786c9f475f9df2dd","name":"barreiroweb","image":{"@type":"ImageObject","inLanguage":"pt-PT","@id":"https:\/\/arquivo.barreiroweb.net\/#\/schema\/person\/image\/","url":"https:\/\/secure.gravatar.com\/avatar\/1f764b917967430404ff0b452044eb63a25d64a5363b25be2aa42273930f477d?s=96&d=mm&r=g","contentUrl":"https:\/\/secure.gravatar.com\/avatar\/1f764b917967430404ff0b452044eb63a25d64a5363b25be2aa42273930f477d?s=96&d=mm&r=g","caption":"barreiroweb"},"url":"https:\/\/arquivo.barreiroweb.net\/?author=1"}]}},"_links":{"self":[{"href":"https:\/\/arquivo.barreiroweb.net\/index.php?rest_route=\/wp\/v2\/posts\/5867","targetHints":{"allow":["GET"]}}],"collection":[{"href":"https:\/\/arquivo.barreiroweb.net\/index.php?rest_route=\/wp\/v2\/posts"}],"about":[{"href":"https:\/\/arquivo.barreiroweb.net\/index.php?rest_route=\/wp\/v2\/types\/post"}],"author":[{"embeddable":true,"href":"https:\/\/arquivo.barreiroweb.net\/index.php?rest_route=\/wp\/v2\/users\/1"}],"replies":[{"embeddable":true,"href":"https:\/\/arquivo.barreiroweb.net\/index.php?rest_route=%2Fwp%2Fv2%2Fcomments&post=5867"}],"version-history":[{"count":2,"href":"https:\/\/arquivo.barreiroweb.net\/index.php?rest_route=\/wp\/v2\/posts\/5867\/revisions"}],"predecessor-version":[{"id":5869,"href":"https:\/\/arquivo.barreiroweb.net\/index.php?rest_route=\/wp\/v2\/posts\/5867\/revisions\/5869"}],"wp:featuredmedia":[{"embeddable":true,"href":"https:\/\/arquivo.barreiroweb.net\/index.php?rest_route=\/wp\/v2\/media\/683"}],"wp:attachment":[{"href":"https:\/\/arquivo.barreiroweb.net\/index.php?rest_route=%2Fwp%2Fv2%2Fmedia&parent=5867"}],"wp:term":[{"taxonomy":"category","embeddable":true,"href":"https:\/\/arquivo.barreiroweb.net\/index.php?rest_route=%2Fwp%2Fv2%2Fcategories&post=5867"},{"taxonomy":"post_tag","embeddable":true,"href":"https:\/\/arquivo.barreiroweb.net\/index.php?rest_route=%2Fwp%2Fv2%2Ftags&post=5867"}],"curies":[{"name":"wp","href":"https:\/\/api.w.org\/{rel}","templated":true}]}}