{"id":5823,"date":"2012-02-16T19:06:36","date_gmt":"2012-02-16T19:06:36","guid":{"rendered":"http:\/\/barreiroweb.eu\/?p=5823"},"modified":"2012-02-16T19:06:36","modified_gmt":"2012-02-16T19:06:36","slug":"camara-municipal-do-barreiro-aprova-criacao-da-reserva-natural-local-do-sapal-do-rio-coina-e-mata-nacional-da-machada","status":"publish","type":"post","link":"https:\/\/arquivo.barreiroweb.net\/?p=5823","title":{"rendered":"C\u00e2mara Municipal do Barreiro Aprova Cria\u00e7\u00e3o da Reserva Natural Local  do Sapal do Rio Coina e Mata Nacional da Machada"},"content":{"rendered":"<p style=\"text-align: justify;\"><a href=\"http:\/\/barreiroweb.eu\/?attachment_id=5824\" rel=\"attachment wp-att-5824\"><img loading=\"lazy\" decoding=\"async\" class=\"alignleft size-thumbnail wp-image-5824\" title=\"Sapal_CS (2)\" src=\"http:\/\/barreiroweb.eu\/wp-content\/uploads\/2012\/02\/Sapal_CS-2-150x150.jpg\" alt=\"\" width=\"150\" height=\"150\" srcset=\"https:\/\/arquivo.barreiroweb.net\/wp-content\/uploads\/2012\/02\/Sapal_CS-2-150x150.jpg 150w, https:\/\/arquivo.barreiroweb.net\/wp-content\/uploads\/2012\/02\/Sapal_CS-2-50x50.jpg 50w, https:\/\/arquivo.barreiroweb.net\/wp-content\/uploads\/2012\/02\/Sapal_CS-2-70x70.jpg 70w, https:\/\/arquivo.barreiroweb.net\/wp-content\/uploads\/2012\/02\/Sapal_CS-2-55x55.jpg 55w\" sizes=\"auto, (max-width: 150px) 100vw, 150px\" \/><\/a>Foi aprovada ontem, 15 de fevereiro, em Reuni\u00e3o Ordin\u00e1ria P\u00fablica de C\u00e2mara, a proposta de cria\u00e7\u00e3o da Reserva Natural Local do Sapal do Rio Coina e Mata Nacional da Machada. A \u00e1rea em quest\u00e3o corresponde a cerca de 800 hectares e apresenta valores naturais, patrimoniais e paisag\u00edsticos que o Munic\u00edpio quer preservar, requalificar e valorizar.<\/p>\n<p style=\"text-align: justify;\">Durante esta reuni\u00e3o descentralizada, que decorreu nas instala\u00e7\u00f5es da Uni\u00e3o Recreativa de Cultura\u00a0e Desporto de Coina, Nuno Banza, Vereador com responsabilidades municipais na \u00e1rea da Sustentabilidade Ambiental contextualizou que, nos \u00faltimos anos, foram elaborados alguns estudos cient\u00edficos na \u00e1rea em quest\u00e3o (levantamento de fauna, estudos da flora e vegeta\u00e7\u00e3o e monitoriza\u00e7\u00e3o de quir\u00f3pteros) que revelaram importantes dados acerca da biodiversidade do territ\u00f3rio e confirmaram os valores naturais em presen\u00e7a. Ao longo desde tempo, foram tamb\u00e9m promovidos diferentes momentos de ausculta\u00e7\u00e3o junto do p\u00fablico, permitindo dizer que, de uma forma geral, a popula\u00e7\u00e3o concorda com a cria\u00e7\u00e3o desta \u00e1rea protegida.<\/p>\n<p style=\"text-align: justify;\">Refira-se que a cria\u00e7\u00e3o desta Reserva assenta, designadamente, no objetivo de refor\u00e7ar a liga\u00e7\u00e3o ao Rio, destacar componentes culturais ligadas aos Descobrimentos e promover a capacidade de atra\u00e7\u00e3o dentro da AML \u2013 \u00c1rea Metropolitana de Lisboa.\u00a0<\/p>\n<p style=\"text-align: justify;\">Carlos Humberto de Carvalho referiu, a este respeito, que \u201cgrosso modo, os objetivos aqui tra\u00e7ados t\u00eam a minha concord\u00e2ncia\u201d e, assim sendo, afirmou estar em condi\u00e7\u00f5es de fazer esta primeira aprova\u00e7\u00e3o. \u201cParece-me um passo important\u00edssimo\u201d, disse.<\/p>\n<p style=\"text-align: justify;\">Refira-se que no \u00e2mbito da cria\u00e7\u00e3o da Reserva Natural do Sapal do Rio Coina e Mata Nacional da Machada, o respetivo Projeto de Regulamento vai estar dispon\u00edvel para consulta p\u00fablica no decorrer do m\u00eas de Mar\u00e7o, procurando reunir os contributos de todos os interessados.<\/p>\n<p align=\"right\">CMB 2012-02-16<\/p>\n","protected":false},"excerpt":{"rendered":"<p>Foi aprovada ontem, 15 de fevereiro, em Reuni\u00e3o Ordin\u00e1ria P\u00fablica de C\u00e2mara, a proposta de cria\u00e7\u00e3o da Reserva Natural Local do Sapal do Rio Coina e Mata Nacional da Machada. A \u00e1rea em quest\u00e3o corresponde a cerca de 800 hectares e apresenta valores naturais, patrimoniais e paisag\u00edsticos que o Munic\u00edpio quer preservar, requalificar e valorizar. [&hellip;]<\/p>\n","protected":false},"author":1,"featured_media":5824,"comment_status":"open","ping_status":"open","sticky":false,"template":"","format":"standard","meta":{"footnotes":""},"categories":[32,3,9],"tags":[41,117,118],"class_list":["post-5823","post","type-post","status-publish","format-standard","has-post-thumbnail","hentry","category-destaque","category-eventos","category-terra","tag-barreiro","tag-coina","tag-sapal","last_archivepost"],"yoast_head":"<!-- This site is optimized with the Yoast SEO plugin v27.1.1 - https:\/\/yoast.com\/product\/yoast-seo-wordpress\/ -->\n<title>C\u00e2mara Municipal do Barreiro Aprova Cria\u00e7\u00e3o da Reserva Natural Local do Sapal do Rio Coina e Mata Nacional da Machada - barreiroweb<\/title>\n<meta name=\"robots\" content=\"index, follow, max-snippet:-1, max-image-preview:large, max-video-preview:-1\" \/>\n<link rel=\"canonical\" href=\"https:\/\/arquivo.barreiroweb.net\/?p=5823\" \/>\n<meta property=\"og:locale\" content=\"pt_PT\" \/>\n<meta property=\"og:type\" content=\"article\" \/>\n<meta property=\"og:title\" content=\"C\u00e2mara Municipal do Barreiro Aprova Cria\u00e7\u00e3o da Reserva Natural Local do Sapal do Rio Coina e Mata Nacional da Machada - barreiroweb\" \/>\n<meta property=\"og:description\" content=\"Foi aprovada ontem, 15 de fevereiro, em Reuni\u00e3o Ordin\u00e1ria P\u00fablica de C\u00e2mara, a proposta de cria\u00e7\u00e3o da Reserva Natural Local do Sapal do Rio Coina e Mata Nacional da Machada. A \u00e1rea em quest\u00e3o corresponde a cerca de 800 hectares e apresenta valores naturais, patrimoniais e paisag\u00edsticos que o Munic\u00edpio quer preservar, requalificar e valorizar. [&hellip;]\" \/>\n<meta property=\"og:url\" content=\"https:\/\/arquivo.barreiroweb.net\/?p=5823\" \/>\n<meta property=\"og:site_name\" content=\"barreiroweb\" \/>\n<meta property=\"article:publisher\" content=\"https:\/\/www.facebook.com\/barreiroweb\" \/>\n<meta property=\"article:published_time\" content=\"2012-02-16T19:06:36+00:00\" \/>\n<meta property=\"og:image\" content=\"https:\/\/arquivo.barreiroweb.net\/wp-content\/uploads\/2012\/02\/Sapal_CS-2.jpg\" \/>\n\t<meta property=\"og:image:width\" content=\"314\" \/>\n\t<meta property=\"og:image:height\" content=\"211\" \/>\n\t<meta property=\"og:image:type\" content=\"image\/jpeg\" \/>\n<meta name=\"author\" content=\"barreiroweb\" \/>\n<meta name=\"twitter:card\" content=\"summary_large_image\" \/>\n<meta name=\"twitter:creator\" content=\"@barreiroweb\" \/>\n<meta name=\"twitter:site\" content=\"@barreiroweb\" \/>\n<meta name=\"twitter:label1\" content=\"Escrito por\" \/>\n\t<meta name=\"twitter:data1\" content=\"barreiroweb\" \/>\n\t<meta name=\"twitter:label2\" content=\"Tempo estimado de leitura\" \/>\n\t<meta name=\"twitter:data2\" content=\"2 minutos\" \/>\n<script type=\"application\/ld+json\" class=\"yoast-schema-graph\">{\"@context\":\"https:\/\/schema.org\",\"@graph\":[{\"@type\":\"Article\",\"@id\":\"https:\/\/arquivo.barreiroweb.net\/?p=5823#article\",\"isPartOf\":{\"@id\":\"https:\/\/arquivo.barreiroweb.net\/?p=5823\"},\"author\":{\"name\":\"barreiroweb\",\"@id\":\"https:\/\/arquivo.barreiroweb.net\/#\/schema\/person\/44b6d528aff975e3786c9f475f9df2dd\"},\"headline\":\"C\u00e2mara Municipal do Barreiro Aprova Cria\u00e7\u00e3o da Reserva Natural Local do Sapal do Rio Coina e Mata Nacional da Machada\",\"datePublished\":\"2012-02-16T19:06:36+00:00\",\"mainEntityOfPage\":{\"@id\":\"https:\/\/arquivo.barreiroweb.net\/?p=5823\"},\"wordCount\":331,\"commentCount\":1,\"publisher\":{\"@id\":\"https:\/\/arquivo.barreiroweb.net\/#organization\"},\"image\":{\"@id\":\"https:\/\/arquivo.barreiroweb.net\/?p=5823#primaryimage\"},\"thumbnailUrl\":\"https:\/\/arquivo.barreiroweb.net\/wp-content\/uploads\/2012\/02\/Sapal_CS-2.jpg\",\"keywords\":[\"barreiro\",\"coina\",\"sapal\"],\"articleSection\":[\"Destaque\",\"Eventos\",\"Terra\"],\"inLanguage\":\"pt-PT\",\"potentialAction\":[{\"@type\":\"CommentAction\",\"name\":\"Comment\",\"target\":[\"https:\/\/arquivo.barreiroweb.net\/?p=5823#respond\"]}]},{\"@type\":\"WebPage\",\"@id\":\"https:\/\/arquivo.barreiroweb.net\/?p=5823\",\"url\":\"https:\/\/arquivo.barreiroweb.net\/?p=5823\",\"name\":\"C\u00e2mara Municipal do Barreiro Aprova Cria\u00e7\u00e3o da Reserva Natural Local do Sapal do Rio Coina e Mata Nacional da Machada - barreiroweb\",\"isPartOf\":{\"@id\":\"https:\/\/arquivo.barreiroweb.net\/#website\"},\"primaryImageOfPage\":{\"@id\":\"https:\/\/arquivo.barreiroweb.net\/?p=5823#primaryimage\"},\"image\":{\"@id\":\"https:\/\/arquivo.barreiroweb.net\/?p=5823#primaryimage\"},\"thumbnailUrl\":\"https:\/\/arquivo.barreiroweb.net\/wp-content\/uploads\/2012\/02\/Sapal_CS-2.jpg\",\"datePublished\":\"2012-02-16T19:06:36+00:00\",\"breadcrumb\":{\"@id\":\"https:\/\/arquivo.barreiroweb.net\/?p=5823#breadcrumb\"},\"inLanguage\":\"pt-PT\",\"potentialAction\":[{\"@type\":\"ReadAction\",\"target\":[\"https:\/\/arquivo.barreiroweb.net\/?p=5823\"]}]},{\"@type\":\"ImageObject\",\"inLanguage\":\"pt-PT\",\"@id\":\"https:\/\/arquivo.barreiroweb.net\/?p=5823#primaryimage\",\"url\":\"https:\/\/arquivo.barreiroweb.net\/wp-content\/uploads\/2012\/02\/Sapal_CS-2.jpg\",\"contentUrl\":\"https:\/\/arquivo.barreiroweb.net\/wp-content\/uploads\/2012\/02\/Sapal_CS-2.jpg\",\"width\":\"314\",\"height\":\"211\"},{\"@type\":\"BreadcrumbList\",\"@id\":\"https:\/\/arquivo.barreiroweb.net\/?p=5823#breadcrumb\",\"itemListElement\":[{\"@type\":\"ListItem\",\"position\":1,\"name\":\"In\u00edcio\",\"item\":\"https:\/\/arquivo.barreiroweb.net\/\"},{\"@type\":\"ListItem\",\"position\":2,\"name\":\"C\u00e2mara Municipal do Barreiro Aprova Cria\u00e7\u00e3o da Reserva Natural Local do Sapal do Rio Coina e Mata Nacional da Machada\"}]},{\"@type\":\"WebSite\",\"@id\":\"https:\/\/arquivo.barreiroweb.net\/#website\",\"url\":\"https:\/\/arquivo.barreiroweb.net\/\",\"name\":\"barreiroweb\",\"description\":\"Barreiroweb o barreiro na web\",\"publisher\":{\"@id\":\"https:\/\/arquivo.barreiroweb.net\/#organization\"},\"potentialAction\":[{\"@type\":\"SearchAction\",\"target\":{\"@type\":\"EntryPoint\",\"urlTemplate\":\"https:\/\/arquivo.barreiroweb.net\/?s={search_term_string}\"},\"query-input\":{\"@type\":\"PropertyValueSpecification\",\"valueRequired\":true,\"valueName\":\"search_term_string\"}}],\"inLanguage\":\"pt-PT\"},{\"@type\":\"Organization\",\"@id\":\"https:\/\/arquivo.barreiroweb.net\/#organization\",\"name\":\"barreiroweb\",\"url\":\"https:\/\/arquivo.barreiroweb.net\/\",\"logo\":{\"@type\":\"ImageObject\",\"inLanguage\":\"pt-PT\",\"@id\":\"https:\/\/arquivo.barreiroweb.net\/#\/schema\/logo\/image\/\",\"url\":\"https:\/\/barreiroweb.net\/wp-content\/uploads\/2022\/05\/BarreiroWeb555.jpg\",\"contentUrl\":\"https:\/\/barreiroweb.net\/wp-content\/uploads\/2022\/05\/BarreiroWeb555.jpg\",\"width\":421,\"height\":415,\"caption\":\"barreiroweb\"},\"image\":{\"@id\":\"https:\/\/arquivo.barreiroweb.net\/#\/schema\/logo\/image\/\"},\"sameAs\":[\"https:\/\/www.facebook.com\/barreiroweb\",\"https:\/\/x.com\/barreiroweb\"]},{\"@type\":\"Person\",\"@id\":\"https:\/\/arquivo.barreiroweb.net\/#\/schema\/person\/44b6d528aff975e3786c9f475f9df2dd\",\"name\":\"barreiroweb\",\"image\":{\"@type\":\"ImageObject\",\"inLanguage\":\"pt-PT\",\"@id\":\"https:\/\/arquivo.barreiroweb.net\/#\/schema\/person\/image\/\",\"url\":\"https:\/\/secure.gravatar.com\/avatar\/1f764b917967430404ff0b452044eb63a25d64a5363b25be2aa42273930f477d?s=96&d=mm&r=g\",\"contentUrl\":\"https:\/\/secure.gravatar.com\/avatar\/1f764b917967430404ff0b452044eb63a25d64a5363b25be2aa42273930f477d?s=96&d=mm&r=g\",\"caption\":\"barreiroweb\"},\"url\":\"https:\/\/arquivo.barreiroweb.net\/?author=1\"}]}<\/script>\n<!-- \/ Yoast SEO plugin. -->","yoast_head_json":{"title":"C\u00e2mara Municipal do Barreiro Aprova Cria\u00e7\u00e3o da Reserva Natural Local do Sapal do Rio Coina e Mata Nacional da Machada - barreiroweb","robots":{"index":"index","follow":"follow","max-snippet":"max-snippet:-1","max-image-preview":"max-image-preview:large","max-video-preview":"max-video-preview:-1"},"canonical":"https:\/\/arquivo.barreiroweb.net\/?p=5823","og_locale":"pt_PT","og_type":"article","og_title":"C\u00e2mara Municipal do Barreiro Aprova Cria\u00e7\u00e3o da Reserva Natural Local do Sapal do Rio Coina e Mata Nacional da Machada - barreiroweb","og_description":"Foi aprovada ontem, 15 de fevereiro, em Reuni\u00e3o Ordin\u00e1ria P\u00fablica de C\u00e2mara, a proposta de cria\u00e7\u00e3o da Reserva Natural Local do Sapal do Rio Coina e Mata Nacional da Machada. A \u00e1rea em quest\u00e3o corresponde a cerca de 800 hectares e apresenta valores naturais, patrimoniais e paisag\u00edsticos que o Munic\u00edpio quer preservar, requalificar e valorizar. [&hellip;]","og_url":"https:\/\/arquivo.barreiroweb.net\/?p=5823","og_site_name":"barreiroweb","article_publisher":"https:\/\/www.facebook.com\/barreiroweb","article_published_time":"2012-02-16T19:06:36+00:00","og_image":[{"width":314,"height":211,"url":"https:\/\/arquivo.barreiroweb.net\/wp-content\/uploads\/2012\/02\/Sapal_CS-2.jpg","type":"image\/jpeg"}],"author":"barreiroweb","twitter_card":"summary_large_image","twitter_creator":"@barreiroweb","twitter_site":"@barreiroweb","twitter_misc":{"Escrito por":"barreiroweb","Tempo estimado de leitura":"2 minutos"},"schema":{"@context":"https:\/\/schema.org","@graph":[{"@type":"Article","@id":"https:\/\/arquivo.barreiroweb.net\/?p=5823#article","isPartOf":{"@id":"https:\/\/arquivo.barreiroweb.net\/?p=5823"},"author":{"name":"barreiroweb","@id":"https:\/\/arquivo.barreiroweb.net\/#\/schema\/person\/44b6d528aff975e3786c9f475f9df2dd"},"headline":"C\u00e2mara Municipal do Barreiro Aprova Cria\u00e7\u00e3o da Reserva Natural Local do Sapal do Rio Coina e Mata Nacional da Machada","datePublished":"2012-02-16T19:06:36+00:00","mainEntityOfPage":{"@id":"https:\/\/arquivo.barreiroweb.net\/?p=5823"},"wordCount":331,"commentCount":1,"publisher":{"@id":"https:\/\/arquivo.barreiroweb.net\/#organization"},"image":{"@id":"https:\/\/arquivo.barreiroweb.net\/?p=5823#primaryimage"},"thumbnailUrl":"https:\/\/arquivo.barreiroweb.net\/wp-content\/uploads\/2012\/02\/Sapal_CS-2.jpg","keywords":["barreiro","coina","sapal"],"articleSection":["Destaque","Eventos","Terra"],"inLanguage":"pt-PT","potentialAction":[{"@type":"CommentAction","name":"Comment","target":["https:\/\/arquivo.barreiroweb.net\/?p=5823#respond"]}]},{"@type":"WebPage","@id":"https:\/\/arquivo.barreiroweb.net\/?p=5823","url":"https:\/\/arquivo.barreiroweb.net\/?p=5823","name":"C\u00e2mara Municipal do Barreiro Aprova Cria\u00e7\u00e3o da Reserva Natural Local do Sapal do Rio Coina e Mata Nacional da Machada - barreiroweb","isPartOf":{"@id":"https:\/\/arquivo.barreiroweb.net\/#website"},"primaryImageOfPage":{"@id":"https:\/\/arquivo.barreiroweb.net\/?p=5823#primaryimage"},"image":{"@id":"https:\/\/arquivo.barreiroweb.net\/?p=5823#primaryimage"},"thumbnailUrl":"https:\/\/arquivo.barreiroweb.net\/wp-content\/uploads\/2012\/02\/Sapal_CS-2.jpg","datePublished":"2012-02-16T19:06:36+00:00","breadcrumb":{"@id":"https:\/\/arquivo.barreiroweb.net\/?p=5823#breadcrumb"},"inLanguage":"pt-PT","potentialAction":[{"@type":"ReadAction","target":["https:\/\/arquivo.barreiroweb.net\/?p=5823"]}]},{"@type":"ImageObject","inLanguage":"pt-PT","@id":"https:\/\/arquivo.barreiroweb.net\/?p=5823#primaryimage","url":"https:\/\/arquivo.barreiroweb.net\/wp-content\/uploads\/2012\/02\/Sapal_CS-2.jpg","contentUrl":"https:\/\/arquivo.barreiroweb.net\/wp-content\/uploads\/2012\/02\/Sapal_CS-2.jpg","width":"314","height":"211"},{"@type":"BreadcrumbList","@id":"https:\/\/arquivo.barreiroweb.net\/?p=5823#breadcrumb","itemListElement":[{"@type":"ListItem","position":1,"name":"In\u00edcio","item":"https:\/\/arquivo.barreiroweb.net\/"},{"@type":"ListItem","position":2,"name":"C\u00e2mara Municipal do Barreiro Aprova Cria\u00e7\u00e3o da Reserva Natural Local do Sapal do Rio Coina e Mata Nacional da Machada"}]},{"@type":"WebSite","@id":"https:\/\/arquivo.barreiroweb.net\/#website","url":"https:\/\/arquivo.barreiroweb.net\/","name":"barreiroweb","description":"Barreiroweb o barreiro na web","publisher":{"@id":"https:\/\/arquivo.barreiroweb.net\/#organization"},"potentialAction":[{"@type":"SearchAction","target":{"@type":"EntryPoint","urlTemplate":"https:\/\/arquivo.barreiroweb.net\/?s={search_term_string}"},"query-input":{"@type":"PropertyValueSpecification","valueRequired":true,"valueName":"search_term_string"}}],"inLanguage":"pt-PT"},{"@type":"Organization","@id":"https:\/\/arquivo.barreiroweb.net\/#organization","name":"barreiroweb","url":"https:\/\/arquivo.barreiroweb.net\/","logo":{"@type":"ImageObject","inLanguage":"pt-PT","@id":"https:\/\/arquivo.barreiroweb.net\/#\/schema\/logo\/image\/","url":"https:\/\/barreiroweb.net\/wp-content\/uploads\/2022\/05\/BarreiroWeb555.jpg","contentUrl":"https:\/\/barreiroweb.net\/wp-content\/uploads\/2022\/05\/BarreiroWeb555.jpg","width":421,"height":415,"caption":"barreiroweb"},"image":{"@id":"https:\/\/arquivo.barreiroweb.net\/#\/schema\/logo\/image\/"},"sameAs":["https:\/\/www.facebook.com\/barreiroweb","https:\/\/x.com\/barreiroweb"]},{"@type":"Person","@id":"https:\/\/arquivo.barreiroweb.net\/#\/schema\/person\/44b6d528aff975e3786c9f475f9df2dd","name":"barreiroweb","image":{"@type":"ImageObject","inLanguage":"pt-PT","@id":"https:\/\/arquivo.barreiroweb.net\/#\/schema\/person\/image\/","url":"https:\/\/secure.gravatar.com\/avatar\/1f764b917967430404ff0b452044eb63a25d64a5363b25be2aa42273930f477d?s=96&d=mm&r=g","contentUrl":"https:\/\/secure.gravatar.com\/avatar\/1f764b917967430404ff0b452044eb63a25d64a5363b25be2aa42273930f477d?s=96&d=mm&r=g","caption":"barreiroweb"},"url":"https:\/\/arquivo.barreiroweb.net\/?author=1"}]}},"_links":{"self":[{"href":"https:\/\/arquivo.barreiroweb.net\/index.php?rest_route=\/wp\/v2\/posts\/5823","targetHints":{"allow":["GET"]}}],"collection":[{"href":"https:\/\/arquivo.barreiroweb.net\/index.php?rest_route=\/wp\/v2\/posts"}],"about":[{"href":"https:\/\/arquivo.barreiroweb.net\/index.php?rest_route=\/wp\/v2\/types\/post"}],"author":[{"embeddable":true,"href":"https:\/\/arquivo.barreiroweb.net\/index.php?rest_route=\/wp\/v2\/users\/1"}],"replies":[{"embeddable":true,"href":"https:\/\/arquivo.barreiroweb.net\/index.php?rest_route=%2Fwp%2Fv2%2Fcomments&post=5823"}],"version-history":[{"count":3,"href":"https:\/\/arquivo.barreiroweb.net\/index.php?rest_route=\/wp\/v2\/posts\/5823\/revisions"}],"predecessor-version":[{"id":5827,"href":"https:\/\/arquivo.barreiroweb.net\/index.php?rest_route=\/wp\/v2\/posts\/5823\/revisions\/5827"}],"wp:featuredmedia":[{"embeddable":true,"href":"https:\/\/arquivo.barreiroweb.net\/index.php?rest_route=\/wp\/v2\/media\/5824"}],"wp:attachment":[{"href":"https:\/\/arquivo.barreiroweb.net\/index.php?rest_route=%2Fwp%2Fv2%2Fmedia&parent=5823"}],"wp:term":[{"taxonomy":"category","embeddable":true,"href":"https:\/\/arquivo.barreiroweb.net\/index.php?rest_route=%2Fwp%2Fv2%2Fcategories&post=5823"},{"taxonomy":"post_tag","embeddable":true,"href":"https:\/\/arquivo.barreiroweb.net\/index.php?rest_route=%2Fwp%2Fv2%2Ftags&post=5823"}],"curies":[{"name":"wp","href":"https:\/\/api.w.org\/{rel}","templated":true}]}}