{"id":5684,"date":"2012-02-08T23:42:42","date_gmt":"2012-02-08T23:42:42","guid":{"rendered":"http:\/\/barreiroweb.eu\/?p=5684"},"modified":"2012-02-08T23:42:42","modified_gmt":"2012-02-08T23:42:42","slug":"carnaval-esta-a-chegar-ao-concelho-da-moita","status":"publish","type":"post","link":"https:\/\/arquivo.barreiroweb.net\/?p=5684","title":{"rendered":"Carnaval est\u00e1 a chegar ao concelho da Moita"},"content":{"rendered":"<p style=\"text-align: justify;\"><a href=\"http:\/\/barreiroweb.eu\/?attachment_id=5685\" rel=\"attachment wp-att-5685\"><img loading=\"lazy\" decoding=\"async\" class=\"alignleft size-thumbnail wp-image-5685\" title=\"carnaval\" src=\"http:\/\/barreiroweb.eu\/wp-content\/uploads\/2012\/02\/carnaval-150x150.jpg\" alt=\"\" width=\"150\" height=\"150\" srcset=\"https:\/\/arquivo.barreiroweb.net\/wp-content\/uploads\/2012\/02\/carnaval-150x150.jpg 150w, https:\/\/arquivo.barreiroweb.net\/wp-content\/uploads\/2012\/02\/carnaval-50x50.jpg 50w, https:\/\/arquivo.barreiroweb.net\/wp-content\/uploads\/2012\/02\/carnaval-70x70.jpg 70w, https:\/\/arquivo.barreiroweb.net\/wp-content\/uploads\/2012\/02\/carnaval-55x55.jpg 55w\" sizes=\"auto, (max-width: 150px) 100vw, 150px\" \/><\/a>Com o Carnaval \u00e0 porta, preparam-se diferentes iniciativas para todas as idades, no concelho da Moita, para celebrar esta \u00e9poca de folia.<\/p>\n<p style=\"text-align: justify;\">Para estimular a criatividade dos mais novos, as bibliotecas municipais da Moita prepararam um conjunto de ateli\u00eas especialmente dedicados ao Carnaval, onde cada um pode criar o seu disfarce<strong>. \u201cConstr\u00f3i a tua m\u00e1scara de Carnaval\u201d <\/strong>\u00e9 o nome do ateli\u00ea, aberto \u00e0 participa\u00e7\u00e3o de crian\u00e7as at\u00e9 aos 12 anos, que a Biblioteca Municipal de Alhos Vedros recebe nos dias <strong>11 e 18 de Fevereiro<\/strong>, pelas <strong>15:00h<\/strong>. Para <strong>18 de Fevereiro<\/strong>, durante todo o dia, est\u00e1 tamb\u00e9m marcado um <strong>ateli\u00ea de pinturas faciais<\/strong>, para crian\u00e7as de todas as idades, na Biblioteca Municipal da Baixa da Banheira.<\/p>\n<p style=\"text-align: justify;\">As ruas das diferentes freguesias do concelho da Moita v\u00e3o encher-se de cor, alegria e pequenos mascarados, com a realiza\u00e7\u00e3o dos habituais <strong>desfiles carnavalescos das escolas<\/strong>, no dia <strong>17 de Fevereiro<\/strong>, a partir das <strong>10:00h<\/strong>. Outro dos momentos altos do carnaval no concelho \u00e9 o <strong>corso de Carnaval de Alhos Vedros<\/strong>. Este ano sob o tema <strong>\u201cE se Alhos Vedros fosse um filme\u2026\u201d<\/strong>, o corso de Carnaval, organizado pela Sociedade Filarm\u00f3nica Recreio Uni\u00e3o Alhosvedrense \u201cA Velhinha\u201d, com o apoio log\u00edstico e financeiro da C\u00e2mara Municipal da Moita, entre outras entidades e institui\u00e7\u00f5es, sai \u00e0 rua a <strong>19 e 21 de Fevereiro<\/strong>, pelas <strong>15:00h<\/strong>. O cinema portugu\u00eas, o cinema a preto e branco, o terror e os filmes fant\u00e1sticos prometem animar este desfile que, seguramente, contar\u00e1 com a presen\u00e7a de algumas das mais famosas estrelas de cinema.<\/p>\n<p style=\"text-align: justify;\">A encerrar os festejos de Carnaval no concelho, no dia <strong>22 de Fevereiro<\/strong>, ser\u00e1 recriado, pelo quinto ano consecutivo, por um grupo de amigos da Moita, o <strong>enterro do bacalhau<\/strong> \u2013 uma manifesta\u00e7\u00e3o teatral com cortejo f\u00fanebre, que ocorre tradicionalmente, na quarta-feira de cinzas, em diversas regi\u00f5es de Portugal. A partir das <strong>21:00h<\/strong>, junte-se \u00e0 vi\u00fava, ao padre, ao coveiro e ao ajudante de coveiro, no Cais da Moita, e acompanhe o cortejo f\u00fanebre do morto com muita s\u00e1tira \u00e0 mistura, pela Rua 5 de Outubro, Avenida Te\u00f3filo Braga e Rua Machado Santos. No final do cortejo, que termina junto ao cais, ser\u00e1 realizada a Queima do Judas.<\/p>\n<p style=\"text-align: right;\">C\u00e2mara Municipal da Moita<\/p>\n","protected":false},"excerpt":{"rendered":"<p>Com o Carnaval \u00e0 porta, preparam-se diferentes iniciativas para todas as idades, no concelho da Moita, para celebrar esta \u00e9poca de folia. Para estimular a criatividade dos mais novos, as bibliotecas municipais da Moita prepararam um conjunto de ateli\u00eas especialmente dedicados ao Carnaval, onde cada um pode criar o seu disfarce. \u201cConstr\u00f3i a tua m\u00e1scara [&hellip;]<\/p>\n","protected":false},"author":1,"featured_media":5685,"comment_status":"open","ping_status":"open","sticky":false,"template":"","format":"standard","meta":{"footnotes":""},"categories":[32,10],"tags":[37],"class_list":["post-5684","post","type-post","status-publish","format-standard","has-post-thumbnail","hentry","category-destaque","category-teatro","tag-moita","last_archivepost"],"yoast_head":"<!-- This site is optimized with the Yoast SEO plugin v27.1.1 - https:\/\/yoast.com\/product\/yoast-seo-wordpress\/ -->\n<title>Carnaval est\u00e1 a chegar ao concelho da Moita - barreiroweb<\/title>\n<meta name=\"robots\" content=\"index, follow, max-snippet:-1, max-image-preview:large, max-video-preview:-1\" \/>\n<link rel=\"canonical\" href=\"https:\/\/arquivo.barreiroweb.net\/?p=5684\" \/>\n<meta property=\"og:locale\" content=\"pt_PT\" \/>\n<meta property=\"og:type\" content=\"article\" \/>\n<meta property=\"og:title\" content=\"Carnaval est\u00e1 a chegar ao concelho da Moita - barreiroweb\" \/>\n<meta property=\"og:description\" content=\"Com o Carnaval \u00e0 porta, preparam-se diferentes iniciativas para todas as idades, no concelho da Moita, para celebrar esta \u00e9poca de folia. Para estimular a criatividade dos mais novos, as bibliotecas municipais da Moita prepararam um conjunto de ateli\u00eas especialmente dedicados ao Carnaval, onde cada um pode criar o seu disfarce. \u201cConstr\u00f3i a tua m\u00e1scara [&hellip;]\" \/>\n<meta property=\"og:url\" content=\"https:\/\/arquivo.barreiroweb.net\/?p=5684\" \/>\n<meta property=\"og:site_name\" content=\"barreiroweb\" \/>\n<meta property=\"article:publisher\" content=\"https:\/\/www.facebook.com\/barreiroweb\" \/>\n<meta property=\"article:published_time\" content=\"2012-02-08T23:42:42+00:00\" \/>\n<meta property=\"og:image\" content=\"https:\/\/arquivo.barreiroweb.net\/wp-content\/uploads\/2012\/02\/carnaval.jpg\" \/>\n\t<meta property=\"og:image:width\" content=\"314\" \/>\n\t<meta property=\"og:image:height\" content=\"209\" \/>\n\t<meta property=\"og:image:type\" content=\"image\/jpeg\" \/>\n<meta name=\"author\" content=\"barreiroweb\" \/>\n<meta name=\"twitter:card\" content=\"summary_large_image\" \/>\n<meta name=\"twitter:creator\" content=\"@barreiroweb\" \/>\n<meta name=\"twitter:site\" content=\"@barreiroweb\" \/>\n<meta name=\"twitter:label1\" content=\"Escrito por\" \/>\n\t<meta name=\"twitter:data1\" content=\"barreiroweb\" \/>\n\t<meta name=\"twitter:label2\" content=\"Tempo estimado de leitura\" \/>\n\t<meta name=\"twitter:data2\" content=\"2 minutos\" \/>\n<script type=\"application\/ld+json\" class=\"yoast-schema-graph\">{\"@context\":\"https:\/\/schema.org\",\"@graph\":[{\"@type\":\"Article\",\"@id\":\"https:\/\/arquivo.barreiroweb.net\/?p=5684#article\",\"isPartOf\":{\"@id\":\"https:\/\/arquivo.barreiroweb.net\/?p=5684\"},\"author\":{\"name\":\"barreiroweb\",\"@id\":\"https:\/\/arquivo.barreiroweb.net\/#\/schema\/person\/44b6d528aff975e3786c9f475f9df2dd\"},\"headline\":\"Carnaval est\u00e1 a chegar ao concelho da Moita\",\"datePublished\":\"2012-02-08T23:42:42+00:00\",\"mainEntityOfPage\":{\"@id\":\"https:\/\/arquivo.barreiroweb.net\/?p=5684\"},\"wordCount\":381,\"commentCount\":0,\"publisher\":{\"@id\":\"https:\/\/arquivo.barreiroweb.net\/#organization\"},\"image\":{\"@id\":\"https:\/\/arquivo.barreiroweb.net\/?p=5684#primaryimage\"},\"thumbnailUrl\":\"https:\/\/arquivo.barreiroweb.net\/wp-content\/uploads\/2012\/02\/carnaval.jpg\",\"keywords\":[\"moita\"],\"articleSection\":[\"Destaque\",\"Teatro\"],\"inLanguage\":\"pt-PT\",\"potentialAction\":[{\"@type\":\"CommentAction\",\"name\":\"Comment\",\"target\":[\"https:\/\/arquivo.barreiroweb.net\/?p=5684#respond\"]}]},{\"@type\":\"WebPage\",\"@id\":\"https:\/\/arquivo.barreiroweb.net\/?p=5684\",\"url\":\"https:\/\/arquivo.barreiroweb.net\/?p=5684\",\"name\":\"Carnaval est\u00e1 a chegar ao concelho da Moita - barreiroweb\",\"isPartOf\":{\"@id\":\"https:\/\/arquivo.barreiroweb.net\/#website\"},\"primaryImageOfPage\":{\"@id\":\"https:\/\/arquivo.barreiroweb.net\/?p=5684#primaryimage\"},\"image\":{\"@id\":\"https:\/\/arquivo.barreiroweb.net\/?p=5684#primaryimage\"},\"thumbnailUrl\":\"https:\/\/arquivo.barreiroweb.net\/wp-content\/uploads\/2012\/02\/carnaval.jpg\",\"datePublished\":\"2012-02-08T23:42:42+00:00\",\"breadcrumb\":{\"@id\":\"https:\/\/arquivo.barreiroweb.net\/?p=5684#breadcrumb\"},\"inLanguage\":\"pt-PT\",\"potentialAction\":[{\"@type\":\"ReadAction\",\"target\":[\"https:\/\/arquivo.barreiroweb.net\/?p=5684\"]}]},{\"@type\":\"ImageObject\",\"inLanguage\":\"pt-PT\",\"@id\":\"https:\/\/arquivo.barreiroweb.net\/?p=5684#primaryimage\",\"url\":\"https:\/\/arquivo.barreiroweb.net\/wp-content\/uploads\/2012\/02\/carnaval.jpg\",\"contentUrl\":\"https:\/\/arquivo.barreiroweb.net\/wp-content\/uploads\/2012\/02\/carnaval.jpg\",\"width\":\"314\",\"height\":\"209\"},{\"@type\":\"BreadcrumbList\",\"@id\":\"https:\/\/arquivo.barreiroweb.net\/?p=5684#breadcrumb\",\"itemListElement\":[{\"@type\":\"ListItem\",\"position\":1,\"name\":\"In\u00edcio\",\"item\":\"https:\/\/arquivo.barreiroweb.net\/\"},{\"@type\":\"ListItem\",\"position\":2,\"name\":\"Carnaval est\u00e1 a chegar ao concelho da Moita\"}]},{\"@type\":\"WebSite\",\"@id\":\"https:\/\/arquivo.barreiroweb.net\/#website\",\"url\":\"https:\/\/arquivo.barreiroweb.net\/\",\"name\":\"barreiroweb\",\"description\":\"Barreiroweb o barreiro na web\",\"publisher\":{\"@id\":\"https:\/\/arquivo.barreiroweb.net\/#organization\"},\"potentialAction\":[{\"@type\":\"SearchAction\",\"target\":{\"@type\":\"EntryPoint\",\"urlTemplate\":\"https:\/\/arquivo.barreiroweb.net\/?s={search_term_string}\"},\"query-input\":{\"@type\":\"PropertyValueSpecification\",\"valueRequired\":true,\"valueName\":\"search_term_string\"}}],\"inLanguage\":\"pt-PT\"},{\"@type\":\"Organization\",\"@id\":\"https:\/\/arquivo.barreiroweb.net\/#organization\",\"name\":\"barreiroweb\",\"url\":\"https:\/\/arquivo.barreiroweb.net\/\",\"logo\":{\"@type\":\"ImageObject\",\"inLanguage\":\"pt-PT\",\"@id\":\"https:\/\/arquivo.barreiroweb.net\/#\/schema\/logo\/image\/\",\"url\":\"https:\/\/barreiroweb.net\/wp-content\/uploads\/2022\/05\/BarreiroWeb555.jpg\",\"contentUrl\":\"https:\/\/barreiroweb.net\/wp-content\/uploads\/2022\/05\/BarreiroWeb555.jpg\",\"width\":421,\"height\":415,\"caption\":\"barreiroweb\"},\"image\":{\"@id\":\"https:\/\/arquivo.barreiroweb.net\/#\/schema\/logo\/image\/\"},\"sameAs\":[\"https:\/\/www.facebook.com\/barreiroweb\",\"https:\/\/x.com\/barreiroweb\"]},{\"@type\":\"Person\",\"@id\":\"https:\/\/arquivo.barreiroweb.net\/#\/schema\/person\/44b6d528aff975e3786c9f475f9df2dd\",\"name\":\"barreiroweb\",\"image\":{\"@type\":\"ImageObject\",\"inLanguage\":\"pt-PT\",\"@id\":\"https:\/\/arquivo.barreiroweb.net\/#\/schema\/person\/image\/\",\"url\":\"https:\/\/secure.gravatar.com\/avatar\/1f764b917967430404ff0b452044eb63a25d64a5363b25be2aa42273930f477d?s=96&d=mm&r=g\",\"contentUrl\":\"https:\/\/secure.gravatar.com\/avatar\/1f764b917967430404ff0b452044eb63a25d64a5363b25be2aa42273930f477d?s=96&d=mm&r=g\",\"caption\":\"barreiroweb\"},\"url\":\"https:\/\/arquivo.barreiroweb.net\/?author=1\"}]}<\/script>\n<!-- \/ Yoast SEO plugin. -->","yoast_head_json":{"title":"Carnaval est\u00e1 a chegar ao concelho da Moita - barreiroweb","robots":{"index":"index","follow":"follow","max-snippet":"max-snippet:-1","max-image-preview":"max-image-preview:large","max-video-preview":"max-video-preview:-1"},"canonical":"https:\/\/arquivo.barreiroweb.net\/?p=5684","og_locale":"pt_PT","og_type":"article","og_title":"Carnaval est\u00e1 a chegar ao concelho da Moita - barreiroweb","og_description":"Com o Carnaval \u00e0 porta, preparam-se diferentes iniciativas para todas as idades, no concelho da Moita, para celebrar esta \u00e9poca de folia. Para estimular a criatividade dos mais novos, as bibliotecas municipais da Moita prepararam um conjunto de ateli\u00eas especialmente dedicados ao Carnaval, onde cada um pode criar o seu disfarce. \u201cConstr\u00f3i a tua m\u00e1scara [&hellip;]","og_url":"https:\/\/arquivo.barreiroweb.net\/?p=5684","og_site_name":"barreiroweb","article_publisher":"https:\/\/www.facebook.com\/barreiroweb","article_published_time":"2012-02-08T23:42:42+00:00","og_image":[{"width":314,"height":209,"url":"https:\/\/arquivo.barreiroweb.net\/wp-content\/uploads\/2012\/02\/carnaval.jpg","type":"image\/jpeg"}],"author":"barreiroweb","twitter_card":"summary_large_image","twitter_creator":"@barreiroweb","twitter_site":"@barreiroweb","twitter_misc":{"Escrito por":"barreiroweb","Tempo estimado de leitura":"2 minutos"},"schema":{"@context":"https:\/\/schema.org","@graph":[{"@type":"Article","@id":"https:\/\/arquivo.barreiroweb.net\/?p=5684#article","isPartOf":{"@id":"https:\/\/arquivo.barreiroweb.net\/?p=5684"},"author":{"name":"barreiroweb","@id":"https:\/\/arquivo.barreiroweb.net\/#\/schema\/person\/44b6d528aff975e3786c9f475f9df2dd"},"headline":"Carnaval est\u00e1 a chegar ao concelho da Moita","datePublished":"2012-02-08T23:42:42+00:00","mainEntityOfPage":{"@id":"https:\/\/arquivo.barreiroweb.net\/?p=5684"},"wordCount":381,"commentCount":0,"publisher":{"@id":"https:\/\/arquivo.barreiroweb.net\/#organization"},"image":{"@id":"https:\/\/arquivo.barreiroweb.net\/?p=5684#primaryimage"},"thumbnailUrl":"https:\/\/arquivo.barreiroweb.net\/wp-content\/uploads\/2012\/02\/carnaval.jpg","keywords":["moita"],"articleSection":["Destaque","Teatro"],"inLanguage":"pt-PT","potentialAction":[{"@type":"CommentAction","name":"Comment","target":["https:\/\/arquivo.barreiroweb.net\/?p=5684#respond"]}]},{"@type":"WebPage","@id":"https:\/\/arquivo.barreiroweb.net\/?p=5684","url":"https:\/\/arquivo.barreiroweb.net\/?p=5684","name":"Carnaval est\u00e1 a chegar ao concelho da Moita - barreiroweb","isPartOf":{"@id":"https:\/\/arquivo.barreiroweb.net\/#website"},"primaryImageOfPage":{"@id":"https:\/\/arquivo.barreiroweb.net\/?p=5684#primaryimage"},"image":{"@id":"https:\/\/arquivo.barreiroweb.net\/?p=5684#primaryimage"},"thumbnailUrl":"https:\/\/arquivo.barreiroweb.net\/wp-content\/uploads\/2012\/02\/carnaval.jpg","datePublished":"2012-02-08T23:42:42+00:00","breadcrumb":{"@id":"https:\/\/arquivo.barreiroweb.net\/?p=5684#breadcrumb"},"inLanguage":"pt-PT","potentialAction":[{"@type":"ReadAction","target":["https:\/\/arquivo.barreiroweb.net\/?p=5684"]}]},{"@type":"ImageObject","inLanguage":"pt-PT","@id":"https:\/\/arquivo.barreiroweb.net\/?p=5684#primaryimage","url":"https:\/\/arquivo.barreiroweb.net\/wp-content\/uploads\/2012\/02\/carnaval.jpg","contentUrl":"https:\/\/arquivo.barreiroweb.net\/wp-content\/uploads\/2012\/02\/carnaval.jpg","width":"314","height":"209"},{"@type":"BreadcrumbList","@id":"https:\/\/arquivo.barreiroweb.net\/?p=5684#breadcrumb","itemListElement":[{"@type":"ListItem","position":1,"name":"In\u00edcio","item":"https:\/\/arquivo.barreiroweb.net\/"},{"@type":"ListItem","position":2,"name":"Carnaval est\u00e1 a chegar ao concelho da Moita"}]},{"@type":"WebSite","@id":"https:\/\/arquivo.barreiroweb.net\/#website","url":"https:\/\/arquivo.barreiroweb.net\/","name":"barreiroweb","description":"Barreiroweb o barreiro na web","publisher":{"@id":"https:\/\/arquivo.barreiroweb.net\/#organization"},"potentialAction":[{"@type":"SearchAction","target":{"@type":"EntryPoint","urlTemplate":"https:\/\/arquivo.barreiroweb.net\/?s={search_term_string}"},"query-input":{"@type":"PropertyValueSpecification","valueRequired":true,"valueName":"search_term_string"}}],"inLanguage":"pt-PT"},{"@type":"Organization","@id":"https:\/\/arquivo.barreiroweb.net\/#organization","name":"barreiroweb","url":"https:\/\/arquivo.barreiroweb.net\/","logo":{"@type":"ImageObject","inLanguage":"pt-PT","@id":"https:\/\/arquivo.barreiroweb.net\/#\/schema\/logo\/image\/","url":"https:\/\/barreiroweb.net\/wp-content\/uploads\/2022\/05\/BarreiroWeb555.jpg","contentUrl":"https:\/\/barreiroweb.net\/wp-content\/uploads\/2022\/05\/BarreiroWeb555.jpg","width":421,"height":415,"caption":"barreiroweb"},"image":{"@id":"https:\/\/arquivo.barreiroweb.net\/#\/schema\/logo\/image\/"},"sameAs":["https:\/\/www.facebook.com\/barreiroweb","https:\/\/x.com\/barreiroweb"]},{"@type":"Person","@id":"https:\/\/arquivo.barreiroweb.net\/#\/schema\/person\/44b6d528aff975e3786c9f475f9df2dd","name":"barreiroweb","image":{"@type":"ImageObject","inLanguage":"pt-PT","@id":"https:\/\/arquivo.barreiroweb.net\/#\/schema\/person\/image\/","url":"https:\/\/secure.gravatar.com\/avatar\/1f764b917967430404ff0b452044eb63a25d64a5363b25be2aa42273930f477d?s=96&d=mm&r=g","contentUrl":"https:\/\/secure.gravatar.com\/avatar\/1f764b917967430404ff0b452044eb63a25d64a5363b25be2aa42273930f477d?s=96&d=mm&r=g","caption":"barreiroweb"},"url":"https:\/\/arquivo.barreiroweb.net\/?author=1"}]}},"_links":{"self":[{"href":"https:\/\/arquivo.barreiroweb.net\/index.php?rest_route=\/wp\/v2\/posts\/5684","targetHints":{"allow":["GET"]}}],"collection":[{"href":"https:\/\/arquivo.barreiroweb.net\/index.php?rest_route=\/wp\/v2\/posts"}],"about":[{"href":"https:\/\/arquivo.barreiroweb.net\/index.php?rest_route=\/wp\/v2\/types\/post"}],"author":[{"embeddable":true,"href":"https:\/\/arquivo.barreiroweb.net\/index.php?rest_route=\/wp\/v2\/users\/1"}],"replies":[{"embeddable":true,"href":"https:\/\/arquivo.barreiroweb.net\/index.php?rest_route=%2Fwp%2Fv2%2Fcomments&post=5684"}],"version-history":[{"count":2,"href":"https:\/\/arquivo.barreiroweb.net\/index.php?rest_route=\/wp\/v2\/posts\/5684\/revisions"}],"predecessor-version":[{"id":5687,"href":"https:\/\/arquivo.barreiroweb.net\/index.php?rest_route=\/wp\/v2\/posts\/5684\/revisions\/5687"}],"wp:featuredmedia":[{"embeddable":true,"href":"https:\/\/arquivo.barreiroweb.net\/index.php?rest_route=\/wp\/v2\/media\/5685"}],"wp:attachment":[{"href":"https:\/\/arquivo.barreiroweb.net\/index.php?rest_route=%2Fwp%2Fv2%2Fmedia&parent=5684"}],"wp:term":[{"taxonomy":"category","embeddable":true,"href":"https:\/\/arquivo.barreiroweb.net\/index.php?rest_route=%2Fwp%2Fv2%2Fcategories&post=5684"},{"taxonomy":"post_tag","embeddable":true,"href":"https:\/\/arquivo.barreiroweb.net\/index.php?rest_route=%2Fwp%2Fv2%2Ftags&post=5684"}],"curies":[{"name":"wp","href":"https:\/\/api.w.org\/{rel}","templated":true}]}}