{"id":5540,"date":"2012-01-30T22:53:21","date_gmt":"2012-01-30T22:53:21","guid":{"rendered":"http:\/\/barreiroweb.eu\/?p=5540"},"modified":"2012-01-30T22:53:21","modified_gmt":"2012-01-30T22:53:21","slug":"concentracao-de-comissoes-de-utentes-dos-transportes-da-margem-sul","status":"publish","type":"post","link":"https:\/\/arquivo.barreiroweb.net\/?p=5540","title":{"rendered":"Concentra\u00e7\u00e3o de Comiss\u00f5es de Utentes dos Transportes da Margem Sul"},"content":{"rendered":"<p style=\"text-align: justify;\"><a href=\"http:\/\/barreiroweb.eu\/wp-content\/uploads\/2012\/01\/DSC_0714-2.jpg\" rel=\"lightbox[5540]\"><img loading=\"lazy\" decoding=\"async\" class=\"alignleft size-medium wp-image-5541\" title=\"DSC_0714 (2)\" src=\"http:\/\/barreiroweb.eu\/wp-content\/uploads\/2012\/01\/DSC_0714-2-300x200.jpg\" alt=\"\" width=\"300\" height=\"200\" srcset=\"https:\/\/arquivo.barreiroweb.net\/wp-content\/uploads\/2012\/01\/DSC_0714-2-300x200.jpg 300w, https:\/\/arquivo.barreiroweb.net\/wp-content\/uploads\/2012\/01\/DSC_0714-2.jpg 314w\" sizes=\"auto, (max-width: 300px) 100vw, 300px\" \/><\/a>Realizou-se no dia 26 de Janeiro pelas 17 horas, no Terminal da Transtejo no Cais do Sodr\u00e9, uma Concentra\u00e7\u00e3o de Utentes dos Transportes, organizada pelas Comiss\u00f5es de Utentes do Seixalinho (Montijo), Linha do Sado e Margem Sul, seguida de desloca\u00e7\u00e3o ao Minist\u00e9rio da Economia e Inova\u00e7\u00e3o.<\/p>\n<p style=\"text-align: justify;\">No Minist\u00e9rio da Tutela, os membros das Comiss\u00f5es de Utentes foram recebidos pelo chefe de gabinete do Secret\u00e1rio de Estado dos Transportes, ao qual foram expostas as preocupa\u00e7\u00f5es com as altera\u00e7\u00f5es das carreiras nos autocarros, barcos e comboios e o aumento brutal dos t\u00edtulos de transportes.<\/p>\n<p style=\"text-align: justify;\">Foi ainda entregue a solicita\u00e7\u00e3o de uma reuni\u00e3o com o Secret\u00e1rio de Estado dos Transportes.<\/p>\n<p style=\"text-align: justify;\">\u00c1 sa\u00eddas do Minist\u00e9rio, os elementos das for\u00e7as de seguran\u00e7a (PSP), entretanto chegados ao local, procederam \u00e0 identifica\u00e7\u00e3o da porta-voz das Comiss\u00f5es de Utentes presentes, numa clara intimida\u00e7\u00e3o \u00e0s liberdades de manifesta\u00e7\u00e3o dos utentes e dos seus representantes, tendo em conta que nem sequer existiu qualquer perturba\u00e7\u00e3o da ordem p\u00fablica nem do tr\u00e2nsito.<\/p>\n<p align=\"right\">Frederico Tavares<\/p>\n","protected":false},"excerpt":{"rendered":"<p>Realizou-se no dia 26 de Janeiro pelas 17 horas, no Terminal da Transtejo no Cais do Sodr\u00e9, uma Concentra\u00e7\u00e3o de Utentes dos Transportes, organizada pelas Comiss\u00f5es de Utentes do Seixalinho (Montijo), Linha do Sado e Margem Sul, seguida de desloca\u00e7\u00e3o ao Minist\u00e9rio da Economia e Inova\u00e7\u00e3o. No Minist\u00e9rio da Tutela, os membros das Comiss\u00f5es de [&hellip;]<\/p>\n","protected":false},"author":1,"featured_media":5541,"comment_status":"open","ping_status":"open","sticky":false,"template":"","format":"standard","meta":{"footnotes":""},"categories":[32,19],"tags":[],"class_list":["post-5540","post","type-post","status-publish","format-standard","has-post-thumbnail","hentry","category-destaque","category-tecnologia","last_archivepost"],"yoast_head":"<!-- This site is optimized with the Yoast SEO plugin v27.1.1 - https:\/\/yoast.com\/product\/yoast-seo-wordpress\/ -->\n<title>Concentra\u00e7\u00e3o de Comiss\u00f5es de Utentes dos Transportes da Margem Sul - barreiroweb<\/title>\n<meta name=\"robots\" content=\"index, follow, max-snippet:-1, max-image-preview:large, max-video-preview:-1\" \/>\n<link rel=\"canonical\" href=\"https:\/\/arquivo.barreiroweb.net\/?p=5540\" \/>\n<meta property=\"og:locale\" content=\"pt_PT\" \/>\n<meta property=\"og:type\" content=\"article\" \/>\n<meta property=\"og:title\" content=\"Concentra\u00e7\u00e3o de Comiss\u00f5es de Utentes dos Transportes da Margem Sul - barreiroweb\" \/>\n<meta property=\"og:description\" content=\"Realizou-se no dia 26 de Janeiro pelas 17 horas, no Terminal da Transtejo no Cais do Sodr\u00e9, uma Concentra\u00e7\u00e3o de Utentes dos Transportes, organizada pelas Comiss\u00f5es de Utentes do Seixalinho (Montijo), Linha do Sado e Margem Sul, seguida de desloca\u00e7\u00e3o ao Minist\u00e9rio da Economia e Inova\u00e7\u00e3o. No Minist\u00e9rio da Tutela, os membros das Comiss\u00f5es de [&hellip;]\" \/>\n<meta property=\"og:url\" content=\"https:\/\/arquivo.barreiroweb.net\/?p=5540\" \/>\n<meta property=\"og:site_name\" content=\"barreiroweb\" \/>\n<meta property=\"article:publisher\" content=\"https:\/\/www.facebook.com\/barreiroweb\" \/>\n<meta property=\"article:published_time\" content=\"2012-01-30T22:53:21+00:00\" \/>\n<meta property=\"og:image\" content=\"https:\/\/arquivo.barreiroweb.net\/wp-content\/uploads\/2012\/01\/DSC_0714-2.jpg\" \/>\n\t<meta property=\"og:image:width\" content=\"314\" \/>\n\t<meta property=\"og:image:height\" content=\"210\" \/>\n\t<meta property=\"og:image:type\" content=\"image\/jpeg\" \/>\n<meta name=\"author\" content=\"barreiroweb\" \/>\n<meta name=\"twitter:card\" content=\"summary_large_image\" \/>\n<meta name=\"twitter:creator\" content=\"@barreiroweb\" \/>\n<meta name=\"twitter:site\" content=\"@barreiroweb\" \/>\n<meta name=\"twitter:label1\" content=\"Escrito por\" \/>\n\t<meta name=\"twitter:data1\" content=\"barreiroweb\" \/>\n\t<meta name=\"twitter:label2\" content=\"Tempo estimado de leitura\" \/>\n\t<meta name=\"twitter:data2\" content=\"1 minuto\" \/>\n<script type=\"application\/ld+json\" class=\"yoast-schema-graph\">{\"@context\":\"https:\/\/schema.org\",\"@graph\":[{\"@type\":\"Article\",\"@id\":\"https:\/\/arquivo.barreiroweb.net\/?p=5540#article\",\"isPartOf\":{\"@id\":\"https:\/\/arquivo.barreiroweb.net\/?p=5540\"},\"author\":{\"name\":\"barreiroweb\",\"@id\":\"https:\/\/arquivo.barreiroweb.net\/#\/schema\/person\/44b6d528aff975e3786c9f475f9df2dd\"},\"headline\":\"Concentra\u00e7\u00e3o de Comiss\u00f5es de Utentes dos Transportes da Margem Sul\",\"datePublished\":\"2012-01-30T22:53:21+00:00\",\"mainEntityOfPage\":{\"@id\":\"https:\/\/arquivo.barreiroweb.net\/?p=5540\"},\"wordCount\":195,\"commentCount\":0,\"publisher\":{\"@id\":\"https:\/\/arquivo.barreiroweb.net\/#organization\"},\"image\":{\"@id\":\"https:\/\/arquivo.barreiroweb.net\/?p=5540#primaryimage\"},\"thumbnailUrl\":\"https:\/\/arquivo.barreiroweb.net\/wp-content\/uploads\/2012\/01\/DSC_0714-2.jpg\",\"articleSection\":[\"Destaque\",\"Tecnologia\"],\"inLanguage\":\"pt-PT\",\"potentialAction\":[{\"@type\":\"CommentAction\",\"name\":\"Comment\",\"target\":[\"https:\/\/arquivo.barreiroweb.net\/?p=5540#respond\"]}]},{\"@type\":\"WebPage\",\"@id\":\"https:\/\/arquivo.barreiroweb.net\/?p=5540\",\"url\":\"https:\/\/arquivo.barreiroweb.net\/?p=5540\",\"name\":\"Concentra\u00e7\u00e3o de Comiss\u00f5es de Utentes dos Transportes da Margem Sul - barreiroweb\",\"isPartOf\":{\"@id\":\"https:\/\/arquivo.barreiroweb.net\/#website\"},\"primaryImageOfPage\":{\"@id\":\"https:\/\/arquivo.barreiroweb.net\/?p=5540#primaryimage\"},\"image\":{\"@id\":\"https:\/\/arquivo.barreiroweb.net\/?p=5540#primaryimage\"},\"thumbnailUrl\":\"https:\/\/arquivo.barreiroweb.net\/wp-content\/uploads\/2012\/01\/DSC_0714-2.jpg\",\"datePublished\":\"2012-01-30T22:53:21+00:00\",\"breadcrumb\":{\"@id\":\"https:\/\/arquivo.barreiroweb.net\/?p=5540#breadcrumb\"},\"inLanguage\":\"pt-PT\",\"potentialAction\":[{\"@type\":\"ReadAction\",\"target\":[\"https:\/\/arquivo.barreiroweb.net\/?p=5540\"]}]},{\"@type\":\"ImageObject\",\"inLanguage\":\"pt-PT\",\"@id\":\"https:\/\/arquivo.barreiroweb.net\/?p=5540#primaryimage\",\"url\":\"https:\/\/arquivo.barreiroweb.net\/wp-content\/uploads\/2012\/01\/DSC_0714-2.jpg\",\"contentUrl\":\"https:\/\/arquivo.barreiroweb.net\/wp-content\/uploads\/2012\/01\/DSC_0714-2.jpg\",\"width\":\"314\",\"height\":\"210\"},{\"@type\":\"BreadcrumbList\",\"@id\":\"https:\/\/arquivo.barreiroweb.net\/?p=5540#breadcrumb\",\"itemListElement\":[{\"@type\":\"ListItem\",\"position\":1,\"name\":\"In\u00edcio\",\"item\":\"https:\/\/arquivo.barreiroweb.net\/\"},{\"@type\":\"ListItem\",\"position\":2,\"name\":\"Concentra\u00e7\u00e3o de Comiss\u00f5es de Utentes dos Transportes da Margem Sul\"}]},{\"@type\":\"WebSite\",\"@id\":\"https:\/\/arquivo.barreiroweb.net\/#website\",\"url\":\"https:\/\/arquivo.barreiroweb.net\/\",\"name\":\"barreiroweb\",\"description\":\"Barreiroweb o barreiro na web\",\"publisher\":{\"@id\":\"https:\/\/arquivo.barreiroweb.net\/#organization\"},\"potentialAction\":[{\"@type\":\"SearchAction\",\"target\":{\"@type\":\"EntryPoint\",\"urlTemplate\":\"https:\/\/arquivo.barreiroweb.net\/?s={search_term_string}\"},\"query-input\":{\"@type\":\"PropertyValueSpecification\",\"valueRequired\":true,\"valueName\":\"search_term_string\"}}],\"inLanguage\":\"pt-PT\"},{\"@type\":\"Organization\",\"@id\":\"https:\/\/arquivo.barreiroweb.net\/#organization\",\"name\":\"barreiroweb\",\"url\":\"https:\/\/arquivo.barreiroweb.net\/\",\"logo\":{\"@type\":\"ImageObject\",\"inLanguage\":\"pt-PT\",\"@id\":\"https:\/\/arquivo.barreiroweb.net\/#\/schema\/logo\/image\/\",\"url\":\"https:\/\/barreiroweb.net\/wp-content\/uploads\/2022\/05\/BarreiroWeb555.jpg\",\"contentUrl\":\"https:\/\/barreiroweb.net\/wp-content\/uploads\/2022\/05\/BarreiroWeb555.jpg\",\"width\":421,\"height\":415,\"caption\":\"barreiroweb\"},\"image\":{\"@id\":\"https:\/\/arquivo.barreiroweb.net\/#\/schema\/logo\/image\/\"},\"sameAs\":[\"https:\/\/www.facebook.com\/barreiroweb\",\"https:\/\/x.com\/barreiroweb\"]},{\"@type\":\"Person\",\"@id\":\"https:\/\/arquivo.barreiroweb.net\/#\/schema\/person\/44b6d528aff975e3786c9f475f9df2dd\",\"name\":\"barreiroweb\",\"image\":{\"@type\":\"ImageObject\",\"inLanguage\":\"pt-PT\",\"@id\":\"https:\/\/arquivo.barreiroweb.net\/#\/schema\/person\/image\/\",\"url\":\"https:\/\/secure.gravatar.com\/avatar\/1f764b917967430404ff0b452044eb63a25d64a5363b25be2aa42273930f477d?s=96&d=mm&r=g\",\"contentUrl\":\"https:\/\/secure.gravatar.com\/avatar\/1f764b917967430404ff0b452044eb63a25d64a5363b25be2aa42273930f477d?s=96&d=mm&r=g\",\"caption\":\"barreiroweb\"},\"url\":\"https:\/\/arquivo.barreiroweb.net\/?author=1\"}]}<\/script>\n<!-- \/ Yoast SEO plugin. -->","yoast_head_json":{"title":"Concentra\u00e7\u00e3o de Comiss\u00f5es de Utentes dos Transportes da Margem Sul - barreiroweb","robots":{"index":"index","follow":"follow","max-snippet":"max-snippet:-1","max-image-preview":"max-image-preview:large","max-video-preview":"max-video-preview:-1"},"canonical":"https:\/\/arquivo.barreiroweb.net\/?p=5540","og_locale":"pt_PT","og_type":"article","og_title":"Concentra\u00e7\u00e3o de Comiss\u00f5es de Utentes dos Transportes da Margem Sul - barreiroweb","og_description":"Realizou-se no dia 26 de Janeiro pelas 17 horas, no Terminal da Transtejo no Cais do Sodr\u00e9, uma Concentra\u00e7\u00e3o de Utentes dos Transportes, organizada pelas Comiss\u00f5es de Utentes do Seixalinho (Montijo), Linha do Sado e Margem Sul, seguida de desloca\u00e7\u00e3o ao Minist\u00e9rio da Economia e Inova\u00e7\u00e3o. No Minist\u00e9rio da Tutela, os membros das Comiss\u00f5es de [&hellip;]","og_url":"https:\/\/arquivo.barreiroweb.net\/?p=5540","og_site_name":"barreiroweb","article_publisher":"https:\/\/www.facebook.com\/barreiroweb","article_published_time":"2012-01-30T22:53:21+00:00","og_image":[{"width":314,"height":210,"url":"https:\/\/arquivo.barreiroweb.net\/wp-content\/uploads\/2012\/01\/DSC_0714-2.jpg","type":"image\/jpeg"}],"author":"barreiroweb","twitter_card":"summary_large_image","twitter_creator":"@barreiroweb","twitter_site":"@barreiroweb","twitter_misc":{"Escrito por":"barreiroweb","Tempo estimado de leitura":"1 minuto"},"schema":{"@context":"https:\/\/schema.org","@graph":[{"@type":"Article","@id":"https:\/\/arquivo.barreiroweb.net\/?p=5540#article","isPartOf":{"@id":"https:\/\/arquivo.barreiroweb.net\/?p=5540"},"author":{"name":"barreiroweb","@id":"https:\/\/arquivo.barreiroweb.net\/#\/schema\/person\/44b6d528aff975e3786c9f475f9df2dd"},"headline":"Concentra\u00e7\u00e3o de Comiss\u00f5es de Utentes dos Transportes da Margem Sul","datePublished":"2012-01-30T22:53:21+00:00","mainEntityOfPage":{"@id":"https:\/\/arquivo.barreiroweb.net\/?p=5540"},"wordCount":195,"commentCount":0,"publisher":{"@id":"https:\/\/arquivo.barreiroweb.net\/#organization"},"image":{"@id":"https:\/\/arquivo.barreiroweb.net\/?p=5540#primaryimage"},"thumbnailUrl":"https:\/\/arquivo.barreiroweb.net\/wp-content\/uploads\/2012\/01\/DSC_0714-2.jpg","articleSection":["Destaque","Tecnologia"],"inLanguage":"pt-PT","potentialAction":[{"@type":"CommentAction","name":"Comment","target":["https:\/\/arquivo.barreiroweb.net\/?p=5540#respond"]}]},{"@type":"WebPage","@id":"https:\/\/arquivo.barreiroweb.net\/?p=5540","url":"https:\/\/arquivo.barreiroweb.net\/?p=5540","name":"Concentra\u00e7\u00e3o de Comiss\u00f5es de Utentes dos Transportes da Margem Sul - barreiroweb","isPartOf":{"@id":"https:\/\/arquivo.barreiroweb.net\/#website"},"primaryImageOfPage":{"@id":"https:\/\/arquivo.barreiroweb.net\/?p=5540#primaryimage"},"image":{"@id":"https:\/\/arquivo.barreiroweb.net\/?p=5540#primaryimage"},"thumbnailUrl":"https:\/\/arquivo.barreiroweb.net\/wp-content\/uploads\/2012\/01\/DSC_0714-2.jpg","datePublished":"2012-01-30T22:53:21+00:00","breadcrumb":{"@id":"https:\/\/arquivo.barreiroweb.net\/?p=5540#breadcrumb"},"inLanguage":"pt-PT","potentialAction":[{"@type":"ReadAction","target":["https:\/\/arquivo.barreiroweb.net\/?p=5540"]}]},{"@type":"ImageObject","inLanguage":"pt-PT","@id":"https:\/\/arquivo.barreiroweb.net\/?p=5540#primaryimage","url":"https:\/\/arquivo.barreiroweb.net\/wp-content\/uploads\/2012\/01\/DSC_0714-2.jpg","contentUrl":"https:\/\/arquivo.barreiroweb.net\/wp-content\/uploads\/2012\/01\/DSC_0714-2.jpg","width":"314","height":"210"},{"@type":"BreadcrumbList","@id":"https:\/\/arquivo.barreiroweb.net\/?p=5540#breadcrumb","itemListElement":[{"@type":"ListItem","position":1,"name":"In\u00edcio","item":"https:\/\/arquivo.barreiroweb.net\/"},{"@type":"ListItem","position":2,"name":"Concentra\u00e7\u00e3o de Comiss\u00f5es de Utentes dos Transportes da Margem Sul"}]},{"@type":"WebSite","@id":"https:\/\/arquivo.barreiroweb.net\/#website","url":"https:\/\/arquivo.barreiroweb.net\/","name":"barreiroweb","description":"Barreiroweb o barreiro na web","publisher":{"@id":"https:\/\/arquivo.barreiroweb.net\/#organization"},"potentialAction":[{"@type":"SearchAction","target":{"@type":"EntryPoint","urlTemplate":"https:\/\/arquivo.barreiroweb.net\/?s={search_term_string}"},"query-input":{"@type":"PropertyValueSpecification","valueRequired":true,"valueName":"search_term_string"}}],"inLanguage":"pt-PT"},{"@type":"Organization","@id":"https:\/\/arquivo.barreiroweb.net\/#organization","name":"barreiroweb","url":"https:\/\/arquivo.barreiroweb.net\/","logo":{"@type":"ImageObject","inLanguage":"pt-PT","@id":"https:\/\/arquivo.barreiroweb.net\/#\/schema\/logo\/image\/","url":"https:\/\/barreiroweb.net\/wp-content\/uploads\/2022\/05\/BarreiroWeb555.jpg","contentUrl":"https:\/\/barreiroweb.net\/wp-content\/uploads\/2022\/05\/BarreiroWeb555.jpg","width":421,"height":415,"caption":"barreiroweb"},"image":{"@id":"https:\/\/arquivo.barreiroweb.net\/#\/schema\/logo\/image\/"},"sameAs":["https:\/\/www.facebook.com\/barreiroweb","https:\/\/x.com\/barreiroweb"]},{"@type":"Person","@id":"https:\/\/arquivo.barreiroweb.net\/#\/schema\/person\/44b6d528aff975e3786c9f475f9df2dd","name":"barreiroweb","image":{"@type":"ImageObject","inLanguage":"pt-PT","@id":"https:\/\/arquivo.barreiroweb.net\/#\/schema\/person\/image\/","url":"https:\/\/secure.gravatar.com\/avatar\/1f764b917967430404ff0b452044eb63a25d64a5363b25be2aa42273930f477d?s=96&d=mm&r=g","contentUrl":"https:\/\/secure.gravatar.com\/avatar\/1f764b917967430404ff0b452044eb63a25d64a5363b25be2aa42273930f477d?s=96&d=mm&r=g","caption":"barreiroweb"},"url":"https:\/\/arquivo.barreiroweb.net\/?author=1"}]}},"_links":{"self":[{"href":"https:\/\/arquivo.barreiroweb.net\/index.php?rest_route=\/wp\/v2\/posts\/5540","targetHints":{"allow":["GET"]}}],"collection":[{"href":"https:\/\/arquivo.barreiroweb.net\/index.php?rest_route=\/wp\/v2\/posts"}],"about":[{"href":"https:\/\/arquivo.barreiroweb.net\/index.php?rest_route=\/wp\/v2\/types\/post"}],"author":[{"embeddable":true,"href":"https:\/\/arquivo.barreiroweb.net\/index.php?rest_route=\/wp\/v2\/users\/1"}],"replies":[{"embeddable":true,"href":"https:\/\/arquivo.barreiroweb.net\/index.php?rest_route=%2Fwp%2Fv2%2Fcomments&post=5540"}],"version-history":[{"count":2,"href":"https:\/\/arquivo.barreiroweb.net\/index.php?rest_route=\/wp\/v2\/posts\/5540\/revisions"}],"predecessor-version":[{"id":5543,"href":"https:\/\/arquivo.barreiroweb.net\/index.php?rest_route=\/wp\/v2\/posts\/5540\/revisions\/5543"}],"wp:featuredmedia":[{"embeddable":true,"href":"https:\/\/arquivo.barreiroweb.net\/index.php?rest_route=\/wp\/v2\/media\/5541"}],"wp:attachment":[{"href":"https:\/\/arquivo.barreiroweb.net\/index.php?rest_route=%2Fwp%2Fv2%2Fmedia&parent=5540"}],"wp:term":[{"taxonomy":"category","embeddable":true,"href":"https:\/\/arquivo.barreiroweb.net\/index.php?rest_route=%2Fwp%2Fv2%2Fcategories&post=5540"},{"taxonomy":"post_tag","embeddable":true,"href":"https:\/\/arquivo.barreiroweb.net\/index.php?rest_route=%2Fwp%2Fv2%2Ftags&post=5540"}],"curies":[{"name":"wp","href":"https:\/\/api.w.org\/{rel}","templated":true}]}}