{"id":5522,"date":"2012-01-27T19:34:07","date_gmt":"2012-01-27T19:34:07","guid":{"rendered":"http:\/\/barreiroweb.eu\/?p=5522"},"modified":"2012-01-27T19:34:45","modified_gmt":"2012-01-27T19:34:45","slug":"levantado-do-chao-2-ideologia-sensibilidade-integridade-manuel-carvalho-da-silva","status":"publish","type":"post","link":"https:\/\/arquivo.barreiroweb.net\/?p=5522","title":{"rendered":"LEVANTADO DO CH\u00c3O-2 IDEOLOGIA, SENSIBILIDADE, INTEGRIDADE: Manuel Carvalho da Silva"},"content":{"rendered":"<p style=\"text-align: justify;\"><a href=\"http:\/\/barreiroweb.eu\/wp-content\/uploads\/2011\/01\/teixeira.jpg\" rel=\"lightbox[5522]\"><img loading=\"lazy\" decoding=\"async\" class=\"alignleft size-thumbnail wp-image-106\" title=\"teixeira\" src=\"http:\/\/barreiroweb.eu\/wp-content\/uploads\/2011\/01\/teixeira-150x150.jpg\" alt=\"\" width=\"150\" height=\"150\" srcset=\"https:\/\/arquivo.barreiroweb.net\/wp-content\/uploads\/2011\/01\/teixeira-150x150.jpg 150w, https:\/\/arquivo.barreiroweb.net\/wp-content\/uploads\/2011\/01\/teixeira-50x50.jpg 50w, https:\/\/arquivo.barreiroweb.net\/wp-content\/uploads\/2011\/01\/teixeira-70x70.jpg 70w, https:\/\/arquivo.barreiroweb.net\/wp-content\/uploads\/2011\/01\/teixeira-55x55.jpg 55w\" sizes=\"auto, (max-width: 150px) 100vw, 150px\" \/><\/a>Quando inici\u00e1mos a vida profissional como quadro t\u00e9cnico na Ind\u00fastria Transformadora, no in\u00edcio dos anos 80, o sindicato da classe estava filiado na UGT.<\/p>\n<p style=\"text-align: justify;\">\u00a0\u00a0 Em cada negocia\u00e7\u00e3o colectiva anual eram tra\u00eddos os interesses dos associados pois eram assinados com o patronato\/administra\u00e7\u00e3o acordos minimalistas. Perante as regalias contratuais cerceadas, os quadros t\u00e9cnicos da ent\u00e3o Quimigal votaram maioritariamente a ades\u00e3o \u00e0 greve na empresa pelo ACT,\u00a0 tripudiada por um \u201cdirigente sindical\u201d que sonegou o pr\u00e9 &#8211; aviso necess\u00e1rio. Tal sindicato dizia-se democr\u00e1tico!\u2026<\/p>\n<p style=\"text-align: justify;\">\u00a0\u00a0 Sab\u00edamos como e porqu\u00ea tinha nascido a\u00a0 Uni\u00e3o Geral dos Trabalhadores &#8211; UGT. A social-democracia (o \u201csocialismo em liberdade\u201d de M\u00e1rio Soares !\u2026) tinha-se associado ao diabo ( grande capital!) para preservar o Sistema Capitalista.<\/p>\n<p style=\"text-align: justify;\">\u00a0\u00a0 A vida ensinou-nos que a ideologia (ou a sua suposta aus\u00eancia!\u2026), objectivamente ligada \u00e1s condi\u00e7\u00f5es materiais segundo a filosofia marxista, tem a ver tamb\u00e9m a n\u00edvel mais subjectivo, com a sensibilidade e a integridade idiossincr\u00e1tica de cada qual.<\/p>\n<p style=\"text-align: justify;\">\u00a0\u00a0 Conhecemos trabalhadores mal pagos que se inscreviam nos sindicatos paralelos ( os amarelos da UGT ), como tamb\u00e9m quadros t\u00e9cnicos que se associavam nos sindicatos oper\u00e1rios da CGTP.<\/p>\n<p style=\"text-align: justify;\">\u00a0\u00a0 Quando em Outubro p.p. particip\u00e1mos numa grande manifesta\u00e7\u00e3o em Lisboa, em que desfil\u00e1mos lado a lado com sindicatos da central que tem sido a \u201cbiela &#8211; manivela\u201d do centr\u00e3o pol\u00edtico ( PS e PSD de ideologia capitalista liberal ), sentimos a emo\u00e7\u00e3o de estar a viver um momento hist\u00f3rico.<\/p>\n<p style=\"text-align: justify;\">\u00a0\u00a0 Mas n\u00e3o est\u00e1vamos! Como fica claro com a assinatura do Acordo \u201cPatronal\u201d por Jo\u00e3o Proen\u00e7a. Nem podemos chamar-lhe de trai\u00e7\u00e3o, porque a UGT tem sido coerente, nunca desiludiu o fim para o qual foi criada !<\/p>\n<p style=\"text-align: justify;\">\u00a0 O grande capital (selvagem, ultraliberal, ultramontano, como se queira) est\u00e1 a destruir o que o povo portugu\u00eas conquistou com a revolu\u00e7\u00e3o mais democr\u00e1tica que em Portugal houve, e a UGT diminui a capacidade de resposta organizada dos trabalhadores!<\/p>\n<p style=\"text-align: justify;\">\u00a0\u00a0 Esta ofensiva\u00a0 ( tamb\u00e9m na Gr\u00e9cia, Espanha, It\u00e1lia\u2026) pela m\u00e3o da \u201cagenda ideol\u00f3gica\u201d da direita, arrogante, antidemocr\u00e1tica, imperialista ( entre n\u00f3s travestida no PSD\/CDS em salvadores da P\u00e1tria! ), est\u00e1 a empurrar os portugueses para a ru\u00edna generalizada, com o benepl\u00e1cito ligeiramente contestat\u00e1rio do Partido Socialista, que ajudou a cavar o buraco onde tamb\u00e9m ser\u00e1 enterrado ( a figura do \u201ccoveiro do diabo!\u201d).<\/p>\n<p style=\"text-align: justify;\">\u00a0\u00a0 O papel de oportunista inveterado do senhor engenheiro Jo\u00e3o Proen\u00e7a, \u00e9 a ant\u00edtese da granda figura de sindicalista que \u00e9 Manuel Carvalho da Silva, um homem coerente, sens\u00edvel e integro, \u00e0 frente da grande CGTP-Intersindical Nacional, tarefa que ora termina.<\/p>\n<p style=\"text-align: justify;\">\u00a0\u00a0 CGTP tamb\u00e9m ela sempre coerente e integra, onde nos associ\u00e1mos h\u00e1 quase 30 anos, at\u00e9 ao t\u00e9rminos for\u00e7ado da vida activa. Claro, estivemos pouco tempo no tal sindicato amarelo!<\/p>\n<p style=\"text-align: justify;\">\u00a0\u00a0 Como noutras encruzilhadas da nossa Hist\u00f3ria ( at\u00e9 o 1\u00ba de Dezembro de 1640, quando corremos com os espanh\u00f3is, e o 5 de Outubro de 1910, quando foi derrubada a monarquia burguesa e corrupta, nos querem fazer esquecer!) ,\u00e9 preciso que o Pa\u00eds se levante contra a agress\u00e3o da \u201centente\u201d reaccion\u00e1ria.<\/p>\n<p style=\"text-align: justify;\">\u00a0\u00a0 No dia 11 de Fevereiro, no Terreiro do Pa\u00e7o, \u00e0s 15 horas, os trabalhadores portugueses todos os trabalhadores, mesmo os que foram enganados pela UGT, dar\u00e3o em unidade uma resposta poderosa \u00e0 pol\u00edtica ruinosa do governo PSD\/CDS.<\/p>\n<p style=\"text-align: right;\">Barreiro,27\/1\/12<\/p>\n<p style=\"text-align: right;\">\u00a0Armando Sousa Teixeira<\/p>\n","protected":false},"excerpt":{"rendered":"<p>Quando inici\u00e1mos a vida profissional como quadro t\u00e9cnico na Ind\u00fastria Transformadora, no in\u00edcio dos anos 80, o sindicato da classe estava filiado na UGT. \u00a0\u00a0 Em cada negocia\u00e7\u00e3o colectiva anual eram tra\u00eddos os interesses dos associados pois eram assinados com o patronato\/administra\u00e7\u00e3o acordos minimalistas. Perante as regalias contratuais cerceadas, os quadros t\u00e9cnicos da ent\u00e3o Quimigal [&hellip;]<\/p>\n","protected":false},"author":1,"featured_media":106,"comment_status":"open","ping_status":"open","sticky":false,"template":"","format":"standard","meta":{"footnotes":""},"categories":[7,32],"tags":[41],"class_list":["post-5522","post","type-post","status-publish","format-standard","has-post-thumbnail","hentry","category-cinema","category-destaque","tag-barreiro","last_archivepost"],"yoast_head":"<!-- This site is optimized with the Yoast SEO plugin v27.1.1 - https:\/\/yoast.com\/product\/yoast-seo-wordpress\/ -->\n<title>LEVANTADO DO CH\u00c3O-2 IDEOLOGIA, SENSIBILIDADE, INTEGRIDADE: Manuel Carvalho da Silva - barreiroweb<\/title>\n<meta name=\"robots\" content=\"index, follow, max-snippet:-1, max-image-preview:large, max-video-preview:-1\" \/>\n<link rel=\"canonical\" href=\"https:\/\/arquivo.barreiroweb.net\/?p=5522\" \/>\n<meta property=\"og:locale\" content=\"pt_PT\" \/>\n<meta property=\"og:type\" content=\"article\" \/>\n<meta property=\"og:title\" content=\"LEVANTADO DO CH\u00c3O-2 IDEOLOGIA, SENSIBILIDADE, INTEGRIDADE: Manuel Carvalho da Silva - barreiroweb\" \/>\n<meta property=\"og:description\" content=\"Quando inici\u00e1mos a vida profissional como quadro t\u00e9cnico na Ind\u00fastria Transformadora, no in\u00edcio dos anos 80, o sindicato da classe estava filiado na UGT. \u00a0\u00a0 Em cada negocia\u00e7\u00e3o colectiva anual eram tra\u00eddos os interesses dos associados pois eram assinados com o patronato\/administra\u00e7\u00e3o acordos minimalistas. Perante as regalias contratuais cerceadas, os quadros t\u00e9cnicos da ent\u00e3o Quimigal [&hellip;]\" \/>\n<meta property=\"og:url\" content=\"https:\/\/arquivo.barreiroweb.net\/?p=5522\" \/>\n<meta property=\"og:site_name\" content=\"barreiroweb\" \/>\n<meta property=\"article:publisher\" content=\"https:\/\/www.facebook.com\/barreiroweb\" \/>\n<meta property=\"article:published_time\" content=\"2012-01-27T19:34:07+00:00\" \/>\n<meta property=\"article:modified_time\" content=\"2012-01-27T19:34:45+00:00\" \/>\n<meta property=\"og:image\" content=\"https:\/\/arquivo.barreiroweb.net\/wp-content\/uploads\/2011\/01\/teixeira.jpg\" \/>\n\t<meta property=\"og:image:width\" content=\"348\" \/>\n\t<meta property=\"og:image:height\" content=\"336\" \/>\n\t<meta property=\"og:image:type\" content=\"image\/jpeg\" \/>\n<meta name=\"author\" content=\"barreiroweb\" \/>\n<meta name=\"twitter:card\" content=\"summary_large_image\" \/>\n<meta name=\"twitter:creator\" content=\"@barreiroweb\" \/>\n<meta name=\"twitter:site\" content=\"@barreiroweb\" \/>\n<meta name=\"twitter:label1\" content=\"Escrito por\" \/>\n\t<meta name=\"twitter:data1\" content=\"barreiroweb\" \/>\n\t<meta name=\"twitter:label2\" content=\"Tempo estimado de leitura\" \/>\n\t<meta name=\"twitter:data2\" content=\"3 minutos\" \/>\n<script type=\"application\/ld+json\" class=\"yoast-schema-graph\">{\"@context\":\"https:\/\/schema.org\",\"@graph\":[{\"@type\":\"Article\",\"@id\":\"https:\/\/arquivo.barreiroweb.net\/?p=5522#article\",\"isPartOf\":{\"@id\":\"https:\/\/arquivo.barreiroweb.net\/?p=5522\"},\"author\":{\"name\":\"barreiroweb\",\"@id\":\"https:\/\/arquivo.barreiroweb.net\/#\/schema\/person\/44b6d528aff975e3786c9f475f9df2dd\"},\"headline\":\"LEVANTADO DO CH\u00c3O-2 IDEOLOGIA, SENSIBILIDADE, INTEGRIDADE: Manuel Carvalho da Silva\",\"datePublished\":\"2012-01-27T19:34:07+00:00\",\"dateModified\":\"2012-01-27T19:34:45+00:00\",\"mainEntityOfPage\":{\"@id\":\"https:\/\/arquivo.barreiroweb.net\/?p=5522\"},\"wordCount\":583,\"commentCount\":1,\"publisher\":{\"@id\":\"https:\/\/arquivo.barreiroweb.net\/#organization\"},\"image\":{\"@id\":\"https:\/\/arquivo.barreiroweb.net\/?p=5522#primaryimage\"},\"thumbnailUrl\":\"https:\/\/arquivo.barreiroweb.net\/wp-content\/uploads\/2011\/01\/teixeira.jpg\",\"keywords\":[\"barreiro\"],\"articleSection\":[\"Cinema\",\"Destaque\"],\"inLanguage\":\"pt-PT\",\"potentialAction\":[{\"@type\":\"CommentAction\",\"name\":\"Comment\",\"target\":[\"https:\/\/arquivo.barreiroweb.net\/?p=5522#respond\"]}]},{\"@type\":\"WebPage\",\"@id\":\"https:\/\/arquivo.barreiroweb.net\/?p=5522\",\"url\":\"https:\/\/arquivo.barreiroweb.net\/?p=5522\",\"name\":\"LEVANTADO DO CH\u00c3O-2 IDEOLOGIA, SENSIBILIDADE, INTEGRIDADE: Manuel Carvalho da Silva - barreiroweb\",\"isPartOf\":{\"@id\":\"https:\/\/arquivo.barreiroweb.net\/#website\"},\"primaryImageOfPage\":{\"@id\":\"https:\/\/arquivo.barreiroweb.net\/?p=5522#primaryimage\"},\"image\":{\"@id\":\"https:\/\/arquivo.barreiroweb.net\/?p=5522#primaryimage\"},\"thumbnailUrl\":\"https:\/\/arquivo.barreiroweb.net\/wp-content\/uploads\/2011\/01\/teixeira.jpg\",\"datePublished\":\"2012-01-27T19:34:07+00:00\",\"dateModified\":\"2012-01-27T19:34:45+00:00\",\"breadcrumb\":{\"@id\":\"https:\/\/arquivo.barreiroweb.net\/?p=5522#breadcrumb\"},\"inLanguage\":\"pt-PT\",\"potentialAction\":[{\"@type\":\"ReadAction\",\"target\":[\"https:\/\/arquivo.barreiroweb.net\/?p=5522\"]}]},{\"@type\":\"ImageObject\",\"inLanguage\":\"pt-PT\",\"@id\":\"https:\/\/arquivo.barreiroweb.net\/?p=5522#primaryimage\",\"url\":\"https:\/\/arquivo.barreiroweb.net\/wp-content\/uploads\/2011\/01\/teixeira.jpg\",\"contentUrl\":\"https:\/\/arquivo.barreiroweb.net\/wp-content\/uploads\/2011\/01\/teixeira.jpg\",\"width\":\"348\",\"height\":\"336\"},{\"@type\":\"BreadcrumbList\",\"@id\":\"https:\/\/arquivo.barreiroweb.net\/?p=5522#breadcrumb\",\"itemListElement\":[{\"@type\":\"ListItem\",\"position\":1,\"name\":\"In\u00edcio\",\"item\":\"https:\/\/arquivo.barreiroweb.net\/\"},{\"@type\":\"ListItem\",\"position\":2,\"name\":\"LEVANTADO DO CH\u00c3O-2 IDEOLOGIA, SENSIBILIDADE, INTEGRIDADE: Manuel Carvalho da Silva\"}]},{\"@type\":\"WebSite\",\"@id\":\"https:\/\/arquivo.barreiroweb.net\/#website\",\"url\":\"https:\/\/arquivo.barreiroweb.net\/\",\"name\":\"barreiroweb\",\"description\":\"Barreiroweb o barreiro na web\",\"publisher\":{\"@id\":\"https:\/\/arquivo.barreiroweb.net\/#organization\"},\"potentialAction\":[{\"@type\":\"SearchAction\",\"target\":{\"@type\":\"EntryPoint\",\"urlTemplate\":\"https:\/\/arquivo.barreiroweb.net\/?s={search_term_string}\"},\"query-input\":{\"@type\":\"PropertyValueSpecification\",\"valueRequired\":true,\"valueName\":\"search_term_string\"}}],\"inLanguage\":\"pt-PT\"},{\"@type\":\"Organization\",\"@id\":\"https:\/\/arquivo.barreiroweb.net\/#organization\",\"name\":\"barreiroweb\",\"url\":\"https:\/\/arquivo.barreiroweb.net\/\",\"logo\":{\"@type\":\"ImageObject\",\"inLanguage\":\"pt-PT\",\"@id\":\"https:\/\/arquivo.barreiroweb.net\/#\/schema\/logo\/image\/\",\"url\":\"https:\/\/barreiroweb.net\/wp-content\/uploads\/2022\/05\/BarreiroWeb555.jpg\",\"contentUrl\":\"https:\/\/barreiroweb.net\/wp-content\/uploads\/2022\/05\/BarreiroWeb555.jpg\",\"width\":421,\"height\":415,\"caption\":\"barreiroweb\"},\"image\":{\"@id\":\"https:\/\/arquivo.barreiroweb.net\/#\/schema\/logo\/image\/\"},\"sameAs\":[\"https:\/\/www.facebook.com\/barreiroweb\",\"https:\/\/x.com\/barreiroweb\"]},{\"@type\":\"Person\",\"@id\":\"https:\/\/arquivo.barreiroweb.net\/#\/schema\/person\/44b6d528aff975e3786c9f475f9df2dd\",\"name\":\"barreiroweb\",\"image\":{\"@type\":\"ImageObject\",\"inLanguage\":\"pt-PT\",\"@id\":\"https:\/\/arquivo.barreiroweb.net\/#\/schema\/person\/image\/\",\"url\":\"https:\/\/secure.gravatar.com\/avatar\/1f764b917967430404ff0b452044eb63a25d64a5363b25be2aa42273930f477d?s=96&d=mm&r=g\",\"contentUrl\":\"https:\/\/secure.gravatar.com\/avatar\/1f764b917967430404ff0b452044eb63a25d64a5363b25be2aa42273930f477d?s=96&d=mm&r=g\",\"caption\":\"barreiroweb\"},\"url\":\"https:\/\/arquivo.barreiroweb.net\/?author=1\"}]}<\/script>\n<!-- \/ Yoast SEO plugin. -->","yoast_head_json":{"title":"LEVANTADO DO CH\u00c3O-2 IDEOLOGIA, SENSIBILIDADE, INTEGRIDADE: Manuel Carvalho da Silva - barreiroweb","robots":{"index":"index","follow":"follow","max-snippet":"max-snippet:-1","max-image-preview":"max-image-preview:large","max-video-preview":"max-video-preview:-1"},"canonical":"https:\/\/arquivo.barreiroweb.net\/?p=5522","og_locale":"pt_PT","og_type":"article","og_title":"LEVANTADO DO CH\u00c3O-2 IDEOLOGIA, SENSIBILIDADE, INTEGRIDADE: Manuel Carvalho da Silva - barreiroweb","og_description":"Quando inici\u00e1mos a vida profissional como quadro t\u00e9cnico na Ind\u00fastria Transformadora, no in\u00edcio dos anos 80, o sindicato da classe estava filiado na UGT. \u00a0\u00a0 Em cada negocia\u00e7\u00e3o colectiva anual eram tra\u00eddos os interesses dos associados pois eram assinados com o patronato\/administra\u00e7\u00e3o acordos minimalistas. Perante as regalias contratuais cerceadas, os quadros t\u00e9cnicos da ent\u00e3o Quimigal [&hellip;]","og_url":"https:\/\/arquivo.barreiroweb.net\/?p=5522","og_site_name":"barreiroweb","article_publisher":"https:\/\/www.facebook.com\/barreiroweb","article_published_time":"2012-01-27T19:34:07+00:00","article_modified_time":"2012-01-27T19:34:45+00:00","og_image":[{"width":348,"height":336,"url":"https:\/\/arquivo.barreiroweb.net\/wp-content\/uploads\/2011\/01\/teixeira.jpg","type":"image\/jpeg"}],"author":"barreiroweb","twitter_card":"summary_large_image","twitter_creator":"@barreiroweb","twitter_site":"@barreiroweb","twitter_misc":{"Escrito por":"barreiroweb","Tempo estimado de leitura":"3 minutos"},"schema":{"@context":"https:\/\/schema.org","@graph":[{"@type":"Article","@id":"https:\/\/arquivo.barreiroweb.net\/?p=5522#article","isPartOf":{"@id":"https:\/\/arquivo.barreiroweb.net\/?p=5522"},"author":{"name":"barreiroweb","@id":"https:\/\/arquivo.barreiroweb.net\/#\/schema\/person\/44b6d528aff975e3786c9f475f9df2dd"},"headline":"LEVANTADO DO CH\u00c3O-2 IDEOLOGIA, SENSIBILIDADE, INTEGRIDADE: Manuel Carvalho da Silva","datePublished":"2012-01-27T19:34:07+00:00","dateModified":"2012-01-27T19:34:45+00:00","mainEntityOfPage":{"@id":"https:\/\/arquivo.barreiroweb.net\/?p=5522"},"wordCount":583,"commentCount":1,"publisher":{"@id":"https:\/\/arquivo.barreiroweb.net\/#organization"},"image":{"@id":"https:\/\/arquivo.barreiroweb.net\/?p=5522#primaryimage"},"thumbnailUrl":"https:\/\/arquivo.barreiroweb.net\/wp-content\/uploads\/2011\/01\/teixeira.jpg","keywords":["barreiro"],"articleSection":["Cinema","Destaque"],"inLanguage":"pt-PT","potentialAction":[{"@type":"CommentAction","name":"Comment","target":["https:\/\/arquivo.barreiroweb.net\/?p=5522#respond"]}]},{"@type":"WebPage","@id":"https:\/\/arquivo.barreiroweb.net\/?p=5522","url":"https:\/\/arquivo.barreiroweb.net\/?p=5522","name":"LEVANTADO DO CH\u00c3O-2 IDEOLOGIA, SENSIBILIDADE, INTEGRIDADE: Manuel Carvalho da Silva - barreiroweb","isPartOf":{"@id":"https:\/\/arquivo.barreiroweb.net\/#website"},"primaryImageOfPage":{"@id":"https:\/\/arquivo.barreiroweb.net\/?p=5522#primaryimage"},"image":{"@id":"https:\/\/arquivo.barreiroweb.net\/?p=5522#primaryimage"},"thumbnailUrl":"https:\/\/arquivo.barreiroweb.net\/wp-content\/uploads\/2011\/01\/teixeira.jpg","datePublished":"2012-01-27T19:34:07+00:00","dateModified":"2012-01-27T19:34:45+00:00","breadcrumb":{"@id":"https:\/\/arquivo.barreiroweb.net\/?p=5522#breadcrumb"},"inLanguage":"pt-PT","potentialAction":[{"@type":"ReadAction","target":["https:\/\/arquivo.barreiroweb.net\/?p=5522"]}]},{"@type":"ImageObject","inLanguage":"pt-PT","@id":"https:\/\/arquivo.barreiroweb.net\/?p=5522#primaryimage","url":"https:\/\/arquivo.barreiroweb.net\/wp-content\/uploads\/2011\/01\/teixeira.jpg","contentUrl":"https:\/\/arquivo.barreiroweb.net\/wp-content\/uploads\/2011\/01\/teixeira.jpg","width":"348","height":"336"},{"@type":"BreadcrumbList","@id":"https:\/\/arquivo.barreiroweb.net\/?p=5522#breadcrumb","itemListElement":[{"@type":"ListItem","position":1,"name":"In\u00edcio","item":"https:\/\/arquivo.barreiroweb.net\/"},{"@type":"ListItem","position":2,"name":"LEVANTADO DO CH\u00c3O-2 IDEOLOGIA, SENSIBILIDADE, INTEGRIDADE: Manuel Carvalho da Silva"}]},{"@type":"WebSite","@id":"https:\/\/arquivo.barreiroweb.net\/#website","url":"https:\/\/arquivo.barreiroweb.net\/","name":"barreiroweb","description":"Barreiroweb o barreiro na web","publisher":{"@id":"https:\/\/arquivo.barreiroweb.net\/#organization"},"potentialAction":[{"@type":"SearchAction","target":{"@type":"EntryPoint","urlTemplate":"https:\/\/arquivo.barreiroweb.net\/?s={search_term_string}"},"query-input":{"@type":"PropertyValueSpecification","valueRequired":true,"valueName":"search_term_string"}}],"inLanguage":"pt-PT"},{"@type":"Organization","@id":"https:\/\/arquivo.barreiroweb.net\/#organization","name":"barreiroweb","url":"https:\/\/arquivo.barreiroweb.net\/","logo":{"@type":"ImageObject","inLanguage":"pt-PT","@id":"https:\/\/arquivo.barreiroweb.net\/#\/schema\/logo\/image\/","url":"https:\/\/barreiroweb.net\/wp-content\/uploads\/2022\/05\/BarreiroWeb555.jpg","contentUrl":"https:\/\/barreiroweb.net\/wp-content\/uploads\/2022\/05\/BarreiroWeb555.jpg","width":421,"height":415,"caption":"barreiroweb"},"image":{"@id":"https:\/\/arquivo.barreiroweb.net\/#\/schema\/logo\/image\/"},"sameAs":["https:\/\/www.facebook.com\/barreiroweb","https:\/\/x.com\/barreiroweb"]},{"@type":"Person","@id":"https:\/\/arquivo.barreiroweb.net\/#\/schema\/person\/44b6d528aff975e3786c9f475f9df2dd","name":"barreiroweb","image":{"@type":"ImageObject","inLanguage":"pt-PT","@id":"https:\/\/arquivo.barreiroweb.net\/#\/schema\/person\/image\/","url":"https:\/\/secure.gravatar.com\/avatar\/1f764b917967430404ff0b452044eb63a25d64a5363b25be2aa42273930f477d?s=96&d=mm&r=g","contentUrl":"https:\/\/secure.gravatar.com\/avatar\/1f764b917967430404ff0b452044eb63a25d64a5363b25be2aa42273930f477d?s=96&d=mm&r=g","caption":"barreiroweb"},"url":"https:\/\/arquivo.barreiroweb.net\/?author=1"}]}},"_links":{"self":[{"href":"https:\/\/arquivo.barreiroweb.net\/index.php?rest_route=\/wp\/v2\/posts\/5522","targetHints":{"allow":["GET"]}}],"collection":[{"href":"https:\/\/arquivo.barreiroweb.net\/index.php?rest_route=\/wp\/v2\/posts"}],"about":[{"href":"https:\/\/arquivo.barreiroweb.net\/index.php?rest_route=\/wp\/v2\/types\/post"}],"author":[{"embeddable":true,"href":"https:\/\/arquivo.barreiroweb.net\/index.php?rest_route=\/wp\/v2\/users\/1"}],"replies":[{"embeddable":true,"href":"https:\/\/arquivo.barreiroweb.net\/index.php?rest_route=%2Fwp%2Fv2%2Fcomments&post=5522"}],"version-history":[{"count":2,"href":"https:\/\/arquivo.barreiroweb.net\/index.php?rest_route=\/wp\/v2\/posts\/5522\/revisions"}],"predecessor-version":[{"id":5524,"href":"https:\/\/arquivo.barreiroweb.net\/index.php?rest_route=\/wp\/v2\/posts\/5522\/revisions\/5524"}],"wp:featuredmedia":[{"embeddable":true,"href":"https:\/\/arquivo.barreiroweb.net\/index.php?rest_route=\/wp\/v2\/media\/106"}],"wp:attachment":[{"href":"https:\/\/arquivo.barreiroweb.net\/index.php?rest_route=%2Fwp%2Fv2%2Fmedia&parent=5522"}],"wp:term":[{"taxonomy":"category","embeddable":true,"href":"https:\/\/arquivo.barreiroweb.net\/index.php?rest_route=%2Fwp%2Fv2%2Fcategories&post=5522"},{"taxonomy":"post_tag","embeddable":true,"href":"https:\/\/arquivo.barreiroweb.net\/index.php?rest_route=%2Fwp%2Fv2%2Ftags&post=5522"}],"curies":[{"name":"wp","href":"https:\/\/api.w.org\/{rel}","templated":true}]}}