{"id":5401,"date":"2012-01-20T14:54:20","date_gmt":"2012-01-20T14:54:20","guid":{"rendered":"http:\/\/barreiroweb.eu\/?p=5401"},"modified":"2012-01-20T14:54:36","modified_gmt":"2012-01-20T14:54:36","slug":"lei-das-comunicacoes-eletronicas","status":"publish","type":"post","link":"https:\/\/arquivo.barreiroweb.net\/?p=5401","title":{"rendered":"LEI DAS COMUNICA\u00c7\u00d5ES ELETR\u00d3NICAS"},"content":{"rendered":"<p style=\"text-align: justify;\" align=\"center\"><a href=\"http:\/\/barreiroweb.eu\/wp-content\/uploads\/2011\/09\/cmb.jpg\" rel=\"lightbox[5401]\"><img loading=\"lazy\" decoding=\"async\" class=\"alignleft size-thumbnail wp-image-3513\" title=\"cmb\" src=\"http:\/\/barreiroweb.eu\/wp-content\/uploads\/2011\/09\/cmb-150x150.jpg\" alt=\"\" width=\"150\" height=\"150\" srcset=\"https:\/\/arquivo.barreiroweb.net\/wp-content\/uploads\/2011\/09\/cmb-150x150.jpg 150w, https:\/\/arquivo.barreiroweb.net\/wp-content\/uploads\/2011\/09\/cmb-50x50.jpg 50w, https:\/\/arquivo.barreiroweb.net\/wp-content\/uploads\/2011\/09\/cmb-70x70.jpg 70w, https:\/\/arquivo.barreiroweb.net\/wp-content\/uploads\/2011\/09\/cmb-55x55.jpg 55w\" sizes=\"auto, (max-width: 150px) 100vw, 150px\" \/><\/a>CIAC informa sobre principais altera\u00e7\u00f5es<\/p>\n<p style=\"text-align: justify;\">A C\u00e2mara Municipal do Barreiro, atrav\u00e9s do CIAC \u2013 Centro de Informa\u00e7\u00e3o Aut\u00e1rquico ao Consumidor, alerta para o facto de existir, desde o dia 13 de Setembro de 2011, um conjunto de diretivas comunit\u00e1rias transpostas para a ordem jur\u00eddica interna da Lei das Comunica\u00e7\u00f5es Eletr\u00f3nicas e com relevante interesse para o consumidor final.<\/p>\n<p style=\"text-align: justify;\">Trata-se da sexta altera\u00e7\u00e3o \u00e0 Lei n.\u00ba 5\/2004 de 10 de Fevereiro, diploma que, refira-se, estabelece o regime jur\u00eddico aplic\u00e1vel \u00e0s redes e servi\u00e7os de comunica\u00e7\u00f5es eletr\u00f3nicas e aos recursos e servi\u00e7os conexos e que define as compet\u00eancias da Autoridade Reguladora Nacional \u2013 ICP ANACOM.<\/p>\n<p style=\"text-align: justify;\">Clarificando, dizer que quando falamos de comunica\u00e7\u00f5es electr\u00f3nicas, referimo-nos ao servi\u00e7o telef\u00f3nico m\u00f3vel; ao servi\u00e7o telef\u00f3nico fixo; ao servi\u00e7o de internet e ao servi\u00e7o de televis\u00e3o. Assim, temos que, com a publica\u00e7\u00e3o da Lei n\u00ba 51\/2011 no dia 13 de Setembro de 2011 e respetiva entrada em vigor a 14 do mesmo m\u00eas, as diversas altera\u00e7\u00f5es que foram introduzidas \u00e0 lei das comunica\u00e7\u00f5es eletr\u00f3nicas passam por:<\/p>\n<p style=\"text-align: justify;\">1 \u2013 Assegurar que os utilizadores idosos e os utilizadores com necessidades sociais especiais obtenham o m\u00e1ximo benef\u00edcio em termos de escolha, pre\u00e7o e qualidade, tendo em conta que um dos objetivos de regula\u00e7\u00e3o \u00e9 a promo\u00e7\u00e3o da concorr\u00eancia na oferta de redes e servi\u00e7os de comunica\u00e7\u00f5es eletr\u00f3nicas. De notar que a lei, na reda\u00e7\u00e3o anterior, j\u00e1 salvaguardava a prote\u00e7\u00e3o dos utilizadores \u201ccom defici\u00eancias\u201d;<\/p>\n<p style=\"text-align: justify;\">2 \u2013 Altera\u00e7\u00e3o da condi\u00e7\u00e3o de funcionamento da base de dados de clientes incumpridores, passando o montante m\u00ednimo de cr\u00e9dito em divida para que o assinante seja inclu\u00eddo na mesma base de dados, a n\u00e3o ser inferior a 20% da remunera\u00e7\u00e3o m\u00ednima mensal garantida;<\/p>\n<p style=\"text-align: justify;\">3 \u2013 A informa\u00e7\u00e3o relativa \u00e0 dura\u00e7\u00e3o dos contratos deve incluir indica\u00e7\u00e3o da exist\u00eancia de per\u00edodos contratuais m\u00ednimos associados, bem como indicar eventuais encargos decorrentes da cessa\u00e7\u00e3o antecipada do contrato por iniciativa do assinante (incumprimento do per\u00edodo de reflex\u00e3o).<\/p>\n<p style=\"text-align: justify;\">Este diploma prev\u00ea ainda o dever das empresas prestadoras de servi\u00e7os de comunica\u00e7\u00f5es electr\u00f3nicas em depositar no ICP-ANACOM e na Dire\u00e7\u00e3o-Geral do Consumidor um exemplar dos contratos que incluam cl\u00e1usulas contratuais gerais, no prazo de dois dias \u00fateis ap\u00f3s a data de utiliza\u00e7\u00e3o do contrato de ades\u00e3o.<\/p>\n<p style=\"text-align: justify;\">Ainda sobre a Lei n\u00ba51\/2011 de 13 de Setembro, a ANACOM aprovou um entendimento, em 22 de Dezembro de 2011, sobre a obriga\u00e7\u00e3o do barramento do acesso aos servi\u00e7os de valor acrescentado (SVA) baseados no envio de mensagens, fixada no artigo 45\u00ba, n\u00ba3 da lei das comunica\u00e7\u00f5es eletr\u00f3nicas.<\/p>\n<p style=\"text-align: justify;\">De acordo com o entendimento aprovado, a referida obriga\u00e7\u00e3o de barramento, aplica-se a todos os contratos em vigor celebrados com empresas que oferecem redes de comunica\u00e7\u00f5es p\u00fablicas e servi\u00e7os de comunica\u00e7\u00f5es eletr\u00f3nicas acess\u00edveis ao p\u00fablico, que sirvam de suporte \u00e0 presta\u00e7\u00e3o de servi\u00e7os de valor acrescentado baseados no envio de mensagens.<\/p>\n<p style=\"text-align: justify;\">A C\u00e2mara Municipal do Barreiro, atrav\u00e9s do CIAC, disponibiliza \u00e0 popula\u00e7\u00e3o um GUIA PARA UTILIZADORES COM NECESSIDADES ESPECIAIS, da responsabilidade da ANACOM \u2013 Autoridade Nacional de Comunica\u00e7\u00f5es, o qual poder\u00e1 ser levantado no CIAC, nos Pa\u00e7os do Concelho da C\u00e2mara Municipal, e nos espa\u00e7os de atendimento das Juntas de Freguesia do Concelho.<\/p>\n","protected":false},"excerpt":{"rendered":"<p>CIAC informa sobre principais altera\u00e7\u00f5es A C\u00e2mara Municipal do Barreiro, atrav\u00e9s do CIAC \u2013 Centro de Informa\u00e7\u00e3o Aut\u00e1rquico ao Consumidor, alerta para o facto de existir, desde o dia 13 de Setembro de 2011, um conjunto de diretivas comunit\u00e1rias transpostas para a ordem jur\u00eddica interna da Lei das Comunica\u00e7\u00f5es Eletr\u00f3nicas e com relevante interesse para [&hellip;]<\/p>\n","protected":false},"author":1,"featured_media":3513,"comment_status":"open","ping_status":"open","sticky":false,"template":"","format":"standard","meta":{"footnotes":""},"categories":[32,3],"tags":[41],"class_list":["post-5401","post","type-post","status-publish","format-standard","has-post-thumbnail","hentry","category-destaque","category-eventos","tag-barreiro","last_archivepost"],"yoast_head":"<!-- This site is optimized with the Yoast SEO plugin v27.1.1 - https:\/\/yoast.com\/product\/yoast-seo-wordpress\/ -->\n<title>LEI DAS COMUNICA\u00c7\u00d5ES ELETR\u00d3NICAS - barreiroweb<\/title>\n<meta name=\"robots\" content=\"index, follow, max-snippet:-1, max-image-preview:large, max-video-preview:-1\" \/>\n<link rel=\"canonical\" href=\"https:\/\/arquivo.barreiroweb.net\/?p=5401\" \/>\n<meta property=\"og:locale\" content=\"pt_PT\" \/>\n<meta property=\"og:type\" content=\"article\" \/>\n<meta property=\"og:title\" content=\"LEI DAS COMUNICA\u00c7\u00d5ES ELETR\u00d3NICAS - barreiroweb\" \/>\n<meta property=\"og:description\" content=\"CIAC informa sobre principais altera\u00e7\u00f5es A C\u00e2mara Municipal do Barreiro, atrav\u00e9s do CIAC \u2013 Centro de Informa\u00e7\u00e3o Aut\u00e1rquico ao Consumidor, alerta para o facto de existir, desde o dia 13 de Setembro de 2011, um conjunto de diretivas comunit\u00e1rias transpostas para a ordem jur\u00eddica interna da Lei das Comunica\u00e7\u00f5es Eletr\u00f3nicas e com relevante interesse para [&hellip;]\" \/>\n<meta property=\"og:url\" content=\"https:\/\/arquivo.barreiroweb.net\/?p=5401\" \/>\n<meta property=\"og:site_name\" content=\"barreiroweb\" \/>\n<meta property=\"article:publisher\" content=\"https:\/\/www.facebook.com\/barreiroweb\" \/>\n<meta property=\"article:published_time\" content=\"2012-01-20T14:54:20+00:00\" \/>\n<meta property=\"article:modified_time\" content=\"2012-01-20T14:54:36+00:00\" \/>\n<meta property=\"og:image\" content=\"https:\/\/arquivo.barreiroweb.net\/wp-content\/uploads\/2011\/09\/cmb.jpg\" \/>\n\t<meta property=\"og:image:width\" content=\"944\" \/>\n\t<meta property=\"og:image:height\" content=\"658\" \/>\n\t<meta property=\"og:image:type\" content=\"image\/jpeg\" \/>\n<meta name=\"author\" content=\"barreiroweb\" \/>\n<meta name=\"twitter:card\" content=\"summary_large_image\" \/>\n<meta name=\"twitter:creator\" content=\"@barreiroweb\" \/>\n<meta name=\"twitter:site\" content=\"@barreiroweb\" \/>\n<meta name=\"twitter:label1\" content=\"Escrito por\" \/>\n\t<meta name=\"twitter:data1\" content=\"barreiroweb\" \/>\n\t<meta name=\"twitter:label2\" content=\"Tempo estimado de leitura\" \/>\n\t<meta name=\"twitter:data2\" content=\"3 minutos\" \/>\n<script type=\"application\/ld+json\" class=\"yoast-schema-graph\">{\"@context\":\"https:\/\/schema.org\",\"@graph\":[{\"@type\":\"Article\",\"@id\":\"https:\/\/arquivo.barreiroweb.net\/?p=5401#article\",\"isPartOf\":{\"@id\":\"https:\/\/arquivo.barreiroweb.net\/?p=5401\"},\"author\":{\"name\":\"barreiroweb\",\"@id\":\"https:\/\/arquivo.barreiroweb.net\/#\/schema\/person\/44b6d528aff975e3786c9f475f9df2dd\"},\"headline\":\"LEI DAS COMUNICA\u00c7\u00d5ES ELETR\u00d3NICAS\",\"datePublished\":\"2012-01-20T14:54:20+00:00\",\"dateModified\":\"2012-01-20T14:54:36+00:00\",\"mainEntityOfPage\":{\"@id\":\"https:\/\/arquivo.barreiroweb.net\/?p=5401\"},\"wordCount\":582,\"commentCount\":0,\"publisher\":{\"@id\":\"https:\/\/arquivo.barreiroweb.net\/#organization\"},\"image\":{\"@id\":\"https:\/\/arquivo.barreiroweb.net\/?p=5401#primaryimage\"},\"thumbnailUrl\":\"https:\/\/arquivo.barreiroweb.net\/wp-content\/uploads\/2011\/09\/cmb.jpg\",\"keywords\":[\"barreiro\"],\"articleSection\":[\"Destaque\",\"Eventos\"],\"inLanguage\":\"pt-PT\",\"potentialAction\":[{\"@type\":\"CommentAction\",\"name\":\"Comment\",\"target\":[\"https:\/\/arquivo.barreiroweb.net\/?p=5401#respond\"]}]},{\"@type\":\"WebPage\",\"@id\":\"https:\/\/arquivo.barreiroweb.net\/?p=5401\",\"url\":\"https:\/\/arquivo.barreiroweb.net\/?p=5401\",\"name\":\"LEI DAS COMUNICA\u00c7\u00d5ES ELETR\u00d3NICAS - barreiroweb\",\"isPartOf\":{\"@id\":\"https:\/\/arquivo.barreiroweb.net\/#website\"},\"primaryImageOfPage\":{\"@id\":\"https:\/\/arquivo.barreiroweb.net\/?p=5401#primaryimage\"},\"image\":{\"@id\":\"https:\/\/arquivo.barreiroweb.net\/?p=5401#primaryimage\"},\"thumbnailUrl\":\"https:\/\/arquivo.barreiroweb.net\/wp-content\/uploads\/2011\/09\/cmb.jpg\",\"datePublished\":\"2012-01-20T14:54:20+00:00\",\"dateModified\":\"2012-01-20T14:54:36+00:00\",\"breadcrumb\":{\"@id\":\"https:\/\/arquivo.barreiroweb.net\/?p=5401#breadcrumb\"},\"inLanguage\":\"pt-PT\",\"potentialAction\":[{\"@type\":\"ReadAction\",\"target\":[\"https:\/\/arquivo.barreiroweb.net\/?p=5401\"]}]},{\"@type\":\"ImageObject\",\"inLanguage\":\"pt-PT\",\"@id\":\"https:\/\/arquivo.barreiroweb.net\/?p=5401#primaryimage\",\"url\":\"https:\/\/arquivo.barreiroweb.net\/wp-content\/uploads\/2011\/09\/cmb.jpg\",\"contentUrl\":\"https:\/\/arquivo.barreiroweb.net\/wp-content\/uploads\/2011\/09\/cmb.jpg\",\"width\":\"944\",\"height\":\"658\"},{\"@type\":\"BreadcrumbList\",\"@id\":\"https:\/\/arquivo.barreiroweb.net\/?p=5401#breadcrumb\",\"itemListElement\":[{\"@type\":\"ListItem\",\"position\":1,\"name\":\"In\u00edcio\",\"item\":\"https:\/\/arquivo.barreiroweb.net\/\"},{\"@type\":\"ListItem\",\"position\":2,\"name\":\"LEI DAS COMUNICA\u00c7\u00d5ES ELETR\u00d3NICAS\"}]},{\"@type\":\"WebSite\",\"@id\":\"https:\/\/arquivo.barreiroweb.net\/#website\",\"url\":\"https:\/\/arquivo.barreiroweb.net\/\",\"name\":\"barreiroweb\",\"description\":\"Barreiroweb o barreiro na web\",\"publisher\":{\"@id\":\"https:\/\/arquivo.barreiroweb.net\/#organization\"},\"potentialAction\":[{\"@type\":\"SearchAction\",\"target\":{\"@type\":\"EntryPoint\",\"urlTemplate\":\"https:\/\/arquivo.barreiroweb.net\/?s={search_term_string}\"},\"query-input\":{\"@type\":\"PropertyValueSpecification\",\"valueRequired\":true,\"valueName\":\"search_term_string\"}}],\"inLanguage\":\"pt-PT\"},{\"@type\":\"Organization\",\"@id\":\"https:\/\/arquivo.barreiroweb.net\/#organization\",\"name\":\"barreiroweb\",\"url\":\"https:\/\/arquivo.barreiroweb.net\/\",\"logo\":{\"@type\":\"ImageObject\",\"inLanguage\":\"pt-PT\",\"@id\":\"https:\/\/arquivo.barreiroweb.net\/#\/schema\/logo\/image\/\",\"url\":\"https:\/\/barreiroweb.net\/wp-content\/uploads\/2022\/05\/BarreiroWeb555.jpg\",\"contentUrl\":\"https:\/\/barreiroweb.net\/wp-content\/uploads\/2022\/05\/BarreiroWeb555.jpg\",\"width\":421,\"height\":415,\"caption\":\"barreiroweb\"},\"image\":{\"@id\":\"https:\/\/arquivo.barreiroweb.net\/#\/schema\/logo\/image\/\"},\"sameAs\":[\"https:\/\/www.facebook.com\/barreiroweb\",\"https:\/\/x.com\/barreiroweb\"]},{\"@type\":\"Person\",\"@id\":\"https:\/\/arquivo.barreiroweb.net\/#\/schema\/person\/44b6d528aff975e3786c9f475f9df2dd\",\"name\":\"barreiroweb\",\"image\":{\"@type\":\"ImageObject\",\"inLanguage\":\"pt-PT\",\"@id\":\"https:\/\/arquivo.barreiroweb.net\/#\/schema\/person\/image\/\",\"url\":\"https:\/\/secure.gravatar.com\/avatar\/1f764b917967430404ff0b452044eb63a25d64a5363b25be2aa42273930f477d?s=96&d=mm&r=g\",\"contentUrl\":\"https:\/\/secure.gravatar.com\/avatar\/1f764b917967430404ff0b452044eb63a25d64a5363b25be2aa42273930f477d?s=96&d=mm&r=g\",\"caption\":\"barreiroweb\"},\"url\":\"https:\/\/arquivo.barreiroweb.net\/?author=1\"}]}<\/script>\n<!-- \/ Yoast SEO plugin. -->","yoast_head_json":{"title":"LEI DAS COMUNICA\u00c7\u00d5ES ELETR\u00d3NICAS - barreiroweb","robots":{"index":"index","follow":"follow","max-snippet":"max-snippet:-1","max-image-preview":"max-image-preview:large","max-video-preview":"max-video-preview:-1"},"canonical":"https:\/\/arquivo.barreiroweb.net\/?p=5401","og_locale":"pt_PT","og_type":"article","og_title":"LEI DAS COMUNICA\u00c7\u00d5ES ELETR\u00d3NICAS - barreiroweb","og_description":"CIAC informa sobre principais altera\u00e7\u00f5es A C\u00e2mara Municipal do Barreiro, atrav\u00e9s do CIAC \u2013 Centro de Informa\u00e7\u00e3o Aut\u00e1rquico ao Consumidor, alerta para o facto de existir, desde o dia 13 de Setembro de 2011, um conjunto de diretivas comunit\u00e1rias transpostas para a ordem jur\u00eddica interna da Lei das Comunica\u00e7\u00f5es Eletr\u00f3nicas e com relevante interesse para [&hellip;]","og_url":"https:\/\/arquivo.barreiroweb.net\/?p=5401","og_site_name":"barreiroweb","article_publisher":"https:\/\/www.facebook.com\/barreiroweb","article_published_time":"2012-01-20T14:54:20+00:00","article_modified_time":"2012-01-20T14:54:36+00:00","og_image":[{"width":944,"height":658,"url":"https:\/\/arquivo.barreiroweb.net\/wp-content\/uploads\/2011\/09\/cmb.jpg","type":"image\/jpeg"}],"author":"barreiroweb","twitter_card":"summary_large_image","twitter_creator":"@barreiroweb","twitter_site":"@barreiroweb","twitter_misc":{"Escrito por":"barreiroweb","Tempo estimado de leitura":"3 minutos"},"schema":{"@context":"https:\/\/schema.org","@graph":[{"@type":"Article","@id":"https:\/\/arquivo.barreiroweb.net\/?p=5401#article","isPartOf":{"@id":"https:\/\/arquivo.barreiroweb.net\/?p=5401"},"author":{"name":"barreiroweb","@id":"https:\/\/arquivo.barreiroweb.net\/#\/schema\/person\/44b6d528aff975e3786c9f475f9df2dd"},"headline":"LEI DAS COMUNICA\u00c7\u00d5ES ELETR\u00d3NICAS","datePublished":"2012-01-20T14:54:20+00:00","dateModified":"2012-01-20T14:54:36+00:00","mainEntityOfPage":{"@id":"https:\/\/arquivo.barreiroweb.net\/?p=5401"},"wordCount":582,"commentCount":0,"publisher":{"@id":"https:\/\/arquivo.barreiroweb.net\/#organization"},"image":{"@id":"https:\/\/arquivo.barreiroweb.net\/?p=5401#primaryimage"},"thumbnailUrl":"https:\/\/arquivo.barreiroweb.net\/wp-content\/uploads\/2011\/09\/cmb.jpg","keywords":["barreiro"],"articleSection":["Destaque","Eventos"],"inLanguage":"pt-PT","potentialAction":[{"@type":"CommentAction","name":"Comment","target":["https:\/\/arquivo.barreiroweb.net\/?p=5401#respond"]}]},{"@type":"WebPage","@id":"https:\/\/arquivo.barreiroweb.net\/?p=5401","url":"https:\/\/arquivo.barreiroweb.net\/?p=5401","name":"LEI DAS COMUNICA\u00c7\u00d5ES ELETR\u00d3NICAS - barreiroweb","isPartOf":{"@id":"https:\/\/arquivo.barreiroweb.net\/#website"},"primaryImageOfPage":{"@id":"https:\/\/arquivo.barreiroweb.net\/?p=5401#primaryimage"},"image":{"@id":"https:\/\/arquivo.barreiroweb.net\/?p=5401#primaryimage"},"thumbnailUrl":"https:\/\/arquivo.barreiroweb.net\/wp-content\/uploads\/2011\/09\/cmb.jpg","datePublished":"2012-01-20T14:54:20+00:00","dateModified":"2012-01-20T14:54:36+00:00","breadcrumb":{"@id":"https:\/\/arquivo.barreiroweb.net\/?p=5401#breadcrumb"},"inLanguage":"pt-PT","potentialAction":[{"@type":"ReadAction","target":["https:\/\/arquivo.barreiroweb.net\/?p=5401"]}]},{"@type":"ImageObject","inLanguage":"pt-PT","@id":"https:\/\/arquivo.barreiroweb.net\/?p=5401#primaryimage","url":"https:\/\/arquivo.barreiroweb.net\/wp-content\/uploads\/2011\/09\/cmb.jpg","contentUrl":"https:\/\/arquivo.barreiroweb.net\/wp-content\/uploads\/2011\/09\/cmb.jpg","width":"944","height":"658"},{"@type":"BreadcrumbList","@id":"https:\/\/arquivo.barreiroweb.net\/?p=5401#breadcrumb","itemListElement":[{"@type":"ListItem","position":1,"name":"In\u00edcio","item":"https:\/\/arquivo.barreiroweb.net\/"},{"@type":"ListItem","position":2,"name":"LEI DAS COMUNICA\u00c7\u00d5ES ELETR\u00d3NICAS"}]},{"@type":"WebSite","@id":"https:\/\/arquivo.barreiroweb.net\/#website","url":"https:\/\/arquivo.barreiroweb.net\/","name":"barreiroweb","description":"Barreiroweb o barreiro na web","publisher":{"@id":"https:\/\/arquivo.barreiroweb.net\/#organization"},"potentialAction":[{"@type":"SearchAction","target":{"@type":"EntryPoint","urlTemplate":"https:\/\/arquivo.barreiroweb.net\/?s={search_term_string}"},"query-input":{"@type":"PropertyValueSpecification","valueRequired":true,"valueName":"search_term_string"}}],"inLanguage":"pt-PT"},{"@type":"Organization","@id":"https:\/\/arquivo.barreiroweb.net\/#organization","name":"barreiroweb","url":"https:\/\/arquivo.barreiroweb.net\/","logo":{"@type":"ImageObject","inLanguage":"pt-PT","@id":"https:\/\/arquivo.barreiroweb.net\/#\/schema\/logo\/image\/","url":"https:\/\/barreiroweb.net\/wp-content\/uploads\/2022\/05\/BarreiroWeb555.jpg","contentUrl":"https:\/\/barreiroweb.net\/wp-content\/uploads\/2022\/05\/BarreiroWeb555.jpg","width":421,"height":415,"caption":"barreiroweb"},"image":{"@id":"https:\/\/arquivo.barreiroweb.net\/#\/schema\/logo\/image\/"},"sameAs":["https:\/\/www.facebook.com\/barreiroweb","https:\/\/x.com\/barreiroweb"]},{"@type":"Person","@id":"https:\/\/arquivo.barreiroweb.net\/#\/schema\/person\/44b6d528aff975e3786c9f475f9df2dd","name":"barreiroweb","image":{"@type":"ImageObject","inLanguage":"pt-PT","@id":"https:\/\/arquivo.barreiroweb.net\/#\/schema\/person\/image\/","url":"https:\/\/secure.gravatar.com\/avatar\/1f764b917967430404ff0b452044eb63a25d64a5363b25be2aa42273930f477d?s=96&d=mm&r=g","contentUrl":"https:\/\/secure.gravatar.com\/avatar\/1f764b917967430404ff0b452044eb63a25d64a5363b25be2aa42273930f477d?s=96&d=mm&r=g","caption":"barreiroweb"},"url":"https:\/\/arquivo.barreiroweb.net\/?author=1"}]}},"_links":{"self":[{"href":"https:\/\/arquivo.barreiroweb.net\/index.php?rest_route=\/wp\/v2\/posts\/5401","targetHints":{"allow":["GET"]}}],"collection":[{"href":"https:\/\/arquivo.barreiroweb.net\/index.php?rest_route=\/wp\/v2\/posts"}],"about":[{"href":"https:\/\/arquivo.barreiroweb.net\/index.php?rest_route=\/wp\/v2\/types\/post"}],"author":[{"embeddable":true,"href":"https:\/\/arquivo.barreiroweb.net\/index.php?rest_route=\/wp\/v2\/users\/1"}],"replies":[{"embeddable":true,"href":"https:\/\/arquivo.barreiroweb.net\/index.php?rest_route=%2Fwp%2Fv2%2Fcomments&post=5401"}],"version-history":[{"count":2,"href":"https:\/\/arquivo.barreiroweb.net\/index.php?rest_route=\/wp\/v2\/posts\/5401\/revisions"}],"predecessor-version":[{"id":5403,"href":"https:\/\/arquivo.barreiroweb.net\/index.php?rest_route=\/wp\/v2\/posts\/5401\/revisions\/5403"}],"wp:featuredmedia":[{"embeddable":true,"href":"https:\/\/arquivo.barreiroweb.net\/index.php?rest_route=\/wp\/v2\/media\/3513"}],"wp:attachment":[{"href":"https:\/\/arquivo.barreiroweb.net\/index.php?rest_route=%2Fwp%2Fv2%2Fmedia&parent=5401"}],"wp:term":[{"taxonomy":"category","embeddable":true,"href":"https:\/\/arquivo.barreiroweb.net\/index.php?rest_route=%2Fwp%2Fv2%2Fcategories&post=5401"},{"taxonomy":"post_tag","embeddable":true,"href":"https:\/\/arquivo.barreiroweb.net\/index.php?rest_route=%2Fwp%2Fv2%2Ftags&post=5401"}],"curies":[{"name":"wp","href":"https:\/\/api.w.org\/{rel}","templated":true}]}}