{"id":5187,"date":"2012-01-06T16:58:18","date_gmt":"2012-01-06T16:58:18","guid":{"rendered":"http:\/\/barreiroweb.eu\/?p=5187"},"modified":"2012-01-06T16:59:04","modified_gmt":"2012-01-06T16:59:04","slug":"os-bombeiros-voluntarios-do-barreirocontam-com-um-novo-veiculo-florestal-de-combate-a-incendios","status":"publish","type":"post","link":"https:\/\/arquivo.barreiroweb.net\/?p=5187","title":{"rendered":"Os Bombeiros Volunt\u00e1rios do Barreiro, contam com um novo ve\u00edculo florestal de combate a Inc\u00eandios"},"content":{"rendered":"<p style=\"text-align: justify;\"><a href=\"http:\/\/barreiroweb.eu\/wp-content\/uploads\/2012\/01\/O-novo-VFCI-02-dos-BV-Barreiro-Corpo-de-Salva\u00e7\u00e3o-P\u00fablica.jpg\" rel=\"lightbox[5187]\"><img loading=\"lazy\" decoding=\"async\" class=\"alignleft size-thumbnail wp-image-5188\" title=\"O novo VFCI 02 dos BV Barreiro - Corpo de Salva\u00e7\u00e3o P\u00fablica\" src=\"http:\/\/barreiroweb.eu\/wp-content\/uploads\/2012\/01\/O-novo-VFCI-02-dos-BV-Barreiro-Corpo-de-Salva\u00e7\u00e3o-P\u00fablica-150x150.jpg\" alt=\"\" width=\"150\" height=\"150\" srcset=\"https:\/\/arquivo.barreiroweb.net\/wp-content\/uploads\/2012\/01\/O-novo-VFCI-02-dos-BV-Barreiro-Corpo-de-Salva\u00e7\u00e3o-P\u00fablica-150x150.jpg 150w, https:\/\/arquivo.barreiroweb.net\/wp-content\/uploads\/2012\/01\/O-novo-VFCI-02-dos-BV-Barreiro-Corpo-de-Salva\u00e7\u00e3o-P\u00fablica-50x50.jpg 50w, https:\/\/arquivo.barreiroweb.net\/wp-content\/uploads\/2012\/01\/O-novo-VFCI-02-dos-BV-Barreiro-Corpo-de-Salva\u00e7\u00e3o-P\u00fablica-70x70.jpg 70w, https:\/\/arquivo.barreiroweb.net\/wp-content\/uploads\/2012\/01\/O-novo-VFCI-02-dos-BV-Barreiro-Corpo-de-Salva\u00e7\u00e3o-P\u00fablica-55x55.jpg 55w\" sizes=\"auto, (max-width: 150px) 100vw, 150px\" \/><\/a>Os Bombeiros Volunt\u00e1rios do Barreiro &#8211; Corpo de Salva\u00e7\u00e3o P\u00fablica contam, desde o passado dia 30 de Dezembro, com mais um ve\u00edculo operacional, atribu\u00eddo pela Autoridade Nacional de Protec\u00e7\u00e3o Civil.<\/p>\n<p style=\"text-align: justify;\">O novo Ve\u00edculo Florestal de Combate a Inc\u00eandios foi entregue pela ANPC, no \u00e2mbito da candidatura desta ao QREN &#8211; Quadro de Refer\u00eancia Estrat\u00e9gico Nacional, fazendo parte de um conjunto de 78 ve\u00edculos atribu\u00eddos a Corpos de Bombeiros de Portugal Continental, mediante crit\u00e9rios de necessidade operacional nas suas respectivas \u00e1reas de actua\u00e7\u00e3o.<\/p>\n<p style=\"text-align: justify;\">A atribui\u00e7\u00e3o do novo VFCI, que vem acrescentar a outro j\u00e1 existente nos BVB-CSP, representa, por parte das entidades respons\u00e1veis ao mais alto n\u00edvel, um voto de confian\u00e7a na capacidade t\u00e9cnica e no desempenho dos Bombeiros do Barreiro e vem, mais uma vez, provar que os Barreirenses t\u00eam motivo de orgulho nos seus Bombeiros.<\/p>\n<p style=\"text-align: justify;\">Para al\u00e9m da melhor capacidade de resposta ao n\u00edvel da respectiva \u00e1rea de actua\u00e7\u00e3o, que inclui a totalidade da Mata Nacional da Machada, a integra\u00e7\u00e3o no Dispositivo Especial de Combate aos Inc\u00eandios Florestais, a que \u00e9 anualmente adstrito um n\u00famero significativo de recursos humanos e t\u00e9cnicos dos BVB-CSP, fica mais eficaz, melhorando a capacidade de resposta a n\u00edvel municipal, distrital e, at\u00e9 mesmo, nacional, quando solicitados pelo Comando Distrital de Opera\u00e7\u00f5es de Socorro.<\/p>\n<p style=\"text-align: justify;\">Apesar de este ve\u00edculo j\u00e1 se encontrar operacional, o Corpo de Bombeiros est\u00e1 a realizar a\u00e7\u00f5es de forma\u00e7\u00e3o interna para garantir que os seus elementos ser\u00e3o capazes de tirar o m\u00e1ximo partido do seu desempenho, tanto a n\u00edvel da condu\u00e7\u00e3o todo-o-terreno, como a n\u00edvel da opera\u00e7\u00e3o com os equipamentos.<\/p>\n<p style=\"text-align: justify;\">O ve\u00edculo \u00e9 um Mercedes Atego 1326, especialmente vocacionado para o combate a inc\u00eandios florestais, com capacidade para 3500 litros de \u00e1gua, e possui os mais modernos equipamentos, incluindo sistemas para a protec\u00e7\u00e3o da tripula\u00e7\u00e3o, como um sistema de arrefecimento da cabine por \u00e1gua e a possibilidade de pressurizar a cabine, no caso de ser necess\u00e1rio intervir em zonas com atmosferas contaminadas.<\/p>\n<p style=\"text-align: right;\">Bombeiros Volunt\u00e1rios do Barreiro &#8211;\u00a0Corpo de Salva\u00e7\u00e3o P\u00fablica<\/p>\n","protected":false},"excerpt":{"rendered":"<p>Os Bombeiros Volunt\u00e1rios do Barreiro &#8211; Corpo de Salva\u00e7\u00e3o P\u00fablica contam, desde o passado dia 30 de Dezembro, com mais um ve\u00edculo operacional, atribu\u00eddo pela Autoridade Nacional de Protec\u00e7\u00e3o Civil. O novo Ve\u00edculo Florestal de Combate a Inc\u00eandios foi entregue pela ANPC, no \u00e2mbito da candidatura desta ao QREN &#8211; Quadro de Refer\u00eancia Estrat\u00e9gico Nacional, [&hellip;]<\/p>\n","protected":false},"author":1,"featured_media":5188,"comment_status":"open","ping_status":"open","sticky":false,"template":"","format":"standard","meta":{"footnotes":""},"categories":[16,32,19],"tags":[],"class_list":["post-5187","post","type-post","status-publish","format-standard","has-post-thumbnail","hentry","category-associativismo","category-destaque","category-tecnologia","last_archivepost"],"yoast_head":"<!-- This site is optimized with the Yoast SEO plugin v27.1.1 - https:\/\/yoast.com\/product\/yoast-seo-wordpress\/ -->\n<title>Os Bombeiros Volunt\u00e1rios do Barreiro, contam com um novo ve\u00edculo florestal de combate a Inc\u00eandios  - barreiroweb<\/title>\n<meta name=\"robots\" content=\"index, follow, max-snippet:-1, max-image-preview:large, max-video-preview:-1\" \/>\n<link rel=\"canonical\" href=\"https:\/\/arquivo.barreiroweb.net\/?p=5187\" \/>\n<meta property=\"og:locale\" content=\"pt_PT\" \/>\n<meta property=\"og:type\" content=\"article\" \/>\n<meta property=\"og:title\" content=\"Os Bombeiros Volunt\u00e1rios do Barreiro, contam com um novo ve\u00edculo florestal de combate a Inc\u00eandios  - barreiroweb\" \/>\n<meta property=\"og:description\" content=\"Os Bombeiros Volunt\u00e1rios do Barreiro &#8211; Corpo de Salva\u00e7\u00e3o P\u00fablica contam, desde o passado dia 30 de Dezembro, com mais um ve\u00edculo operacional, atribu\u00eddo pela Autoridade Nacional de Protec\u00e7\u00e3o Civil. O novo Ve\u00edculo Florestal de Combate a Inc\u00eandios foi entregue pela ANPC, no \u00e2mbito da candidatura desta ao QREN &#8211; Quadro de Refer\u00eancia Estrat\u00e9gico Nacional, [&hellip;]\" \/>\n<meta property=\"og:url\" content=\"https:\/\/arquivo.barreiroweb.net\/?p=5187\" \/>\n<meta property=\"og:site_name\" content=\"barreiroweb\" \/>\n<meta property=\"article:publisher\" content=\"https:\/\/www.facebook.com\/barreiroweb\" \/>\n<meta property=\"article:published_time\" content=\"2012-01-06T16:58:18+00:00\" \/>\n<meta property=\"article:modified_time\" content=\"2012-01-06T16:59:04+00:00\" \/>\n<meta property=\"og:image\" content=\"https:\/\/arquivo.barreiroweb.net\/wp-content\/uploads\/2012\/01\/O-novo-VFCI-02-dos-BV-Barreiro-Corpo-de-Salva\u00e7\u00e3o-P\u00fablica.jpg\" \/>\n\t<meta property=\"og:image:width\" content=\"314\" \/>\n\t<meta property=\"og:image:height\" content=\"235\" \/>\n\t<meta property=\"og:image:type\" content=\"image\/jpeg\" \/>\n<meta name=\"author\" content=\"barreiroweb\" \/>\n<meta name=\"twitter:card\" content=\"summary_large_image\" \/>\n<meta name=\"twitter:creator\" content=\"@barreiroweb\" \/>\n<meta name=\"twitter:site\" content=\"@barreiroweb\" \/>\n<meta name=\"twitter:label1\" content=\"Escrito por\" \/>\n\t<meta name=\"twitter:data1\" content=\"barreiroweb\" \/>\n\t<meta name=\"twitter:label2\" content=\"Tempo estimado de leitura\" \/>\n\t<meta name=\"twitter:data2\" content=\"2 minutos\" \/>\n<script type=\"application\/ld+json\" class=\"yoast-schema-graph\">{\"@context\":\"https:\/\/schema.org\",\"@graph\":[{\"@type\":\"Article\",\"@id\":\"https:\/\/arquivo.barreiroweb.net\/?p=5187#article\",\"isPartOf\":{\"@id\":\"https:\/\/arquivo.barreiroweb.net\/?p=5187\"},\"author\":{\"name\":\"barreiroweb\",\"@id\":\"https:\/\/arquivo.barreiroweb.net\/#\/schema\/person\/44b6d528aff975e3786c9f475f9df2dd\"},\"headline\":\"Os Bombeiros Volunt\u00e1rios do Barreiro, contam com um novo ve\u00edculo florestal de combate a Inc\u00eandios\",\"datePublished\":\"2012-01-06T16:58:18+00:00\",\"dateModified\":\"2012-01-06T16:59:04+00:00\",\"mainEntityOfPage\":{\"@id\":\"https:\/\/arquivo.barreiroweb.net\/?p=5187\"},\"wordCount\":387,\"commentCount\":0,\"publisher\":{\"@id\":\"https:\/\/arquivo.barreiroweb.net\/#organization\"},\"image\":{\"@id\":\"https:\/\/arquivo.barreiroweb.net\/?p=5187#primaryimage\"},\"thumbnailUrl\":\"https:\/\/arquivo.barreiroweb.net\/wp-content\/uploads\/2012\/01\/O-novo-VFCI-02-dos-BV-Barreiro-Corpo-de-Salva\u00e7\u00e3o-P\u00fablica.jpg\",\"articleSection\":[\"Associativismo\",\"Destaque\",\"Tecnologia\"],\"inLanguage\":\"pt-PT\",\"potentialAction\":[{\"@type\":\"CommentAction\",\"name\":\"Comment\",\"target\":[\"https:\/\/arquivo.barreiroweb.net\/?p=5187#respond\"]}]},{\"@type\":\"WebPage\",\"@id\":\"https:\/\/arquivo.barreiroweb.net\/?p=5187\",\"url\":\"https:\/\/arquivo.barreiroweb.net\/?p=5187\",\"name\":\"Os Bombeiros Volunt\u00e1rios do Barreiro, contam com um novo ve\u00edculo florestal de combate a Inc\u00eandios - barreiroweb\",\"isPartOf\":{\"@id\":\"https:\/\/arquivo.barreiroweb.net\/#website\"},\"primaryImageOfPage\":{\"@id\":\"https:\/\/arquivo.barreiroweb.net\/?p=5187#primaryimage\"},\"image\":{\"@id\":\"https:\/\/arquivo.barreiroweb.net\/?p=5187#primaryimage\"},\"thumbnailUrl\":\"https:\/\/arquivo.barreiroweb.net\/wp-content\/uploads\/2012\/01\/O-novo-VFCI-02-dos-BV-Barreiro-Corpo-de-Salva\u00e7\u00e3o-P\u00fablica.jpg\",\"datePublished\":\"2012-01-06T16:58:18+00:00\",\"dateModified\":\"2012-01-06T16:59:04+00:00\",\"breadcrumb\":{\"@id\":\"https:\/\/arquivo.barreiroweb.net\/?p=5187#breadcrumb\"},\"inLanguage\":\"pt-PT\",\"potentialAction\":[{\"@type\":\"ReadAction\",\"target\":[\"https:\/\/arquivo.barreiroweb.net\/?p=5187\"]}]},{\"@type\":\"ImageObject\",\"inLanguage\":\"pt-PT\",\"@id\":\"https:\/\/arquivo.barreiroweb.net\/?p=5187#primaryimage\",\"url\":\"https:\/\/arquivo.barreiroweb.net\/wp-content\/uploads\/2012\/01\/O-novo-VFCI-02-dos-BV-Barreiro-Corpo-de-Salva\u00e7\u00e3o-P\u00fablica.jpg\",\"contentUrl\":\"https:\/\/arquivo.barreiroweb.net\/wp-content\/uploads\/2012\/01\/O-novo-VFCI-02-dos-BV-Barreiro-Corpo-de-Salva\u00e7\u00e3o-P\u00fablica.jpg\",\"width\":\"314\",\"height\":\"235\"},{\"@type\":\"BreadcrumbList\",\"@id\":\"https:\/\/arquivo.barreiroweb.net\/?p=5187#breadcrumb\",\"itemListElement\":[{\"@type\":\"ListItem\",\"position\":1,\"name\":\"In\u00edcio\",\"item\":\"https:\/\/arquivo.barreiroweb.net\/\"},{\"@type\":\"ListItem\",\"position\":2,\"name\":\"Os Bombeiros Volunt\u00e1rios do Barreiro, contam com um novo ve\u00edculo florestal de combate a Inc\u00eandios\"}]},{\"@type\":\"WebSite\",\"@id\":\"https:\/\/arquivo.barreiroweb.net\/#website\",\"url\":\"https:\/\/arquivo.barreiroweb.net\/\",\"name\":\"barreiroweb\",\"description\":\"Barreiroweb o barreiro na web\",\"publisher\":{\"@id\":\"https:\/\/arquivo.barreiroweb.net\/#organization\"},\"potentialAction\":[{\"@type\":\"SearchAction\",\"target\":{\"@type\":\"EntryPoint\",\"urlTemplate\":\"https:\/\/arquivo.barreiroweb.net\/?s={search_term_string}\"},\"query-input\":{\"@type\":\"PropertyValueSpecification\",\"valueRequired\":true,\"valueName\":\"search_term_string\"}}],\"inLanguage\":\"pt-PT\"},{\"@type\":\"Organization\",\"@id\":\"https:\/\/arquivo.barreiroweb.net\/#organization\",\"name\":\"barreiroweb\",\"url\":\"https:\/\/arquivo.barreiroweb.net\/\",\"logo\":{\"@type\":\"ImageObject\",\"inLanguage\":\"pt-PT\",\"@id\":\"https:\/\/arquivo.barreiroweb.net\/#\/schema\/logo\/image\/\",\"url\":\"https:\/\/barreiroweb.net\/wp-content\/uploads\/2022\/05\/BarreiroWeb555.jpg\",\"contentUrl\":\"https:\/\/barreiroweb.net\/wp-content\/uploads\/2022\/05\/BarreiroWeb555.jpg\",\"width\":421,\"height\":415,\"caption\":\"barreiroweb\"},\"image\":{\"@id\":\"https:\/\/arquivo.barreiroweb.net\/#\/schema\/logo\/image\/\"},\"sameAs\":[\"https:\/\/www.facebook.com\/barreiroweb\",\"https:\/\/x.com\/barreiroweb\"]},{\"@type\":\"Person\",\"@id\":\"https:\/\/arquivo.barreiroweb.net\/#\/schema\/person\/44b6d528aff975e3786c9f475f9df2dd\",\"name\":\"barreiroweb\",\"image\":{\"@type\":\"ImageObject\",\"inLanguage\":\"pt-PT\",\"@id\":\"https:\/\/arquivo.barreiroweb.net\/#\/schema\/person\/image\/\",\"url\":\"https:\/\/secure.gravatar.com\/avatar\/1f764b917967430404ff0b452044eb63a25d64a5363b25be2aa42273930f477d?s=96&d=mm&r=g\",\"contentUrl\":\"https:\/\/secure.gravatar.com\/avatar\/1f764b917967430404ff0b452044eb63a25d64a5363b25be2aa42273930f477d?s=96&d=mm&r=g\",\"caption\":\"barreiroweb\"},\"url\":\"https:\/\/arquivo.barreiroweb.net\/?author=1\"}]}<\/script>\n<!-- \/ Yoast SEO plugin. -->","yoast_head_json":{"title":"Os Bombeiros Volunt\u00e1rios do Barreiro, contam com um novo ve\u00edculo florestal de combate a Inc\u00eandios  - barreiroweb","robots":{"index":"index","follow":"follow","max-snippet":"max-snippet:-1","max-image-preview":"max-image-preview:large","max-video-preview":"max-video-preview:-1"},"canonical":"https:\/\/arquivo.barreiroweb.net\/?p=5187","og_locale":"pt_PT","og_type":"article","og_title":"Os Bombeiros Volunt\u00e1rios do Barreiro, contam com um novo ve\u00edculo florestal de combate a Inc\u00eandios  - barreiroweb","og_description":"Os Bombeiros Volunt\u00e1rios do Barreiro &#8211; Corpo de Salva\u00e7\u00e3o P\u00fablica contam, desde o passado dia 30 de Dezembro, com mais um ve\u00edculo operacional, atribu\u00eddo pela Autoridade Nacional de Protec\u00e7\u00e3o Civil. O novo Ve\u00edculo Florestal de Combate a Inc\u00eandios foi entregue pela ANPC, no \u00e2mbito da candidatura desta ao QREN &#8211; Quadro de Refer\u00eancia Estrat\u00e9gico Nacional, [&hellip;]","og_url":"https:\/\/arquivo.barreiroweb.net\/?p=5187","og_site_name":"barreiroweb","article_publisher":"https:\/\/www.facebook.com\/barreiroweb","article_published_time":"2012-01-06T16:58:18+00:00","article_modified_time":"2012-01-06T16:59:04+00:00","og_image":[{"width":314,"height":235,"url":"https:\/\/arquivo.barreiroweb.net\/wp-content\/uploads\/2012\/01\/O-novo-VFCI-02-dos-BV-Barreiro-Corpo-de-Salva\u00e7\u00e3o-P\u00fablica.jpg","type":"image\/jpeg"}],"author":"barreiroweb","twitter_card":"summary_large_image","twitter_creator":"@barreiroweb","twitter_site":"@barreiroweb","twitter_misc":{"Escrito por":"barreiroweb","Tempo estimado de leitura":"2 minutos"},"schema":{"@context":"https:\/\/schema.org","@graph":[{"@type":"Article","@id":"https:\/\/arquivo.barreiroweb.net\/?p=5187#article","isPartOf":{"@id":"https:\/\/arquivo.barreiroweb.net\/?p=5187"},"author":{"name":"barreiroweb","@id":"https:\/\/arquivo.barreiroweb.net\/#\/schema\/person\/44b6d528aff975e3786c9f475f9df2dd"},"headline":"Os Bombeiros Volunt\u00e1rios do Barreiro, contam com um novo ve\u00edculo florestal de combate a Inc\u00eandios","datePublished":"2012-01-06T16:58:18+00:00","dateModified":"2012-01-06T16:59:04+00:00","mainEntityOfPage":{"@id":"https:\/\/arquivo.barreiroweb.net\/?p=5187"},"wordCount":387,"commentCount":0,"publisher":{"@id":"https:\/\/arquivo.barreiroweb.net\/#organization"},"image":{"@id":"https:\/\/arquivo.barreiroweb.net\/?p=5187#primaryimage"},"thumbnailUrl":"https:\/\/arquivo.barreiroweb.net\/wp-content\/uploads\/2012\/01\/O-novo-VFCI-02-dos-BV-Barreiro-Corpo-de-Salva\u00e7\u00e3o-P\u00fablica.jpg","articleSection":["Associativismo","Destaque","Tecnologia"],"inLanguage":"pt-PT","potentialAction":[{"@type":"CommentAction","name":"Comment","target":["https:\/\/arquivo.barreiroweb.net\/?p=5187#respond"]}]},{"@type":"WebPage","@id":"https:\/\/arquivo.barreiroweb.net\/?p=5187","url":"https:\/\/arquivo.barreiroweb.net\/?p=5187","name":"Os Bombeiros Volunt\u00e1rios do Barreiro, contam com um novo ve\u00edculo florestal de combate a Inc\u00eandios - barreiroweb","isPartOf":{"@id":"https:\/\/arquivo.barreiroweb.net\/#website"},"primaryImageOfPage":{"@id":"https:\/\/arquivo.barreiroweb.net\/?p=5187#primaryimage"},"image":{"@id":"https:\/\/arquivo.barreiroweb.net\/?p=5187#primaryimage"},"thumbnailUrl":"https:\/\/arquivo.barreiroweb.net\/wp-content\/uploads\/2012\/01\/O-novo-VFCI-02-dos-BV-Barreiro-Corpo-de-Salva\u00e7\u00e3o-P\u00fablica.jpg","datePublished":"2012-01-06T16:58:18+00:00","dateModified":"2012-01-06T16:59:04+00:00","breadcrumb":{"@id":"https:\/\/arquivo.barreiroweb.net\/?p=5187#breadcrumb"},"inLanguage":"pt-PT","potentialAction":[{"@type":"ReadAction","target":["https:\/\/arquivo.barreiroweb.net\/?p=5187"]}]},{"@type":"ImageObject","inLanguage":"pt-PT","@id":"https:\/\/arquivo.barreiroweb.net\/?p=5187#primaryimage","url":"https:\/\/arquivo.barreiroweb.net\/wp-content\/uploads\/2012\/01\/O-novo-VFCI-02-dos-BV-Barreiro-Corpo-de-Salva\u00e7\u00e3o-P\u00fablica.jpg","contentUrl":"https:\/\/arquivo.barreiroweb.net\/wp-content\/uploads\/2012\/01\/O-novo-VFCI-02-dos-BV-Barreiro-Corpo-de-Salva\u00e7\u00e3o-P\u00fablica.jpg","width":"314","height":"235"},{"@type":"BreadcrumbList","@id":"https:\/\/arquivo.barreiroweb.net\/?p=5187#breadcrumb","itemListElement":[{"@type":"ListItem","position":1,"name":"In\u00edcio","item":"https:\/\/arquivo.barreiroweb.net\/"},{"@type":"ListItem","position":2,"name":"Os Bombeiros Volunt\u00e1rios do Barreiro, contam com um novo ve\u00edculo florestal de combate a Inc\u00eandios"}]},{"@type":"WebSite","@id":"https:\/\/arquivo.barreiroweb.net\/#website","url":"https:\/\/arquivo.barreiroweb.net\/","name":"barreiroweb","description":"Barreiroweb o barreiro na web","publisher":{"@id":"https:\/\/arquivo.barreiroweb.net\/#organization"},"potentialAction":[{"@type":"SearchAction","target":{"@type":"EntryPoint","urlTemplate":"https:\/\/arquivo.barreiroweb.net\/?s={search_term_string}"},"query-input":{"@type":"PropertyValueSpecification","valueRequired":true,"valueName":"search_term_string"}}],"inLanguage":"pt-PT"},{"@type":"Organization","@id":"https:\/\/arquivo.barreiroweb.net\/#organization","name":"barreiroweb","url":"https:\/\/arquivo.barreiroweb.net\/","logo":{"@type":"ImageObject","inLanguage":"pt-PT","@id":"https:\/\/arquivo.barreiroweb.net\/#\/schema\/logo\/image\/","url":"https:\/\/barreiroweb.net\/wp-content\/uploads\/2022\/05\/BarreiroWeb555.jpg","contentUrl":"https:\/\/barreiroweb.net\/wp-content\/uploads\/2022\/05\/BarreiroWeb555.jpg","width":421,"height":415,"caption":"barreiroweb"},"image":{"@id":"https:\/\/arquivo.barreiroweb.net\/#\/schema\/logo\/image\/"},"sameAs":["https:\/\/www.facebook.com\/barreiroweb","https:\/\/x.com\/barreiroweb"]},{"@type":"Person","@id":"https:\/\/arquivo.barreiroweb.net\/#\/schema\/person\/44b6d528aff975e3786c9f475f9df2dd","name":"barreiroweb","image":{"@type":"ImageObject","inLanguage":"pt-PT","@id":"https:\/\/arquivo.barreiroweb.net\/#\/schema\/person\/image\/","url":"https:\/\/secure.gravatar.com\/avatar\/1f764b917967430404ff0b452044eb63a25d64a5363b25be2aa42273930f477d?s=96&d=mm&r=g","contentUrl":"https:\/\/secure.gravatar.com\/avatar\/1f764b917967430404ff0b452044eb63a25d64a5363b25be2aa42273930f477d?s=96&d=mm&r=g","caption":"barreiroweb"},"url":"https:\/\/arquivo.barreiroweb.net\/?author=1"}]}},"_links":{"self":[{"href":"https:\/\/arquivo.barreiroweb.net\/index.php?rest_route=\/wp\/v2\/posts\/5187","targetHints":{"allow":["GET"]}}],"collection":[{"href":"https:\/\/arquivo.barreiroweb.net\/index.php?rest_route=\/wp\/v2\/posts"}],"about":[{"href":"https:\/\/arquivo.barreiroweb.net\/index.php?rest_route=\/wp\/v2\/types\/post"}],"author":[{"embeddable":true,"href":"https:\/\/arquivo.barreiroweb.net\/index.php?rest_route=\/wp\/v2\/users\/1"}],"replies":[{"embeddable":true,"href":"https:\/\/arquivo.barreiroweb.net\/index.php?rest_route=%2Fwp%2Fv2%2Fcomments&post=5187"}],"version-history":[{"count":3,"href":"https:\/\/arquivo.barreiroweb.net\/index.php?rest_route=\/wp\/v2\/posts\/5187\/revisions"}],"predecessor-version":[{"id":5191,"href":"https:\/\/arquivo.barreiroweb.net\/index.php?rest_route=\/wp\/v2\/posts\/5187\/revisions\/5191"}],"wp:featuredmedia":[{"embeddable":true,"href":"https:\/\/arquivo.barreiroweb.net\/index.php?rest_route=\/wp\/v2\/media\/5188"}],"wp:attachment":[{"href":"https:\/\/arquivo.barreiroweb.net\/index.php?rest_route=%2Fwp%2Fv2%2Fmedia&parent=5187"}],"wp:term":[{"taxonomy":"category","embeddable":true,"href":"https:\/\/arquivo.barreiroweb.net\/index.php?rest_route=%2Fwp%2Fv2%2Fcategories&post=5187"},{"taxonomy":"post_tag","embeddable":true,"href":"https:\/\/arquivo.barreiroweb.net\/index.php?rest_route=%2Fwp%2Fv2%2Ftags&post=5187"}],"curies":[{"name":"wp","href":"https:\/\/api.w.org\/{rel}","templated":true}]}}