{"id":5183,"date":"2012-01-05T20:08:06","date_gmt":"2012-01-05T20:08:06","guid":{"rendered":"http:\/\/barreiroweb.eu\/?p=5183"},"modified":"2012-01-05T20:08:06","modified_gmt":"2012-01-05T20:08:06","slug":"na-baixa-da-banheira-realizador-sergio-trefaut-partilha-experiencias-no-forum-cultural","status":"publish","type":"post","link":"https:\/\/arquivo.barreiroweb.net\/?p=5183","title":{"rendered":"Na Baixa da Banheira, Realizador S\u00e9rgio Trefaut partilha experi\u00eancias no F\u00f3rum Cultural"},"content":{"rendered":"<p style=\"text-align: justify;\"><a href=\"http:\/\/barreiroweb.eu\/wp-content\/uploads\/2012\/01\/Filme-Viagem-a-Portugal.jpg\" rel=\"lightbox[5183]\"><img loading=\"lazy\" decoding=\"async\" class=\"alignleft size-thumbnail wp-image-5184\" title=\"Filme Viagem a Portugal\" src=\"http:\/\/barreiroweb.eu\/wp-content\/uploads\/2012\/01\/Filme-Viagem-a-Portugal-150x150.jpg\" alt=\"\" width=\"150\" height=\"150\" srcset=\"https:\/\/arquivo.barreiroweb.net\/wp-content\/uploads\/2012\/01\/Filme-Viagem-a-Portugal-150x150.jpg 150w, https:\/\/arquivo.barreiroweb.net\/wp-content\/uploads\/2012\/01\/Filme-Viagem-a-Portugal-50x50.jpg 50w, https:\/\/arquivo.barreiroweb.net\/wp-content\/uploads\/2012\/01\/Filme-Viagem-a-Portugal-70x70.jpg 70w, https:\/\/arquivo.barreiroweb.net\/wp-content\/uploads\/2012\/01\/Filme-Viagem-a-Portugal-55x55.jpg 55w\" sizes=\"auto, (max-width: 150px) 100vw, 150px\" \/><\/a>No dia <strong>11 de janeiro<\/strong>, pelas <strong>21:30h<\/strong>, o <strong>realizador S\u00e9rgio Trefaut<\/strong>, conhecido do p\u00fablico por filmes como \u201cOs Lisboetas\u201d, vai estar no <strong>F\u00f3rum Cultural Jose Manuel Figueiredo<\/strong>, na Baixa da Banheira, onde ser\u00e1 apresentado o seu \u00faltimo filme \u201cViagem a Portugal\u201d, uma mostra que retrata a imigra\u00e7\u00e3o, com a atriz In\u00eas Medeiros no papel principal.<\/p>\n<p style=\"text-align: justify;\">S\u00e9rgio Trefaut ir\u00e1 partilhar com o p\u00fablico as suas experi\u00eancias cinematogr\u00e1ficas e falar tamb\u00e9m sobre as escolhas que fez para as exibi\u00e7\u00f5es de janeiro, no F\u00f3rum Cultural, no \u00e2mbito do Ciclo de Cinema \u201cOs Cineastas e o Cinema II\u201d.<\/p>\n<p style=\"text-align: justify;\">\u201cOutro Pa\u00eds\u201d, tamb\u00e9m realizado por S\u00e9rgio Trefaut, que aborda o 25 de Abril de 1974, vai ser exibido no dia 18 de janeiro, pelas 21:30h. O document\u00e1rio \u201cDi\u00e1rio de Uma Busca, de Fl\u00e1via Castro, est\u00e1 marcado para o dia 25 de janeiro, tamb\u00e9m \u00e0s 21:30h, e \u201cA Nossa Forma de Vida\u201d, a \u00faltima escolha deste realizador, ser\u00e1 passada na tela do F\u00f3rum Cultural, no dia 1 de fevereiro.<\/p>\n<p style=\"text-align: justify;\">O Ciclo de Cinema \u201cOs Cineastas e o Cinema II\u201d \u00e9 uma iniciativa da C\u00e2mara Municipal da Moita, em parceria com a Associa\u00e7\u00e3o Portuguesa de Realizadores e a Associa\u00e7\u00e3o Cultural \u201cOs Filhos de Lumi\u00e8re\u201d, trazendo todos os meses um realizador convidado ao F\u00f3rum Cultural. Em 2011, passaram pelo Munic\u00edpio da Moita \u00a0os realizadores Teresa Garcia, \u00a0Jos\u00e9 Nascimento, Nuno Amorim, Catarina Mour\u00e3o, Alberto Seixas Santos, Pedro Serrazina, Jorge Ant\u00f3nio, Margarida Gil e Pedro Caldas, num ciclo de cinema que tem contado ainda com a presen\u00e7a de alguns professores e alunos, estimulando o sentido cr\u00edtico e a rela\u00e7\u00e3o com a s\u00e9tima arte. Para este ano, em fevereiro, est\u00e1 j\u00e1 marcada a presen\u00e7a de Teresa Villaverde e, em mar\u00e7o, de Leonor Noivo.<\/p>\n<p style=\"text-align: justify;\">Os bilhetes, dispon\u00edveis no F\u00f3rum Cultural, custam 2,50 euros.<\/p>\n<p style=\"text-align: justify;\"><strong>Hor\u00e1rio da Bilheteira:<\/strong><\/p>\n<p style=\"text-align: justify;\">De 3\u00aa a s\u00e1bado \u2013 14:30h \u00e0s 19:30h<\/p>\n<p style=\"text-align: justify;\">Dias de espet\u00e1culo e cinema \u2013 uma hora antes do in\u00edcio do espet\u00e1culo ou sess\u00e3o.<br \/>\nOs bilhetes podem ainda ser reservados, atrav\u00e9s do telefone 210 888 900, no hor\u00e1rio de funcionamento da bilheteira. As reservas t\u00eam que ser\u00a0levantadas at\u00e9 48 horas antes do in\u00edcio do espet\u00e1culo, com um limite de cinco bilhetes por reserva.<\/p>\n<p style=\"text-align: right;\">C\u00e2mara Municipal da Moita<\/p>\n","protected":false},"excerpt":{"rendered":"<p>No dia 11 de janeiro, pelas 21:30h, o realizador S\u00e9rgio Trefaut, conhecido do p\u00fablico por filmes como \u201cOs Lisboetas\u201d, vai estar no F\u00f3rum Cultural Jose Manuel Figueiredo, na Baixa da Banheira, onde ser\u00e1 apresentado o seu \u00faltimo filme \u201cViagem a Portugal\u201d, uma mostra que retrata a imigra\u00e7\u00e3o, com a atriz In\u00eas Medeiros no papel principal. [&hellip;]<\/p>\n","protected":false},"author":1,"featured_media":5184,"comment_status":"open","ping_status":"open","sticky":false,"template":"","format":"standard","meta":{"footnotes":""},"categories":[32,10],"tags":[37],"class_list":["post-5183","post","type-post","status-publish","format-standard","has-post-thumbnail","hentry","category-destaque","category-teatro","tag-moita","last_archivepost"],"yoast_head":"<!-- This site is optimized with the Yoast SEO plugin v27.1.1 - https:\/\/yoast.com\/product\/yoast-seo-wordpress\/ -->\n<title>Na Baixa da Banheira, Realizador S\u00e9rgio Trefaut partilha experi\u00eancias no F\u00f3rum Cultural - barreiroweb<\/title>\n<meta name=\"robots\" content=\"index, follow, max-snippet:-1, max-image-preview:large, max-video-preview:-1\" \/>\n<link rel=\"canonical\" href=\"https:\/\/arquivo.barreiroweb.net\/?p=5183\" \/>\n<meta property=\"og:locale\" content=\"pt_PT\" \/>\n<meta property=\"og:type\" content=\"article\" \/>\n<meta property=\"og:title\" content=\"Na Baixa da Banheira, Realizador S\u00e9rgio Trefaut partilha experi\u00eancias no F\u00f3rum Cultural - barreiroweb\" \/>\n<meta property=\"og:description\" content=\"No dia 11 de janeiro, pelas 21:30h, o realizador S\u00e9rgio Trefaut, conhecido do p\u00fablico por filmes como \u201cOs Lisboetas\u201d, vai estar no F\u00f3rum Cultural Jose Manuel Figueiredo, na Baixa da Banheira, onde ser\u00e1 apresentado o seu \u00faltimo filme \u201cViagem a Portugal\u201d, uma mostra que retrata a imigra\u00e7\u00e3o, com a atriz In\u00eas Medeiros no papel principal. [&hellip;]\" \/>\n<meta property=\"og:url\" content=\"https:\/\/arquivo.barreiroweb.net\/?p=5183\" \/>\n<meta property=\"og:site_name\" content=\"barreiroweb\" \/>\n<meta property=\"article:publisher\" content=\"https:\/\/www.facebook.com\/barreiroweb\" \/>\n<meta property=\"article:published_time\" content=\"2012-01-05T20:08:06+00:00\" \/>\n<meta property=\"og:image\" content=\"https:\/\/arquivo.barreiroweb.net\/wp-content\/uploads\/2012\/01\/Filme-Viagem-a-Portugal.jpg\" \/>\n\t<meta property=\"og:image:width\" content=\"298\" \/>\n\t<meta property=\"og:image:height\" content=\"224\" \/>\n\t<meta property=\"og:image:type\" content=\"image\/jpeg\" \/>\n<meta name=\"author\" content=\"barreiroweb\" \/>\n<meta name=\"twitter:card\" content=\"summary_large_image\" \/>\n<meta name=\"twitter:creator\" content=\"@barreiroweb\" \/>\n<meta name=\"twitter:site\" content=\"@barreiroweb\" \/>\n<meta name=\"twitter:label1\" content=\"Escrito por\" \/>\n\t<meta name=\"twitter:data1\" content=\"barreiroweb\" \/>\n\t<meta name=\"twitter:label2\" content=\"Tempo estimado de leitura\" \/>\n\t<meta name=\"twitter:data2\" content=\"2 minutos\" \/>\n<script type=\"application\/ld+json\" class=\"yoast-schema-graph\">{\"@context\":\"https:\/\/schema.org\",\"@graph\":[{\"@type\":\"Article\",\"@id\":\"https:\/\/arquivo.barreiroweb.net\/?p=5183#article\",\"isPartOf\":{\"@id\":\"https:\/\/arquivo.barreiroweb.net\/?p=5183\"},\"author\":{\"name\":\"barreiroweb\",\"@id\":\"https:\/\/arquivo.barreiroweb.net\/#\/schema\/person\/44b6d528aff975e3786c9f475f9df2dd\"},\"headline\":\"Na Baixa da Banheira, Realizador S\u00e9rgio Trefaut partilha experi\u00eancias no F\u00f3rum Cultural\",\"datePublished\":\"2012-01-05T20:08:06+00:00\",\"mainEntityOfPage\":{\"@id\":\"https:\/\/arquivo.barreiroweb.net\/?p=5183\"},\"wordCount\":407,\"commentCount\":0,\"publisher\":{\"@id\":\"https:\/\/arquivo.barreiroweb.net\/#organization\"},\"image\":{\"@id\":\"https:\/\/arquivo.barreiroweb.net\/?p=5183#primaryimage\"},\"thumbnailUrl\":\"https:\/\/arquivo.barreiroweb.net\/wp-content\/uploads\/2012\/01\/Filme-Viagem-a-Portugal.jpg\",\"keywords\":[\"moita\"],\"articleSection\":[\"Destaque\",\"Teatro\"],\"inLanguage\":\"pt-PT\",\"potentialAction\":[{\"@type\":\"CommentAction\",\"name\":\"Comment\",\"target\":[\"https:\/\/arquivo.barreiroweb.net\/?p=5183#respond\"]}]},{\"@type\":\"WebPage\",\"@id\":\"https:\/\/arquivo.barreiroweb.net\/?p=5183\",\"url\":\"https:\/\/arquivo.barreiroweb.net\/?p=5183\",\"name\":\"Na Baixa da Banheira, Realizador S\u00e9rgio Trefaut partilha experi\u00eancias no F\u00f3rum Cultural - barreiroweb\",\"isPartOf\":{\"@id\":\"https:\/\/arquivo.barreiroweb.net\/#website\"},\"primaryImageOfPage\":{\"@id\":\"https:\/\/arquivo.barreiroweb.net\/?p=5183#primaryimage\"},\"image\":{\"@id\":\"https:\/\/arquivo.barreiroweb.net\/?p=5183#primaryimage\"},\"thumbnailUrl\":\"https:\/\/arquivo.barreiroweb.net\/wp-content\/uploads\/2012\/01\/Filme-Viagem-a-Portugal.jpg\",\"datePublished\":\"2012-01-05T20:08:06+00:00\",\"breadcrumb\":{\"@id\":\"https:\/\/arquivo.barreiroweb.net\/?p=5183#breadcrumb\"},\"inLanguage\":\"pt-PT\",\"potentialAction\":[{\"@type\":\"ReadAction\",\"target\":[\"https:\/\/arquivo.barreiroweb.net\/?p=5183\"]}]},{\"@type\":\"ImageObject\",\"inLanguage\":\"pt-PT\",\"@id\":\"https:\/\/arquivo.barreiroweb.net\/?p=5183#primaryimage\",\"url\":\"https:\/\/arquivo.barreiroweb.net\/wp-content\/uploads\/2012\/01\/Filme-Viagem-a-Portugal.jpg\",\"contentUrl\":\"https:\/\/arquivo.barreiroweb.net\/wp-content\/uploads\/2012\/01\/Filme-Viagem-a-Portugal.jpg\",\"width\":\"298\",\"height\":\"224\"},{\"@type\":\"BreadcrumbList\",\"@id\":\"https:\/\/arquivo.barreiroweb.net\/?p=5183#breadcrumb\",\"itemListElement\":[{\"@type\":\"ListItem\",\"position\":1,\"name\":\"In\u00edcio\",\"item\":\"https:\/\/arquivo.barreiroweb.net\/\"},{\"@type\":\"ListItem\",\"position\":2,\"name\":\"Na Baixa da Banheira, Realizador S\u00e9rgio Trefaut partilha experi\u00eancias no F\u00f3rum Cultural\"}]},{\"@type\":\"WebSite\",\"@id\":\"https:\/\/arquivo.barreiroweb.net\/#website\",\"url\":\"https:\/\/arquivo.barreiroweb.net\/\",\"name\":\"barreiroweb\",\"description\":\"Barreiroweb o barreiro na web\",\"publisher\":{\"@id\":\"https:\/\/arquivo.barreiroweb.net\/#organization\"},\"potentialAction\":[{\"@type\":\"SearchAction\",\"target\":{\"@type\":\"EntryPoint\",\"urlTemplate\":\"https:\/\/arquivo.barreiroweb.net\/?s={search_term_string}\"},\"query-input\":{\"@type\":\"PropertyValueSpecification\",\"valueRequired\":true,\"valueName\":\"search_term_string\"}}],\"inLanguage\":\"pt-PT\"},{\"@type\":\"Organization\",\"@id\":\"https:\/\/arquivo.barreiroweb.net\/#organization\",\"name\":\"barreiroweb\",\"url\":\"https:\/\/arquivo.barreiroweb.net\/\",\"logo\":{\"@type\":\"ImageObject\",\"inLanguage\":\"pt-PT\",\"@id\":\"https:\/\/arquivo.barreiroweb.net\/#\/schema\/logo\/image\/\",\"url\":\"https:\/\/barreiroweb.net\/wp-content\/uploads\/2022\/05\/BarreiroWeb555.jpg\",\"contentUrl\":\"https:\/\/barreiroweb.net\/wp-content\/uploads\/2022\/05\/BarreiroWeb555.jpg\",\"width\":421,\"height\":415,\"caption\":\"barreiroweb\"},\"image\":{\"@id\":\"https:\/\/arquivo.barreiroweb.net\/#\/schema\/logo\/image\/\"},\"sameAs\":[\"https:\/\/www.facebook.com\/barreiroweb\",\"https:\/\/x.com\/barreiroweb\"]},{\"@type\":\"Person\",\"@id\":\"https:\/\/arquivo.barreiroweb.net\/#\/schema\/person\/44b6d528aff975e3786c9f475f9df2dd\",\"name\":\"barreiroweb\",\"image\":{\"@type\":\"ImageObject\",\"inLanguage\":\"pt-PT\",\"@id\":\"https:\/\/arquivo.barreiroweb.net\/#\/schema\/person\/image\/\",\"url\":\"https:\/\/secure.gravatar.com\/avatar\/1f764b917967430404ff0b452044eb63a25d64a5363b25be2aa42273930f477d?s=96&d=mm&r=g\",\"contentUrl\":\"https:\/\/secure.gravatar.com\/avatar\/1f764b917967430404ff0b452044eb63a25d64a5363b25be2aa42273930f477d?s=96&d=mm&r=g\",\"caption\":\"barreiroweb\"},\"url\":\"https:\/\/arquivo.barreiroweb.net\/?author=1\"}]}<\/script>\n<!-- \/ Yoast SEO plugin. -->","yoast_head_json":{"title":"Na Baixa da Banheira, Realizador S\u00e9rgio Trefaut partilha experi\u00eancias no F\u00f3rum Cultural - barreiroweb","robots":{"index":"index","follow":"follow","max-snippet":"max-snippet:-1","max-image-preview":"max-image-preview:large","max-video-preview":"max-video-preview:-1"},"canonical":"https:\/\/arquivo.barreiroweb.net\/?p=5183","og_locale":"pt_PT","og_type":"article","og_title":"Na Baixa da Banheira, Realizador S\u00e9rgio Trefaut partilha experi\u00eancias no F\u00f3rum Cultural - barreiroweb","og_description":"No dia 11 de janeiro, pelas 21:30h, o realizador S\u00e9rgio Trefaut, conhecido do p\u00fablico por filmes como \u201cOs Lisboetas\u201d, vai estar no F\u00f3rum Cultural Jose Manuel Figueiredo, na Baixa da Banheira, onde ser\u00e1 apresentado o seu \u00faltimo filme \u201cViagem a Portugal\u201d, uma mostra que retrata a imigra\u00e7\u00e3o, com a atriz In\u00eas Medeiros no papel principal. [&hellip;]","og_url":"https:\/\/arquivo.barreiroweb.net\/?p=5183","og_site_name":"barreiroweb","article_publisher":"https:\/\/www.facebook.com\/barreiroweb","article_published_time":"2012-01-05T20:08:06+00:00","og_image":[{"width":298,"height":224,"url":"https:\/\/arquivo.barreiroweb.net\/wp-content\/uploads\/2012\/01\/Filme-Viagem-a-Portugal.jpg","type":"image\/jpeg"}],"author":"barreiroweb","twitter_card":"summary_large_image","twitter_creator":"@barreiroweb","twitter_site":"@barreiroweb","twitter_misc":{"Escrito por":"barreiroweb","Tempo estimado de leitura":"2 minutos"},"schema":{"@context":"https:\/\/schema.org","@graph":[{"@type":"Article","@id":"https:\/\/arquivo.barreiroweb.net\/?p=5183#article","isPartOf":{"@id":"https:\/\/arquivo.barreiroweb.net\/?p=5183"},"author":{"name":"barreiroweb","@id":"https:\/\/arquivo.barreiroweb.net\/#\/schema\/person\/44b6d528aff975e3786c9f475f9df2dd"},"headline":"Na Baixa da Banheira, Realizador S\u00e9rgio Trefaut partilha experi\u00eancias no F\u00f3rum Cultural","datePublished":"2012-01-05T20:08:06+00:00","mainEntityOfPage":{"@id":"https:\/\/arquivo.barreiroweb.net\/?p=5183"},"wordCount":407,"commentCount":0,"publisher":{"@id":"https:\/\/arquivo.barreiroweb.net\/#organization"},"image":{"@id":"https:\/\/arquivo.barreiroweb.net\/?p=5183#primaryimage"},"thumbnailUrl":"https:\/\/arquivo.barreiroweb.net\/wp-content\/uploads\/2012\/01\/Filme-Viagem-a-Portugal.jpg","keywords":["moita"],"articleSection":["Destaque","Teatro"],"inLanguage":"pt-PT","potentialAction":[{"@type":"CommentAction","name":"Comment","target":["https:\/\/arquivo.barreiroweb.net\/?p=5183#respond"]}]},{"@type":"WebPage","@id":"https:\/\/arquivo.barreiroweb.net\/?p=5183","url":"https:\/\/arquivo.barreiroweb.net\/?p=5183","name":"Na Baixa da Banheira, Realizador S\u00e9rgio Trefaut partilha experi\u00eancias no F\u00f3rum Cultural - barreiroweb","isPartOf":{"@id":"https:\/\/arquivo.barreiroweb.net\/#website"},"primaryImageOfPage":{"@id":"https:\/\/arquivo.barreiroweb.net\/?p=5183#primaryimage"},"image":{"@id":"https:\/\/arquivo.barreiroweb.net\/?p=5183#primaryimage"},"thumbnailUrl":"https:\/\/arquivo.barreiroweb.net\/wp-content\/uploads\/2012\/01\/Filme-Viagem-a-Portugal.jpg","datePublished":"2012-01-05T20:08:06+00:00","breadcrumb":{"@id":"https:\/\/arquivo.barreiroweb.net\/?p=5183#breadcrumb"},"inLanguage":"pt-PT","potentialAction":[{"@type":"ReadAction","target":["https:\/\/arquivo.barreiroweb.net\/?p=5183"]}]},{"@type":"ImageObject","inLanguage":"pt-PT","@id":"https:\/\/arquivo.barreiroweb.net\/?p=5183#primaryimage","url":"https:\/\/arquivo.barreiroweb.net\/wp-content\/uploads\/2012\/01\/Filme-Viagem-a-Portugal.jpg","contentUrl":"https:\/\/arquivo.barreiroweb.net\/wp-content\/uploads\/2012\/01\/Filme-Viagem-a-Portugal.jpg","width":"298","height":"224"},{"@type":"BreadcrumbList","@id":"https:\/\/arquivo.barreiroweb.net\/?p=5183#breadcrumb","itemListElement":[{"@type":"ListItem","position":1,"name":"In\u00edcio","item":"https:\/\/arquivo.barreiroweb.net\/"},{"@type":"ListItem","position":2,"name":"Na Baixa da Banheira, Realizador S\u00e9rgio Trefaut partilha experi\u00eancias no F\u00f3rum Cultural"}]},{"@type":"WebSite","@id":"https:\/\/arquivo.barreiroweb.net\/#website","url":"https:\/\/arquivo.barreiroweb.net\/","name":"barreiroweb","description":"Barreiroweb o barreiro na web","publisher":{"@id":"https:\/\/arquivo.barreiroweb.net\/#organization"},"potentialAction":[{"@type":"SearchAction","target":{"@type":"EntryPoint","urlTemplate":"https:\/\/arquivo.barreiroweb.net\/?s={search_term_string}"},"query-input":{"@type":"PropertyValueSpecification","valueRequired":true,"valueName":"search_term_string"}}],"inLanguage":"pt-PT"},{"@type":"Organization","@id":"https:\/\/arquivo.barreiroweb.net\/#organization","name":"barreiroweb","url":"https:\/\/arquivo.barreiroweb.net\/","logo":{"@type":"ImageObject","inLanguage":"pt-PT","@id":"https:\/\/arquivo.barreiroweb.net\/#\/schema\/logo\/image\/","url":"https:\/\/barreiroweb.net\/wp-content\/uploads\/2022\/05\/BarreiroWeb555.jpg","contentUrl":"https:\/\/barreiroweb.net\/wp-content\/uploads\/2022\/05\/BarreiroWeb555.jpg","width":421,"height":415,"caption":"barreiroweb"},"image":{"@id":"https:\/\/arquivo.barreiroweb.net\/#\/schema\/logo\/image\/"},"sameAs":["https:\/\/www.facebook.com\/barreiroweb","https:\/\/x.com\/barreiroweb"]},{"@type":"Person","@id":"https:\/\/arquivo.barreiroweb.net\/#\/schema\/person\/44b6d528aff975e3786c9f475f9df2dd","name":"barreiroweb","image":{"@type":"ImageObject","inLanguage":"pt-PT","@id":"https:\/\/arquivo.barreiroweb.net\/#\/schema\/person\/image\/","url":"https:\/\/secure.gravatar.com\/avatar\/1f764b917967430404ff0b452044eb63a25d64a5363b25be2aa42273930f477d?s=96&d=mm&r=g","contentUrl":"https:\/\/secure.gravatar.com\/avatar\/1f764b917967430404ff0b452044eb63a25d64a5363b25be2aa42273930f477d?s=96&d=mm&r=g","caption":"barreiroweb"},"url":"https:\/\/arquivo.barreiroweb.net\/?author=1"}]}},"_links":{"self":[{"href":"https:\/\/arquivo.barreiroweb.net\/index.php?rest_route=\/wp\/v2\/posts\/5183","targetHints":{"allow":["GET"]}}],"collection":[{"href":"https:\/\/arquivo.barreiroweb.net\/index.php?rest_route=\/wp\/v2\/posts"}],"about":[{"href":"https:\/\/arquivo.barreiroweb.net\/index.php?rest_route=\/wp\/v2\/types\/post"}],"author":[{"embeddable":true,"href":"https:\/\/arquivo.barreiroweb.net\/index.php?rest_route=\/wp\/v2\/users\/1"}],"replies":[{"embeddable":true,"href":"https:\/\/arquivo.barreiroweb.net\/index.php?rest_route=%2Fwp%2Fv2%2Fcomments&post=5183"}],"version-history":[{"count":2,"href":"https:\/\/arquivo.barreiroweb.net\/index.php?rest_route=\/wp\/v2\/posts\/5183\/revisions"}],"predecessor-version":[{"id":5186,"href":"https:\/\/arquivo.barreiroweb.net\/index.php?rest_route=\/wp\/v2\/posts\/5183\/revisions\/5186"}],"wp:featuredmedia":[{"embeddable":true,"href":"https:\/\/arquivo.barreiroweb.net\/index.php?rest_route=\/wp\/v2\/media\/5184"}],"wp:attachment":[{"href":"https:\/\/arquivo.barreiroweb.net\/index.php?rest_route=%2Fwp%2Fv2%2Fmedia&parent=5183"}],"wp:term":[{"taxonomy":"category","embeddable":true,"href":"https:\/\/arquivo.barreiroweb.net\/index.php?rest_route=%2Fwp%2Fv2%2Fcategories&post=5183"},{"taxonomy":"post_tag","embeddable":true,"href":"https:\/\/arquivo.barreiroweb.net\/index.php?rest_route=%2Fwp%2Fv2%2Ftags&post=5183"}],"curies":[{"name":"wp","href":"https:\/\/api.w.org\/{rel}","templated":true}]}}